{"id":10324,"date":"2020-11-04T15:59:51","date_gmt":"2020-11-04T14:59:51","guid":{"rendered":"https:\/\/www.logisticsautomationmadrid.com\/?p=10324"},"modified":"2020-11-04T15:59:53","modified_gmt":"2020-11-04T14:59:53","slug":"ar-racking-ya-tiene-su-gmbh-en-alemania","status":"publish","type":"post","link":"https:\/\/www.logisticsautomationmadrid.com\/en\/2020\/11\/04\/ar-racking-ya-tiene-su-gmbh-en-alemania\/","title":{"rendered":"AR Racking ya tiene su GmbH en Alemania"},"content":{"rendered":"\t\t<div data-elementor-type=\"wp-post\" data-elementor-id=\"10324\" class=\"elementor elementor-10324 elementor-10323\" data-elementor-post-type=\"post\">\n\t\t\t\t\t\t<section class=\"elementor-section elementor-top-section elementor-element elementor-element-74888ea elementor-section-boxed elementor-section-height-default elementor-section-height-default\" data-id=\"74888ea\" data-element_type=\"section\" data-settings=\"{&quot;background_background&quot;:&quot;classic&quot;}\">\n\t\t\t\t\t\t<div class=\"elementor-container elementor-column-gap-default\">\n\t\t\t\t\t<div class=\"elementor-column elementor-col-100 elementor-top-column elementor-element elementor-element-cefef65\" data-id=\"cefef65\" data-element_type=\"column\">\n\t\t\t<div class=\"elementor-widget-wrap elementor-element-populated\">\n\t\t\t\t\t\t<section class=\"elementor-section elementor-inner-section elementor-element elementor-element-403065f elementor-section-boxed elementor-section-height-default elementor-section-height-default\" data-id=\"403065f\" data-element_type=\"section\" data-settings=\"{&quot;background_background&quot;:&quot;classic&quot;}\">\n\t\t\t\t\t\t<div class=\"elementor-container elementor-column-gap-default\">\n\t\t\t\t\t<div class=\"elementor-column elementor-col-100 elementor-inner-column elementor-element elementor-element-4230536\" data-id=\"4230536\" data-element_type=\"column\">\n\t\t\t<div class=\"elementor-widget-wrap elementor-element-populated\">\n\t\t\t\t\t\t<div class=\"elementor-element elementor-element-0bcc7f3 elementor-widget elementor-widget-heading\" data-id=\"0bcc7f3\" data-element_type=\"widget\" data-widget_type=\"heading.default\">\n\t\t\t\t<div class=\"elementor-widget-container\">\n\t\t\t\t\t<h1 class=\"elementor-heading-title elementor-size-default\">AR Racking ya tiene su GmbH en Alemania<\/h1>\t\t\t\t<\/div>\n\t\t\t\t<\/div>\n\t\t\t\t<div class=\"elementor-element elementor-element-6203444 elementor-widget elementor-widget-heading\" data-id=\"6203444\" data-element_type=\"widget\" data-widget_type=\"heading.default\">\n\t\t\t\t<div class=\"elementor-widget-container\">\n\t\t\t\t\t<h2 class=\"elementor-heading-title elementor-size-default\">El cambio de nombre de la empresa a GmbH y la reubicaci\u00f3n de la sucursal alemana en R\u00fcdesheim tienen como objetivo apuntalar el notable crecimiento en Alemania de la empresa especialista en soluciones de almacenaje industrial. <\/h2>\t\t\t\t<\/div>\n\t\t\t\t<\/div>\n\t\t\t\t<div class=\"elementor-element elementor-element-579310c elementor-widget elementor-widget-image\" data-id=\"579310c\" data-element_type=\"widget\" data-widget_type=\"image.default\">\n\t\t\t\t<div class=\"elementor-widget-container\">\n\t\t\t\t\t\t\t\t\t\t\t\t<figure class=\"wp-caption\">\n\t\t\t\t\t\t\t\t\t\t<img fetchpriority=\"high\" decoding=\"async\" width=\"800\" height=\"534\" src=\"https:\/\/easyfairsassets.com\/sites\/84\/2020\/11\/AR-Racking-Storage-Solutions-1024x683.jpg\" class=\"attachment-large size-large wp-image-10330\" alt=\"AR Racking contin\u00faa expandiendo considerablemente su presencia en Alemania\" srcset=\"https:\/\/easyfairsassets.com\/sites\/84\/2020\/11\/AR-Racking-Storage-Solutions-1024x683.jpg 1024w, https:\/\/easyfairsassets.com\/sites\/84\/2020\/11\/AR-Racking-Storage-Solutions-300x200.jpg 300w, https:\/\/easyfairsassets.com\/sites\/84\/2020\/11\/AR-Racking-Storage-Solutions-768x512.jpg 768w, https:\/\/easyfairsassets.com\/sites\/84\/2020\/11\/AR-Racking-Storage-Solutions-1536x1025.jpg 1536w, https:\/\/easyfairsassets.com\/sites\/84\/2020\/11\/AR-Racking-Storage-Solutions.jpg 1920w\" sizes=\"(max-width: 800px) 100vw, 800px\" \/>\t\t\t\t\t\t\t\t\t\t\t<figcaption class=\"widget-image-caption wp-caption-text\"><\/figcaption>\n\t\t\t\t\t\t\t\t\t\t<\/figure>\n\t\t\t\t\t\t\t\t\t<\/div>\n\t\t\t\t<\/div>\n\t\t\t\t<div class=\"elementor-element elementor-element-54cedc2 elementor-widget elementor-widget-spacer\" data-id=\"54cedc2\" data-element_type=\"widget\" data-widget_type=\"spacer.default\">\n\t\t\t\t<div class=\"elementor-widget-container\">\n\t\t\t\t\t\t\t<div class=\"elementor-spacer\">\n\t\t\t<div class=\"elementor-spacer-inner\"><\/div>\n\t\t<\/div>\n\t\t\t\t\t\t<\/div>\n\t\t\t\t<\/div>\n\t\t\t\t<div class=\"elementor-element elementor-element-5c9e435 elementor-widget elementor-widget-text-editor\" data-id=\"5c9e435\" data-element_type=\"widget\" data-widget_type=\"text-editor.default\">\n\t\t\t\t<div class=\"elementor-widget-container\">\n\t\t\t\t\t\t\t\t\t<div class=\"article-content clearfix\">\n<div class=\"entry-content clearfix\">\n<div class=\"elementor-element elementor-element-a9048dc elementor-widget elementor-widget-text-editor\" data-id=\"a9048dc\" data-element_type=\"widget\" data-widget_type=\"text-editor.default\">\n<div class=\"elementor-widget-container\">\n<div class=\"elementor-text-editor elementor-clearfix\">\n<div class=\"elementor-element elementor-element-a9048dc elementor-widget elementor-widget-text-editor\" data-id=\"a9048dc\" data-element_type=\"widget\" data-widget_type=\"text-editor.default\">\n<div class=\"elementor-widget-container\">\n<div class=\"elementor-text-editor elementor-clearfix\">\n<div class=\"richtextmodules text parbase section\">\n<div class=\"post-content\">\n<p>Con el traslado de la sede de la compa\u00f1\u00eda en enero de 2020 a una nueva sucursal en R\u00fcdesheim y la fundaci\u00f3n de AR Racking Deutschland GmbH, AR Racking, l\u00edder internacional en soluciones de intralog\u00edstica con sede en Bizkaia (Espa\u00f1a), ha reforzado su presencia y red de distribuci\u00f3n en Alemania a mediados de julio de 2020.<\/p>\n<p>La fundaci\u00f3n de la empresa adquiere validez legal al inscribirse en el registro mercantil en Alemania. Con la creaci\u00f3n de la sociedad en el pa\u00eds germano, I\u00f1aki Arriola ser\u00e1 director gerente de AR Racking Deutschland GmbH. Con m\u00e1s de 30 a\u00f1os de experiencia en puestos gerenciales en diversas empresas industriales e integradores de sistemas en el campo de la intralog\u00edstica, lleva al mando de <a href=\"https:\/\/www.ar-racking.com\/es\/inicio\">AR Racking<\/a> desde 2011.<\/p>\n<p>Paralelamente a la reubicaci\u00f3n de la sede de la compa\u00f1\u00eda en Alemania, la compa\u00f1\u00eda ha reforzado el equipo de ventas local con un equipo t\u00e9cnico como parte de su estrategia de expansi\u00f3n planificada a principios de 2020.<\/p>\n<p>J\u00f6rg Buschmann ha sido nombrado Director de Ventas para la regi\u00f3n D-A-CH, quien trabajar\u00e1 desde R\u00fcdesheim, como Director Comercial &#8211; Unidad de Negocio Alemana. Roland Fischer completa el equipo de ventas como Key Account Manager. Dentro del alcance del aumento de personal completo, los dos contar\u00e1n con el apoyo de Rainer G\u00f6ttel, Director T\u00e9cnico, as\u00ed como el Gerente de Proyectos Stefan Lang y el Ingeniero de Proyectos Kevin Lind, quienes aportan muchos a\u00f1os de experiencia profesional y conocimiento integral de la industria en el campo de intralog\u00edstica y tecnolog\u00eda de almac\u00e9n. El equipo en Alemania operar\u00e1 en coordinaci\u00f3n con Laura Garrido, Country Manager DACH &amp; Netherlands; y Roseta Fischer, del \u00c1rea de Ventas, desde la sede central en Espa\u00f1a.<\/p>\n<p>En esta constelaci\u00f3n, el equipo de AR Racking Deutschland trabaja junto con el cliente para desarrollar soluciones de intralog\u00edstica a medida que aumentan a\u00fan m\u00e1s la eficiencia y competitividad del cliente. \u201cEste paso promueve el crecimiento continuo de AR Racking en Alemania y toda la regi\u00f3n D-A-CH\u201d, se\u00f1ala I\u00f1aki Arriola. &#8220;Con la expansi\u00f3n de nuestros recursos humanos, ahora podemos reaccionar a\u00fan m\u00e1s r\u00e1pido a los requisitos del cliente con nuestro servicio personalizado personalizado. Esto fortalecer\u00e1 a\u00fan m\u00e1s los valores fundamentales de AR Racking, calidad certificada y tiempos de entrega breves y fiables&#8221;.<\/p>\n<\/div>\n<\/div>\n<\/div>\n<\/div>\n<\/div>\n<\/div>\n<\/div>\n<\/div>\n<\/div>\n<\/div>\n\t\t\t\t\t\t\t\t<\/div>\n\t\t\t\t<\/div>\n\t\t\t\t<div class=\"elementor-element elementor-element-34d4446 elementor-widget elementor-widget-text-editor\" data-id=\"34d4446\" data-element_type=\"widget\" data-widget_type=\"text-editor.default\">\n\t\t\t\t<div class=\"elementor-widget-container\">\n\t\t\t\t\t\t\t\t\t<div class=\"article-content clearfix\">\n<div class=\"entry-content clearfix\">\n<div class=\"elementor-element elementor-element-a9048dc elementor-widget elementor-widget-text-editor\" data-id=\"a9048dc\" data-element_type=\"widget\" data-widget_type=\"text-editor.default\">\n<div class=\"elementor-widget-container\">\n<div class=\"elementor-text-editor elementor-clearfix\">\n<div class=\"elementor-element elementor-element-a9048dc elementor-widget elementor-widget-text-editor\" data-id=\"a9048dc\" data-element_type=\"widget\" data-widget_type=\"text-editor.default\">\n<div class=\"elementor-widget-container\">\n<div class=\"elementor-text-editor elementor-clearfix\">\n<div class=\"richtextmodules text parbase section\">\n<div class=\"post-content\">\n<div class=\"elementor-element elementor-element-88ab9b1 elementor-widget elementor-widget-text-editor\" data-id=\"88ab9b1\" data-element_type=\"widget\" data-widget_type=\"text-editor.default\">\n<div class=\"elementor-widget-container\">\n<div class=\"elementor-text-editor elementor-clearfix\">\n<div class=\"richtextmodules text parbase section\">\n<div class=\"post-content\">\n<p><strong>Sobre AR Racking:<\/strong><\/p>\n<p>AR Racking forma parte del Grupo Arania, un grupo industrial de empresas de amplia trayectoria y gran envergadura, con actividad multisectorial en torno a la transformaci\u00f3n del acero desde hace m\u00e1s de 80 a\u00f1os. AR Racking aporta al mercado una amplia gama de soluciones con una alta exigencia de calidad certificada y un servicio integral de gesti\u00f3n de proyecto. Los sistemas de almacenaje industrial de AR Racking se caracterizan por la innovaci\u00f3n, su fiabilidad y m\u00e1xima eficiencia.<\/p>\n<\/div>\n<\/div>\n<\/div>\n<\/div>\n<\/div>\n<\/div>\n<\/div>\n<\/div>\n<\/div>\n<\/div>\n<\/div>\n<\/div>\n<\/div>\n<\/div>\n<\/div>\n\t\t\t\t\t\t\t\t<\/div>\n\t\t\t\t<\/div>\n\t\t\t\t\t<\/div>\n\t\t<\/div>\n\t\t\t\t\t<\/div>\n\t\t<\/section>\n\t\t\t\t\t<\/div>\n\t\t<\/div>\n\t\t\t\t\t<\/div>\n\t\t<\/section>\n\t\t\t\t<\/div>\n\t\t","protected":false},"excerpt":{"rendered":"<p>El cambio de nombre de la empresa a GmbH y la reubicaci\u00f3n de la sucursal alemana en R\u00fcdesheim tienen como objetivo apuntalar el notable crecimiento en Alemania de la empresa especialista en soluciones de almacenaje industrial. Con el traslado de la sede de la compa\u00f1\u00eda en enero de 2020 a una nueva sucursal en R\u00fcdesheim [&hellip;]<\/p>\n","protected":false},"author":1,"featured_media":10327,"comment_status":"open","ping_status":"open","sticky":false,"template":"elementor_header_footer","format":"standard","meta":{"_seopress_robots_primary_cat":"none","_seopress_titles_title":"","_seopress_titles_desc":"","_seopress_robots_index":"","footnotes":""},"categories":[342],"tags":[444,441,355,442,443,440],"edition":[],"class_list":["post-10324","post","type-post","status-publish","format-standard","has-post-thumbnail","hentry","category-blog-en","tag-2020-en","tag-alemania-en","tag-ar-racking-en","tag-gmbh-en","tag-rudesheim-en","tag-sede-alemana-en"],"_links":{"self":[{"href":"https:\/\/www.logisticsautomationmadrid.com\/en\/wp-json\/wp\/v2\/posts\/10324","targetHints":{"allow":["GET"]}}],"collection":[{"href":"https:\/\/www.logisticsautomationmadrid.com\/en\/wp-json\/wp\/v2\/posts"}],"about":[{"href":"https:\/\/www.logisticsautomationmadrid.com\/en\/wp-json\/wp\/v2\/types\/post"}],"author":[{"embeddable":true,"href":"https:\/\/www.logisticsautomationmadrid.com\/en\/wp-json\/wp\/v2\/users\/1"}],"replies":[{"embeddable":true,"href":"https:\/\/www.logisticsautomationmadrid.com\/en\/wp-json\/wp\/v2\/comments?post=10324"}],"version-history":[{"count":0,"href":"https:\/\/www.logisticsautomationmadrid.com\/en\/wp-json\/wp\/v2\/posts\/10324\/revisions"}],"wp:featuredmedia":[{"embeddable":true,"href":"https:\/\/www.logisticsautomationmadrid.com\/en\/wp-json\/wp\/v2\/media\/10327"}],"wp:attachment":[{"href":"https:\/\/www.logisticsautomationmadrid.com\/en\/wp-json\/wp\/v2\/media?parent=10324"}],"wp:term":[{"taxonomy":"category","embeddable":true,"href":"https:\/\/www.logisticsautomationmadrid.com\/en\/wp-json\/wp\/v2\/categories?post=10324"},{"taxonomy":"post_tag","embeddable":true,"href":"https:\/\/www.logisticsautomationmadrid.com\/en\/wp-json\/wp\/v2\/tags?post=10324"},{"taxonomy":"edition","embeddable":true,"href":"https:\/\/www.logisticsautomationmadrid.com\/en\/wp-json\/wp\/v2\/edition?post=10324"}],"curies":[{"name":"wp","href":"https:\/\/api.w.org\/{rel}","templated":true}]}}