{"id":10361,"date":"2020-11-04T15:59:33","date_gmt":"2020-11-04T14:59:33","guid":{"rendered":"https:\/\/www.logisticsautomationmadrid.com\/?p=10361"},"modified":"2020-11-04T15:59:35","modified_gmt":"2020-11-04T14:59:35","slug":"montaje-en-altura-para-ahorrar-espacio","status":"publish","type":"post","link":"https:\/\/www.logisticsautomationmadrid.com\/en\/2020\/11\/04\/montaje-en-altura-para-ahorrar-espacio\/","title":{"rendered":"Montaje en altura para ahorrar espacio"},"content":{"rendered":"\t\t<div data-elementor-type=\"wp-post\" data-elementor-id=\"10361\" class=\"elementor elementor-10361 elementor-10360\" data-elementor-post-type=\"post\">\n\t\t\t\t\t\t<section class=\"elementor-section elementor-top-section elementor-element elementor-element-74888ea elementor-section-boxed elementor-section-height-default elementor-section-height-default\" data-id=\"74888ea\" data-element_type=\"section\" data-settings=\"{&quot;background_background&quot;:&quot;classic&quot;}\">\n\t\t\t\t\t\t<div class=\"elementor-container elementor-column-gap-default\">\n\t\t\t\t\t<div class=\"elementor-column elementor-col-100 elementor-top-column elementor-element elementor-element-cefef65\" data-id=\"cefef65\" data-element_type=\"column\">\n\t\t\t<div class=\"elementor-widget-wrap elementor-element-populated\">\n\t\t\t\t\t\t<section class=\"elementor-section elementor-inner-section elementor-element elementor-element-403065f elementor-section-boxed elementor-section-height-default elementor-section-height-default\" data-id=\"403065f\" data-element_type=\"section\" data-settings=\"{&quot;background_background&quot;:&quot;classic&quot;}\">\n\t\t\t\t\t\t<div class=\"elementor-container elementor-column-gap-default\">\n\t\t\t\t\t<div class=\"elementor-column elementor-col-100 elementor-inner-column elementor-element elementor-element-4230536\" data-id=\"4230536\" data-element_type=\"column\">\n\t\t\t<div class=\"elementor-widget-wrap elementor-element-populated\">\n\t\t\t\t\t\t<div class=\"elementor-element elementor-element-0bcc7f3 elementor-widget elementor-widget-heading\" data-id=\"0bcc7f3\" data-element_type=\"widget\" data-widget_type=\"heading.default\">\n\t\t\t\t<div class=\"elementor-widget-container\">\n\t\t\t\t\t<h1 class=\"elementor-heading-title elementor-size-default\">Montaje en altura para ahorrar espacio<\/h1>\t\t\t\t<\/div>\n\t\t\t\t<\/div>\n\t\t\t\t<div class=\"elementor-element elementor-element-6203444 elementor-widget elementor-widget-heading\" data-id=\"6203444\" data-element_type=\"widget\" data-widget_type=\"heading.default\">\n\t\t\t\t<div class=\"elementor-widget-container\">\n\t\t\t\t\t<h2 class=\"elementor-heading-title elementor-size-default\">SPAR optimiza el flujo de mercanc\u00edas en su almac\u00e9n central de Suiza con la tecnolog\u00eda de carga de bater\u00edas Fronius<\/h2>\t\t\t\t<\/div>\n\t\t\t\t<\/div>\n\t\t\t\t<div class=\"elementor-element elementor-element-5c9e435 elementor-widget elementor-widget-text-editor\" data-id=\"5c9e435\" data-element_type=\"widget\" data-widget_type=\"text-editor.default\">\n\t\t\t\t<div class=\"elementor-widget-container\">\n\t\t\t\t\t\t\t\t\t<div class=\"article-content clearfix\">\n<div class=\"entry-content clearfix\">\n<div class=\"elementor-element elementor-element-a9048dc elementor-widget elementor-widget-text-editor\" data-id=\"a9048dc\" data-element_type=\"widget\" data-widget_type=\"text-editor.default\">\n<div class=\"elementor-widget-container\">\n<div class=\"elementor-text-editor elementor-clearfix\">\n<div class=\"elementor-element elementor-element-a9048dc elementor-widget elementor-widget-text-editor\" data-id=\"a9048dc\" data-element_type=\"widget\" data-widget_type=\"text-editor.default\">\n<div class=\"elementor-widget-container\">\n<div class=\"elementor-text-editor elementor-clearfix\">\n<div class=\"richtextmodules text parbase section\"><strong>Los aproximadamente 100 veh\u00edculos industriales, de los que dispone el grupo SPAR en su almac\u00e9n central de la localidad suiza de San Galo, son los encargados de transportar alrededor de 8.800 art\u00edculos y garantizar que lleguen a tiempo y en buen estado a las franquicias y comercios asociados en todo el pa\u00eds. Con el fin de aumentar la disponibilidad y eficacia de la flota, su cadena de tiendas apuesta por la tecnolog\u00eda de carga de bater\u00edas Fronius. Una infraestructura de carga personalizada permite a SPAR ahorrar espacio y costes operativos de las carretillas elevadoras.<\/strong><\/div>\n<\/div>\n<\/div>\n<\/div>\n<\/div>\n<\/div>\n<\/div>\n<\/div>\n<\/div>\n\t\t\t\t\t\t\t\t<\/div>\n\t\t\t\t<\/div>\n\t\t\t\t<div class=\"elementor-element elementor-element-579310c elementor-widget elementor-widget-image\" data-id=\"579310c\" data-element_type=\"widget\" data-widget_type=\"image.default\">\n\t\t\t\t<div class=\"elementor-widget-container\">\n\t\t\t\t\t\t\t\t\t\t\t\t<figure class=\"wp-caption\">\n\t\t\t\t\t\t\t\t\t\t<img fetchpriority=\"high\" decoding=\"async\" width=\"800\" height=\"450\" src=\"https:\/\/easyfairsassets.com\/sites\/84\/2020\/11\/PC_PIC_SPAR_ST_GALLEN_2019-1024x576.jpg\" class=\"attachment-large size-large wp-image-10368\" alt=\"SPAR optimiza el flujo de mercanc\u00edas en su almac\u00e9n central de Suiza con la tecnolog\u00eda de carga de bater\u00edas Fronius\" srcset=\"https:\/\/easyfairsassets.com\/sites\/84\/2020\/11\/PC_PIC_SPAR_ST_GALLEN_2019-1024x576.jpg 1024w, https:\/\/easyfairsassets.com\/sites\/84\/2020\/11\/PC_PIC_SPAR_ST_GALLEN_2019-300x169.jpg 300w, https:\/\/easyfairsassets.com\/sites\/84\/2020\/11\/PC_PIC_SPAR_ST_GALLEN_2019-768x432.jpg 768w, https:\/\/easyfairsassets.com\/sites\/84\/2020\/11\/PC_PIC_SPAR_ST_GALLEN_2019-1536x864.jpg 1536w, https:\/\/easyfairsassets.com\/sites\/84\/2020\/11\/PC_PIC_SPAR_ST_GALLEN_2019.jpg 1540w\" sizes=\"(max-width: 800px) 100vw, 800px\" \/>\t\t\t\t\t\t\t\t\t\t\t<figcaption class=\"widget-image-caption wp-caption-text\"><\/figcaption>\n\t\t\t\t\t\t\t\t\t\t<\/figure>\n\t\t\t\t\t\t\t\t\t<\/div>\n\t\t\t\t<\/div>\n\t\t\t\t<div class=\"elementor-element elementor-element-54cedc2 elementor-widget elementor-widget-spacer\" data-id=\"54cedc2\" data-element_type=\"widget\" data-widget_type=\"spacer.default\">\n\t\t\t\t<div class=\"elementor-widget-container\">\n\t\t\t\t\t\t\t<div class=\"elementor-spacer\">\n\t\t\t<div class=\"elementor-spacer-inner\"><\/div>\n\t\t<\/div>\n\t\t\t\t\t\t<\/div>\n\t\t\t\t<\/div>\n\t\t\t\t<div class=\"elementor-element elementor-element-2e84734 elementor-widget elementor-widget-text-editor\" data-id=\"2e84734\" data-element_type=\"widget\" data-widget_type=\"text-editor.default\">\n\t\t\t\t<div class=\"elementor-widget-container\">\n\t\t\t\t\t\t\t\t\t<div class=\"article-content clearfix\">\n<div class=\"entry-content clearfix\">\n<div class=\"elementor-element elementor-element-a9048dc elementor-widget elementor-widget-text-editor\" data-id=\"a9048dc\" data-element_type=\"widget\" data-widget_type=\"text-editor.default\">\n<div class=\"elementor-widget-container\">\n<div class=\"elementor-text-editor elementor-clearfix\">\n<div class=\"elementor-element elementor-element-a9048dc elementor-widget elementor-widget-text-editor\" data-id=\"a9048dc\" data-element_type=\"widget\" data-widget_type=\"text-editor.default\">\n<div class=\"elementor-widget-container\">\n<div class=\"elementor-text-editor elementor-clearfix\">\n<div class=\"richtextmodules text parbase section\">\n<p>SPAR es la mayor asociaci\u00f3n voluntaria de comerciantes del mundo basada en un sistema de franquicias. Aunque se trata de sociedades independientes, las tiendas, comercios y supermercados usan el mismo nombre y logotipo. Actualmente, el abeto de su emblema es famoso en 4 continentes y 49 pa\u00edses, incluida Suiza. Para conocer los inicios de esta cadena tenemos que remontarnos, nada m\u00e1s y nada menos, que al a\u00f1o 1761, cuando los predecesores del actual grupo SPAR fundaron en San Galo una &#8220;tienda de especias&#8221;, en la que vend\u00edan caf\u00e9, t\u00e9, chocolate, especias, art\u00edculos de importaci\u00f3n y otros productos de consumo diario. En 1944 a\u00f1adieron a su oferta fruta y verdura, y a partir de 1967, tambi\u00e9n empezaron a comercializar pescado. Fue en el a\u00f1o 1989 cuando se firm\u00f3 el contrato de franquicia, fund\u00e1ndose as\u00ed el grupo suizo SPAR, que hoy en d\u00eda es un holding con tres empresas operativas: SPAR Handels AG, TopCC AG y SPAR Management AG. En la actualidad, la red de franquicias cuenta con 185 supermercados y 11 establecimientos TopCC de venta al por mayor, para el abastecimiento de restaurantes, negocios, asociaciones e instituciones p\u00fablicas.<\/p>\n<p>Todos ellos son abastecidos desde el almac\u00e9n central del grupo SPAR, todav\u00eda ubicado en San Galo, aunque l\u00f3gicamente la tienda de ultramarinos de aquel entonces no tiene nada que ver con el actual centro log\u00edstico dotado con la \u00faltima tecnolog\u00eda. En su superficie de 33.000 metros cuadrados se almacenan unos 8.800 art\u00edculos diferentes, cuyo valor total asciende aproximadamente a 26 millones de francos suizos. De esta nave salen cada a\u00f1o m\u00e1s de 600.000 contenedores que se transportan en cami\u00f3n hasta las franquicias y comercios asociados de todo el pa\u00eds. Una flota interna de 100 veh\u00edculos industriales el\u00e9ctricos se ocupa de que el flujo de mercanc\u00edas sea r\u00e1pido y eficaz. Adem\u00e1s, en SPAR no utilizan bater\u00edas de recambio y trabajan por turnos, lo que conlleva a que las carretillas elevadoras y las bater\u00edas est\u00e9n expuestas a largos tiempos de funcionamiento.<\/p>\n<p>Hasta hace poco, SPAR cargaba las bater\u00edas de tracci\u00f3n, principalmente, con equipos de tecnolog\u00eda de 50 hercios. Estos voluminosos aparatos requer\u00edan mucho espacio, por lo que los dispusieron en una sala independiente de la planta subterr\u00e1nea. &#8220;Sin embargo, esta soluci\u00f3n era un tanto engorrosa&#8221;, recuerda Daniel Stohr, Responsable de Almac\u00e9n. &#8220;Hab\u00eda que introducir las carretillas elevadoras una a una en la sala de carga por medio de un montacargas, y una vez all\u00ed, conectarlas. Con una flota de tal magnitud, esto nos hac\u00eda perder mucho tiempo y los costes operativos y de mantenimiento derivados del uso continuo del montacargas tambi\u00e9n eran considerables.\u201d<\/p>\n<p>Para poner fin a esta situaci\u00f3n, los responsables de SPAR decidieron modernizar la infraestructura de carga. La empresa conoci\u00f3 a la firma austriaca Fronius en una feria del sector log\u00edstico. Fronius desarrolla sistemas integrales de carga de bater\u00edas de tracci\u00f3n, personalizados seg\u00fan las necesidades de sus clientes, enfocados a ahorrar energ\u00eda y costes, as\u00ed como a optimizar los procesos intralog\u00edsticos. &#8220;Lo primero que hicimos fue reunirnos y examinar de cerca la situaci\u00f3n de SPAR, y a partir de ah\u00ed, elaboramos propuestas de soluciones para mejorar los procedimientos diarios de trabajo&#8221;, explica Reto Baumgartner, Responsable Comercial de Sistemas de Carga de Bater\u00edas en Fronius Suiza. &#8220;Mostramos estas propuestas al cliente y, finalmente, las llevamos a la pr\u00e1ctica juntos&#8221;.<\/p>\n<p><strong>Ahorro de espacio y seguridad<\/strong><\/p>\n<p>El cambio m\u00e1s importante era mover la ubicaci\u00f3n de la tecnolog\u00eda de carga de bater\u00edas de la planta subterr\u00e1nea a la planta baja donde se encontraba la flota de carretillas elevadoras. Los <a href=\"https:\/\/www.fronius.com\/es-es\/spain\/tecnologia-de-carga-de-baterias\/our-solutions\/soluciones-de-carga-de-bateras-individuales\/selectiva-40\" target=\"_blank\" rel=\"noopener\">cargadores Fronius Selectiva<\/a> eran perfectos para ello, puesto que son bastante m\u00e1s peque\u00f1os y ligeros que los equipos de 50 hercios que hab\u00edan utilizado hasta la fecha, y por tanto su montaje flexible permitir\u00eda ahorrar espacio. Fronius dispuso en SPAR varias zonas de carga descentralizadas, f\u00e1ciles de acceder para los conductores de las carretillas, ya que por ejemplo, los cargadores se colocaron en la pared y alguno, incluso, se integr\u00f3 en una estructura de acero del almac\u00e9n con estantes situados por encima de la altura de la cabeza. Gracias al resorte de tracci\u00f3n, los cables de carga no est\u00e1n por el suelo cuando no est\u00e1n conectados a ninguna bater\u00eda. &#8220;Por supuesto, nos hemos asegurado de respetar todas las normas de seguridad en cada una de las variantes&#8221;, informa Baumgartner.<\/p>\n<p>Adem\u00e1s, los empleados de SPAR tambi\u00e9n se benefician de la funci\u00f3n de start\/stop externa del cargador, ya que les permite cargar las bater\u00edas con solo enchufar el cable y sin necesidad de realizar ajustes en el equipo. Los cargadores Selectiva detectan autom\u00e1ticamente la tensi\u00f3n, la capacidad y el estado de la bater\u00eda conectada, adaptando la curva de carga conforme a esta informaci\u00f3n. Un contacto piloto en el enchufe impide que se generen chispas en caso de que el cable de carga sea desconectado antes de tiempo. &#8220;Al fin y al cabo, durante la carga de bater\u00edas de plomo se puede liberar un gas detonante altamente explosivo&#8221;, explica Baumgartner. La tecnolog\u00eda Fronius garantiza que los almacenes sean lo m\u00e1s seguros posible y ofrece un manejo sencillo y correcto. \u00a0<\/p>\n<p><strong>Un proceso de carga suave que mantiene la capacidad de la bater\u00eda<\/strong><\/p>\n<p><a href=\"https:\/\/www.fronius.com\/es-es\/spain\/tecnologia-de-carga-de-baterias\/our-solutions\/tecnologas\/proceso-de-carga-ri\" target=\"_blank\" rel=\"noopener\">Gracias al proceso de carga Ri<\/a>, los equipos Selectiva suministran a las bater\u00edas de tracci\u00f3n una carga suave y eficiente. Al registrarse la resistencia interior (Ri) de la bater\u00eda, que depende de factores como su antig\u00fcedad, temperatura y estado de carga, se obtiene la carga exacta que necesita en cada momento. Esto permite reducir al m\u00ednimo el recalentamiento, conservar la capacidad de la bater\u00eda y prolongar su vida \u00fatil, acortando adem\u00e1s los tiempos de carga de manera significativa. &#8220;Con la nueva tecnolog\u00eda hemos conseguido aumentar considerablemente la disponibilidad de nuestra flota&#8221;, cuenta Thomas Broder, Director T\u00e9cnico del Departamento de Log\u00edstica de SPAR. &#8220;Las carretillas elevadoras no tienen que acudir a las estaciones de carga con tanta frecuencia, estando listas para su uso de nuevo m\u00e1s r\u00e1pidamente&#8221;.<\/p>\n<p>Otro beneficio es la <a href=\"https:\/\/www.fronius.com\/es-es\/spain\/tecnologia-de-carga-de-baterias\/our-solutions\/ventajas\/optimiza-tus-costes-totales\" target=\"_blank\" rel=\"noopener\">reducci\u00f3n de los costes operativos<\/a>. Por un lado, la carga de los veh\u00edculos industriales mediante los equipos Selectiva reduce el consumo de energ\u00eda hasta en un 30%. Por otro lado, Fronius y SPAR han podido prolongar la vida \u00fatil de las bater\u00edas de tracci\u00f3n en torno a un tercio, lo que significa que las costosas bater\u00edas tienen que sustituirse con menos frecuencia. El consumo de agua tambi\u00e9n se ha reducido gracias al suave proceso de carga, lo que a su vez contribuye a necesitar menos mantenimiento. &#8220;La nueva infraestructura de carga nos permite ahorrar much\u00edsimo&#8221;, afirma entusiasmado el Director de Almac\u00e9n, Daniel Stohr. &#8220;Adem\u00e1s, hemos recuperado un espacio muy valioso&#8221;.<\/p>\n<p><strong>Asesoramiento experto desde el principio<\/strong><\/p>\n<p>Ahora se utilizan un total de 35 cargadores Selectiva en el almac\u00e9n central de SPAR. Los responsables est\u00e1n totalmente satisfechos con el resultado, al igual que con la colaboraci\u00f3n con Fronius. &#8220;Recibimos asesoramiento profesional, constructivo y enfocado al \u00e9xito desde el principio&#8221;, declara Stohr. &#8220;Fue particularmente positivo para nosotros tener nuestra propia persona de contacto desde la planificaci\u00f3n y la implementaci\u00f3n, hasta la puesta en marcha. Esto nos ha facilitado mucho el cambio&#8221;. El Responsable de Almac\u00e9n tambi\u00e9n destaca la soluci\u00f3n personalizada que Fronius ha puesto a disposici\u00f3n de SPAR\u201d. &#8220;Tras esta gran experiencia con Fronius, estoy convencido de que volver\u00e1 a ser nuestra primera opci\u00f3n para proyectos futuros&#8221;.<\/p>\n<\/div>\n<p><a href=\"https:\/\/www.fronius.com\/es-es\/spain\/tecnologia-de-carga-de-baterias\/centro-de-informacion\/prensa\/montaje-en-altura-061020\" target=\"_blank\" rel=\"noopener\">M\u00e1s informaci\u00f3n<\/a><\/p>\n<\/div>\n<\/div>\n<\/div>\n<\/div>\n<\/div>\n<\/div>\n<\/div>\n<\/div>\n\t\t\t\t\t\t\t\t<\/div>\n\t\t\t\t<\/div>\n\t\t\t\t\t<\/div>\n\t\t<\/div>\n\t\t\t\t\t<\/div>\n\t\t<\/section>\n\t\t\t\t\t<\/div>\n\t\t<\/div>\n\t\t\t\t\t<\/div>\n\t\t<\/section>\n\t\t\t\t<\/div>\n\t\t","protected":false},"excerpt":{"rendered":"<p>SPAR optimiza el flujo de mercanc\u00edas en su almac\u00e9n central de Suiza con la tecnolog\u00eda de carga de bater\u00edas Fronius Los aproximadamente 100 veh\u00edculos industriales, de los que dispone el grupo SPAR en su almac\u00e9n central de la localidad suiza de San Galo, son los encargados de transportar alrededor de 8.800 art\u00edculos y garantizar que [&hellip;]<\/p>\n","protected":false},"author":1,"featured_media":10378,"comment_status":"open","ping_status":"open","sticky":false,"template":"elementor_header_footer","format":"standard","meta":{"_seopress_robots_primary_cat":"none","_seopress_titles_title":"","_seopress_titles_desc":"","_seopress_robots_index":"","footnotes":""},"categories":[342],"tags":[464,463,458,462,459,461,460],"edition":[],"class_list":["post-10361","post","type-post","status-publish","format-standard","has-post-thumbnail","hentry","category-blog-en","tag-almacen-en","tag-flujo-de-mercancias-en","tag-fronius-en","tag-mercancias-en","tag-montaje-en-altura-en","tag-optimizacion-en","tag-spar-en"],"_links":{"self":[{"href":"https:\/\/www.logisticsautomationmadrid.com\/en\/wp-json\/wp\/v2\/posts\/10361","targetHints":{"allow":["GET"]}}],"collection":[{"href":"https:\/\/www.logisticsautomationmadrid.com\/en\/wp-json\/wp\/v2\/posts"}],"about":[{"href":"https:\/\/www.logisticsautomationmadrid.com\/en\/wp-json\/wp\/v2\/types\/post"}],"author":[{"embeddable":true,"href":"https:\/\/www.logisticsautomationmadrid.com\/en\/wp-json\/wp\/v2\/users\/1"}],"replies":[{"embeddable":true,"href":"https:\/\/www.logisticsautomationmadrid.com\/en\/wp-json\/wp\/v2\/comments?post=10361"}],"version-history":[{"count":0,"href":"https:\/\/www.logisticsautomationmadrid.com\/en\/wp-json\/wp\/v2\/posts\/10361\/revisions"}],"wp:featuredmedia":[{"embeddable":true,"href":"https:\/\/www.logisticsautomationmadrid.com\/en\/wp-json\/wp\/v2\/media\/10378"}],"wp:attachment":[{"href":"https:\/\/www.logisticsautomationmadrid.com\/en\/wp-json\/wp\/v2\/media?parent=10361"}],"wp:term":[{"taxonomy":"category","embeddable":true,"href":"https:\/\/www.logisticsautomationmadrid.com\/en\/wp-json\/wp\/v2\/categories?post=10361"},{"taxonomy":"post_tag","embeddable":true,"href":"https:\/\/www.logisticsautomationmadrid.com\/en\/wp-json\/wp\/v2\/tags?post=10361"},{"taxonomy":"edition","embeddable":true,"href":"https:\/\/www.logisticsautomationmadrid.com\/en\/wp-json\/wp\/v2\/edition?post=10361"}],"curies":[{"name":"wp","href":"https:\/\/api.w.org\/{rel}","templated":true}]}}