{"id":12018,"date":"2021-01-21T19:50:00","date_gmt":"2021-01-21T18:50:00","guid":{"rendered":"https:\/\/www.logisticsautomationmadrid.com\/?p=12018"},"modified":"2021-02-02T19:52:02","modified_gmt":"2021-02-02T18:52:02","slug":"dachser-organiza-su-primer-tren-completo-de-china-a-europa","status":"publish","type":"post","link":"https:\/\/www.logisticsautomationmadrid.com\/en\/2021\/01\/21\/dachser-organiza-su-primer-tren-completo-de-china-a-europa\/","title":{"rendered":"DACHSER organiza su primer tren completo de China a Europa"},"content":{"rendered":"\t\t<div data-elementor-type=\"wp-post\" data-elementor-id=\"12018\" class=\"elementor elementor-12018 elementor-12017\" data-elementor-post-type=\"post\">\n\t\t\t\t\t\t<section class=\"elementor-section elementor-top-section elementor-element elementor-element-71165a61 elementor-section-boxed elementor-section-height-default elementor-section-height-default\" data-id=\"71165a61\" data-element_type=\"section\">\n\t\t\t\t\t\t<div class=\"elementor-container elementor-column-gap-default\">\n\t\t\t\t\t<div class=\"elementor-column elementor-col-50 elementor-top-column elementor-element elementor-element-365ebd54\" data-id=\"365ebd54\" data-element_type=\"column\">\n\t\t\t<div class=\"elementor-widget-wrap elementor-element-populated\">\n\t\t\t\t\t\t<div class=\"elementor-element elementor-element-08b1280 elementor-invisible elementor-widget elementor-widget-heading\" data-id=\"08b1280\" data-element_type=\"widget\" data-settings=\"{&quot;_animation&quot;:&quot;fadeIn&quot;}\" data-widget_type=\"heading.default\">\n\t\t\t\t<div class=\"elementor-widget-container\">\n\t\t\t\t\t<h1 class=\"elementor-heading-title elementor-size-default\">DACHSER organiza su primer tren completo de China a Europa<\/h1>\t\t\t\t<\/div>\n\t\t\t\t<\/div>\n\t\t\t\t<div class=\"elementor-element elementor-element-09afa34 elementor-widget elementor-widget-text-editor\" data-id=\"09afa34\" data-element_type=\"widget\" data-settings=\"{&quot;_animation&quot;:&quot;none&quot;}\" data-widget_type=\"text-editor.default\">\n\t\t\t\t<div class=\"elementor-widget-container\">\n\t\t\t\t\t\t\t\t\t<div class=\"col-xs-12 col-lg-offset-2 col-lg-8\">\n<p><strong>El proveedor de log\u00edstica DACHSER\u00a0ha organizado con \u00e9xito su primer tren completo de China a Alemania. Con cincuenta contenedores de 40 pies (FEU), el tren lleg\u00f3 a Ludwigshafen, Alemania, a finales de diciembre.<\/strong><\/p>\n<\/div>\n\t\t\t\t\t\t\t\t<\/div>\n\t\t\t\t<\/div>\n\t\t\t\t<div class=\"elementor-element elementor-element-fcc2960 elementor-widget elementor-widget-image\" data-id=\"fcc2960\" data-element_type=\"widget\" data-widget_type=\"image.default\">\n\t\t\t\t<div class=\"elementor-widget-container\">\n\t\t\t\t\t\t\t\t\t\t\t\t<figure class=\"wp-caption\">\n\t\t\t\t\t\t\t\t\t\t<img fetchpriority=\"high\" decoding=\"async\" width=\"800\" height=\"450\" src=\"https:\/\/easyfairsassets.com\/sites\/84\/2021\/01\/DACHSER-blocktrain-China-to-Europe-web_rdax_65-1024x576.jpg\" class=\"attachment-large size-large wp-image-12024\" alt=\"\" srcset=\"https:\/\/easyfairsassets.com\/sites\/84\/2021\/01\/DACHSER-blocktrain-China-to-Europe-web_rdax_65-1024x576.jpg 1024w, https:\/\/easyfairsassets.com\/sites\/84\/2021\/01\/DACHSER-blocktrain-China-to-Europe-web_rdax_65-300x169.jpg 300w, https:\/\/easyfairsassets.com\/sites\/84\/2021\/01\/DACHSER-blocktrain-China-to-Europe-web_rdax_65-768x432.jpg 768w, https:\/\/easyfairsassets.com\/sites\/84\/2021\/01\/DACHSER-blocktrain-China-to-Europe-web_rdax_65-1536x864.jpg 1536w, https:\/\/easyfairsassets.com\/sites\/84\/2021\/01\/DACHSER-blocktrain-China-to-Europe-web_rdax_65.jpg 1920w\" sizes=\"(max-width: 800px) 100vw, 800px\" \/>\t\t\t\t\t\t\t\t\t\t\t<figcaption class=\"widget-image-caption wp-caption-text\">Con cincuenta contenedores de 40 pies (FEU), el tren lleg\u00f3 a Ludwigshafen, Alemania, a finales de diciembre.<\/figcaption>\n\t\t\t\t\t\t\t\t\t\t<\/figure>\n\t\t\t\t\t\t\t\t\t<\/div>\n\t\t\t\t<\/div>\n\t\t\t\t<div class=\"elementor-element elementor-element-d797bcd elementor-widget elementor-widget-text-editor\" data-id=\"d797bcd\" data-element_type=\"widget\" data-settings=\"{&quot;_animation&quot;:&quot;none&quot;}\" data-widget_type=\"text-editor.default\">\n\t\t\t\t<div class=\"elementor-widget-container\">\n\t\t\t\t\t\t\t\t\t<div class=\"col-xs-12 col-lg-offset-2 col-lg-8\">\n<div class=\"intro__box\">\n<section id=\"e4668\" class=\"b-column-content -pad-top-default -pad-bottom-default section-block\">\n<div class=\"custom__wrapper\">\n<div class=\"column-content__wrapper animate-in-bottom js-visible\" data-sr-id=\"0\">\n<div data-gy=\"g\">\n<div class=\"typ\" data-gy=\"cm-8\">\n<div class=\"article__item-wrap\">\n<div class=\"article__item\">\n<p>DACHSER\u00a0ya hab\u00eda organizado un tren regular el a\u00f1o pasado para productos qu\u00edmicos en direcci\u00f3n este, de Frankfurt (Alemania) a China.\u00a0Este es el primer tren en direcci\u00f3n oeste organizado por los equipos de DACHSER\u00a0Alemania y China.\u00a0Para esta nueva ruta, el equipo de DACHSER\u00a0China coordin\u00f3 todo el proceso con el operador ferroviario, incluyendo la recogida de la mercanc\u00eda, entrega en la terminal y el despacho de aduanas. Posteriormente en Ludwigshafen, la delegaci\u00f3n de DACHSER\u00a0Mannheim organiz\u00f3 la distribuci\u00f3n de los contenedores a trav\u00e9s de la red DACHSER\u00a0a otras ciudades de Alemania y en Europa. \u201cLa pandemia y la consiguiente escasez de capacidad de transporte a\u00e9reo y mar\u00edtimo han llevado a una mayor demanda de transporte ferroviario. Tambi\u00e9n en este momento es temporada alta en Asia debido a la proximidad del A\u00f1o Nuevo Chino, lo que tambi\u00e9n ha impulsado el mercado\u201d, comenta Vedat Serbet, Rail Services Manager EMEA en DACHSER. &#8220;Estamos viendo una tendencia en la que cada vez m\u00e1s clientes buscan soluciones de transporte fiables y rentables entre los dos continentes y, \u00faltimamente, eligen la opci\u00f3n de transporte ferroviario&#8221;.<\/p>\n<\/div>\n<\/div>\n<div class=\"article__item-wrap\">\n<div class=\"article__item\">\n<h3>Alternativa fiable y competitiva<\/h3>\n<\/div>\n<\/div>\n<div class=\"article__item-wrap\">\n<div class=\"article__item\">\n<p>La Nueva Ruta de la Seda, que conecta China con Europa a trav\u00e9s de Erenhot en Mongolia, luego Rusia, Bielorrusia y Polonia, proporciona una ruta por tierra con condiciones estables para transportar, por ejemplo, productos qu\u00edmicos. Al mismo tiempo, esta soluci\u00f3n es una alternativa eficiente y rentable al transporte a\u00e9reo y mar\u00edtimo. \u201cEl transporte por ferrocarril es fiable en t\u00e9rminos de programaci\u00f3n y permite a los clientes evitar las vol\u00e1tiles tarifas de flete mar\u00edtimo o las cancelaciones repentinas de vuelos. Y por \u00faltimo, pero no menos importante, este medio de transporte es m\u00e1s asequible que el transporte a\u00e9reo\u201d, concluye Serbet.<\/p>\n<p><a href=\"https:\/\/www.dachser.es\/es\/mediaroom\/DACHSER-organiza-su-primer-tren-completo-de-China-a-Europa-9626\" target=\"_blank\" rel=\"noopener\">M\u00e1s informaci\u00f3n<\/a><\/p>\n<\/div>\n<\/div>\n<\/div>\n<\/div>\n<\/div>\n<\/div>\n<\/section>\n<\/div>\n<\/div>\n\t\t\t\t\t\t\t\t<\/div>\n\t\t\t\t<\/div>\n\t\t\t\t\t<\/div>\n\t\t<\/div>\n\t\t\t\t<div class=\"elementor-column elementor-col-50 elementor-top-column elementor-element elementor-element-28f5464\" data-id=\"28f5464\" data-element_type=\"column\">\n\t\t\t<div class=\"elementor-widget-wrap elementor-element-populated\">\n\t\t\t\t\t\t<div class=\"elementor-element elementor-element-ddb89d9 elementor-grid-1 elementor-posts--thumbnail-none elementor-grid-tablet-1 elementor-grid-mobile-1 elementor-widget elementor-widget-posts\" data-id=\"ddb89d9\" data-element_type=\"widget\" data-settings=\"{&quot;classic_columns&quot;:&quot;1&quot;,&quot;classic_row_gap&quot;:{&quot;unit&quot;:&quot;px&quot;,&quot;size&quot;:&quot;23&quot;,&quot;sizes&quot;:[]},&quot;classic_columns_tablet&quot;:&quot;1&quot;,&quot;_animation&quot;:&quot;none&quot;,&quot;classic_columns_mobile&quot;:&quot;1&quot;,&quot;classic_row_gap_tablet&quot;:{&quot;unit&quot;:&quot;px&quot;,&quot;size&quot;:&quot;&quot;,&quot;sizes&quot;:[]},&quot;classic_row_gap_mobile&quot;:{&quot;unit&quot;:&quot;px&quot;,&quot;size&quot;:&quot;&quot;,&quot;sizes&quot;:[]}}\" data-widget_type=\"posts.classic\">\n\t\t\t\t<div class=\"elementor-widget-container\">\n\t\t\t\t\t\t\t<div class=\"elementor-posts-container elementor-posts elementor-posts--skin-classic elementor-grid\" role=\"list\">\n\t\t\t\t<article class=\"elementor-post elementor-grid-item post-210277 post type-post status-publish format-standard has-post-thumbnail hentry category-logtalent-en category-uncategorized tag-16-de-febrero-en tag-16-febrero-en tag-dia-logistica-en tag-dia-mundial-de-la-logistica-en tag-dia-mundial-logistica-en tag-espana-en tag-ferias-en tag-internacionalizacion-en tag-logistica-en tag-logistics-automation-en tag-punto-de-encuentro-en tag-referentes-en\" role=\"listitem\">\n\t\t\t\t<div class=\"elementor-post__text\">\n\t\t\t\t<h3 class=\"elementor-post__title\">\n\t\t\t<a href=\"https:\/\/www.logisticsautomationmadrid.com\/en\/2026\/04\/09\/hybrid-systems-automation-and-robotics-in-intralogistics\/\" >\n\t\t\t\tHybrid systems: automation and robotics in intralogistics\t\t\t<\/a>\n\t\t<\/h3>\n\t\t\t\t<div class=\"elementor-post__excerpt\">\n\t\t\t<p>The hybrid systems revolution in intralogisticsIntralogistics is undergoing a profound transformation thanks to hybrid systems that integrate traditional automation, robotics and artificial intelligence. These models<\/p>\n\t\t<\/div>\n\t\t\n\t\t<a class=\"elementor-post__read-more\" href=\"https:\/\/www.logisticsautomationmadrid.com\/en\/2026\/04\/09\/hybrid-systems-automation-and-robotics-in-intralogistics\/\" aria-label=\"Read more about Hybrid systems: automation and robotics in intralogistics\" tabindex=\"-1\" >\n\t\t\tRead More \u00bb\t\t<\/a>\n\n\t\t\t\t<\/div>\n\t\t\t\t<\/article>\n\t\t\t\t<article class=\"elementor-post elementor-grid-item post-210253 post type-post status-publish format-standard has-post-thumbnail hentry category-uncategorized tag-cafe-con-en tag-eduardo-cornago-en tag-entrevista-en tag-experiencia-en tag-gin-en tag-puerto-de-indias-en\" role=\"listitem\">\n\t\t\t\t<div class=\"elementor-post__text\">\n\t\t\t\t<h3 class=\"elementor-post__title\">\n\t\t\t<a href=\"https:\/\/www.logisticsautomationmadrid.com\/en\/2026\/04\/08\/a-coffee-with-sofia-de-castro-fernandes-author-founder-and-ceo-of-as-nove-and-keynote-speaker-at-empack-logistics-automation-porto-2026\/\" >\n\t\t\t\tA Coffee with Sofia de Castro Fernandes, Author, Founder and CEO of \u00c0s Nove and Keynote Speaker at Empack &#038; Logistics &#038; Automation Porto 2026\t\t\t<\/a>\n\t\t<\/h3>\n\t\t\t\t<div class=\"elementor-post__excerpt\">\n\t\t\t<p>L&amp;A: To begin with, could you tell us a little about yourself and your career? Sofia: I am deeply curious about people and what drives<\/p>\n\t\t<\/div>\n\t\t\n\t\t<a class=\"elementor-post__read-more\" href=\"https:\/\/www.logisticsautomationmadrid.com\/en\/2026\/04\/08\/a-coffee-with-sofia-de-castro-fernandes-author-founder-and-ceo-of-as-nove-and-keynote-speaker-at-empack-logistics-automation-porto-2026\/\" aria-label=\"Read more about A Coffee with Sofia de Castro Fernandes, Author, Founder and CEO of \u00c0s Nove and Keynote Speaker at Empack &#038; Logistics &#038; Automation Porto 2026\" tabindex=\"-1\" >\n\t\t\tRead More \u00bb\t\t<\/a>\n\n\t\t\t\t<\/div>\n\t\t\t\t<\/article>\n\t\t\t\t<article class=\"elementor-post elementor-grid-item post-209923 post type-post status-publish format-standard has-post-thumbnail hentry category-uncategorized tag-espana-en tag-femenino-en tag-ferias-en tag-internacionalizacion-en tag-logistica-en tag-logistics-automation-en tag-melyt-en tag-mujer-en tag-punto-de-encuentro-en tag-referentes-en tag-talento-en tag-transporte-en\" role=\"listitem\">\n\t\t\t\t<div class=\"elementor-post__text\">\n\t\t\t\t<h3 class=\"elementor-post__title\">\n\t\t\t<a href=\"https:\/\/www.logisticsautomationmadrid.com\/en\/2026\/03\/06\/melyt-and-confebus-join-forces-to-promote-female-talent-in-bus-transport\/\" >\n\t\t\t\tMELYT and CONFEBUS join forces to promote female talent in bus transport\t\t\t<\/a>\n\t\t<\/h3>\n\t\t\t\t<div class=\"elementor-post__excerpt\">\n\t\t\t<p>\u00b7 Coinciding with the celebration of 8 March, International Women&#8217;s Day. \u00b7 CONFEBUS is committed to bringing more women into the sector and addressing the<\/p>\n\t\t<\/div>\n\t\t\n\t\t<a class=\"elementor-post__read-more\" href=\"https:\/\/www.logisticsautomationmadrid.com\/en\/2026\/03\/06\/melyt-and-confebus-join-forces-to-promote-female-talent-in-bus-transport\/\" aria-label=\"Read more about MELYT and CONFEBUS join forces to promote female talent in bus transport\" tabindex=\"-1\" >\n\t\t\tRead More \u00bb\t\t<\/a>\n\n\t\t\t\t<\/div>\n\t\t\t\t<\/article>\n\t\t\t\t<article class=\"elementor-post elementor-grid-item post-209866 post type-post status-publish format-standard has-post-thumbnail hentry category-ai-traceability-security category-blog-en category-logistics-intralogistics-warehousing category-robotics-automation category-sustainability-greenlogistics tag-2026-en tag-cadena-de-suministro-en tag-cambio-en tag-clave-en tag-espana-en tag-experto-en tag-ferias-en tag-industria-en tag-logistica-en tag-logistics-automation-en tag-miebach-en tag-miebach-consulting-en tag-punto-de-encuentro-en tag-referentes-en\" role=\"listitem\">\n\t\t\t\t<div class=\"elementor-post__text\">\n\t\t\t\t<h3 class=\"elementor-post__title\">\n\t\t\t<a href=\"https:\/\/www.logisticsautomationmadrid.com\/en\/2026\/03\/05\/beyond-the-noise-of-trade-fairs-managing-change\/\" >\n\t\t\t\tThe importance of change management in technological transformations\t\t\t<\/a>\n\t\t<\/h3>\n\t\t\t\t<div class=\"elementor-post__excerpt\">\n\t\t\t<p>When walking through the halls of an event as vibrant as Logistics &amp; Automation, it is easy to be seduced by the industry&#8217;s ever-increasing brilliance.<\/p>\n\t\t<\/div>\n\t\t\n\t\t<a class=\"elementor-post__read-more\" href=\"https:\/\/www.logisticsautomationmadrid.com\/en\/2026\/03\/05\/beyond-the-noise-of-trade-fairs-managing-change\/\" aria-label=\"Read more about The importance of change management in technological transformations\" tabindex=\"-1\" >\n\t\t\tRead More \u00bb\t\t<\/a>\n\n\t\t\t\t<\/div>\n\t\t\t\t<\/article>\n\t\t\t\t<\/div>\n\t\t\n\t\t\t\t\t\t<\/div>\n\t\t\t\t<\/div>\n\t\t\t\t<div class=\"elementor-element elementor-element-142798d6 elementor-widget-divider--view-line elementor-widget elementor-widget-divider\" data-id=\"142798d6\" data-element_type=\"widget\" data-widget_type=\"divider.default\">\n\t\t\t\t<div class=\"elementor-widget-container\">\n\t\t\t\t\t\t\t<div class=\"elementor-divider\">\n\t\t\t<span class=\"elementor-divider-separator\">\n\t\t\t\t\t\t<\/span>\n\t\t<\/div>\n\t\t\t\t\t\t<\/div>\n\t\t\t\t<\/div>\n\t\t\t\t\t<\/div>\n\t\t<\/div>\n\t\t\t\t\t<\/div>\n\t\t<\/section>\n\t\t\t\t<section class=\"elementor-section elementor-top-section elementor-element elementor-element-49136ec elementor-section-full_width elementor-section-height-default elementor-section-height-default\" data-id=\"49136ec\" data-element_type=\"section\">\n\t\t\t\t\t\t<div class=\"elementor-container elementor-column-gap-default\">\n\t\t\t\t\t<div class=\"elementor-column elementor-col-100 elementor-top-column elementor-element elementor-element-4a08fcbd\" data-id=\"4a08fcbd\" data-element_type=\"column\">\n\t\t\t<div class=\"elementor-widget-wrap elementor-element-populated\">\n\t\t\t\t\t\t<div class=\"elementor-element elementor-element-6c1ef897 elementor-widget-divider--view-line elementor-widget elementor-widget-divider\" data-id=\"6c1ef897\" data-element_type=\"widget\" data-widget_type=\"divider.default\">\n\t\t\t\t<div class=\"elementor-widget-container\">\n\t\t\t\t\t\t\t<div class=\"elementor-divider\">\n\t\t\t<span class=\"elementor-divider-separator\">\n\t\t\t\t\t\t<\/span>\n\t\t<\/div>\n\t\t\t\t\t\t<\/div>\n\t\t\t\t<\/div>\n\t\t\t\t<div class=\"elementor-element elementor-element-67dafb1c elementor-widget elementor-widget-text-editor\" data-id=\"67dafb1c\" data-element_type=\"widget\" data-widget_type=\"text-editor.default\">\n\t\t\t\t<div class=\"elementor-widget-container\">\n\t\t\t\t\t\t\t\t\t<p><span style=\"vertical-align: inherit\"><span style=\"vertical-align: inherit\"><span style=\"vertical-align: inherit\"><span style=\"vertical-align: inherit\"><span style=\"vertical-align: inherit\"><span style=\"vertical-align: inherit\">Share this article<\/span><\/span><\/span><\/span><\/span><\/span><\/p>\n\t\t\t\t\t\t\t\t<\/div>\n\t\t\t\t<\/div>\n\t\t\t\t<div class=\"elementor-element elementor-element-6683c88d elementor-shape-circle elementor-grid-0 e-grid-align-center elementor-widget elementor-widget-social-icons\" data-id=\"6683c88d\" data-element_type=\"widget\" data-widget_type=\"social-icons.default\">\n\t\t\t\t<div class=\"elementor-widget-container\">\n\t\t\t\t\t\t\t<div class=\"elementor-social-icons-wrapper elementor-grid\" role=\"list\">\n\t\t\t\t\t\t\t<span class=\"elementor-grid-item\" role=\"listitem\">\n\t\t\t\t\t<a class=\"elementor-icon elementor-social-icon elementor-social-icon-facebook-f elementor-repeater-item-3bftaoh\" href=\"https:\/\/www.facebook.com\/LogisticsMadrid\/\" target=\"_blank\">\n\t\t\t\t\t\t<span class=\"elementor-screen-only\">Facebook-f<\/span>\n\t\t\t\t\t\t<i aria-hidden=\"true\" class=\"fab fa-facebook-f\"><\/i>\t\t\t\t\t<\/a>\n\t\t\t\t<\/span>\n\t\t\t\t\t\t\t<span class=\"elementor-grid-item\" role=\"listitem\">\n\t\t\t\t\t<a class=\"elementor-icon elementor-social-icon elementor-social-icon-twitter elementor-repeater-item-pc69ffs\" href=\"https:\/\/twitter.com\/logisticsiberia?lang=es\" target=\"_blank\">\n\t\t\t\t\t\t<span class=\"elementor-screen-only\">Twitter<\/span>\n\t\t\t\t\t\t<i aria-hidden=\"true\" class=\"fab fa-twitter\"><\/i>\t\t\t\t\t<\/a>\n\t\t\t\t<\/span>\n\t\t\t\t\t\t\t<span class=\"elementor-grid-item\" role=\"listitem\">\n\t\t\t\t\t<a class=\"elementor-icon elementor-social-icon elementor-social-icon-linkedin elementor-repeater-item-44fb767\" href=\"https:\/\/www.linkedin.com\/company\/logistics-madrid\/\" target=\"_blank\">\n\t\t\t\t\t\t<span class=\"elementor-screen-only\">Linkedin<\/span>\n\t\t\t\t\t\t<i aria-hidden=\"true\" class=\"fab fa-linkedin\"><\/i>\t\t\t\t\t<\/a>\n\t\t\t\t<\/span>\n\t\t\t\t\t<\/div>\n\t\t\t\t\t\t<\/div>\n\t\t\t\t<\/div>\n\t\t\t\t\t<\/div>\n\t\t<\/div>\n\t\t\t\t\t<\/div>\n\t\t<\/section>\n\t\t\t\t<\/div>\n\t\t","protected":false},"excerpt":{"rendered":"<p>El proveedor de log\u00edstica DACHSER&nbsp;ha organizado con \u00e9xito su primer tren completo de China a Alemania. Con cincuenta contenedores de 40 pies (FEU), el tren lleg\u00f3 a Ludwigshafen, Alemania, a finales de diciembre. Con cincuenta contenedores de 40 pies (FEU), el tren lleg\u00f3 a Ludwigshafen, Alemania, a finales de diciembre. DACHSER&nbsp;ya hab\u00eda organizado un tren [&hellip;]<\/p>\n","protected":false},"author":1,"featured_media":12021,"comment_status":"open","ping_status":"open","sticky":false,"template":"","format":"standard","meta":{"_seopress_robots_primary_cat":"none","_seopress_titles_title":"","_seopress_titles_desc":"","_seopress_robots_index":"","footnotes":""},"categories":[342,1335],"tags":[650,648,651,649],"edition":[],"class_list":["post-12018","post","type-post","status-publish","format-standard","has-post-thumbnail","hentry","category-blog-en","category-transport-delivery-en","tag-china-en","tag-dachser-en","tag-europa-en","tag-tren-completo-en"],"_links":{"self":[{"href":"https:\/\/www.logisticsautomationmadrid.com\/en\/wp-json\/wp\/v2\/posts\/12018","targetHints":{"allow":["GET"]}}],"collection":[{"href":"https:\/\/www.logisticsautomationmadrid.com\/en\/wp-json\/wp\/v2\/posts"}],"about":[{"href":"https:\/\/www.logisticsautomationmadrid.com\/en\/wp-json\/wp\/v2\/types\/post"}],"author":[{"embeddable":true,"href":"https:\/\/www.logisticsautomationmadrid.com\/en\/wp-json\/wp\/v2\/users\/1"}],"replies":[{"embeddable":true,"href":"https:\/\/www.logisticsautomationmadrid.com\/en\/wp-json\/wp\/v2\/comments?post=12018"}],"version-history":[{"count":0,"href":"https:\/\/www.logisticsautomationmadrid.com\/en\/wp-json\/wp\/v2\/posts\/12018\/revisions"}],"wp:featuredmedia":[{"embeddable":true,"href":"https:\/\/www.logisticsautomationmadrid.com\/en\/wp-json\/wp\/v2\/media\/12021"}],"wp:attachment":[{"href":"https:\/\/www.logisticsautomationmadrid.com\/en\/wp-json\/wp\/v2\/media?parent=12018"}],"wp:term":[{"taxonomy":"category","embeddable":true,"href":"https:\/\/www.logisticsautomationmadrid.com\/en\/wp-json\/wp\/v2\/categories?post=12018"},{"taxonomy":"post_tag","embeddable":true,"href":"https:\/\/www.logisticsautomationmadrid.com\/en\/wp-json\/wp\/v2\/tags?post=12018"},{"taxonomy":"edition","embeddable":true,"href":"https:\/\/www.logisticsautomationmadrid.com\/en\/wp-json\/wp\/v2\/edition?post=12018"}],"curies":[{"name":"wp","href":"https:\/\/api.w.org\/{rel}","templated":true}]}}