{"id":127601,"date":"2023-12-04T16:03:56","date_gmt":"2023-12-04T15:03:56","guid":{"rendered":"https:\/\/www.logisticsautomationmadrid.com\/2023\/12\/04\/empack-y-logistics-automation-baten-record-de-asistencia-con-mas-de-10-600-visitantes-unicos\/"},"modified":"2023-12-04T16:03:57","modified_gmt":"2023-12-04T15:03:57","slug":"empack-y-logistics-automation-baten-record-de-asistencia-con-mas-de-10-600-visitantes-unicos","status":"publish","type":"post","link":"https:\/\/www.logisticsautomationmadrid.com\/en\/2023\/12\/04\/empack-y-logistics-automation-baten-record-de-asistencia-con-mas-de-10-600-visitantes-unicos\/","title":{"rendered":"Empack y Logistics &amp; Automation baten r\u00e9cord de asistencia con m\u00e1s de 10.600 visitantes \u00fanicos"},"content":{"rendered":"\t\t<div data-elementor-type=\"wp-post\" data-elementor-id=\"127601\" class=\"elementor elementor-127601 elementor-127467\" data-elementor-post-type=\"post\">\n\t\t\t\t\t\t<section class=\"elementor-section elementor-top-section elementor-element elementor-element-0d9c4a1 elementor-section-stretched elementor-section-boxed elementor-section-height-default elementor-section-height-default\" data-id=\"0d9c4a1\" data-element_type=\"section\" data-settings=\"{&quot;background_background&quot;:&quot;classic&quot;,&quot;stretch_section&quot;:&quot;section-stretched&quot;}\">\n\t\t\t\t\t\t<div class=\"elementor-container elementor-column-gap-default\">\n\t\t\t\t\t<div class=\"elementor-column elementor-col-100 elementor-top-column elementor-element elementor-element-ac57cca\" data-id=\"ac57cca\" data-element_type=\"column\">\n\t\t\t<div class=\"elementor-widget-wrap elementor-element-populated\">\n\t\t\t\t\t\t<section class=\"elementor-section elementor-inner-section elementor-element elementor-element-8781f24 elementor-reverse-tablet elementor-reverse-mobile elementor-section-boxed elementor-section-height-default elementor-section-height-default\" data-id=\"8781f24\" data-element_type=\"section\" data-settings=\"{&quot;background_background&quot;:&quot;classic&quot;}\">\n\t\t\t\t\t\t<div class=\"elementor-container elementor-column-gap-wide\">\n\t\t\t\t\t<div class=\"elementor-column elementor-col-100 elementor-inner-column elementor-element elementor-element-9015fb7\" data-id=\"9015fb7\" data-element_type=\"column\" data-settings=\"{&quot;background_background&quot;:&quot;classic&quot;}\">\n\t\t\t<div class=\"elementor-widget-wrap elementor-element-populated\">\n\t\t\t\t\t\t<div class=\"elementor-element elementor-element-5d63bc9 elementor-widget elementor-widget-theme-post-title elementor-page-title elementor-widget-heading\" data-id=\"5d63bc9\" data-element_type=\"widget\" data-widget_type=\"theme-post-title.default\">\n\t\t\t\t<div class=\"elementor-widget-container\">\n\t\t\t\t\t<h1 class=\"elementor-heading-title elementor-size-default\">Empack y Logistics &amp; Automation baten r\u00e9cord de asistencia con m\u00e1s de 10.600 visitantes \u00fanicos<\/h1>\t\t\t\t<\/div>\n\t\t\t\t<\/div>\n\t\t\t\t<div class=\"elementor-element elementor-element-57db44c elementor-align-left elementor-widget elementor-widget-post-info\" data-id=\"57db44c\" data-element_type=\"widget\" data-widget_type=\"post-info.default\">\n\t\t\t\t<div class=\"elementor-widget-container\">\n\t\t\t\t\t\t\t<ul class=\"elementor-inline-items elementor-icon-list-items elementor-post-info\">\n\t\t\t\t\t\t\t\t<li class=\"elementor-icon-list-item elementor-repeater-item-62990f6 elementor-inline-item\" itemprop=\"datePublished\">\n\t\t\t\t\t\t<a href=\"https:\/\/www.logisticsautomationmadrid.com\/en\/2023\/12\/04\/\">\n\t\t\t\t\t\t\t\t\t\t\t<span class=\"elementor-icon-list-icon\">\n\t\t\t\t\t\t\t\t<i aria-hidden=\"true\" class=\"fas fa-calendar\"><\/i>\t\t\t\t\t\t\t<\/span>\n\t\t\t\t\t\t\t\t\t<span class=\"elementor-icon-list-text elementor-post-info__item elementor-post-info__item--type-date\">\n\t\t\t\t\t\t\t\t\t\t<time>December 4, 2023<\/time>\t\t\t\t\t<\/span>\n\t\t\t\t\t\t\t\t\t<\/a>\n\t\t\t\t<\/li>\n\t\t\t\t<\/ul>\n\t\t\t\t\t\t<\/div>\n\t\t\t\t<\/div>\n\t\t\t\t\t<\/div>\n\t\t<\/div>\n\t\t\t\t\t<\/div>\n\t\t<\/section>\n\t\t\t\t<section class=\"elementor-section elementor-inner-section elementor-element elementor-element-a0a9333 elementor-section-boxed elementor-section-height-default elementor-section-height-default\" data-id=\"a0a9333\" data-element_type=\"section\" data-settings=\"{&quot;background_background&quot;:&quot;classic&quot;}\">\n\t\t\t\t\t\t<div class=\"elementor-container elementor-column-gap-default\">\n\t\t\t\t\t<div class=\"elementor-column elementor-col-100 elementor-inner-column elementor-element elementor-element-d9003a5\" data-id=\"d9003a5\" data-element_type=\"column\">\n\t\t\t<div class=\"elementor-widget-wrap elementor-element-populated\">\n\t\t\t\t\t\t<div class=\"elementor-element elementor-element-b8fbe78 elementor-widget elementor-widget-text-editor\" data-id=\"b8fbe78\" data-element_type=\"widget\" data-widget_type=\"text-editor.default\">\n\t\t\t\t<div class=\"elementor-widget-container\">\n\t\t\t\t\t\t\t\t\t<ul>\r\n<li>\r\n<ul>\r\n<li><strong><em>Celebradas en IFEMA, ambas ferias han contado con la participaci\u00f3n de m\u00e1s de 360 empresas expositoras de los sectores del packaging, la log\u00edstica y el transporte, registrando 38.361 interacciones comerciales.<\/em><\/strong><\/li>\r\n<\/ul>\r\n<div><b><i><br><\/i><\/b><\/div>\r\n<ul>\r\n<li><strong><em>En total, han ocupado m\u00e1s de 20.500 metros cuadrados de exposici\u00f3n, un 6 % m\u00e1s que el a\u00f1o anterior, subrayando su creciente impacto econ\u00f3mico.<\/em><\/strong><\/li>\r\n<\/ul>\r\n<div><b><i><br><\/i><\/b><\/div>\r\n<\/li>\r\n<ul>\r\n<li><strong><em>\u201cEstas cifras r\u00e9cord no solo indican el \u00e9xito del sal\u00f3n, sino tambi\u00e9n el estado actual y el potencial de crecimiento de los sectores del packaging y la log\u00edstica en Espa\u00f1a\u201d, afirma Oscar Barranco, director general de Easyfairs Iberia.<\/em><\/strong><\/li>\r\n<\/ul>\r\n<\/ul>\r\n<div><b><i><br><\/i><\/b><\/div>\r\n<p><b><span style=\"font-size: 11.0pt; mso-bidi-font-size: 10.0pt; line-height: 107%; font-family: 'Trebuchet MS',sans-serif; mso-fareast-font-family: Calibri; mso-bidi-font-family: 'Times New Roman'; color: #002060; mso-font-kerning: 0pt; mso-ligatures: none; mso-ansi-language: ES; mso-fareast-language: EN-US; mso-bidi-language: AR-SA;\">Madrid, 1 de diciembre de 2023.&nbsp;<\/span><\/b><span style=\"font-weight: var( --e-global-typography-text-font-weight ); font-size: 10pt; line-height: 107%; font-family: &quot;Trebuchet MS&quot;, sans-serif;\">IFEMA se ha convertido esta semana en el epicentro de la innovaci\u00f3n en\r\npackaging, log\u00edstica y transporte con la celebraci\u00f3n de <\/span><a href=\"https:\/\/www.empackmadrid.com\/es\/?utm_source=referral&amp;utm_medium=media-partner&amp;utm_campaign=NotaDePrensa&amp;utm_content=REGISTRO&amp;utm_term=EMP23&amp;actioncode=NDP2\" style=\"font-weight: var( --e-global-typography-text-font-weight ); background-color: rgb(255, 255, 255);\"><b><span style=\"font-size:10.0pt;line-height:107%;font-family:&quot;Trebuchet MS&quot;,sans-serif;\r\nmso-fareast-font-family:&quot;Times New Roman&quot;;mso-bidi-font-family:Arial;\r\nmso-font-kerning:0pt;mso-ligatures:none\">Empack<\/span><\/b><\/a><span style=\"font-weight: var( --e-global-typography-text-font-weight );\"> <\/span><span style=\"font-weight: var( --e-global-typography-text-font-weight ); font-size: 10pt; line-height: 107%; font-family: &quot;Trebuchet MS&quot;, sans-serif;\">y <\/span><a href=\"https:\/\/www.logisticsautomationmadrid.com\/es\/?utm_source=referral&amp;utm_medium=media-partner&amp;utm_campaign=NotaDePrensa&amp;utm_content=REGISTRO&amp;utm_term=LOG23&amp;actioncode=NDP2\" style=\"font-weight: var( --e-global-typography-text-font-weight ); background-color: rgb(255, 255, 255);\"><b><span style=\"font-size:10.0pt;line-height:107%;font-family:&quot;Trebuchet MS&quot;,sans-serif;\r\nmso-fareast-font-family:&quot;Times New Roman&quot;;mso-bidi-font-family:Arial;\r\nmso-font-kerning:0pt;mso-ligatures:none\">Logistics &amp; Automation<\/span><\/b><\/a><span style=\"font-weight: var( --e-global-typography-text-font-weight ); font-size: 10pt; line-height: 107%; font-family: &quot;Trebuchet MS&quot;, sans-serif;\">, las principales ferias del sector\r\norganizadas por Easyfairs, que en su edici\u00f3n 2023 han batido todos los r\u00e9cords.\r\nDurante las dos jornadas de duraci\u00f3n (29 y 30 de noviembre), ambos eventos han\r\nregistrado la asistencia total de 10.644 visitantes \u00fanicos, lo que supone un\r\nincremento del 6 % con respecto a la pasada edici\u00f3n, 38.361 interacciones\r\ncomerciales y la participaci\u00f3n de m\u00e1s de 360 empresas expositoras distribuidas\r\nen 20.500 metros cuadrados de superficie (un 6 % m\u00e1s en comparaci\u00f3n con el a\u00f1o pasado).\r\nTodo ello ha supuesto un impacto econ\u00f3mico de unos 11\u20195 millones de euros.<\/span><\/p>\r\n\r\n<p class=\"MsoNormal\"><span style=\"font-size:10.0pt;\r\nline-height:107%;font-family:&quot;Trebuchet MS&quot;,sans-serif;mso-fareast-font-family:\r\n&quot;Times New Roman&quot;;mso-bidi-font-family:Arial;mso-font-kerning:0pt;mso-ligatures:\r\nnone\">\u201c<i>Cerramos la edici\u00f3n 2023 de Empack y Logistics &amp; Automation con\r\nun balance muy positivo. No solo hemos superado nuestras propias expectativas,\r\nsino que hemos establecido nuevos est\u00e1ndares en la industria. La participaci\u00f3n\r\nactiva de las empresas expositoras y el r\u00e9cord de visitantes son indicadores\r\nclaros del creciente inter\u00e9s y relevancia de estas ferias y del papel central\r\nque desempe\u00f1an en la promoci\u00f3n de la innovaci\u00f3n y el progreso en los sectores\r\ndel packaging, la log\u00edstica y el transporte<\/i>\u201d, ha afirmado <b>Oscar\r\nBarranco, director general de Easyfairs Iberia<\/b>. <o:p><\/o:p><\/span><\/p>\r\n\r\n<p class=\"MsoNormal\"><span style=\"font-size:10.0pt;\r\nline-height:107%;font-family:&quot;Trebuchet MS&quot;,sans-serif;mso-fareast-font-family:\r\n&quot;Times New Roman&quot;;mso-bidi-font-family:Arial;mso-font-kerning:0pt;mso-ligatures:\r\nnone\">Asimismo, a\u00f1ade: \u201c<i>Observamos con gran satisfacci\u00f3n c\u00f3mo los sectores\r\ndel packaging, la log\u00edstica y el transporte han evolucionado y se han\r\nfortalecido, demostrando una notoria capacidad de adaptaci\u00f3n a las cambiantes\r\ndin\u00e1micas del mercado y a las tendencias emergentes<\/i>\u201d.<o:p><\/o:p><\/span><\/p>\r\n\r\n<p class=\"MsoNormal\"><span style=\"font-size:10.0pt;\r\nline-height:107%;font-family:&quot;Trebuchet MS&quot;,sans-serif;mso-fareast-font-family:\r\n&quot;Times New Roman&quot;;mso-bidi-font-family:Arial;mso-font-kerning:0pt;mso-ligatures:\r\nnone\">En lo que respecta a <b>Empack<\/b>, que ha celebrado su 15\u00aa edici\u00f3n estos\r\nd\u00edas, ha contado con un total de 150 marcas expositoras del sector del\r\npackaging, con especial foco en aspectos como la automatizaci\u00f3n, la rob\u00f3tica y\r\nla sostenibilidad. Adem\u00e1s, ha ofrecido un amplio programa de conferencias y\r\nmesas redondas en las que han participado m\u00e1s de 50 expertos de la industria.<o:p><\/o:p><\/span><\/p>\r\n\r\n<p class=\"MsoNormal\"><b><span style=\"font-size:10.0pt;\r\nline-height:107%;font-family:&quot;Trebuchet MS&quot;,sans-serif;mso-fareast-font-family:\r\n&quot;Times New Roman&quot;;mso-bidi-font-family:Arial;mso-font-kerning:0pt;mso-ligatures:\r\nnone\">Laura Sanz de Siria, secretaria general de la Confederaci\u00f3n Empresarial\r\ndel Ecoenvase Industrial (CONFECOI)<\/span><\/b><span style=\"font-size:10.0pt;\r\nline-height:107%;font-family:&quot;Trebuchet MS&quot;,sans-serif;mso-fareast-font-family:\r\n&quot;Times New Roman&quot;;mso-bidi-font-family:Arial;mso-font-kerning:0pt;mso-ligatures:\r\nnone\">, ha puesto en valor la celebraci\u00f3n de Empack y su contribuci\u00f3n al\r\nsector: \u201c<i>Despu\u00e9s asistir como visitantes el a\u00f1o pasado, tomamos la decisi\u00f3n\r\nde participar como expositores en esta edici\u00f3n. A lo largo de estas dos\r\njornadas hemos visto un alt\u00edsimo nivel, as\u00ed como much\u00edsima innovaci\u00f3n e\r\ninformaci\u00f3n. Por ejemplo, destaca que cada vez se utilizan sistemas m\u00e1s\r\nsostenibles y envases m\u00e1s reutilizables, de ah\u00ed que en la feria haya muchos\r\ntemas de QR y maquinaria. Todo esto nos permite pensar en el futuro y plantear\r\nc\u00f3mo las empresas se tienen que preparar para lo que est\u00e1 por venir<\/i>\u201d.<o:p><\/o:p><\/span><\/p>\r\n\r\n<p class=\"MsoNormal\"><span style=\"font-size:10.0pt;\r\nline-height:107%;font-family:&quot;Trebuchet MS&quot;,sans-serif;mso-fareast-font-family:\r\n&quot;Times New Roman&quot;;mso-bidi-font-family:Arial;mso-font-kerning:0pt;mso-ligatures:\r\nnone\">De manera simult\u00e1nea, la 13\u00aa edici\u00f3n de <b>Logistics &amp; Automation<\/b>\r\nse ha cerrado con m\u00e1s de 210 empresas expositoras relacionadas con \u00e1reas de la\r\nlog\u00edstica y la automatizaci\u00f3n, como el almacenaje, el transporte, la\r\nmonitorizaci\u00f3n, la \u00faltima milla y la gesti\u00f3n de flotas, o la manipulaci\u00f3n de\r\ncargas y la seguridad. A esto hay que a\u00f1adir cinco salas de ponencias y mesas\r\nredondas a cargo de los principales protagonistas del sector.<o:p><\/o:p><\/span><\/p>\r\n\r\n<p class=\"MsoNormal\"><span style=\"font-size:10.0pt;\r\nline-height:107%;font-family:&quot;Trebuchet MS&quot;,sans-serif;mso-fareast-font-family:\r\n&quot;Times New Roman&quot;;mso-bidi-font-family:Arial;mso-font-kerning:0pt;mso-ligatures:\r\nnone\">\u201c<i>La feria Logistics &amp; Automation ha sido una gran experiencia. Con\r\nun p\u00fablico cada vez m\u00e1s exigente, especializado e interesado, no solo en la\r\ninnovaci\u00f3n, sino tambi\u00e9n en las oportunidades que le ofrecen los diferentes\r\nagentes de la cadena de suministro para la mejora de sus operaciones de\r\ncomercio internacional. Nos encontramos ante un evento que est\u00e1 sabiendo\r\nevolucionar para cubrir las necesidades del sector log\u00edstico y que este a\u00f1o ha\r\nobtenido un nuevo \u00e9xito de convocatoria<\/i>\u201d, ha asegurado <b>Nuria Lacaci, secretaria\r\ngeneral de la Asociaci\u00f3n de Cargadores de Espa\u00f1a (ACE)<\/b>.<o:p><\/o:p><\/span><\/p>\r\n\r\n<p class=\"MsoNormal\"><span style=\"font-size:10.0pt;\r\nline-height:107%;font-family:&quot;Trebuchet MS&quot;,sans-serif;mso-fareast-font-family:\r\n&quot;Times New Roman&quot;;mso-bidi-font-family:Arial;mso-font-kerning:0pt;mso-ligatures:\r\nnone\">Un a\u00f1o m\u00e1s, ambas ferias han demostrado ser cruciales para la promoci\u00f3n\r\nde la innovaci\u00f3n y el desarrollo log\u00edstico en Espa\u00f1a, sirviendo como\r\nplataformas esenciales para la colaboraci\u00f3n, la exploraci\u00f3n de oportunidades de\r\nnegocio y la reflexi\u00f3n sobre el futuro de estas industrias.<a name=\"_Hlk138934674\"><o:p><\/o:p><\/a><\/span><\/p>\r\n\r\n<p class=\"MsoNormal\" style=\"line-height: 115%;\"><b><span style=\"font-family:&quot;Trebuchet MS&quot;,sans-serif;mso-fareast-font-family:Calibri;\r\nmso-bidi-font-family:&quot;Times New Roman&quot;;color:#002060;mso-font-kerning:0pt;\r\nmso-ligatures:none\">Sobre Easyfairs <o:p><\/o:p><\/span><\/b><\/p>\r\n\r\n\r\n\r\n<p class=\"MsoNormal\" style=\"line-height: 115%;\"><span style=\"font-size:10.0pt;line-height:115%;font-family:&quot;Trebuchet MS&quot;,sans-serif;\r\nmso-fareast-font-family:&quot;Times New Roman&quot;;mso-bidi-font-family:Arial;\r\nmso-font-kerning:0pt;mso-ligatures:none\">Easyfairs organiza eventos siendo\r\npuntos de encuentro para las comunidades que deseen visitar el futuro.<o:p><\/o:p><\/span><\/p>\r\n\r\n<p class=\"MsoNormal\" style=\"line-height: 115%;\"><span style=\"font-size:10.0pt;line-height:115%;font-family:&quot;Trebuchet MS&quot;,sans-serif;\r\nmso-fareast-font-family:&quot;Times New Roman&quot;;mso-bidi-font-family:Arial;\r\nmso-font-kerning:0pt;mso-ligatures:none\">Actualmente organizamos 200 eventos\r\npresenciales en 14 pa\u00edses (Argelia, B\u00e9lgica, Dinamarca, Finlandia, Francia,\r\nAlemania, Italia, Pa\u00edses Bajos, Noruega, Portugal, Espa\u00f1a, Suecia, Suiza y\r\nReino Unido) y gestionamos ocho recintos feriales en B\u00e9lgica, Holanda y Suecia\r\n(Amberes, Gante, Malinas-Bruselas Norte, Namur, Gorinchem, Hardenberg, Malm\u00f6 y\r\nEstocolmo).<o:p><\/o:p><\/span><\/p>\r\n\r\n<p class=\"MsoNormal\" style=\"line-height: 115%;\"><span style=\"font-size:10.0pt;line-height:115%;font-family:&quot;Trebuchet MS&quot;,sans-serif;\r\nmso-fareast-font-family:&quot;Times New Roman&quot;;mso-bidi-font-family:Arial;\r\nmso-font-kerning:0pt;mso-ligatures:none\">Nos apasiona &#8220;facilitar&#8221; la\r\nvida de nuestros clientes y aumentar el retorno de su inversi\u00f3n y de su tiempo\r\na trav\u00e9s de nuestras f\u00f3rmulas integrales (all-in), tecnolog\u00eda avanzada y\r\nestrategia centrada en el cliente. Nuestra oferta digital adem\u00e1s brinda a estas\r\ncomunidades excelentes oportunidades para establecer contactos de manera\r\nefectiva y hacer negocios durante todo el a\u00f1o.&nbsp;\r\n<o:p><\/o:p><\/span><\/p>\r\n\r\n<p class=\"MsoNormal\" style=\"line-height: 115%;\"><span style=\"font-size:10.0pt;line-height:115%;font-family:&quot;Trebuchet MS&quot;,sans-serif;\r\nmso-fareast-font-family:&quot;Times New Roman&quot;;mso-bidi-font-family:Arial;\r\nmso-font-kerning:0pt;mso-ligatures:none\">El Grupo Easyfairs emplea a 800\r\ntalentos altamente comprometidos, implementa las mejores herramientas de\r\nmarketing y tecnolog\u00eda y desarrolla marcas con un fuerte atractivo para\r\nnuestros stakeholders. Por quinto a\u00f1o consecutivo, en 2023, Deloitte otorg\u00f3 a\r\nEasyfairs el estatus de \u201cBest Managed Company\u201d. Easyfairs ocupa el puesto 11\r\nentre los principales organizadores de exposiciones del mundo, seg\u00fan el ranking\r\nanual STAX.<o:p><\/o:p><\/span><\/p>\r\n\r\n<p class=\"MsoNormal\" style=\"line-height: 115%;\"><span style=\"font-size:10.0pt;line-height:115%;font-family:&quot;Trebuchet MS&quot;,sans-serif;\r\nmso-fareast-font-family:&quot;Times New Roman&quot;;mso-bidi-font-family:Arial;\r\nmso-font-kerning:0pt;mso-ligatures:none\">Visita el futuro con Easyfairs y\r\nconsulta m\u00e1s informaci\u00f3n en <\/span><a href=\"http:\/\/www.easyfairsgroup.com\/\"><span style=\"color:#00B0F0;mso-font-kerning:0pt;mso-ligatures:none\">www.easyfairsgroup.com<\/span><\/a><span style=\"font-size:10.0pt;line-height:115%;font-family:&quot;Trebuchet MS&quot;,sans-serif;\r\nmso-fareast-font-family:&quot;Times New Roman&quot;;mso-bidi-font-family:Arial;\r\nmso-font-kerning:0pt;mso-ligatures:none\">.<\/span><o:p><\/o:p><\/p>\t\t\t\t\t\t\t\t<\/div>\n\t\t\t\t<\/div>\n\t\t\t\t\t<\/div>\n\t\t<\/div>\n\t\t\t\t\t<\/div>\n\t\t<\/section>\n\t\t\t\t<section class=\"elementor-section elementor-inner-section elementor-element elementor-element-379e76a elementor-section-boxed elementor-section-height-default elementor-section-height-default\" data-id=\"379e76a\" data-element_type=\"section\" data-settings=\"{&quot;background_background&quot;:&quot;classic&quot;}\">\n\t\t\t\t\t\t<div class=\"elementor-container elementor-column-gap-wide\">\n\t\t\t\t\t<div class=\"elementor-column elementor-col-100 elementor-inner-column elementor-element elementor-element-5362b5b\" data-id=\"5362b5b\" data-element_type=\"column\" data-settings=\"{&quot;background_background&quot;:&quot;classic&quot;}\">\n\t\t\t<div class=\"elementor-widget-wrap elementor-element-populated\">\n\t\t\t\t\t\t<div class=\"elementor-element elementor-element-08e580d elementor-widget elementor-widget-heading\" data-id=\"08e580d\" data-element_type=\"widget\" data-widget_type=\"heading.default\">\n\t\t\t\t<div class=\"elementor-widget-container\">\n\t\t\t\t\t<p class=\"elementor-heading-title elementor-size-default\">Share<\/p>\t\t\t\t<\/div>\n\t\t\t\t<\/div>\n\t\t\t\t<div class=\"elementor-element elementor-element-707fd25 elementor-share-buttons--view-icon elementor-share-buttons--shape-circle elementor-share-buttons--color-custom elementor-share-buttons--skin-minimal elementor-grid-0 elementor-widget elementor-widget-share-buttons\" data-id=\"707fd25\" data-element_type=\"widget\" data-widget_type=\"share-buttons.default\">\n\t\t\t\t<div class=\"elementor-widget-container\">\n\t\t\t\t\t\t\t<div class=\"elementor-grid\" role=\"list\">\n\t\t\t\t\t\t\t\t<div class=\"elementor-grid-item\" role=\"listitem\">\n\t\t\t\t\t\t<div class=\"elementor-share-btn elementor-share-btn_email\" role=\"button\" tabindex=\"0\" aria-label=\"Share on email\">\n\t\t\t\t\t\t\t\t\t\t\t\t\t\t\t<span class=\"elementor-share-btn__icon\">\n\t\t\t\t\t\t\t\t<i class=\"fas fa-envelope\" aria-hidden=\"true\"><\/i>\t\t\t\t\t\t\t<\/span>\n\t\t\t\t\t\t\t\t\t\t\t\t\t\t\t\t\t\t\t\t<\/div>\n\t\t\t\t\t<\/div>\n\t\t\t\t\t\t\t\t\t<div class=\"elementor-grid-item\" role=\"listitem\">\n\t\t\t\t\t\t<div class=\"elementor-share-btn elementor-share-btn_twitter\" role=\"button\" tabindex=\"0\" aria-label=\"Share on twitter\">\n\t\t\t\t\t\t\t\t\t\t\t\t\t\t\t<span class=\"elementor-share-btn__icon\">\n\t\t\t\t\t\t\t\t<i class=\"fab fa-twitter\" aria-hidden=\"true\"><\/i>\t\t\t\t\t\t\t<\/span>\n\t\t\t\t\t\t\t\t\t\t\t\t\t\t\t\t\t\t\t\t<\/div>\n\t\t\t\t\t<\/div>\n\t\t\t\t\t\t\t\t\t<div class=\"elementor-grid-item\" role=\"listitem\">\n\t\t\t\t\t\t<div class=\"elementor-share-btn elementor-share-btn_linkedin\" role=\"button\" tabindex=\"0\" aria-label=\"Share on linkedin\">\n\t\t\t\t\t\t\t\t\t\t\t\t\t\t\t<span class=\"elementor-share-btn__icon\">\n\t\t\t\t\t\t\t\t<i class=\"fab fa-linkedin\" aria-hidden=\"true\"><\/i>\t\t\t\t\t\t\t<\/span>\n\t\t\t\t\t\t\t\t\t\t\t\t\t\t\t\t\t\t\t\t<\/div>\n\t\t\t\t\t<\/div>\n\t\t\t\t\t\t\t\t\t<div class=\"elementor-grid-item\" role=\"listitem\">\n\t\t\t\t\t\t<div class=\"elementor-share-btn elementor-share-btn_whatsapp\" role=\"button\" tabindex=\"0\" aria-label=\"Share on whatsapp\">\n\t\t\t\t\t\t\t\t\t\t\t\t\t\t\t<span class=\"elementor-share-btn__icon\">\n\t\t\t\t\t\t\t\t<i class=\"fab fa-whatsapp\" aria-hidden=\"true\"><\/i>\t\t\t\t\t\t\t<\/span>\n\t\t\t\t\t\t\t\t\t\t\t\t\t\t\t\t\t\t\t\t<\/div>\n\t\t\t\t\t<\/div>\n\t\t\t\t\t\t<\/div>\n\t\t\t\t\t\t<\/div>\n\t\t\t\t<\/div>\n\t\t\t\t\t<\/div>\n\t\t<\/div>\n\t\t\t\t\t<\/div>\n\t\t<\/section>\n\t\t\t\t\t<\/div>\n\t\t<\/div>\n\t\t\t\t\t<\/div>\n\t\t<\/section>\n\t\t\t\t<\/div>\n\t\t","protected":false},"excerpt":{"rendered":"<p class=\"MsoListParagraphCxSpFirst\" style=\"text-align: justify; text-indent: -18.0pt; mso-list: l0 level1 lfo1;\"><!-- [if !supportLists]--><span style=\"font-size: 10.0pt; line-height: 107%; font-family: Symbol; mso-fareast-font-family: Symbol; mso-bidi-font-family: Symbol; mso-font-kerning: 0pt; mso-ligatures: none; mso-bidi-font-style: italic;\"><span style=\"mso-list: Ignore;\">\u00b7<span style=\"font: 7.0pt 'Times New Roman';\">\u00a0\u00a0\u00a0\u00a0\u00a0\u00a0 <\/span><\/span><\/span><!--[endif]--><b style=\"mso-bidi-font-weight: normal;\"><i><span style=\"font-size: 10.0pt; line-height: 107%; font-family: 'Trebuchet MS',sans-serif; mso-fareast-font-family: Calibri; mso-bidi-font-family: 'Times New Roman'; mso-font-kerning: 0pt; mso-ligatures: none;\">Celebradas en IFEMA, ambas ferias han contado con la participaci\u00f3n de m\u00e1s de 360 empresas expositoras de los sectores del packaging, la log\u00edstica y el transporte, registrando 38.361 interacciones comerciales.<\/span><\/i><\/b><\/p>\n<p class=\"MsoListParagraphCxSpMiddle\" style=\"text-align: justify; text-indent: -18.0pt; mso-list: l0 level1 lfo1;\"><!-- [if !supportLists]--><span style=\"font-size: 10.0pt; line-height: 107%; font-family: Symbol; mso-fareast-font-family: Symbol; mso-bidi-font-family: Symbol; mso-font-kerning: 0pt; mso-ligatures: none; mso-bidi-font-style: italic;\"><span style=\"mso-list: Ignore;\">\u00b7<span style=\"font: 7.0pt 'Times New Roman';\">\u00a0\u00a0\u00a0\u00a0\u00a0\u00a0 <\/span><\/span><\/span><!--[endif]--><b style=\"mso-bidi-font-weight: normal;\"><i><span style=\"font-size: 10.0pt; line-height: 107%; font-family: 'Trebuchet MS',sans-serif; mso-fareast-font-family: Calibri; mso-bidi-font-family: 'Times New Roman'; mso-font-kerning: 0pt; mso-ligatures: none;\">En total, han ocupado m\u00e1s de 20.500 metros cuadrados de exposici\u00f3n, un 6 % m\u00e1s que el a\u00f1o anterior, subrayando su creciente impacto econ\u00f3mico.<\/span><\/i><\/b><\/p>\n<p class=\"MsoListParagraphCxSpLast\" style=\"text-align: justify; text-indent: -18.0pt; mso-list: l0 level1 lfo1;\"><!-- [if !supportLists]--><span style=\"font-size: 10.0pt; line-height: 107%; font-family: Symbol; mso-fareast-font-family: Symbol; mso-bidi-font-family: Symbol; mso-font-kerning: 0pt; mso-ligatures: none; mso-bidi-font-style: italic;\"><span style=\"mso-list: Ignore;\">\u00b7<span style=\"font: 7.0pt 'Times New Roman';\">\u00a0\u00a0\u00a0\u00a0\u00a0\u00a0 <\/span><\/span><\/span><!--[endif]--><b style=\"mso-bidi-font-weight: normal;\"><i><span style=\"font-size: 10.0pt; line-height: 107%; font-family: 'Trebuchet MS',sans-serif; mso-fareast-font-family: Calibri; mso-bidi-font-family: 'Times New Roman'; mso-font-kerning: 0pt; mso-ligatures: none;\">\u201cEstas cifras r\u00e9cord no solo indican el \u00e9xito del sal\u00f3n, sino tambi\u00e9n el estado actual y el potencial de crecimiento de los sectores del packaging y la log\u00edstica en Espa\u00f1a\u201d, afirma Oscar Barranco, director general de Easyfairs Iberia.<\/span><\/i><\/b><\/p>\n","protected":false},"author":927,"featured_media":0,"comment_status":"open","ping_status":"open","sticky":false,"template":"elementor_header_footer","format":"standard","meta":{"_seopress_robots_primary_cat":"none","_seopress_titles_title":"Empack y Logistics & Automation baten r\u00e9cord de asistencia con m\u00e1s de 10.600 visitantes \u00fanicos","_seopress_titles_desc":"\u2022\tLidl, Procter & Gamble, L&#039;Or\u00e9al, Guerlain, Beam Suntory, Mahou San Miguel, Siemens, Beiersdorf, Bonduelle, Eroski, Cash Converters, Fujitsu o Metro de Madrid son solo algunas de las empresas que estar\u00e1n presentes en el mayor programa de conferencias de ambas ferias.\r\n\r\n\u2022\t400 marcas expositoras acercar\u00e1n al visitante las \u00faltimas novedades y tendencias para optimizar su cadena de suministro, haci\u00e9ndola m\u00e1s sostenible y rentable desde el packaging hasta el almacenaje y la distribuci\u00f3n de sus mercancias.  \r\n\r\n \r\n\u2022\tEl completo programa de actividades incluye los Live Tours, recorridos guiados para en grupos reducidos de visitantes conocer los productos m\u00e1s innovadores de la edici\u00f3n, y cuatro ceremonias de entrega de premios; Premios L\u00edderes de la Log\u00edstica, Premios Truck Friendly, Premios Log\u00edstica y Talento y Premios Cartonplast a la sostenibilidad. \r\n","_seopress_robots_index":"","footnotes":""},"categories":[344],"tags":[2314,699,1389,1770,403,719,701,472,2313],"edition":[],"class_list":["post-127601","post","type-post","status-publish","format-standard","hentry","category-press-release","tag-edicion-2023-en","tag-empack-en","tag-empresas-en","tag-feria-en","tag-ifema-en","tag-innovacion-en","tag-logistics-automation-en","tag-madrid-en","tag-salon-en"],"_links":{"self":[{"href":"https:\/\/www.logisticsautomationmadrid.com\/en\/wp-json\/wp\/v2\/posts\/127601","targetHints":{"allow":["GET"]}}],"collection":[{"href":"https:\/\/www.logisticsautomationmadrid.com\/en\/wp-json\/wp\/v2\/posts"}],"about":[{"href":"https:\/\/www.logisticsautomationmadrid.com\/en\/wp-json\/wp\/v2\/types\/post"}],"author":[{"embeddable":true,"href":"https:\/\/www.logisticsautomationmadrid.com\/en\/wp-json\/wp\/v2\/users\/927"}],"replies":[{"embeddable":true,"href":"https:\/\/www.logisticsautomationmadrid.com\/en\/wp-json\/wp\/v2\/comments?post=127601"}],"version-history":[{"count":1,"href":"https:\/\/www.logisticsautomationmadrid.com\/en\/wp-json\/wp\/v2\/posts\/127601\/revisions"}],"predecessor-version":[{"id":127602,"href":"https:\/\/www.logisticsautomationmadrid.com\/en\/wp-json\/wp\/v2\/posts\/127601\/revisions\/127602"}],"wp:attachment":[{"href":"https:\/\/www.logisticsautomationmadrid.com\/en\/wp-json\/wp\/v2\/media?parent=127601"}],"wp:term":[{"taxonomy":"category","embeddable":true,"href":"https:\/\/www.logisticsautomationmadrid.com\/en\/wp-json\/wp\/v2\/categories?post=127601"},{"taxonomy":"post_tag","embeddable":true,"href":"https:\/\/www.logisticsautomationmadrid.com\/en\/wp-json\/wp\/v2\/tags?post=127601"},{"taxonomy":"edition","embeddable":true,"href":"https:\/\/www.logisticsautomationmadrid.com\/en\/wp-json\/wp\/v2\/edition?post=127601"}],"curies":[{"name":"wp","href":"https:\/\/api.w.org\/{rel}","templated":true}]}}