{"id":127672,"date":"2023-12-07T10:21:26","date_gmt":"2023-12-07T09:21:26","guid":{"rendered":"https:\/\/www.logisticsautomationmadrid.com\/2023\/12\/07\/el-empleo-en-el-sector-logistico-crece-un-868-en-2023\/"},"modified":"2023-12-07T10:21:28","modified_gmt":"2023-12-07T09:21:28","slug":"el-empleo-en-el-sector-logistico-crece-un-868-en-2023","status":"publish","type":"post","link":"https:\/\/www.logisticsautomationmadrid.com\/en\/2023\/12\/07\/el-empleo-en-el-sector-logistico-crece-un-868-en-2023\/","title":{"rendered":"El empleo en el sector log\u00edstico crece un 8,68% en 2023"},"content":{"rendered":"\t\t<div data-elementor-type=\"wp-post\" data-elementor-id=\"127672\" class=\"elementor elementor-127672 elementor-127633\" data-elementor-post-type=\"post\">\n\t\t\t\t\t\t<section class=\"elementor-section elementor-top-section elementor-element elementor-element-71165a61 elementor-section-boxed elementor-section-height-default elementor-section-height-default\" data-id=\"71165a61\" data-element_type=\"section\">\n\t\t\t\t\t\t<div class=\"elementor-container elementor-column-gap-default\">\n\t\t\t\t\t<div class=\"elementor-column elementor-col-50 elementor-top-column elementor-element elementor-element-365ebd54\" data-id=\"365ebd54\" data-element_type=\"column\">\n\t\t\t<div class=\"elementor-widget-wrap elementor-element-populated\">\n\t\t\t\t\t\t<div class=\"elementor-element elementor-element-08b1280 elementor-invisible elementor-widget elementor-widget-heading\" data-id=\"08b1280\" data-element_type=\"widget\" data-settings=\"{&quot;_animation&quot;:&quot;fadeIn&quot;}\" data-widget_type=\"heading.default\">\n\t\t\t\t<div class=\"elementor-widget-container\">\n\t\t\t\t\t<h1 class=\"elementor-heading-title elementor-size-default\">El empleo en el sector log\u00edstico crece un 8,68% en 2023<\/h1>\t\t\t\t<\/div>\n\t\t\t\t<\/div>\n\t\t\t\t<div class=\"elementor-element elementor-element-5b19e36 elementor-widget elementor-widget-text-editor\" data-id=\"5b19e36\" data-element_type=\"widget\" data-settings=\"{&quot;_animation&quot;:&quot;none&quot;}\" data-widget_type=\"text-editor.default\">\n\t\t\t\t<div class=\"elementor-widget-container\">\n\t\t\t\t\t\t\t\t\t<p>En los \u00faltimos a\u00f1os y gracias a la aparici\u00f3n del e-commerce, el sector log\u00edstico ha experimentado un notable crecimiento. Proequity, consultora de operaciones inmolog\u00edsticas, destaca la continua expansi\u00f3n del empleo en el sector superando las cifras nacionales y consolid\u00e1ndose como un pilar fundamental en la generaci\u00f3n de oportunidades laborales.<\/p>\n<div id=\"\" class=\"portlet-boundary portlet-static-end content-viewer-portlet e_002_011 texto last full-access norestricted\">\n<div class=\"text TXT_gd\">\n<div class=\"paragraph\">\n<p class=\"p_1\">\u00a0El sector log\u00edstico y de transporte ha mejorado sus datos de ocupaci\u00f3n en el tercer trimestre de ejercicio y se espera que as\u00ed contin\u00fae durante la \u00faltima etapa del a\u00f1o. Seg\u00fan los datos recogidos en la \u00faltima Encuesta de Poblaci\u00f3n Activa elaborada por INE, el sector alcanza un total de 1.186.000 ocupados, lo que implica un incremento anual de un 8,68%, as\u00ed como un ascenso de un 1,93% trimestral.<\/p>\n<p class=\"p_2\">Este sector se ha consolidado como un motor esencial en la generaci\u00f3n de empleo a nivel nacional. Durante este a\u00f1o 2023 y de acuerdo con el informe publicado por Randstad research, se han registrado un total de 827 mil empleados en el sector superando los niveles pre-pandemia. Empleos que se distribuyen en tres ramas de actividad: Transporte de mercanc\u00edas (52%), Almacenamiento y actividades anexas al transporte (35%), y las Actividades postales y de correos (13%).<\/p>\n<p class=\"p_3\">El avance de las nuevas tecnolog\u00edas y el e-commerce ha generado tambi\u00e9n que se requieran perfiles m\u00e1s cualificados que puedan llevar a cabo con \u00e9xito las funciones requeridas en el \u00e1mbito log\u00edstico.<\/p>\n<\/div>\n<h2 class=\"lead cita\">El e-commerce incentiva la creaci\u00f3n de empleo en el sector log\u00edstico<\/h2>\n<div class=\"paragraph\">\n<p class=\"p_1\">Un aspecto fundamental que impulsa el crecimiento del empleo en el sector log\u00edstico es la creciente relevancia del comercio electr\u00f3nico que refuerza su crecimiento durante la temporada de Black Friday y Cyber Monday a la que tambi\u00e9n se ha unido como novedad de este 2023 el BlackShopping con ventas en vivo y entretenimiento. Proequity destaca que el e-commerce representa una piedra angular sobre la que se sustenta el crecimiento continuo de la log\u00edstica y su empleabilidad. Este fen\u00f3meno no solo consolida la importancia estrat\u00e9gica del sector, sino que tambi\u00e9n abre nuevas oportunidades laborales en diversas \u00e1reas.<\/p>\n<\/div>\n<h2 class=\"lead cita\">El empleo log\u00edstico se concentra en Madrid, Catalu\u00f1a y Andaluc\u00eda<\/h2>\n<div class=\"paragraph\">\n<p class=\"p_1\">En t\u00e9rminos geogr\u00e1ficos, m\u00e1s de la mitad del empleo en el sector log\u00edstico se concentra en las regiones de Madrid, Catalu\u00f1a y Andaluc\u00eda. El informe del sector log\u00edstico elaborado por Randstad research se\u00f1ala que Catalu\u00f1a destaca al concentrar el 16% del empleo en el segmento de Transporte de mercanc\u00edas, mientras que Madrid lidera con un 27% en la rama de Almacenamiento. Por su parte, Andaluc\u00eda destaca con un 17% en las Actividades postales y de correo.<\/p>\n<p class=\"p_2\">De cara al pr\u00f3ximo a\u00f1o 2024, los expertos de Proequity prev\u00e9n que esta actividad siga siendo un fuerte impulso para la empleabilidad en este nuevo a\u00f1o.<\/p>\n<div id=\"div-gpt-ad-4262179-8\" class=\"mb-20\">\u00a0<\/div>\n<p class=\"p_3\">\u201cLos datos recientes indican que el sector no solo ha resistido los desaf\u00edos econ\u00f3micos, sino que ha superado las expectativas. El sector log\u00edstico sigue avanzando y el comercio electr\u00f3nico ha supuesto un punto clave para el mantenimiento de su crecimiento. La temporada de Black Friday y Cyber Monday suponen un fuerte impulso cada a\u00f1o y esperamos que de cara al 2024, la actividad siga manteniendo su fortaleza\u201d argumenta David Mart\u00ednez, CEO de Proequity.<\/p>\n<\/div>\n<\/div>\n<\/div>\n\t\t\t\t\t\t\t\t<\/div>\n\t\t\t\t<\/div>\n\t\t\t\t<div class=\"elementor-element elementor-element-81ce265 elementor-widget elementor-widget-image\" data-id=\"81ce265\" data-element_type=\"widget\" data-widget_type=\"image.default\">\n\t\t\t\t<div class=\"elementor-widget-container\">\n\t\t\t\t\t\t\t\t\t\t\t\t\t\t\t<img fetchpriority=\"high\" decoding=\"async\" width=\"768\" height=\"429\" src=\"https:\/\/easyfairsassets.com\/sites\/84\/2023\/12\/empleo-sector-logistico-1_201-3140826_20231201091930-768x429.jpg\" class=\"attachment-medium_large size-medium_large wp-image-127641\" alt=\"Crecimiento sector logistico\" srcset=\"https:\/\/easyfairsassets.com\/sites\/84\/2023\/12\/empleo-sector-logistico-1_201-3140826_20231201091930-768x429.jpg 768w, https:\/\/easyfairsassets.com\/sites\/84\/2023\/12\/empleo-sector-logistico-1_201-3140826_20231201091930-300x168.jpg 300w, https:\/\/easyfairsassets.com\/sites\/84\/2023\/12\/empleo-sector-logistico-1_201-3140826_20231201091930.jpg 1000w\" sizes=\"(max-width: 768px) 100vw, 768px\" \/>\t\t\t\t\t\t\t\t\t\t\t\t\t\t\t<\/div>\n\t\t\t\t<\/div>\n\t\t\t\t<div class=\"elementor-element elementor-element-402a187 elementor-widget elementor-widget-button\" data-id=\"402a187\" data-element_type=\"widget\" data-widget_type=\"button.default\">\n\t\t\t\t<div class=\"elementor-widget-container\">\n\t\t\t\t\t\t\t\t\t<div class=\"elementor-button-wrapper\">\n\t\t\t\t\t<a class=\"elementor-button elementor-button-link elementor-size-sm\" href=\"https:\/\/www.diariodelpuerto.com\/logistica\/el-empleo-en-el-sector-logistico-crece-un-868-en-2023-HJ17780869\" target=\"_blank\" rel=\"nofollow\">\n\t\t\t\t\t\t<span class=\"elementor-button-content-wrapper\">\n\t\t\t\t\t\t\t\t\t<span class=\"elementor-button-text\">Leer la noticia completa<\/span>\n\t\t\t\t\t<\/span>\n\t\t\t\t\t<\/a>\n\t\t\t\t<\/div>\n\t\t\t\t\t\t\t\t<\/div>\n\t\t\t\t<\/div>\n\t\t\t\t\t<\/div>\n\t\t<\/div>\n\t\t\t\t<div class=\"elementor-column elementor-col-50 elementor-top-column elementor-element elementor-element-28f5464\" data-id=\"28f5464\" data-element_type=\"column\">\n\t\t\t<div class=\"elementor-widget-wrap elementor-element-populated\">\n\t\t\t\t\t\t<div class=\"elementor-element elementor-element-0f0cca7 elementor-widget elementor-widget-global elementor-global-80917 elementor-widget-shortcode\" data-id=\"0f0cca7\" data-element_type=\"widget\" data-widget_type=\"shortcode.default\">\n\t\t\t\t<div class=\"elementor-widget-container\">\n\t\t\t\t\t\t\t<div class=\"elementor-shortcode\"><\/div>\n\t\t\t\t\t\t<\/div>\n\t\t\t\t<\/div>\n\t\t\t\t<div class=\"elementor-element elementor-element-f25eaae elementor-invisible elementor-widget elementor-widget-heading\" data-id=\"f25eaae\" data-element_type=\"widget\" data-settings=\"{&quot;_animation&quot;:&quot;fadeIn&quot;}\" data-widget_type=\"heading.default\">\n\t\t\t\t<div class=\"elementor-widget-container\">\n\t\t\t\t\t<p class=\"elementor-heading-title elementor-size-default\">Subscribe our newsletter<\/p>\t\t\t\t<\/div>\n\t\t\t\t<\/div>\n\t\t\t\t<div class=\"elementor-element elementor-element-03dae12 elementor-widget__width-inherit elementor-hidden-phone elementor-button-align-stretch elementor-widget elementor-widget-form\" data-id=\"03dae12\" data-element_type=\"widget\" data-settings=\"{&quot;button_width&quot;:&quot;25&quot;,&quot;step_next_label&quot;:&quot;Next&quot;,&quot;step_previous_label&quot;:&quot;Previous&quot;,&quot;step_type&quot;:&quot;number_text&quot;,&quot;step_icon_shape&quot;:&quot;circle&quot;}\" data-widget_type=\"form.default\">\n\t\t\t\t<div class=\"elementor-widget-container\">\n\t\t\t\t\t\t\t<form class=\"elementor-form\" method=\"post\" name=\"Newsletter\" aria-label=\"Newsletter\">\n\t\t\t<input type=\"hidden\" name=\"post_id\" value=\"127672\"\/>\n\t\t\t<input type=\"hidden\" name=\"form_id\" value=\"03dae12\"\/>\n\t\t\t<input type=\"hidden\" name=\"referer_title\" value=\"\" \/>\n\n\t\t\t\n\t\t\t<div class=\"elementor-form-fields-wrapper elementor-labels-\">\n\t\t\t\t\t\t\t\t<div class=\"elementor-field-type-text elementor-field-group elementor-column elementor-field-group-FirstName elementor-col-100\">\n\t\t\t\t\t\t\t\t\t\t\t\t<label for=\"form-field-FirstName\" class=\"elementor-field-label elementor-screen-only\">\n\t\t\t\t\t\t\t\tFirst Name\t\t\t\t\t\t\t<\/label>\n\t\t\t\t\t\t\t\t\t\t\t\t\t\t<input size=\"1\" type=\"text\" name=\"form_fields[FirstName]\" id=\"form-field-FirstName\" class=\"elementor-field elementor-size-sm  elementor-field-textual\" placeholder=\"First Name\">\n\t\t\t\t\t\t\t\t\t\t\t<\/div>\n\t\t\t\t\t\t\t\t<div class=\"elementor-field-type-text elementor-field-group elementor-column elementor-field-group-LastName elementor-col-100\">\n\t\t\t\t\t\t\t\t\t\t\t\t<label for=\"form-field-LastName\" class=\"elementor-field-label elementor-screen-only\">\n\t\t\t\t\t\t\t\tSurname\t\t\t\t\t\t\t<\/label>\n\t\t\t\t\t\t\t\t\t\t\t\t\t\t<input size=\"1\" type=\"text\" name=\"form_fields[LastName]\" id=\"form-field-LastName\" class=\"elementor-field elementor-size-sm  elementor-field-textual\" placeholder=\"Surname\">\n\t\t\t\t\t\t\t\t\t\t\t<\/div>\n\t\t\t\t\t\t\t\t<div class=\"elementor-field-type-email elementor-field-group elementor-column elementor-field-group-Email elementor-col-100 elementor-field-required\">\n\t\t\t\t\t\t\t\t\t\t\t\t<label for=\"form-field-Email\" class=\"elementor-field-label elementor-screen-only\">\n\t\t\t\t\t\t\t\tEmail\t\t\t\t\t\t\t<\/label>\n\t\t\t\t\t\t\t\t\t\t\t\t\t\t<input size=\"1\" type=\"email\" name=\"form_fields[Email]\" id=\"form-field-Email\" class=\"elementor-field elementor-size-sm  elementor-field-textual\" placeholder=\"Email\" required=\"required\">\n\t\t\t\t\t\t\t\t\t\t\t<\/div>\n\t\t\t\t\t\t\t\t<div class=\"elementor-field-type-recaptcha_v3 elementor-field-group elementor-column elementor-field-group-field_688d276 elementor-col-100 recaptcha_v3-inline\">\n\t\t\t\t\t<div class=\"elementor-field\" id=\"form-field-field_688d276\"><div class=\"elementor-g-recaptcha\" data-sitekey=\"6LcL8JEeAAAAAHGKxhMF822nWuJyvUyd4lk7Rb4s\" data-type=\"v3\" data-action=\"Form\" data-badge=\"inline\" data-size=\"invisible\"><\/div><\/div>\t\t\t\t<\/div>\n\t\t\t\t\t\t\t\t<div class=\"elementor-field-group elementor-column elementor-field-type-submit elementor-col-25 e-form__buttons\">\n\t\t\t\t\t<button class=\"elementor-button elementor-size-md\" type=\"submit\">\n\t\t\t\t\t\t<span class=\"elementor-button-content-wrapper\">\n\t\t\t\t\t\t\t\t\t\t\t\t\t\t\t\t\t\t\t\t\t\t<span class=\"elementor-button-text\">Send<\/span>\n\t\t\t\t\t\t\t\t\t\t\t\t\t<\/span>\n\t\t\t\t\t<\/button>\n\t\t\t\t<\/div>\n\t\t\t<\/div>\n\t\t<\/form>\n\t\t\t\t\t\t<\/div>\n\t\t\t\t<\/div>\n\t\t\t\t<div class=\"elementor-element elementor-element-ddb89d9 elementor-grid-1 elementor-posts--thumbnail-none elementor-grid-tablet-1 elementor-grid-mobile-1 elementor-widget elementor-widget-posts\" data-id=\"ddb89d9\" data-element_type=\"widget\" data-settings=\"{&quot;classic_columns&quot;:&quot;1&quot;,&quot;classic_row_gap&quot;:{&quot;unit&quot;:&quot;px&quot;,&quot;size&quot;:&quot;23&quot;,&quot;sizes&quot;:[]},&quot;classic_columns_tablet&quot;:&quot;1&quot;,&quot;_animation&quot;:&quot;none&quot;,&quot;classic_columns_mobile&quot;:&quot;1&quot;,&quot;classic_row_gap_tablet&quot;:{&quot;unit&quot;:&quot;px&quot;,&quot;size&quot;:&quot;&quot;,&quot;sizes&quot;:[]},&quot;classic_row_gap_mobile&quot;:{&quot;unit&quot;:&quot;px&quot;,&quot;size&quot;:&quot;&quot;,&quot;sizes&quot;:[]}}\" data-widget_type=\"posts.classic\">\n\t\t\t\t<div class=\"elementor-widget-container\">\n\t\t\t\t\t\t\t<div class=\"elementor-posts-container elementor-posts elementor-posts--skin-classic elementor-grid\" role=\"list\">\n\t\t\t\t<article class=\"elementor-post elementor-grid-item post-210277 post type-post status-publish format-standard has-post-thumbnail hentry category-logtalent-en category-uncategorized tag-16-de-febrero-en tag-16-febrero-en tag-dia-logistica-en tag-dia-mundial-de-la-logistica-en tag-dia-mundial-logistica-en tag-espana-en tag-ferias-en tag-internacionalizacion-en tag-logistica-en tag-logistics-automation-en tag-punto-de-encuentro-en tag-referentes-en\" role=\"listitem\">\n\t\t\t\t<div class=\"elementor-post__text\">\n\t\t\t\t<h3 class=\"elementor-post__title\">\n\t\t\t<a href=\"https:\/\/www.logisticsautomationmadrid.com\/en\/2026\/04\/09\/hybrid-systems-automation-and-robotics-in-intralogistics\/\" >\n\t\t\t\tHybrid systems: automation and robotics in intralogistics\t\t\t<\/a>\n\t\t<\/h3>\n\t\t\t\t<div class=\"elementor-post__excerpt\">\n\t\t\t<p>The hybrid systems revolution in intralogisticsIntralogistics is undergoing a profound transformation thanks to hybrid systems that integrate traditional automation, robotics and artificial intelligence. These models<\/p>\n\t\t<\/div>\n\t\t\n\t\t<a class=\"elementor-post__read-more\" href=\"https:\/\/www.logisticsautomationmadrid.com\/en\/2026\/04\/09\/hybrid-systems-automation-and-robotics-in-intralogistics\/\" aria-label=\"Read more about Hybrid systems: automation and robotics in intralogistics\" tabindex=\"-1\" >\n\t\t\tRead More \u00bb\t\t<\/a>\n\n\t\t\t\t<\/div>\n\t\t\t\t<\/article>\n\t\t\t\t<article class=\"elementor-post elementor-grid-item post-210253 post type-post status-publish format-standard has-post-thumbnail hentry category-uncategorized tag-cafe-con-en tag-eduardo-cornago-en tag-entrevista-en tag-experiencia-en tag-gin-en tag-puerto-de-indias-en\" role=\"listitem\">\n\t\t\t\t<div class=\"elementor-post__text\">\n\t\t\t\t<h3 class=\"elementor-post__title\">\n\t\t\t<a href=\"https:\/\/www.logisticsautomationmadrid.com\/en\/2026\/04\/08\/a-coffee-with-sofia-de-castro-fernandes-author-founder-and-ceo-of-as-nove-and-keynote-speaker-at-empack-logistics-automation-porto-2026\/\" >\n\t\t\t\tA Coffee with Sofia de Castro Fernandes, Author, Founder and CEO of \u00c0s Nove and Keynote Speaker at Empack &#038; Logistics &#038; Automation Porto 2026\t\t\t<\/a>\n\t\t<\/h3>\n\t\t\t\t<div class=\"elementor-post__excerpt\">\n\t\t\t<p>L&amp;A: To begin with, could you tell us a little about yourself and your career? Sofia: I am deeply curious about people and what drives<\/p>\n\t\t<\/div>\n\t\t\n\t\t<a class=\"elementor-post__read-more\" href=\"https:\/\/www.logisticsautomationmadrid.com\/en\/2026\/04\/08\/a-coffee-with-sofia-de-castro-fernandes-author-founder-and-ceo-of-as-nove-and-keynote-speaker-at-empack-logistics-automation-porto-2026\/\" aria-label=\"Read more about A Coffee with Sofia de Castro Fernandes, Author, Founder and CEO of \u00c0s Nove and Keynote Speaker at Empack &#038; Logistics &#038; Automation Porto 2026\" tabindex=\"-1\" >\n\t\t\tRead More \u00bb\t\t<\/a>\n\n\t\t\t\t<\/div>\n\t\t\t\t<\/article>\n\t\t\t\t<article class=\"elementor-post elementor-grid-item post-209923 post type-post status-publish format-standard has-post-thumbnail hentry category-uncategorized tag-espana-en tag-femenino-en tag-ferias-en tag-internacionalizacion-en tag-logistica-en tag-logistics-automation-en tag-melyt-en tag-mujer-en tag-punto-de-encuentro-en tag-referentes-en tag-talento-en tag-transporte-en\" role=\"listitem\">\n\t\t\t\t<div class=\"elementor-post__text\">\n\t\t\t\t<h3 class=\"elementor-post__title\">\n\t\t\t<a href=\"https:\/\/www.logisticsautomationmadrid.com\/en\/2026\/03\/06\/melyt-and-confebus-join-forces-to-promote-female-talent-in-bus-transport\/\" >\n\t\t\t\tMELYT and CONFEBUS join forces to promote female talent in bus transport\t\t\t<\/a>\n\t\t<\/h3>\n\t\t\t\t<div class=\"elementor-post__excerpt\">\n\t\t\t<p>\u00b7 Coinciding with the celebration of 8 March, International Women&#8217;s Day. \u00b7 CONFEBUS is committed to bringing more women into the sector and addressing the<\/p>\n\t\t<\/div>\n\t\t\n\t\t<a class=\"elementor-post__read-more\" href=\"https:\/\/www.logisticsautomationmadrid.com\/en\/2026\/03\/06\/melyt-and-confebus-join-forces-to-promote-female-talent-in-bus-transport\/\" aria-label=\"Read more about MELYT and CONFEBUS join forces to promote female talent in bus transport\" tabindex=\"-1\" >\n\t\t\tRead More \u00bb\t\t<\/a>\n\n\t\t\t\t<\/div>\n\t\t\t\t<\/article>\n\t\t\t\t<article class=\"elementor-post elementor-grid-item post-209866 post type-post status-publish format-standard has-post-thumbnail hentry category-ai-traceability-security category-blog-en category-logistics-intralogistics-warehousing category-robotics-automation category-sustainability-greenlogistics tag-2026-en tag-cadena-de-suministro-en tag-cambio-en tag-clave-en tag-espana-en tag-experto-en tag-ferias-en tag-industria-en tag-logistica-en tag-logistics-automation-en tag-miebach-en tag-miebach-consulting-en tag-punto-de-encuentro-en tag-referentes-en\" role=\"listitem\">\n\t\t\t\t<div class=\"elementor-post__text\">\n\t\t\t\t<h3 class=\"elementor-post__title\">\n\t\t\t<a href=\"https:\/\/www.logisticsautomationmadrid.com\/en\/2026\/03\/05\/beyond-the-noise-of-trade-fairs-managing-change\/\" >\n\t\t\t\tThe importance of change management in technological transformations\t\t\t<\/a>\n\t\t<\/h3>\n\t\t\t\t<div class=\"elementor-post__excerpt\">\n\t\t\t<p>When walking through the halls of an event as vibrant as Logistics &amp; Automation, it is easy to be seduced by the industry&#8217;s ever-increasing brilliance.<\/p>\n\t\t<\/div>\n\t\t\n\t\t<a class=\"elementor-post__read-more\" href=\"https:\/\/www.logisticsautomationmadrid.com\/en\/2026\/03\/05\/beyond-the-noise-of-trade-fairs-managing-change\/\" aria-label=\"Read more about The importance of change management in technological transformations\" tabindex=\"-1\" >\n\t\t\tRead More \u00bb\t\t<\/a>\n\n\t\t\t\t<\/div>\n\t\t\t\t<\/article>\n\t\t\t\t<\/div>\n\t\t\n\t\t\t\t\t\t<\/div>\n\t\t\t\t<\/div>\n\t\t\t\t<div class=\"elementor-element elementor-element-142798d6 elementor-widget-divider--view-line elementor-widget elementor-widget-divider\" data-id=\"142798d6\" data-element_type=\"widget\" data-widget_type=\"divider.default\">\n\t\t\t\t<div class=\"elementor-widget-container\">\n\t\t\t\t\t\t\t<div class=\"elementor-divider\">\n\t\t\t<span class=\"elementor-divider-separator\">\n\t\t\t\t\t\t<\/span>\n\t\t<\/div>\n\t\t\t\t\t\t<\/div>\n\t\t\t\t<\/div>\n\t\t\t\t\t<\/div>\n\t\t<\/div>\n\t\t\t\t\t<\/div>\n\t\t<\/section>\n\t\t\t\t<section class=\"elementor-section elementor-top-section elementor-element elementor-element-49136ec elementor-section-full_width elementor-section-height-default elementor-section-height-default\" data-id=\"49136ec\" data-element_type=\"section\">\n\t\t\t\t\t\t<div class=\"elementor-container elementor-column-gap-default\">\n\t\t\t\t\t<div class=\"elementor-column elementor-col-100 elementor-top-column elementor-element elementor-element-4a08fcbd\" data-id=\"4a08fcbd\" data-element_type=\"column\">\n\t\t\t<div class=\"elementor-widget-wrap elementor-element-populated\">\n\t\t\t\t\t\t<div class=\"elementor-element elementor-element-6c1ef897 elementor-widget-divider--view-line elementor-widget elementor-widget-divider\" data-id=\"6c1ef897\" data-element_type=\"widget\" data-widget_type=\"divider.default\">\n\t\t\t\t<div class=\"elementor-widget-container\">\n\t\t\t\t\t\t\t<div class=\"elementor-divider\">\n\t\t\t<span class=\"elementor-divider-separator\">\n\t\t\t\t\t\t<\/span>\n\t\t<\/div>\n\t\t\t\t\t\t<\/div>\n\t\t\t\t<\/div>\n\t\t\t\t<div class=\"elementor-element elementor-element-67dafb1c elementor-widget elementor-widget-text-editor\" data-id=\"67dafb1c\" data-element_type=\"widget\" data-widget_type=\"text-editor.default\">\n\t\t\t\t<div class=\"elementor-widget-container\">\n\t\t\t\t\t\t\t\t\t<p><span style=\"vertical-align: inherit\"><span style=\"vertical-align: inherit\"><span style=\"vertical-align: inherit\"><span style=\"vertical-align: inherit\"><span style=\"vertical-align: inherit\"><span style=\"vertical-align: inherit\">Share this article<\/span><\/span><\/span><\/span><\/span><\/span><\/p>\n\t\t\t\t\t\t\t\t<\/div>\n\t\t\t\t<\/div>\n\t\t\t\t<div class=\"elementor-element elementor-element-cd3e401 elementor-share-buttons--view-icon elementor-share-buttons--skin-flat elementor-share-buttons--shape-circle elementor-share-buttons--color-custom elementor-grid-0 elementor-widget elementor-widget-global elementor-global-111270 elementor-widget-share-buttons\" data-id=\"cd3e401\" data-element_type=\"widget\" data-widget_type=\"share-buttons.default\">\n\t\t\t\t<div class=\"elementor-widget-container\">\n\t\t\t\t\t\t\t<div class=\"elementor-grid\" role=\"list\">\n\t\t\t\t\t\t\t\t<div class=\"elementor-grid-item\" role=\"listitem\">\n\t\t\t\t\t\t<div class=\"elementor-share-btn elementor-share-btn_facebook\" role=\"button\" tabindex=\"0\" aria-label=\"Share on facebook\">\n\t\t\t\t\t\t\t\t\t\t\t\t\t\t\t<span class=\"elementor-share-btn__icon\">\n\t\t\t\t\t\t\t\t<i class=\"fab fa-facebook\" aria-hidden=\"true\"><\/i>\t\t\t\t\t\t\t<\/span>\n\t\t\t\t\t\t\t\t\t\t\t\t\t\t\t\t\t\t\t\t<\/div>\n\t\t\t\t\t<\/div>\n\t\t\t\t\t\t\t\t\t<div class=\"elementor-grid-item\" role=\"listitem\">\n\t\t\t\t\t\t<div class=\"elementor-share-btn elementor-share-btn_twitter\" role=\"button\" tabindex=\"0\" aria-label=\"Share on twitter\">\n\t\t\t\t\t\t\t\t\t\t\t\t\t\t\t<span class=\"elementor-share-btn__icon\">\n\t\t\t\t\t\t\t\t<i class=\"fab fa-twitter\" aria-hidden=\"true\"><\/i>\t\t\t\t\t\t\t<\/span>\n\t\t\t\t\t\t\t\t\t\t\t\t\t\t\t\t\t\t\t\t<\/div>\n\t\t\t\t\t<\/div>\n\t\t\t\t\t\t\t\t\t<div class=\"elementor-grid-item\" role=\"listitem\">\n\t\t\t\t\t\t<div class=\"elementor-share-btn elementor-share-btn_linkedin\" role=\"button\" tabindex=\"0\" aria-label=\"Share on linkedin\">\n\t\t\t\t\t\t\t\t\t\t\t\t\t\t\t<span class=\"elementor-share-btn__icon\">\n\t\t\t\t\t\t\t\t<i class=\"fab fa-linkedin\" aria-hidden=\"true\"><\/i>\t\t\t\t\t\t\t<\/span>\n\t\t\t\t\t\t\t\t\t\t\t\t\t\t\t\t\t\t\t\t<\/div>\n\t\t\t\t\t<\/div>\n\t\t\t\t\t\t<\/div>\n\t\t\t\t\t\t<\/div>\n\t\t\t\t<\/div>\n\t\t\t\t\t<\/div>\n\t\t<\/div>\n\t\t\t\t\t<\/div>\n\t\t<\/section>\n\t\t\t\t<\/div>\n\t\t","protected":false},"excerpt":{"rendered":"<p>En los \u00faltimos a\u00f1os y gracias a la aparici\u00f3n del e-commerce, el sector log\u00edstico ha experimentado un notable crecimiento. Proequity, consultora de operaciones inmolog\u00edsticas, destaca la continua expansi\u00f3n del empleo en el sector superando las cifras nacionales y consolid\u00e1ndose como un pilar fundamental en la generaci\u00f3n de oportunidades laborales. \u00a0El sector log\u00edstico y de transporte [&hellip;]<\/p>\n","protected":false},"author":927,"featured_media":127637,"comment_status":"closed","ping_status":"open","sticky":false,"template":"","format":"standard","meta":{"_seopress_robots_primary_cat":"none","_seopress_titles_title":"El empleo en el sector log\u00edstico crece un 8,68% en 2023","_seopress_titles_desc":"El empleo en el sector log\u00edstico crece un 8,68% en 2023","_seopress_robots_index":"","footnotes":""},"categories":[251],"tags":[2142,1610,2337,565,824,2336],"edition":[],"class_list":["post-127672","post","type-post","status-publish","format-standard","has-post-thumbnail","hentry","category-uncategorized","tag-2023-en","tag-crecimiento-en","tag-empleo-en","tag-logistica-en","tag-sector-logistico-en","tag-talento-en"],"_links":{"self":[{"href":"https:\/\/www.logisticsautomationmadrid.com\/en\/wp-json\/wp\/v2\/posts\/127672","targetHints":{"allow":["GET"]}}],"collection":[{"href":"https:\/\/www.logisticsautomationmadrid.com\/en\/wp-json\/wp\/v2\/posts"}],"about":[{"href":"https:\/\/www.logisticsautomationmadrid.com\/en\/wp-json\/wp\/v2\/types\/post"}],"author":[{"embeddable":true,"href":"https:\/\/www.logisticsautomationmadrid.com\/en\/wp-json\/wp\/v2\/users\/927"}],"replies":[{"embeddable":true,"href":"https:\/\/www.logisticsautomationmadrid.com\/en\/wp-json\/wp\/v2\/comments?post=127672"}],"version-history":[{"count":1,"href":"https:\/\/www.logisticsautomationmadrid.com\/en\/wp-json\/wp\/v2\/posts\/127672\/revisions"}],"predecessor-version":[{"id":127673,"href":"https:\/\/www.logisticsautomationmadrid.com\/en\/wp-json\/wp\/v2\/posts\/127672\/revisions\/127673"}],"wp:featuredmedia":[{"embeddable":true,"href":"https:\/\/www.logisticsautomationmadrid.com\/en\/wp-json\/wp\/v2\/media\/127637"}],"wp:attachment":[{"href":"https:\/\/www.logisticsautomationmadrid.com\/en\/wp-json\/wp\/v2\/media?parent=127672"}],"wp:term":[{"taxonomy":"category","embeddable":true,"href":"https:\/\/www.logisticsautomationmadrid.com\/en\/wp-json\/wp\/v2\/categories?post=127672"},{"taxonomy":"post_tag","embeddable":true,"href":"https:\/\/www.logisticsautomationmadrid.com\/en\/wp-json\/wp\/v2\/tags?post=127672"},{"taxonomy":"edition","embeddable":true,"href":"https:\/\/www.logisticsautomationmadrid.com\/en\/wp-json\/wp\/v2\/edition?post=127672"}],"curies":[{"name":"wp","href":"https:\/\/api.w.org\/{rel}","templated":true}]}}