{"id":16325,"date":"2021-05-06T10:00:03","date_gmt":"2021-05-06T08:00:03","guid":{"rendered":"https:\/\/www.logisticsautomationmadrid.com\/?p=16325"},"modified":"2021-05-06T10:00:04","modified_gmt":"2021-05-06T08:00:04","slug":"ar-racking-y-begra-configuran-el-nuevo-centro-logistico","status":"publish","type":"post","link":"https:\/\/www.logisticsautomationmadrid.com\/en\/2021\/05\/06\/ar-racking-y-begra-configuran-el-nuevo-centro-logistico\/","title":{"rendered":"AR Racking y Begra configuran el nuevo centro log\u00edstico"},"content":{"rendered":"\t\t<div data-elementor-type=\"wp-post\" data-elementor-id=\"16325\" class=\"elementor elementor-16325 elementor-16324\" data-elementor-post-type=\"post\">\n\t\t\t\t\t\t<section class=\"elementor-section elementor-top-section elementor-element elementor-element-71165a61 elementor-section-boxed elementor-section-height-default elementor-section-height-default\" data-id=\"71165a61\" data-element_type=\"section\">\n\t\t\t\t\t\t<div class=\"elementor-container elementor-column-gap-default\">\n\t\t\t\t\t<div class=\"elementor-column elementor-col-50 elementor-top-column elementor-element elementor-element-365ebd54\" data-id=\"365ebd54\" data-element_type=\"column\">\n\t\t\t<div class=\"elementor-widget-wrap elementor-element-populated\">\n\t\t\t\t\t\t<div class=\"elementor-element elementor-element-08b1280 elementor-invisible elementor-widget elementor-widget-heading\" data-id=\"08b1280\" data-element_type=\"widget\" data-settings=\"{&quot;_animation&quot;:&quot;fadeIn&quot;}\" data-widget_type=\"heading.default\">\n\t\t\t\t<div class=\"elementor-widget-container\">\n\t\t\t\t\t<h1 class=\"elementor-heading-title elementor-size-default\">AR Racking y Begra configuran el nuevo centro log\u00edstico<\/h1>\t\t\t\t<\/div>\n\t\t\t\t<\/div>\n\t\t\t\t<section class=\"elementor-section elementor-inner-section elementor-element elementor-element-abf1228 elementor-section-boxed elementor-section-height-default elementor-section-height-default\" data-id=\"abf1228\" data-element_type=\"section\">\n\t\t\t\t\t\t<div class=\"elementor-container elementor-column-gap-default\">\n\t\t\t\t\t<div class=\"elementor-column elementor-col-100 elementor-inner-column elementor-element elementor-element-cb910aa\" data-id=\"cb910aa\" data-element_type=\"column\">\n\t\t\t<div class=\"elementor-widget-wrap elementor-element-populated\">\n\t\t\t\t\t\t<div class=\"elementor-element elementor-element-d797bcd elementor-widget elementor-widget-text-editor\" data-id=\"d797bcd\" data-element_type=\"widget\" data-settings=\"{&quot;_animation&quot;:&quot;none&quot;}\" data-widget_type=\"text-editor.default\">\n\t\t\t\t<div class=\"elementor-widget-container\">\n\t\t\t\t\t\t\t\t\t<div class=\"col-xs-12 col-lg-offset-2 col-lg-8\">\n<div class=\"intro__box\">\n<section id=\"e4668\" class=\"b-column-content -pad-top-default -pad-bottom-default section-block\">\n<div class=\"custom__wrapper\">\n<div class=\"column-content__wrapper animate-in-bottom js-visible\" data-sr-id=\"0\">\n<div data-gy=\"g\">\n<div class=\"typ\" data-gy=\"cm-8\">\n<ul>\n<li><strong>Con \u00e9ste, ya son 3 los centros EFC en Holanda con los que cuenta Jumbo, una cadena de supermercados l\u00edder en los Pa\u00edses bajos y B\u00e9lgica.<\/strong><\/li>\n<li><strong>El centro log\u00edstico abarca una superficie de 50.000 m<sup>2<\/sup> y cuenta con zonas a diferentes temperaturas.<\/strong><\/li>\n<li><strong>AR Racking y su distribuidor estrat\u00e9gico Begra han instalado diversas soluciones de almacenaje.<\/strong><\/li>\n<li>Video del proyecto: <a href=\"https:\/\/www.youtube.com\/watch?v=11sHl45qOvI\" target=\"_blank\" rel=\"noopener\">https:\/\/www.youtube.com\/watch?v=11sHl45qOvI<\/a><\/li>\n<\/ul>\n<\/div>\n<\/div>\n<\/div>\n<\/div>\n<\/section>\n<\/div>\n<\/div>\n\t\t\t\t\t\t\t\t<\/div>\n\t\t\t\t<\/div>\n\t\t\t\t\t<\/div>\n\t\t<\/div>\n\t\t\t\t\t<\/div>\n\t\t<\/section>\n\t\t\t\t<div class=\"elementor-element elementor-element-74bbbca elementor-widget elementor-widget-image\" data-id=\"74bbbca\" data-element_type=\"widget\" data-widget_type=\"image.default\">\n\t\t\t\t<div class=\"elementor-widget-container\">\n\t\t\t\t\t\t\t\t\t\t\t\t\t\t\t<img fetchpriority=\"high\" decoding=\"async\" width=\"800\" height=\"600\" src=\"https:\/\/easyfairsassets.com\/sites\/84\/2021\/05\/AR-Racking-and-Begra-Jumbo-Supermarkten-2-1024x768.jpg\" class=\"attachment-large size-large wp-image-16336\" alt=\"\" srcset=\"https:\/\/easyfairsassets.com\/sites\/84\/2021\/05\/AR-Racking-and-Begra-Jumbo-Supermarkten-2-1024x768.jpg 1024w, https:\/\/easyfairsassets.com\/sites\/84\/2021\/05\/AR-Racking-and-Begra-Jumbo-Supermarkten-2-300x225.jpg 300w, https:\/\/easyfairsassets.com\/sites\/84\/2021\/05\/AR-Racking-and-Begra-Jumbo-Supermarkten-2-768x576.jpg 768w, https:\/\/easyfairsassets.com\/sites\/84\/2021\/05\/AR-Racking-and-Begra-Jumbo-Supermarkten-2-1536x1152.jpg 1536w, https:\/\/easyfairsassets.com\/sites\/84\/2021\/05\/AR-Racking-and-Begra-Jumbo-Supermarkten-2.jpg 1600w\" sizes=\"(max-width: 800px) 100vw, 800px\" \/>\t\t\t\t\t\t\t\t\t\t\t\t\t\t\t<\/div>\n\t\t\t\t<\/div>\n\t\t\t\t<div class=\"elementor-element elementor-element-dc6181a elementor-widget elementor-widget-text-editor\" data-id=\"dc6181a\" data-element_type=\"widget\" data-settings=\"{&quot;_animation&quot;:&quot;none&quot;}\" data-widget_type=\"text-editor.default\">\n\t\t\t\t<div class=\"elementor-widget-container\">\n\t\t\t\t\t\t\t\t\t<div class=\"col-xs-12 col-lg-offset-2 col-lg-8\">\n<div class=\"intro__box\">\n<section id=\"e4668\" class=\"b-column-content -pad-top-default -pad-bottom-default section-block\">\n<div class=\"custom__wrapper\">\n<div class=\"column-content__wrapper animate-in-bottom js-visible\" data-sr-id=\"0\">\n<div data-gy=\"g\">\n<div class=\"typ\" data-gy=\"cm-8\">\n<p>El proveedor de sistemas de almacenaje Begra y AR Racking, especialista en soluciones integrales de intralog\u00edstica, han llevado a cabo el dise\u00f1o y la instalaci\u00f3n del nuevo centro log\u00edstico destinado a e-commerce de la cadena de supermercados Jumbo en Bleiswijk (Sur de Holanda).<\/p>\n<p><a href=\"https:\/\/www.jumbo.com\/\" target=\"_blank\" rel=\"noopener\">Jumbo<\/a>, con una trayectoria de 100 a\u00f1os dedicada al sector de la alimentaci\u00f3n, ha confiado en la experiencia de <a href=\"https:\/\/www.begra.eu\/\" target=\"_blank\" rel=\"noopener\">Begra<\/a> y <a href=\"https:\/\/www.ar-racking.com\/es\/inicio\" target=\"_blank\" rel=\"noopener\">AR Racking<\/a> para la optimizaci\u00f3n del espacio de este centro de log\u00edstico de 50.000 m<sup>2, <\/sup>que ser\u00e1 el tercer centro log\u00edstico para e-commerce de Jumbo en los Pa\u00edses Bajos tras los que ya tiene en Den Bosch y Raalte. El EFC de Bleiswijk servir\u00e1 como un centro log\u00edstico para agilizar el proceso de compra online los clientes y dar respuesta a la creciente demanda. El centro est\u00e1 ubicado en una parcela con una superficie total de 103.000 m<sup>2<\/sup>, que adem\u00e1s del almac\u00e9n, cuenta con 100 muelles para la entrada y salida de la mercanc\u00eda y 700 plazas de aparcamiento.<\/p>\n<p>El centro se ha equipado con una combinaci\u00f3n de varios sistemas de almacenaje: <a href=\"https:\/\/www.ar-racking.com\/es\/sistemas-almacenaje\/estanterias-industriales\/paletizacion\/convencional\" target=\"_blank\" rel=\"noopener\">estanter\u00edas convencionales para pallets<\/a> y <a href=\"https:\/\/www.ar-racking.com\/es\/sistemas-almacenaje\/estanterias-industriales\/paletizacion\/compactas-drive-in\" target=\"_blank\" rel=\"noopener\">estanter\u00edas compactas drive in<\/a> (fabricadas por AR Racking), con capacidad de almacenaje para <strong>15.382 pallets<\/strong> y <strong>1.296 pallets<\/strong> respectivamente; as\u00ed como estanter\u00edas Heavy Duty de la marca de su distribuidor estrat\u00e9gico Begra. El centro cuenta con diferentes zonas de temperatura, adaptadas al tipo de producto que se va a almacenar en cada \u00e1rea: frescos, comestibles y congelados. En la zona de producto congelado se alcanza una temperatura de hasta -25\u00baC, a cuyas condiciones ambientales se adaptan perfectamente los racks instalados.<\/p>\n<p>La instalaci\u00f3n de los sistemas de almacenaje se ha llevado a cabo mediante el trabajo en colaboraci\u00f3n y coordinaci\u00f3n entre AR Racking y Begra, que han completado este proyecto para Jumbo con \u00e9xito haciendo frente a un gran desaf\u00edo de planificaci\u00f3n. El proyecto ha exigido plazos cortos de desarrollo, sin obviar la flexibilidad y la adaptabilidad respecto al propio proceso de gesti\u00f3n y las necesidades del cliente. Mark de Bie, Director de Operaciones de Jumbo, as\u00ed lo resume: \u201cEn muy poco tiempo, Begra y AR Racking han hecho frente a la realizaci\u00f3n de un proyecto muy ambicioso que nos permitir\u00e1 seguir creciendo a trav\u00e9s de una gesti\u00f3n del e-commerce de primer nivel\u201d.<\/p>\n<p>\u201cEl montaje de las estanter\u00edas industriales se ha completado en 7 semanas y durante todo el proyecto hemos cumplido estrictamente con el cronograma. La excelente coordinaci\u00f3n con AR Racking ha sido clave para completar este ambicioso proyecto de forma satisfactoria para Jumbo que le permita crecer en su negocio\u201d, a\u00f1ade Jorg Zwaans, Director General de Begra.<\/p>\n<p><strong>Sobre AR Racking:<\/strong><\/p>\n<p>AR Racking forma parte del Grupo Arania, un grupo industrial de empresas de amplia trayectoria y gran envergadura, con actividad multisectorial en torno a la transformaci\u00f3n del acero desde hace m\u00e1s de 80 a\u00f1os. AR Racking aporta al mercado una amplia gama de soluciones con una alta exigencia de calidad certificada y un servicio integral de gesti\u00f3n de proyecto. Los sistemas de almacenaje industrial de AR Racking se caracterizan por la innovaci\u00f3n, su fiabilidad y m\u00e1xima eficiencia.<\/p>\n<\/div>\n<\/div>\n<\/div>\n<\/div>\n<\/section>\n<\/div>\n<\/div>\n\t\t\t\t\t\t\t\t<\/div>\n\t\t\t\t<\/div>\n\t\t\t\t\t<\/div>\n\t\t<\/div>\n\t\t\t\t<div class=\"elementor-column elementor-col-50 elementor-top-column elementor-element elementor-element-28f5464\" data-id=\"28f5464\" data-element_type=\"column\">\n\t\t\t<div class=\"elementor-widget-wrap elementor-element-populated\">\n\t\t\t\t\t\t<div class=\"elementor-element elementor-element-ddb89d9 elementor-grid-1 elementor-posts--thumbnail-none elementor-grid-tablet-1 elementor-grid-mobile-1 elementor-widget elementor-widget-posts\" data-id=\"ddb89d9\" data-element_type=\"widget\" data-settings=\"{&quot;classic_columns&quot;:&quot;1&quot;,&quot;classic_row_gap&quot;:{&quot;unit&quot;:&quot;px&quot;,&quot;size&quot;:&quot;23&quot;,&quot;sizes&quot;:[]},&quot;classic_columns_tablet&quot;:&quot;1&quot;,&quot;_animation&quot;:&quot;none&quot;,&quot;classic_columns_mobile&quot;:&quot;1&quot;,&quot;classic_row_gap_tablet&quot;:{&quot;unit&quot;:&quot;px&quot;,&quot;size&quot;:&quot;&quot;,&quot;sizes&quot;:[]},&quot;classic_row_gap_mobile&quot;:{&quot;unit&quot;:&quot;px&quot;,&quot;size&quot;:&quot;&quot;,&quot;sizes&quot;:[]}}\" data-widget_type=\"posts.classic\">\n\t\t\t\t<div class=\"elementor-widget-container\">\n\t\t\t\t\t\t\t<div class=\"elementor-posts-container elementor-posts elementor-posts--skin-classic elementor-grid\" role=\"list\">\n\t\t\t\t<article class=\"elementor-post elementor-grid-item post-210277 post type-post status-publish format-standard has-post-thumbnail hentry category-logtalent-en category-uncategorized tag-16-de-febrero-en tag-16-febrero-en tag-dia-logistica-en tag-dia-mundial-de-la-logistica-en tag-dia-mundial-logistica-en tag-espana-en tag-ferias-en tag-internacionalizacion-en tag-logistica-en tag-logistics-automation-en tag-punto-de-encuentro-en tag-referentes-en\" role=\"listitem\">\n\t\t\t\t<div class=\"elementor-post__text\">\n\t\t\t\t<h3 class=\"elementor-post__title\">\n\t\t\t<a href=\"https:\/\/www.logisticsautomationmadrid.com\/en\/2026\/04\/09\/hybrid-systems-automation-and-robotics-in-intralogistics\/\" >\n\t\t\t\tHybrid systems: automation and robotics in intralogistics\t\t\t<\/a>\n\t\t<\/h3>\n\t\t\t\t<div class=\"elementor-post__excerpt\">\n\t\t\t<p>The hybrid systems revolution in intralogisticsIntralogistics is undergoing a profound transformation thanks to hybrid systems that integrate traditional automation, robotics and artificial intelligence. These models<\/p>\n\t\t<\/div>\n\t\t\n\t\t<a class=\"elementor-post__read-more\" href=\"https:\/\/www.logisticsautomationmadrid.com\/en\/2026\/04\/09\/hybrid-systems-automation-and-robotics-in-intralogistics\/\" aria-label=\"Read more about Hybrid systems: automation and robotics in intralogistics\" tabindex=\"-1\" >\n\t\t\tRead More \u00bb\t\t<\/a>\n\n\t\t\t\t<\/div>\n\t\t\t\t<\/article>\n\t\t\t\t<article class=\"elementor-post elementor-grid-item post-210253 post type-post status-publish format-standard has-post-thumbnail hentry category-uncategorized tag-cafe-con-en tag-eduardo-cornago-en tag-entrevista-en tag-experiencia-en tag-gin-en tag-puerto-de-indias-en\" role=\"listitem\">\n\t\t\t\t<div class=\"elementor-post__text\">\n\t\t\t\t<h3 class=\"elementor-post__title\">\n\t\t\t<a href=\"https:\/\/www.logisticsautomationmadrid.com\/en\/2026\/04\/08\/a-coffee-with-sofia-de-castro-fernandes-author-founder-and-ceo-of-as-nove-and-keynote-speaker-at-empack-logistics-automation-porto-2026\/\" >\n\t\t\t\tA Coffee with Sofia de Castro Fernandes, Author, Founder and CEO of \u00c0s Nove and Keynote Speaker at Empack &#038; Logistics &#038; Automation Porto 2026\t\t\t<\/a>\n\t\t<\/h3>\n\t\t\t\t<div class=\"elementor-post__excerpt\">\n\t\t\t<p>L&amp;A: To begin with, could you tell us a little about yourself and your career? Sofia: I am deeply curious about people and what drives<\/p>\n\t\t<\/div>\n\t\t\n\t\t<a class=\"elementor-post__read-more\" href=\"https:\/\/www.logisticsautomationmadrid.com\/en\/2026\/04\/08\/a-coffee-with-sofia-de-castro-fernandes-author-founder-and-ceo-of-as-nove-and-keynote-speaker-at-empack-logistics-automation-porto-2026\/\" aria-label=\"Read more about A Coffee with Sofia de Castro Fernandes, Author, Founder and CEO of \u00c0s Nove and Keynote Speaker at Empack &#038; Logistics &#038; Automation Porto 2026\" tabindex=\"-1\" >\n\t\t\tRead More \u00bb\t\t<\/a>\n\n\t\t\t\t<\/div>\n\t\t\t\t<\/article>\n\t\t\t\t<article class=\"elementor-post elementor-grid-item post-209923 post type-post status-publish format-standard has-post-thumbnail hentry category-uncategorized tag-espana-en tag-femenino-en tag-ferias-en tag-internacionalizacion-en tag-logistica-en tag-logistics-automation-en tag-melyt-en tag-mujer-en tag-punto-de-encuentro-en tag-referentes-en tag-talento-en tag-transporte-en\" role=\"listitem\">\n\t\t\t\t<div class=\"elementor-post__text\">\n\t\t\t\t<h3 class=\"elementor-post__title\">\n\t\t\t<a href=\"https:\/\/www.logisticsautomationmadrid.com\/en\/2026\/03\/06\/melyt-and-confebus-join-forces-to-promote-female-talent-in-bus-transport\/\" >\n\t\t\t\tMELYT and CONFEBUS join forces to promote female talent in bus transport\t\t\t<\/a>\n\t\t<\/h3>\n\t\t\t\t<div class=\"elementor-post__excerpt\">\n\t\t\t<p>\u00b7 Coinciding with the celebration of 8 March, International Women&#8217;s Day. \u00b7 CONFEBUS is committed to bringing more women into the sector and addressing the<\/p>\n\t\t<\/div>\n\t\t\n\t\t<a class=\"elementor-post__read-more\" href=\"https:\/\/www.logisticsautomationmadrid.com\/en\/2026\/03\/06\/melyt-and-confebus-join-forces-to-promote-female-talent-in-bus-transport\/\" aria-label=\"Read more about MELYT and CONFEBUS join forces to promote female talent in bus transport\" tabindex=\"-1\" >\n\t\t\tRead More \u00bb\t\t<\/a>\n\n\t\t\t\t<\/div>\n\t\t\t\t<\/article>\n\t\t\t\t<article class=\"elementor-post elementor-grid-item post-209866 post type-post status-publish format-standard has-post-thumbnail hentry category-ai-traceability-security category-blog-en category-logistics-intralogistics-warehousing category-robotics-automation category-sustainability-greenlogistics tag-2026-en tag-cadena-de-suministro-en tag-cambio-en tag-clave-en tag-espana-en tag-experto-en tag-ferias-en tag-industria-en tag-logistica-en tag-logistics-automation-en tag-miebach-en tag-miebach-consulting-en tag-punto-de-encuentro-en tag-referentes-en\" role=\"listitem\">\n\t\t\t\t<div class=\"elementor-post__text\">\n\t\t\t\t<h3 class=\"elementor-post__title\">\n\t\t\t<a href=\"https:\/\/www.logisticsautomationmadrid.com\/en\/2026\/03\/05\/beyond-the-noise-of-trade-fairs-managing-change\/\" >\n\t\t\t\tThe importance of change management in technological transformations\t\t\t<\/a>\n\t\t<\/h3>\n\t\t\t\t<div class=\"elementor-post__excerpt\">\n\t\t\t<p>When walking through the halls of an event as vibrant as Logistics &amp; Automation, it is easy to be seduced by the industry&#8217;s ever-increasing brilliance.<\/p>\n\t\t<\/div>\n\t\t\n\t\t<a class=\"elementor-post__read-more\" href=\"https:\/\/www.logisticsautomationmadrid.com\/en\/2026\/03\/05\/beyond-the-noise-of-trade-fairs-managing-change\/\" aria-label=\"Read more about The importance of change management in technological transformations\" tabindex=\"-1\" >\n\t\t\tRead More \u00bb\t\t<\/a>\n\n\t\t\t\t<\/div>\n\t\t\t\t<\/article>\n\t\t\t\t<\/div>\n\t\t\n\t\t\t\t\t\t<\/div>\n\t\t\t\t<\/div>\n\t\t\t\t<div class=\"elementor-element elementor-element-142798d6 elementor-widget-divider--view-line elementor-widget elementor-widget-divider\" data-id=\"142798d6\" data-element_type=\"widget\" data-widget_type=\"divider.default\">\n\t\t\t\t<div class=\"elementor-widget-container\">\n\t\t\t\t\t\t\t<div class=\"elementor-divider\">\n\t\t\t<span class=\"elementor-divider-separator\">\n\t\t\t\t\t\t<\/span>\n\t\t<\/div>\n\t\t\t\t\t\t<\/div>\n\t\t\t\t<\/div>\n\t\t\t\t\t<\/div>\n\t\t<\/div>\n\t\t\t\t\t<\/div>\n\t\t<\/section>\n\t\t\t\t<section class=\"elementor-section elementor-top-section elementor-element elementor-element-49136ec elementor-section-full_width elementor-section-height-default elementor-section-height-default\" data-id=\"49136ec\" data-element_type=\"section\">\n\t\t\t\t\t\t<div class=\"elementor-container elementor-column-gap-default\">\n\t\t\t\t\t<div class=\"elementor-column elementor-col-100 elementor-top-column elementor-element elementor-element-4a08fcbd\" data-id=\"4a08fcbd\" data-element_type=\"column\">\n\t\t\t<div class=\"elementor-widget-wrap elementor-element-populated\">\n\t\t\t\t\t\t<div class=\"elementor-element elementor-element-6c1ef897 elementor-widget-divider--view-line elementor-widget elementor-widget-divider\" data-id=\"6c1ef897\" data-element_type=\"widget\" data-widget_type=\"divider.default\">\n\t\t\t\t<div class=\"elementor-widget-container\">\n\t\t\t\t\t\t\t<div class=\"elementor-divider\">\n\t\t\t<span class=\"elementor-divider-separator\">\n\t\t\t\t\t\t<\/span>\n\t\t<\/div>\n\t\t\t\t\t\t<\/div>\n\t\t\t\t<\/div>\n\t\t\t\t<div class=\"elementor-element elementor-element-67dafb1c elementor-widget elementor-widget-text-editor\" data-id=\"67dafb1c\" data-element_type=\"widget\" data-widget_type=\"text-editor.default\">\n\t\t\t\t<div class=\"elementor-widget-container\">\n\t\t\t\t\t\t\t\t\t<p><span style=\"vertical-align: inherit\"><span style=\"vertical-align: inherit\"><span style=\"vertical-align: inherit\"><span style=\"vertical-align: inherit\"><span style=\"vertical-align: inherit\"><span style=\"vertical-align: inherit\">Share this article<\/span><\/span><\/span><\/span><\/span><\/span><\/p>\n\t\t\t\t\t\t\t\t<\/div>\n\t\t\t\t<\/div>\n\t\t\t\t<div class=\"elementor-element elementor-element-6683c88d elementor-shape-circle elementor-grid-0 e-grid-align-center elementor-widget elementor-widget-social-icons\" data-id=\"6683c88d\" data-element_type=\"widget\" data-widget_type=\"social-icons.default\">\n\t\t\t\t<div class=\"elementor-widget-container\">\n\t\t\t\t\t\t\t<div class=\"elementor-social-icons-wrapper elementor-grid\" role=\"list\">\n\t\t\t\t\t\t\t<span class=\"elementor-grid-item\" role=\"listitem\">\n\t\t\t\t\t<a class=\"elementor-icon elementor-social-icon elementor-social-icon-facebook-f elementor-repeater-item-3bftaoh\" href=\"https:\/\/www.facebook.com\/LogisticsMadrid\/\" target=\"_blank\">\n\t\t\t\t\t\t<span class=\"elementor-screen-only\">Facebook-f<\/span>\n\t\t\t\t\t\t<i aria-hidden=\"true\" class=\"fab fa-facebook-f\"><\/i>\t\t\t\t\t<\/a>\n\t\t\t\t<\/span>\n\t\t\t\t\t\t\t<span class=\"elementor-grid-item\" role=\"listitem\">\n\t\t\t\t\t<a class=\"elementor-icon elementor-social-icon elementor-social-icon-twitter elementor-repeater-item-pc69ffs\" href=\"https:\/\/twitter.com\/logisticsiberia?lang=es\" target=\"_blank\">\n\t\t\t\t\t\t<span class=\"elementor-screen-only\">Twitter<\/span>\n\t\t\t\t\t\t<i aria-hidden=\"true\" class=\"fab fa-twitter\"><\/i>\t\t\t\t\t<\/a>\n\t\t\t\t<\/span>\n\t\t\t\t\t\t\t<span class=\"elementor-grid-item\" role=\"listitem\">\n\t\t\t\t\t<a class=\"elementor-icon elementor-social-icon elementor-social-icon-linkedin elementor-repeater-item-44fb767\" href=\"https:\/\/www.linkedin.com\/company\/logistics-madrid\/\" target=\"_blank\">\n\t\t\t\t\t\t<span class=\"elementor-screen-only\">Linkedin<\/span>\n\t\t\t\t\t\t<i aria-hidden=\"true\" class=\"fab fa-linkedin\"><\/i>\t\t\t\t\t<\/a>\n\t\t\t\t<\/span>\n\t\t\t\t\t<\/div>\n\t\t\t\t\t\t<\/div>\n\t\t\t\t<\/div>\n\t\t\t\t\t<\/div>\n\t\t<\/div>\n\t\t\t\t\t<\/div>\n\t\t<\/section>\n\t\t\t\t<\/div>\n\t\t","protected":false},"excerpt":{"rendered":"<p>Con \u00e9ste, ya son 3 los centros EFC en Holanda con los que cuenta Jumbo, una cadena de supermercados l\u00edder en los Pa\u00edses bajos y B\u00e9lgica. El centro log\u00edstico abarca una superficie de 50.000 m2 y cuenta con zonas a diferentes temperaturas. AR Racking y su distribuidor estrat\u00e9gico Begra han instalado diversas soluciones de almacenaje. [&hellip;]<\/p>\n","protected":false},"author":1,"featured_media":16328,"comment_status":"open","ping_status":"open","sticky":false,"template":"","format":"standard","meta":{"_seopress_robots_primary_cat":"none","_seopress_titles_title":"","_seopress_titles_desc":"","_seopress_robots_index":"","footnotes":""},"categories":[342,1334],"tags":[355,807,810,809,808],"edition":[],"class_list":["post-16325","post","type-post","status-publish","format-standard","has-post-thumbnail","hentry","category-blog-en","category-logistics-intralogistics-warehousing","tag-ar-racking-en","tag-begra-en","tag-centro-en","tag-logistico-en","tag-nuevo-centro-logistico-en"],"_links":{"self":[{"href":"https:\/\/www.logisticsautomationmadrid.com\/en\/wp-json\/wp\/v2\/posts\/16325","targetHints":{"allow":["GET"]}}],"collection":[{"href":"https:\/\/www.logisticsautomationmadrid.com\/en\/wp-json\/wp\/v2\/posts"}],"about":[{"href":"https:\/\/www.logisticsautomationmadrid.com\/en\/wp-json\/wp\/v2\/types\/post"}],"author":[{"embeddable":true,"href":"https:\/\/www.logisticsautomationmadrid.com\/en\/wp-json\/wp\/v2\/users\/1"}],"replies":[{"embeddable":true,"href":"https:\/\/www.logisticsautomationmadrid.com\/en\/wp-json\/wp\/v2\/comments?post=16325"}],"version-history":[{"count":0,"href":"https:\/\/www.logisticsautomationmadrid.com\/en\/wp-json\/wp\/v2\/posts\/16325\/revisions"}],"wp:featuredmedia":[{"embeddable":true,"href":"https:\/\/www.logisticsautomationmadrid.com\/en\/wp-json\/wp\/v2\/media\/16328"}],"wp:attachment":[{"href":"https:\/\/www.logisticsautomationmadrid.com\/en\/wp-json\/wp\/v2\/media?parent=16325"}],"wp:term":[{"taxonomy":"category","embeddable":true,"href":"https:\/\/www.logisticsautomationmadrid.com\/en\/wp-json\/wp\/v2\/categories?post=16325"},{"taxonomy":"post_tag","embeddable":true,"href":"https:\/\/www.logisticsautomationmadrid.com\/en\/wp-json\/wp\/v2\/tags?post=16325"},{"taxonomy":"edition","embeddable":true,"href":"https:\/\/www.logisticsautomationmadrid.com\/en\/wp-json\/wp\/v2\/edition?post=16325"}],"curies":[{"name":"wp","href":"https:\/\/api.w.org\/{rel}","templated":true}]}}