{"id":16366,"date":"2021-05-06T10:20:42","date_gmt":"2021-05-06T08:20:42","guid":{"rendered":"https:\/\/www.logisticsautomationmadrid.com\/?p=16366"},"modified":"2021-05-06T10:20:42","modified_gmt":"2021-05-06T08:20:42","slug":"cada-centimo-cuenta-los-empleados-de-jungheinrich-donan-a-proyectos-medicos-en-tanzania-y-el-congo","status":"publish","type":"post","link":"https:\/\/www.logisticsautomationmadrid.com\/en\/2021\/05\/06\/cada-centimo-cuenta-los-empleados-de-jungheinrich-donan-a-proyectos-medicos-en-tanzania-y-el-congo\/","title":{"rendered":"Cada c\u00e9ntimo cuenta: los empleados de Jungheinrich donan a proyectos m\u00e9dicos en Tanzania y el Congo"},"content":{"rendered":"\t\t<div data-elementor-type=\"wp-post\" data-elementor-id=\"16366\" class=\"elementor elementor-16366 elementor-16365\" data-elementor-post-type=\"post\">\n\t\t\t\t\t\t<section class=\"elementor-section elementor-top-section elementor-element elementor-element-71165a61 elementor-section-boxed elementor-section-height-default elementor-section-height-default\" data-id=\"71165a61\" data-element_type=\"section\">\n\t\t\t\t\t\t<div class=\"elementor-container elementor-column-gap-default\">\n\t\t\t\t\t<div class=\"elementor-column elementor-col-50 elementor-top-column elementor-element elementor-element-365ebd54\" data-id=\"365ebd54\" data-element_type=\"column\">\n\t\t\t<div class=\"elementor-widget-wrap elementor-element-populated\">\n\t\t\t\t\t\t<div class=\"elementor-element elementor-element-08b1280 elementor-invisible elementor-widget elementor-widget-heading\" data-id=\"08b1280\" data-element_type=\"widget\" data-settings=\"{&quot;_animation&quot;:&quot;fadeIn&quot;}\" data-widget_type=\"heading.default\">\n\t\t\t\t<div class=\"elementor-widget-container\">\n\t\t\t\t\t<h1 class=\"elementor-heading-title elementor-size-default\">Cada c\u00e9ntimo cuenta: los empleados de Jungheinrich donan a proyectos m\u00e9dicos en Tanzania y el Congo<\/h1>\t\t\t\t<\/div>\n\t\t\t\t<\/div>\n\t\t\t\t<section class=\"elementor-section elementor-inner-section elementor-element elementor-element-abf1228 elementor-section-boxed elementor-section-height-default elementor-section-height-default\" data-id=\"abf1228\" data-element_type=\"section\">\n\t\t\t\t\t\t<div class=\"elementor-container elementor-column-gap-default\">\n\t\t\t\t\t<div class=\"elementor-column elementor-col-100 elementor-inner-column elementor-element elementor-element-cb910aa\" data-id=\"cb910aa\" data-element_type=\"column\">\n\t\t\t<div class=\"elementor-widget-wrap elementor-element-populated\">\n\t\t\t\t\t\t<div class=\"elementor-element elementor-element-d797bcd elementor-widget elementor-widget-text-editor\" data-id=\"d797bcd\" data-element_type=\"widget\" data-settings=\"{&quot;_animation&quot;:&quot;none&quot;}\" data-widget_type=\"text-editor.default\">\n\t\t\t\t<div class=\"elementor-widget-container\">\n\t\t\t\t\t\t\t\t\t<div class=\"col-xs-12 col-lg-offset-2 col-lg-8\">\n<div class=\"intro__box\">\n<section id=\"e4668\" class=\"b-column-content -pad-top-default -pad-bottom-default section-block\">\n<div class=\"custom__wrapper\">\n<div class=\"column-content__wrapper animate-in-bottom js-visible\" data-sr-id=\"0\">\n<div data-gy=\"g\">\n<div class=\"typ\" data-gy=\"cm-8\">\n<ul>\n<li><strong>100 euros para action medeor e.V. a trav\u00e9s de la campa\u00f1a &#8220;Dona tus c\u00e9ntimos&#8221;<\/strong><\/li>\n<li><strong>Apoyo a la asistencia de emergencia por Coronavirus en Tanzania y salud maternoinfantil en la Rep\u00fablica Democr\u00e1tica del Congo<\/strong><\/li>\n<li><strong>Action Medeor ya ha donado un total de m\u00e1s de 230.000 euros en el marco de la campa\u00f1a \u201cDona tus c\u00e9ntimos\u201d<\/strong><\/li>\n<\/ul>\n<\/div>\n<\/div>\n<\/div>\n<\/div>\n<\/section>\n<\/div>\n<\/div>\n\t\t\t\t\t\t\t\t<\/div>\n\t\t\t\t<\/div>\n\t\t\t\t\t<\/div>\n\t\t<\/div>\n\t\t\t\t\t<\/div>\n\t\t<\/section>\n\t\t\t\t<div class=\"elementor-element elementor-element-74bbbca elementor-widget elementor-widget-image\" data-id=\"74bbbca\" data-element_type=\"widget\" data-widget_type=\"image.default\">\n\t\t\t\t<div class=\"elementor-widget-container\">\n\t\t\t\t\t\t\t\t\t\t\t\t<figure class=\"wp-caption\">\n\t\t\t\t\t\t\t\t\t\t<img fetchpriority=\"high\" decoding=\"async\" width=\"800\" height=\"449\" src=\"https:\/\/easyfairsassets.com\/sites\/84\/2021\/04\/Restcent_Kongo-1024x575.jpg\" class=\"attachment-large size-large wp-image-16374\" alt=\"\" srcset=\"https:\/\/easyfairsassets.com\/sites\/84\/2021\/04\/Restcent_Kongo-1024x575.jpg 1024w, https:\/\/easyfairsassets.com\/sites\/84\/2021\/04\/Restcent_Kongo-300x169.jpg 300w, https:\/\/easyfairsassets.com\/sites\/84\/2021\/04\/Restcent_Kongo-768x432.jpg 768w, https:\/\/easyfairsassets.com\/sites\/84\/2021\/04\/Restcent_Kongo-1536x863.jpg 1536w, https:\/\/easyfairsassets.com\/sites\/84\/2021\/04\/Restcent_Kongo.jpg 1920w\" sizes=\"(max-width: 800px) 100vw, 800px\" \/>\t\t\t\t\t\t\t\t\t\t\t<figcaption class=\"widget-image-caption wp-caption-text\">Un equipo de proyecto informa a las familias de la region de Kivu del Sur c\u00f3mo protegerse de las enfermedades y la desnutrici\u00f3n. \u00a9 Action Medeor<\/figcaption>\n\t\t\t\t\t\t\t\t\t\t<\/figure>\n\t\t\t\t\t\t\t\t\t<\/div>\n\t\t\t\t<\/div>\n\t\t\t\t<div class=\"elementor-element elementor-element-dc6181a elementor-widget elementor-widget-text-editor\" data-id=\"dc6181a\" data-element_type=\"widget\" data-settings=\"{&quot;_animation&quot;:&quot;none&quot;}\" data-widget_type=\"text-editor.default\">\n\t\t\t\t<div class=\"elementor-widget-container\">\n\t\t\t\t\t\t\t\t\t<div class=\"col-xs-12 col-lg-offset-2 col-lg-8\">\n<div class=\"intro__box\">\n<section id=\"e4668\" class=\"b-column-content -pad-top-default -pad-bottom-default section-block\">\n<div class=\"custom__wrapper\">\n<div class=\"column-content__wrapper animate-in-bottom js-visible\" data-sr-id=\"0\">\n<div data-gy=\"g\">\n<div class=\"typ\" data-gy=\"cm-8\">\n<p>En 2020, los empleados de Jungheinrich donaron 31.100 euros de sus salarios a la organizaci\u00f3n alemana de ayuda m\u00e9dica Action Medeor e.V como parte de la campa\u00f1a de Jungheinrich \u201cDona tus c\u00e9ntimos\u201d. El dinero apoyar\u00e1 las medidas de ayuda de emergencia destinadas al coronavirus en Tanzania y la formaci\u00f3n de profesionales sanitarios en la Rep\u00fablica Democr\u00e1tica del Congo. Como parte de la campa\u00f1a \u201cDona tus c\u00e9ntimos\u201d, los empleados de Jungheinrich de Alemania, Austria, Espa\u00f1a, Portugal e Italia donan los c\u00e9ntimos detr\u00e1s del punto decimal en sus recibos de pago todos los meses para proyectos sociales. Esta peque\u00f1a cantidad, solo un peque\u00f1o cambio para el individuo, se convierte en una suma impresionante cuando se combina en el transcurso de un a\u00f1o. El Consejo de Administraci\u00f3n de Jungheinrich duplica la cantidad al final de cada a\u00f1o. La participaci\u00f3n de los empleados es voluntaria.<\/p>\n<p>El a\u00f1o pasado, la campa\u00f1a \u201cDona sus c\u00e9ntimos\u201d contribuy\u00f3 a ayudar a combatir la pandemia de la Covid-19 en Tanzania, uno de los pa\u00edses m\u00e1s pobres del mundo. En la mayor\u00eda de los hospitales, los empleados todav\u00eda tienen un suministro inadecuado de material protector para evitar la infecci\u00f3n con el virus. Por esta raz\u00f3n, Jungheinrich ha decidido brindar asistencia renovada de emergencia para la pandemia del Coronavirus. Actualmente, el personal de varios hospitales y puestos de salud recibe material de protecci\u00f3n necesaria con urgencia, como desinfectantes, mascarillas, gafas protectoras y batas de hospital, as\u00ed como medicamentos y unidades de ox\u00edgeno. Todo ello cuenta con el apoyo de la organizaci\u00f3n de Action Medeor en Tanzania en cooperaci\u00f3n con su socio local, la Comisi\u00f3n de Servicio Social Cristiano (CSSC).<\/p>\n<p>La otra parte de las donaciones de este a\u00f1o se destina a un proyecto para mejorar la salud maternoinfantil en la Rep\u00fablica Democr\u00e1tica del Congo. En colaboraci\u00f3n con la Association des Femmes pour la Promotion et le D\u00e9veloppement Endog\u00e8ne (AFPDE), Action Medeor ayuda a formar profesionales sanitarios en Kivu del Sur. La salud maternoinfantil y la asistencia al parto se pueden fortalecer mediante la educaci\u00f3n de trabajadores calificados en esta regi\u00f3n. La malaria y la desnutrici\u00f3n son algunas de las principales causas de enfermedades y muertes en la zona, y afectan principalmente a mujeres y ni\u00f1os. El proyecto tambi\u00e9n proporciona nutrici\u00f3n terap\u00e9utica a los residentes desnutridos, as\u00ed como m\u00e1s educaci\u00f3n en m\u00e9todos de cultivo agr\u00edcola a los peque\u00f1os agricultores locales, lo que mejora la seguridad alimentaria a largo plazo.<\/p>\n<p>La otra parte de las donaciones de este a\u00f1o se destina a un proyecto para mejorar la salud maternoinfantil en la Rep\u00fablica Democr\u00e1tica del Congo. En colaboraci\u00f3n con la Association des Femmes pour la Promotion et le D\u00e9veloppement Endog\u00e8ne (AFPDE), action medeor ayuda a formar profesionales sanitarios en Kivu del Sur. La salud maternoinfantil y la asistencia al parto se pueden fortalecer mediante la educaci\u00f3n de trabajadores calificados en esta regi\u00f3n. La malaria y la desnutrici\u00f3n son algunas de las principales causas de enfermedades y muertes en la zona, y afectan principalmente a mujeres y ni\u00f1os. El proyecto tambi\u00e9n proporciona nutrici\u00f3n terap\u00e9utica a los residentes desnutridos, as\u00ed como m\u00e1s educaci\u00f3n en m\u00e9todos de cultivo agr\u00edcola a los peque\u00f1os agricultores locales, lo que mejora la seguridad alimentaria a largo plazo.<\/p>\n<p>&#8220;Estamos muy agradecidos por el apoyo a largo plazo de Jungheinrich a nuestros proyectos&#8221;, dice Sid Peruvemba, portavoz de la junta de Action Medeor. \u201cEste es un ejemplo vivo de c\u00f3mo una empresa puede participar socialmente, tanto la propia organizaci\u00f3n como los empleados, cada uno de los cuales hace una contribuci\u00f3n\u201d.<\/p>\n<p>Jungheinrich lleva a cabo la campa\u00f1a \u201cDona tus c\u00e9ntimos\u201d desde 2012. En total, ya se han donado aproximadamente 230.000 euros a Action Medeor utilizando este m\u00e9todo. El dinero se destina a proyectos espec\u00edficos que necesitan apoyo adicional en ese momento. Jungheinrich ha apoyado a esta organizaci\u00f3n, tambi\u00e9n conocida como la &#8220;farmacia de emergencia del mundo&#8221;, durante a\u00f1os con una amplia gama de proyectos de ayuda con donaciones monetarias y en especie, as\u00ed como experiencia t\u00e9cnica. Se han equipado con materiales una instalaci\u00f3n de almacenamiento de medicamentos en Tanzania y otra en Malawi, y se han ampliado las instalaciones de almacenamiento en la sede de Action Medeor en T\u00f6nisvorst, Alemania.<\/p>\n<p><strong>Sobre Jungheinrich<\/strong><\/p>\n<p>Fundada en 1953, Jungheinrich es uno de los principales proveedores de soluciones intralog\u00edsticas del mundo. Con una amplia cartera de carretillas elevadoras, sistemas log\u00edsticos y servicios, Jungheinrich ofrece a sus clientes soluciones a medida para afrontar los desaf\u00edos de la Industria 4.0. Con sede en Hamburgo, el Grupo est\u00e1 representado por sus propias compa\u00f1\u00edas de venta directa en 40 pa\u00edses y por empresas asociadas en m\u00e1s de 80 pa\u00edses de todo el mundo. Jungheinrich cuenta con una plantilla mundial de m\u00e1s de 18.000 empleados y registr\u00f3 una facturaci\u00f3n a nivel de Grupo de 3,81 mil millones de euros en 2020. Jungheinrich figura en el SDAX.<\/p>\n<\/div>\n<\/div>\n<\/div>\n<\/div>\n<\/section>\n<\/div>\n<\/div>\n\t\t\t\t\t\t\t\t<\/div>\n\t\t\t\t<\/div>\n\t\t\t\t\t<\/div>\n\t\t<\/div>\n\t\t\t\t<div class=\"elementor-column elementor-col-50 elementor-top-column elementor-element elementor-element-28f5464\" data-id=\"28f5464\" data-element_type=\"column\">\n\t\t\t<div class=\"elementor-widget-wrap elementor-element-populated\">\n\t\t\t\t\t\t<div class=\"elementor-element elementor-element-ddb89d9 elementor-grid-1 elementor-posts--thumbnail-none elementor-grid-tablet-1 elementor-grid-mobile-1 elementor-widget elementor-widget-posts\" data-id=\"ddb89d9\" data-element_type=\"widget\" data-settings=\"{&quot;classic_columns&quot;:&quot;1&quot;,&quot;classic_row_gap&quot;:{&quot;unit&quot;:&quot;px&quot;,&quot;size&quot;:&quot;23&quot;,&quot;sizes&quot;:[]},&quot;classic_columns_tablet&quot;:&quot;1&quot;,&quot;_animation&quot;:&quot;none&quot;,&quot;classic_columns_mobile&quot;:&quot;1&quot;,&quot;classic_row_gap_tablet&quot;:{&quot;unit&quot;:&quot;px&quot;,&quot;size&quot;:&quot;&quot;,&quot;sizes&quot;:[]},&quot;classic_row_gap_mobile&quot;:{&quot;unit&quot;:&quot;px&quot;,&quot;size&quot;:&quot;&quot;,&quot;sizes&quot;:[]}}\" data-widget_type=\"posts.classic\">\n\t\t\t\t<div class=\"elementor-widget-container\">\n\t\t\t\t\t\t\t<div class=\"elementor-posts-container elementor-posts elementor-posts--skin-classic elementor-grid\" role=\"list\">\n\t\t\t\t<article class=\"elementor-post elementor-grid-item post-210277 post type-post status-publish format-standard has-post-thumbnail hentry category-logtalent-en category-uncategorized tag-16-de-febrero-en tag-16-febrero-en tag-dia-logistica-en tag-dia-mundial-de-la-logistica-en tag-dia-mundial-logistica-en tag-espana-en tag-ferias-en tag-internacionalizacion-en tag-logistica-en tag-logistics-automation-en tag-punto-de-encuentro-en tag-referentes-en\" role=\"listitem\">\n\t\t\t\t<div class=\"elementor-post__text\">\n\t\t\t\t<h3 class=\"elementor-post__title\">\n\t\t\t<a href=\"https:\/\/www.logisticsautomationmadrid.com\/en\/2026\/04\/09\/hybrid-systems-automation-and-robotics-in-intralogistics\/\" >\n\t\t\t\tHybrid systems: automation and robotics in intralogistics\t\t\t<\/a>\n\t\t<\/h3>\n\t\t\t\t<div class=\"elementor-post__excerpt\">\n\t\t\t<p>The hybrid systems revolution in intralogisticsIntralogistics is undergoing a profound transformation thanks to hybrid systems that integrate traditional automation, robotics and artificial intelligence. These models<\/p>\n\t\t<\/div>\n\t\t\n\t\t<a class=\"elementor-post__read-more\" href=\"https:\/\/www.logisticsautomationmadrid.com\/en\/2026\/04\/09\/hybrid-systems-automation-and-robotics-in-intralogistics\/\" aria-label=\"Read more about Hybrid systems: automation and robotics in intralogistics\" tabindex=\"-1\" >\n\t\t\tRead More \u00bb\t\t<\/a>\n\n\t\t\t\t<\/div>\n\t\t\t\t<\/article>\n\t\t\t\t<article class=\"elementor-post elementor-grid-item post-210253 post type-post status-publish format-standard has-post-thumbnail hentry category-uncategorized tag-cafe-con-en tag-eduardo-cornago-en tag-entrevista-en tag-experiencia-en tag-gin-en tag-puerto-de-indias-en\" role=\"listitem\">\n\t\t\t\t<div class=\"elementor-post__text\">\n\t\t\t\t<h3 class=\"elementor-post__title\">\n\t\t\t<a href=\"https:\/\/www.logisticsautomationmadrid.com\/en\/2026\/04\/08\/a-coffee-with-sofia-de-castro-fernandes-author-founder-and-ceo-of-as-nove-and-keynote-speaker-at-empack-logistics-automation-porto-2026\/\" >\n\t\t\t\tA Coffee with Sofia de Castro Fernandes, Author, Founder and CEO of \u00c0s Nove and Keynote Speaker at Empack &#038; Logistics &#038; Automation Porto 2026\t\t\t<\/a>\n\t\t<\/h3>\n\t\t\t\t<div class=\"elementor-post__excerpt\">\n\t\t\t<p>L&amp;A: To begin with, could you tell us a little about yourself and your career? Sofia: I am deeply curious about people and what drives<\/p>\n\t\t<\/div>\n\t\t\n\t\t<a class=\"elementor-post__read-more\" href=\"https:\/\/www.logisticsautomationmadrid.com\/en\/2026\/04\/08\/a-coffee-with-sofia-de-castro-fernandes-author-founder-and-ceo-of-as-nove-and-keynote-speaker-at-empack-logistics-automation-porto-2026\/\" aria-label=\"Read more about A Coffee with Sofia de Castro Fernandes, Author, Founder and CEO of \u00c0s Nove and Keynote Speaker at Empack &#038; Logistics &#038; Automation Porto 2026\" tabindex=\"-1\" >\n\t\t\tRead More \u00bb\t\t<\/a>\n\n\t\t\t\t<\/div>\n\t\t\t\t<\/article>\n\t\t\t\t<article class=\"elementor-post elementor-grid-item post-209923 post type-post status-publish format-standard has-post-thumbnail hentry category-uncategorized tag-espana-en tag-femenino-en tag-ferias-en tag-internacionalizacion-en tag-logistica-en tag-logistics-automation-en tag-melyt-en tag-mujer-en tag-punto-de-encuentro-en tag-referentes-en tag-talento-en tag-transporte-en\" role=\"listitem\">\n\t\t\t\t<div class=\"elementor-post__text\">\n\t\t\t\t<h3 class=\"elementor-post__title\">\n\t\t\t<a href=\"https:\/\/www.logisticsautomationmadrid.com\/en\/2026\/03\/06\/melyt-and-confebus-join-forces-to-promote-female-talent-in-bus-transport\/\" >\n\t\t\t\tMELYT and CONFEBUS join forces to promote female talent in bus transport\t\t\t<\/a>\n\t\t<\/h3>\n\t\t\t\t<div class=\"elementor-post__excerpt\">\n\t\t\t<p>\u00b7 Coinciding with the celebration of 8 March, International Women&#8217;s Day. \u00b7 CONFEBUS is committed to bringing more women into the sector and addressing the<\/p>\n\t\t<\/div>\n\t\t\n\t\t<a class=\"elementor-post__read-more\" href=\"https:\/\/www.logisticsautomationmadrid.com\/en\/2026\/03\/06\/melyt-and-confebus-join-forces-to-promote-female-talent-in-bus-transport\/\" aria-label=\"Read more about MELYT and CONFEBUS join forces to promote female talent in bus transport\" tabindex=\"-1\" >\n\t\t\tRead More \u00bb\t\t<\/a>\n\n\t\t\t\t<\/div>\n\t\t\t\t<\/article>\n\t\t\t\t<article class=\"elementor-post elementor-grid-item post-209866 post type-post status-publish format-standard has-post-thumbnail hentry category-ai-traceability-security category-blog-en category-logistics-intralogistics-warehousing category-robotics-automation category-sustainability-greenlogistics tag-2026-en tag-cadena-de-suministro-en tag-cambio-en tag-clave-en tag-espana-en tag-experto-en tag-ferias-en tag-industria-en tag-logistica-en tag-logistics-automation-en tag-miebach-en tag-miebach-consulting-en tag-punto-de-encuentro-en tag-referentes-en\" role=\"listitem\">\n\t\t\t\t<div class=\"elementor-post__text\">\n\t\t\t\t<h3 class=\"elementor-post__title\">\n\t\t\t<a href=\"https:\/\/www.logisticsautomationmadrid.com\/en\/2026\/03\/05\/beyond-the-noise-of-trade-fairs-managing-change\/\" >\n\t\t\t\tThe importance of change management in technological transformations\t\t\t<\/a>\n\t\t<\/h3>\n\t\t\t\t<div class=\"elementor-post__excerpt\">\n\t\t\t<p>When walking through the halls of an event as vibrant as Logistics &amp; Automation, it is easy to be seduced by the industry&#8217;s ever-increasing brilliance.<\/p>\n\t\t<\/div>\n\t\t\n\t\t<a class=\"elementor-post__read-more\" href=\"https:\/\/www.logisticsautomationmadrid.com\/en\/2026\/03\/05\/beyond-the-noise-of-trade-fairs-managing-change\/\" aria-label=\"Read more about The importance of change management in technological transformations\" tabindex=\"-1\" >\n\t\t\tRead More \u00bb\t\t<\/a>\n\n\t\t\t\t<\/div>\n\t\t\t\t<\/article>\n\t\t\t\t<\/div>\n\t\t\n\t\t\t\t\t\t<\/div>\n\t\t\t\t<\/div>\n\t\t\t\t<div class=\"elementor-element elementor-element-142798d6 elementor-widget-divider--view-line elementor-widget elementor-widget-divider\" data-id=\"142798d6\" data-element_type=\"widget\" data-widget_type=\"divider.default\">\n\t\t\t\t<div class=\"elementor-widget-container\">\n\t\t\t\t\t\t\t<div class=\"elementor-divider\">\n\t\t\t<span class=\"elementor-divider-separator\">\n\t\t\t\t\t\t<\/span>\n\t\t<\/div>\n\t\t\t\t\t\t<\/div>\n\t\t\t\t<\/div>\n\t\t\t\t\t<\/div>\n\t\t<\/div>\n\t\t\t\t\t<\/div>\n\t\t<\/section>\n\t\t\t\t<section class=\"elementor-section elementor-top-section elementor-element elementor-element-49136ec elementor-section-full_width elementor-section-height-default elementor-section-height-default\" data-id=\"49136ec\" data-element_type=\"section\">\n\t\t\t\t\t\t<div class=\"elementor-container elementor-column-gap-default\">\n\t\t\t\t\t<div class=\"elementor-column elementor-col-100 elementor-top-column elementor-element elementor-element-4a08fcbd\" data-id=\"4a08fcbd\" data-element_type=\"column\">\n\t\t\t<div class=\"elementor-widget-wrap elementor-element-populated\">\n\t\t\t\t\t\t<div class=\"elementor-element elementor-element-6c1ef897 elementor-widget-divider--view-line elementor-widget elementor-widget-divider\" data-id=\"6c1ef897\" data-element_type=\"widget\" data-widget_type=\"divider.default\">\n\t\t\t\t<div class=\"elementor-widget-container\">\n\t\t\t\t\t\t\t<div class=\"elementor-divider\">\n\t\t\t<span class=\"elementor-divider-separator\">\n\t\t\t\t\t\t<\/span>\n\t\t<\/div>\n\t\t\t\t\t\t<\/div>\n\t\t\t\t<\/div>\n\t\t\t\t<div class=\"elementor-element elementor-element-67dafb1c elementor-widget elementor-widget-text-editor\" data-id=\"67dafb1c\" data-element_type=\"widget\" data-widget_type=\"text-editor.default\">\n\t\t\t\t<div class=\"elementor-widget-container\">\n\t\t\t\t\t\t\t\t\t<p><span style=\"vertical-align: inherit\"><span style=\"vertical-align: inherit\"><span style=\"vertical-align: inherit\"><span style=\"vertical-align: inherit\"><span style=\"vertical-align: inherit\"><span style=\"vertical-align: inherit\">Share this article<\/span><\/span><\/span><\/span><\/span><\/span><\/p>\n\t\t\t\t\t\t\t\t<\/div>\n\t\t\t\t<\/div>\n\t\t\t\t<div class=\"elementor-element elementor-element-6683c88d elementor-shape-circle elementor-grid-0 e-grid-align-center elementor-widget elementor-widget-social-icons\" data-id=\"6683c88d\" data-element_type=\"widget\" data-widget_type=\"social-icons.default\">\n\t\t\t\t<div class=\"elementor-widget-container\">\n\t\t\t\t\t\t\t<div class=\"elementor-social-icons-wrapper elementor-grid\" role=\"list\">\n\t\t\t\t\t\t\t<span class=\"elementor-grid-item\" role=\"listitem\">\n\t\t\t\t\t<a class=\"elementor-icon elementor-social-icon elementor-social-icon-facebook-f elementor-repeater-item-3bftaoh\" href=\"https:\/\/www.facebook.com\/LogisticsMadrid\/\" target=\"_blank\">\n\t\t\t\t\t\t<span class=\"elementor-screen-only\">Facebook-f<\/span>\n\t\t\t\t\t\t<i aria-hidden=\"true\" class=\"fab fa-facebook-f\"><\/i>\t\t\t\t\t<\/a>\n\t\t\t\t<\/span>\n\t\t\t\t\t\t\t<span class=\"elementor-grid-item\" role=\"listitem\">\n\t\t\t\t\t<a class=\"elementor-icon elementor-social-icon elementor-social-icon-twitter elementor-repeater-item-pc69ffs\" href=\"https:\/\/twitter.com\/logisticsiberia?lang=es\" target=\"_blank\">\n\t\t\t\t\t\t<span class=\"elementor-screen-only\">Twitter<\/span>\n\t\t\t\t\t\t<i aria-hidden=\"true\" class=\"fab fa-twitter\"><\/i>\t\t\t\t\t<\/a>\n\t\t\t\t<\/span>\n\t\t\t\t\t\t\t<span class=\"elementor-grid-item\" role=\"listitem\">\n\t\t\t\t\t<a class=\"elementor-icon elementor-social-icon elementor-social-icon-linkedin elementor-repeater-item-44fb767\" href=\"https:\/\/www.linkedin.com\/company\/logistics-madrid\/\" target=\"_blank\">\n\t\t\t\t\t\t<span class=\"elementor-screen-only\">Linkedin<\/span>\n\t\t\t\t\t\t<i aria-hidden=\"true\" class=\"fab fa-linkedin\"><\/i>\t\t\t\t\t<\/a>\n\t\t\t\t<\/span>\n\t\t\t\t\t<\/div>\n\t\t\t\t\t\t<\/div>\n\t\t\t\t<\/div>\n\t\t\t\t\t<\/div>\n\t\t<\/div>\n\t\t\t\t\t<\/div>\n\t\t<\/section>\n\t\t\t\t<\/div>\n\t\t","protected":false},"excerpt":{"rendered":"<p>100 euros para action medeor e.V. a trav\u00e9s de la campa\u00f1a &#8220;Dona tus c\u00e9ntimos&#8221; Apoyo a la asistencia de emergencia por Coronavirus en Tanzania y salud maternoinfantil en la Rep\u00fablica Democr\u00e1tica del Congo Action Medeor ya ha donado un total de m\u00e1s de 230.000 euros en el marco de la campa\u00f1a \u201cDona tus c\u00e9ntimos\u201d Un [&hellip;]<\/p>\n","protected":false},"author":1,"featured_media":16371,"comment_status":"open","ping_status":"open","sticky":false,"template":"","format":"standard","meta":{"_seopress_robots_primary_cat":"none","_seopress_titles_title":"","_seopress_titles_desc":"","_seopress_robots_index":"","footnotes":""},"categories":[342],"tags":[831,829,830,825,827,826,828],"edition":[],"class_list":["post-16366","post","type-post","status-publish","format-standard","has-post-thumbnail","hentry","category-blog-en","tag-centimo-en","tag-congo-en","tag-donacion-en","tag-jungheinrich-en","tag-medicos-en","tag-proyectos-en","tag-tanzania-en"],"_links":{"self":[{"href":"https:\/\/www.logisticsautomationmadrid.com\/en\/wp-json\/wp\/v2\/posts\/16366","targetHints":{"allow":["GET"]}}],"collection":[{"href":"https:\/\/www.logisticsautomationmadrid.com\/en\/wp-json\/wp\/v2\/posts"}],"about":[{"href":"https:\/\/www.logisticsautomationmadrid.com\/en\/wp-json\/wp\/v2\/types\/post"}],"author":[{"embeddable":true,"href":"https:\/\/www.logisticsautomationmadrid.com\/en\/wp-json\/wp\/v2\/users\/1"}],"replies":[{"embeddable":true,"href":"https:\/\/www.logisticsautomationmadrid.com\/en\/wp-json\/wp\/v2\/comments?post=16366"}],"version-history":[{"count":0,"href":"https:\/\/www.logisticsautomationmadrid.com\/en\/wp-json\/wp\/v2\/posts\/16366\/revisions"}],"wp:featuredmedia":[{"embeddable":true,"href":"https:\/\/www.logisticsautomationmadrid.com\/en\/wp-json\/wp\/v2\/media\/16371"}],"wp:attachment":[{"href":"https:\/\/www.logisticsautomationmadrid.com\/en\/wp-json\/wp\/v2\/media?parent=16366"}],"wp:term":[{"taxonomy":"category","embeddable":true,"href":"https:\/\/www.logisticsautomationmadrid.com\/en\/wp-json\/wp\/v2\/categories?post=16366"},{"taxonomy":"post_tag","embeddable":true,"href":"https:\/\/www.logisticsautomationmadrid.com\/en\/wp-json\/wp\/v2\/tags?post=16366"},{"taxonomy":"edition","embeddable":true,"href":"https:\/\/www.logisticsautomationmadrid.com\/en\/wp-json\/wp\/v2\/edition?post=16366"}],"curies":[{"name":"wp","href":"https:\/\/api.w.org\/{rel}","templated":true}]}}