{"id":205174,"date":"2025-09-17T16:59:08","date_gmt":"2025-09-17T14:59:08","guid":{"rendered":"https:\/\/www.logisticsautomationmadrid.com\/?p=205174"},"modified":"2025-09-17T16:59:08","modified_gmt":"2025-09-17T14:59:08","slug":"over-80-new-exhibitors-immersive-activities-and-the-first-edition-of-the-esg-commitment-award-are-among-the-main-highlights-of-its-2025-edition","status":"publish","type":"post","link":"https:\/\/www.logisticsautomationmadrid.com\/en\/2025\/09\/17\/over-80-new-exhibitors-immersive-activities-and-the-first-edition-of-the-esg-commitment-award-are-among-the-main-highlights-of-its-2025-edition\/","title":{"rendered":"Over 80 new exhibitors, immersive activities, and the first edition of the ESG Commitment Award are among the main highlights of its 2025 edition."},"content":{"rendered":"\t\t<div data-elementor-type=\"wp-post\" data-elementor-id=\"205174\" class=\"elementor elementor-205174 elementor-205173\" data-elementor-post-type=\"post\">\n\t\t\t\t\t\t<section class=\"elementor-section elementor-top-section elementor-element elementor-element-0d9c4a1 elementor-section-stretched elementor-section-boxed elementor-section-height-default elementor-section-height-default\" data-id=\"0d9c4a1\" data-element_type=\"section\" data-settings=\"{&quot;background_background&quot;:&quot;classic&quot;,&quot;stretch_section&quot;:&quot;section-stretched&quot;}\">\n\t\t\t\t\t\t<div class=\"elementor-container elementor-column-gap-default\">\n\t\t\t\t\t<div class=\"elementor-column elementor-col-100 elementor-top-column elementor-element elementor-element-ac57cca\" data-id=\"ac57cca\" data-element_type=\"column\">\n\t\t\t<div class=\"elementor-widget-wrap elementor-element-populated\">\n\t\t\t\t\t\t<section class=\"elementor-section elementor-inner-section elementor-element elementor-element-8781f24 elementor-reverse-tablet elementor-reverse-mobile elementor-section-boxed elementor-section-height-default elementor-section-height-default\" data-id=\"8781f24\" data-element_type=\"section\" data-settings=\"{&quot;background_background&quot;:&quot;classic&quot;}\">\n\t\t\t\t\t\t<div class=\"elementor-container elementor-column-gap-wide\">\n\t\t\t\t\t<div class=\"elementor-column elementor-col-100 elementor-inner-column elementor-element elementor-element-9015fb7\" data-id=\"9015fb7\" data-element_type=\"column\" data-settings=\"{&quot;background_background&quot;:&quot;classic&quot;}\">\n\t\t\t<div class=\"elementor-widget-wrap elementor-element-populated\">\n\t\t\t\t\t\t<div class=\"elementor-element elementor-element-5d63bc9 elementor-widget elementor-widget-theme-post-title elementor-page-title elementor-widget-heading\" data-id=\"5d63bc9\" data-element_type=\"widget\" data-widget_type=\"theme-post-title.default\">\n\t\t\t\t<div class=\"elementor-widget-container\">\n\t\t\t\t\t<h1 class=\"elementor-heading-title elementor-size-default\">Over 80 new exhibitors, immersive activities, and the first edition of the ESG Commitment Award are among the main highlights of its 2025 edition.<\/h1>\t\t\t\t<\/div>\n\t\t\t\t<\/div>\n\t\t\t\t<div class=\"elementor-element elementor-element-57db44c elementor-align-left elementor-widget elementor-widget-post-info\" data-id=\"57db44c\" data-element_type=\"widget\" data-widget_type=\"post-info.default\">\n\t\t\t\t<div class=\"elementor-widget-container\">\n\t\t\t\t\t\t\t<ul class=\"elementor-inline-items elementor-icon-list-items elementor-post-info\">\n\t\t\t\t\t\t\t\t<li class=\"elementor-icon-list-item elementor-repeater-item-62990f6 elementor-inline-item\" itemprop=\"datePublished\">\n\t\t\t\t\t\t<a href=\"https:\/\/www.logisticsautomationmadrid.com\/en\/2025\/09\/17\/\">\n\t\t\t\t\t\t\t\t\t\t\t<span class=\"elementor-icon-list-icon\">\n\t\t\t\t\t\t\t\t<i aria-hidden=\"true\" class=\"fas fa-calendar\"><\/i>\t\t\t\t\t\t\t<\/span>\n\t\t\t\t\t\t\t\t\t<span class=\"elementor-icon-list-text elementor-post-info__item elementor-post-info__item--type-date\">\n\t\t\t\t\t\t\t\t\t\t<time>September 17, 2025<\/time>\t\t\t\t\t<\/span>\n\t\t\t\t\t\t\t\t\t<\/a>\n\t\t\t\t<\/li>\n\t\t\t\t<\/ul>\n\t\t\t\t\t\t<\/div>\n\t\t\t\t<\/div>\n\t\t\t\t\t<\/div>\n\t\t<\/div>\n\t\t\t\t\t<\/div>\n\t\t<\/section>\n\t\t\t\t<section class=\"elementor-section elementor-inner-section elementor-element elementor-element-a0a9333 elementor-section-boxed elementor-section-height-default elementor-section-height-default\" data-id=\"a0a9333\" data-element_type=\"section\" data-settings=\"{&quot;background_background&quot;:&quot;classic&quot;}\">\n\t\t\t\t\t\t<div class=\"elementor-container elementor-column-gap-default\">\n\t\t\t\t\t<div class=\"elementor-column elementor-col-100 elementor-inner-column elementor-element elementor-element-d9003a5\" data-id=\"d9003a5\" data-element_type=\"column\">\n\t\t\t<div class=\"elementor-widget-wrap elementor-element-populated\">\n\t\t\t\t\t\t<div class=\"elementor-element elementor-element-b8fbe78 elementor-widget elementor-widget-text-editor\" data-id=\"b8fbe78\" data-element_type=\"widget\" data-widget_type=\"text-editor.default\">\n\t\t\t\t<div class=\"elementor-widget-container\">\n\t\t\t\t\t\t\t\t\t<ul>\n<li data-start=\"110\" data-end=\"260\"><strong>The Best ESG Exhibitor Initiative Award will recognise, in its first edition, the best practices in sustainability, social impact, and governance.<\/strong><\/li>\n<li data-start=\"262\" data-end=\"411\"><strong>The addition of new areas, such as the Immersive Logistics Area and the Artificial Intelligence Space, will transform the visitor experience.<\/strong><\/li>\n<li data-start=\"413\" data-end=\"569\"><strong>The 2025 edition will also offer a broader and more diverse exhibition, with over 80 new companies already confirmed just three months before the event.<\/strong><\/li>\n<\/ul>\n\t\t\t\t\t\t\t\t<\/div>\n\t\t\t\t<\/div>\n\t\t\t\t<div class=\"elementor-element elementor-element-b8fed4e elementor-widget elementor-widget-image\" data-id=\"b8fed4e\" data-element_type=\"widget\" data-widget_type=\"image.default\">\n\t\t\t\t<div class=\"elementor-widget-container\">\n\t\t\t\t\t\t\t\t\t\t\t\t\t\t\t<img fetchpriority=\"high\" decoding=\"async\" width=\"768\" height=\"512\" src=\"https:\/\/easyfairsassets.com\/sites\/84\/2025\/07\/Diseno-sin-titulo-4-768x512.png\" class=\"attachment-medium_large size-medium_large wp-image-194461\" alt=\"fotos onsite edici\u00f3n 2025 general panor\u00e1mica\" srcset=\"https:\/\/easyfairsassets.com\/sites\/84\/2025\/07\/Diseno-sin-titulo-4-768x512.png 768w, https:\/\/easyfairsassets.com\/sites\/84\/2025\/07\/Diseno-sin-titulo-4-300x200.png 300w, https:\/\/easyfairsassets.com\/sites\/84\/2025\/07\/Diseno-sin-titulo-4-1024x683.png 1024w, https:\/\/easyfairsassets.com\/sites\/84\/2025\/07\/Diseno-sin-titulo-4-1536x1024.png 1536w, https:\/\/easyfairsassets.com\/sites\/84\/2025\/07\/Diseno-sin-titulo-4.png 1920w\" sizes=\"(max-width: 768px) 100vw, 768px\" \/>\t\t\t\t\t\t\t\t\t\t\t\t\t\t\t<\/div>\n\t\t\t\t<\/div>\n\t\t\t\t<div class=\"elementor-element elementor-element-0fd250f elementor-widget elementor-widget-text-editor\" data-id=\"0fd250f\" data-element_type=\"widget\" data-widget_type=\"text-editor.default\">\n\t\t\t\t<div class=\"elementor-widget-container\">\n\t\t\t\t\t\t\t\t\t<p data-start=\"69\" data-end=\"545\"><strong data-start=\"69\" data-end=\"545\">Madrid, 8 July 2025 <\/strong>\u2013 Easyfairs continues to unveil details of what promises to be one of the most ambitious editions yet of <strong>Empack, Logistics &amp; Automation and Logistics &amp; Industrial Build<\/strong>. These events will take place on <strong>15\u201316 October in Halls 8 and 10 at IFEMA Madrid<\/strong>. Following the launch of registration in May, organisers are now sharing key highlights from this year\u2019s edition, which is expected to surpass previous records in participation, innovation, and content.<\/p>\n<h3 data-start=\"552\" data-end=\"597\">Over 80 New Exhibitors Join the Line-up<\/h3>\n<p><\/p>\n<p data-start=\"598\" data-end=\"1256\">The exhibition ecosystem continues to expand. This year, more than 80 new exhibitors will participate across the three fairs, reinforcing their role as unmissable events for the packaging, logistics, transport, and industrial construction sectors. New names include Luminia Advanced Lighting, Soprema, Ankutsan Packaging, Dobot Europe, Rehrig Pacific Company, Alerce Group, Mujin Europe, Thunderbook, Wiferion \u2013 a PULS brand, Yunbit, Zikoo Robotics, and Sunlight Bater\u00edas Espa\u00f1a, among many others. This diversity reflects the sector\u2019s dynamism and companies\u2019 commitment to showcasing their latest solutions in a professional, highly specialised environment.<\/p>\n<h3 data-start=\"1263\" data-end=\"1320\">Introducing the\u202fBest ESG Exhibitor Initiative Award<\/h3>\n<p><\/p>\n<p data-start=\"1321\" data-end=\"1955\">A major new feature this year is the inaugural &#8220;<strong data-start=\"1368\" data-end=\"1407\"><em>Best ESG Exhibitor Initiative Award<\/em>&#8220;<\/strong>, a programme by Easyfairs designed to recognise exhibitors demonstrating excellence in environmental, social, and governance (ESG) initiatives. The award will celebrate best practices in sustainability, organisational wellbeing, responsible innovation, and social impact. Judging criteria include strategic alignment, stakeholder engagement, outcomes achieved, and impact delivered. The awards ceremony will be held on Thursday 16 October at 16:00 in the Congress Hall of Pavilion 8, where three finalists\u2014one per fair\u2014will present their projects.<\/p>\n<h3 data-start=\"1962\" data-end=\"2009\">Immersive Tech Zones &amp; Fresh Themed Areas<\/h3>\n<p><\/p>\n<p data-start=\"2010\" data-end=\"2471\">Logistics &amp; Automation\u2019s commitment to innovation is being further strengthened with a brand new <strong data-start=\"2107\" data-end=\"2135\">Immersive Logistics Area<\/strong>\u2014where attendees can experience cutting-edge logistics technology. In this zone, Dronomy and Optynamics will showcase <strong data-start=\"2253\" data-end=\"2266\">WareCoper<\/strong>: an inventory-management system using autonomous drones paired with a 3D digital twin. Thanks to real-time integration via Unity VR, attendees can view product locations interactively through VR headsets.<\/p>\n<p><\/p>\n<p data-start=\"2473\" data-end=\"2700\">Meanwhile, the <strong data-start=\"2488\" data-end=\"2520\">Artificial Intelligence zone<\/strong> will feature companies like Shiptify, Aunoa, Labware, b2wise, and Deister Software, showing how AI is transforming logistics, industrial automation, and real-time decision-making.<\/p>\n<p><\/p>\n<p data-start=\"2702\" data-end=\"3024\">At Empack, a completely redesigned <strong data-start=\"2737\" data-end=\"2756\">Design District<\/strong>\u2014curated with AEBRAND\u2014will spotlight the latest in packaging design solutions. Additionally, the upcoming <strong data-start=\"2862\" data-end=\"2876\">Live Tours<\/strong>, led by the Packaging Cluster, will incorporate storytelling elements and focus on two themes: Packaging Innovations &amp; Sustainability in Packaging.<\/p>\n<h3 data-start=\"3031\" data-end=\"3096\">Sustainable Show Highlights in Logistics &amp; Industrial Build<\/h3>\n<p><\/p>\n<p data-start=\"3097\" data-end=\"3436\">In a nod to circular innovation, the Logistics &amp; Industrial Build area\u2014developed in partnership with Murarte\u2014will feature applications of used tyres in industrial environments. This sustainable, technology-driven solution offers benefits beyond aesthetics, such as reducing vandalism, lowering maintenance costs, and improving air quality.<\/p>\n<h3 data-start=\"3443\" data-end=\"3466\">Free Registration<\/h3>\n<p><\/p>\n<ul data-start=\"3467\" data-end=\"3537\">\n<li data-start=\"3467\" data-end=\"3477\">\n<p data-start=\"3469\" data-end=\"3477\"><a href=\"http:\/\/www.empackmadrid.com\/es\/?actioncode=EVER1\">Empack<\/a><\/p>\n<\/li>\n<li data-start=\"3478\" data-end=\"3504\">\n<p data-start=\"3480\" data-end=\"3504\"><a href=\"https:\/\/www.logisticsautomationmadrid.com\/es\/?actioncode=EVER1\">Logistics &amp; Automation<\/a><\/p>\n<\/li>\n<li data-start=\"3505\" data-end=\"3537\">\n<p data-start=\"3507\" data-end=\"3537\"><a href=\"https:\/\/www.logisticindustrialbuildmadrid.com\/?actioncode=EVER1\">Logistics &amp; Industrial Build<\/a><\/p>\n<\/li>\n<\/ul>\n\t\t\t\t\t\t\t\t<\/div>\n\t\t\t\t<\/div>\n\t\t\t\t<div class=\"elementor-element elementor-element-6ddee14 elementor-widget elementor-widget-image\" data-id=\"6ddee14\" data-element_type=\"widget\" data-widget_type=\"image.default\">\n\t\t\t\t<div class=\"elementor-widget-container\">\n\t\t\t\t\t\t\t\t\t\t\t\t\t\t\t<img decoding=\"async\" width=\"800\" height=\"534\" src=\"https:\/\/easyfairsassets.com\/sites\/84\/2025\/07\/Diseno-sin-titulo-3-1024x683.png\" class=\"attachment-large size-large wp-image-194463\" alt=\"fotos onsite edici\u00f3n 2025 conexi\u00f3n touches\" srcset=\"https:\/\/easyfairsassets.com\/sites\/84\/2025\/07\/Diseno-sin-titulo-3-1024x683.png 1024w, https:\/\/easyfairsassets.com\/sites\/84\/2025\/07\/Diseno-sin-titulo-3-300x200.png 300w, https:\/\/easyfairsassets.com\/sites\/84\/2025\/07\/Diseno-sin-titulo-3-768x512.png 768w, https:\/\/easyfairsassets.com\/sites\/84\/2025\/07\/Diseno-sin-titulo-3-1536x1024.png 1536w, https:\/\/easyfairsassets.com\/sites\/84\/2025\/07\/Diseno-sin-titulo-3.png 1920w\" sizes=\"(max-width: 800px) 100vw, 800px\" \/>\t\t\t\t\t\t\t\t\t\t\t\t\t\t\t<\/div>\n\t\t\t\t<\/div>\n\t\t\t\t<div class=\"elementor-element elementor-element-43b383c elementor-widget elementor-widget-text-editor\" data-id=\"43b383c\" data-element_type=\"widget\" data-widget_type=\"text-editor.default\">\n\t\t\t\t<div class=\"elementor-widget-container\">\n\t\t\t\t\t\t\t\t\t<p><strong>About Easyfairs<\/strong><\/p>\n<p>Easyfairs organises events as <strong>meeting points for communities wishing to visit the future.<\/strong><\/p>\n<p>We currently organise 110 face-to-face events in 12 countries (Algeria, Belgium, Finland, France, Germany, Italy, the Netherlands, Portugal, Spain, Sweden, Switzerland and the UK) and manage eight exhibition venues in Belgium, the Netherlands and Sweden (Antwerp, Ghent, Mechelen-North Brussels, Namur, Gorinchem, Hardenberg, Malm\u00f6 and Stockholm).<\/p>\n<p>We are passionate about \u2018making life easier\u2019 for our clients and increasing the return on their investment and time through our all-in formulas, advanced technology and customer-centric strategy. <strong>Our digital offering also provides<\/strong> <strong>these communities with excellent opportunities for effective networking<\/strong> and year-round business.<\/p>\n<p>The Easyfairs Group employs more than 800 highly engaged talents, implements best-in-class marketing and technology tools and develops brands with strong appeal to our stakeholders.<\/p>\n<p>For the sixth consecutive year, in 2024, Deloitte once again awarded Easyfairs the status of \u2018Best Managed Company\u2019.<\/p>\n<p>We are proud to be ranked as the 11th largest trade fair organiser in the world, according to the annual ranking by STAX Consulting.<\/p>\n<p>Visit the future with Easyfairs and find out more at <a href=\"https:\/\/www.easyfairs.com\/\">www.easyfairsgroup.com.<\/a><\/p>\n\t\t\t\t\t\t\t\t<\/div>\n\t\t\t\t<\/div>\n\t\t\t\t\t<\/div>\n\t\t<\/div>\n\t\t\t\t\t<\/div>\n\t\t<\/section>\n\t\t\t\t<section class=\"elementor-section elementor-inner-section elementor-element elementor-element-379e76a elementor-section-boxed elementor-section-height-default elementor-section-height-default\" data-id=\"379e76a\" data-element_type=\"section\" data-settings=\"{&quot;background_background&quot;:&quot;classic&quot;}\">\n\t\t\t\t\t\t<div class=\"elementor-container elementor-column-gap-wide\">\n\t\t\t\t\t<div class=\"elementor-column elementor-col-100 elementor-inner-column elementor-element elementor-element-5362b5b\" data-id=\"5362b5b\" data-element_type=\"column\" data-settings=\"{&quot;background_background&quot;:&quot;classic&quot;}\">\n\t\t\t<div class=\"elementor-widget-wrap elementor-element-populated\">\n\t\t\t\t\t\t<div class=\"elementor-element elementor-element-08e580d elementor-widget elementor-widget-heading\" data-id=\"08e580d\" data-element_type=\"widget\" data-widget_type=\"heading.default\">\n\t\t\t\t<div class=\"elementor-widget-container\">\n\t\t\t\t\t<p class=\"elementor-heading-title elementor-size-default\">Share<\/p>\t\t\t\t<\/div>\n\t\t\t\t<\/div>\n\t\t\t\t<div class=\"elementor-element elementor-element-707fd25 elementor-share-buttons--view-icon elementor-share-buttons--shape-circle elementor-share-buttons--color-custom elementor-share-buttons--skin-minimal elementor-grid-0 elementor-widget elementor-widget-share-buttons\" data-id=\"707fd25\" data-element_type=\"widget\" data-widget_type=\"share-buttons.default\">\n\t\t\t\t<div class=\"elementor-widget-container\">\n\t\t\t\t\t\t\t<div class=\"elementor-grid\" role=\"list\">\n\t\t\t\t\t\t\t\t<div class=\"elementor-grid-item\" role=\"listitem\">\n\t\t\t\t\t\t<div class=\"elementor-share-btn elementor-share-btn_email\" role=\"button\" tabindex=\"0\" aria-label=\"Share on email\">\n\t\t\t\t\t\t\t\t\t\t\t\t\t\t\t<span class=\"elementor-share-btn__icon\">\n\t\t\t\t\t\t\t\t<i class=\"fas fa-envelope\" aria-hidden=\"true\"><\/i>\t\t\t\t\t\t\t<\/span>\n\t\t\t\t\t\t\t\t\t\t\t\t\t\t\t\t\t\t\t\t<\/div>\n\t\t\t\t\t<\/div>\n\t\t\t\t\t\t\t\t\t<div class=\"elementor-grid-item\" role=\"listitem\">\n\t\t\t\t\t\t<div class=\"elementor-share-btn elementor-share-btn_twitter\" role=\"button\" tabindex=\"0\" aria-label=\"Share on twitter\">\n\t\t\t\t\t\t\t\t\t\t\t\t\t\t\t<span class=\"elementor-share-btn__icon\">\n\t\t\t\t\t\t\t\t<i class=\"fab fa-twitter\" aria-hidden=\"true\"><\/i>\t\t\t\t\t\t\t<\/span>\n\t\t\t\t\t\t\t\t\t\t\t\t\t\t\t\t\t\t\t\t<\/div>\n\t\t\t\t\t<\/div>\n\t\t\t\t\t\t\t\t\t<div class=\"elementor-grid-item\" role=\"listitem\">\n\t\t\t\t\t\t<div class=\"elementor-share-btn elementor-share-btn_linkedin\" role=\"button\" tabindex=\"0\" aria-label=\"Share on linkedin\">\n\t\t\t\t\t\t\t\t\t\t\t\t\t\t\t<span class=\"elementor-share-btn__icon\">\n\t\t\t\t\t\t\t\t<i class=\"fab fa-linkedin\" aria-hidden=\"true\"><\/i>\t\t\t\t\t\t\t<\/span>\n\t\t\t\t\t\t\t\t\t\t\t\t\t\t\t\t\t\t\t\t<\/div>\n\t\t\t\t\t<\/div>\n\t\t\t\t\t\t\t\t\t<div class=\"elementor-grid-item\" role=\"listitem\">\n\t\t\t\t\t\t<div class=\"elementor-share-btn elementor-share-btn_whatsapp\" role=\"button\" tabindex=\"0\" aria-label=\"Share on whatsapp\">\n\t\t\t\t\t\t\t\t\t\t\t\t\t\t\t<span class=\"elementor-share-btn__icon\">\n\t\t\t\t\t\t\t\t<i class=\"fab fa-whatsapp\" aria-hidden=\"true\"><\/i>\t\t\t\t\t\t\t<\/span>\n\t\t\t\t\t\t\t\t\t\t\t\t\t\t\t\t\t\t\t\t<\/div>\n\t\t\t\t\t<\/div>\n\t\t\t\t\t\t<\/div>\n\t\t\t\t\t\t<\/div>\n\t\t\t\t<\/div>\n\t\t\t\t\t<\/div>\n\t\t<\/div>\n\t\t\t\t\t<\/div>\n\t\t<\/section>\n\t\t\t\t\t<\/div>\n\t\t<\/div>\n\t\t\t\t\t<\/div>\n\t\t<\/section>\n\t\t\t\t<\/div>\n\t\t","protected":false},"excerpt":{"rendered":"<p class=\"MsoListParagraphCxSpFirst\" style=\"text-align: justify; text-indent: -18.0pt; mso-list: l0 level1 lfo1;\"><!-- [if !supportLists]--><span style=\"font-size: 10.0pt; line-height: 107%; font-family: Symbol; mso-fareast-font-family: Symbol; mso-bidi-font-family: Symbol; mso-font-kerning: 0pt; mso-ligatures: none; mso-bidi-font-style: italic;\"><span style=\"mso-list: Ignore;\">\u00b7<span style=\"font: 7.0pt 'Times New Roman';\">\u00a0\u00a0\u00a0\u00a0\u00a0\u00a0 <\/span><\/span><\/span><!--[endif]--><b style=\"mso-bidi-font-weight: normal;\"><i><span style=\"font-size: 10.0pt; line-height: 107%; font-family: 'Trebuchet MS',sans-serif; mso-fareast-font-family: Calibri; mso-bidi-font-family: 'Times New Roman'; mso-font-kerning: 0pt; mso-ligatures: none;\">Celebradas en IFEMA, ambas ferias han contado con la participaci\u00f3n de m\u00e1s de 360 empresas expositoras de los sectores del packaging, la log\u00edstica y el transporte, registrando 38.361 interacciones comerciales.<\/span><\/i><\/b><\/p>\n<p class=\"MsoListParagraphCxSpMiddle\" style=\"text-align: justify; text-indent: -18.0pt; mso-list: l0 level1 lfo1;\"><!-- [if !supportLists]--><span style=\"font-size: 10.0pt; line-height: 107%; font-family: Symbol; mso-fareast-font-family: Symbol; mso-bidi-font-family: Symbol; mso-font-kerning: 0pt; mso-ligatures: none; mso-bidi-font-style: italic;\"><span style=\"mso-list: Ignore;\">\u00b7<span style=\"font: 7.0pt 'Times New Roman';\">\u00a0\u00a0\u00a0\u00a0\u00a0\u00a0 <\/span><\/span><\/span><!--[endif]--><b style=\"mso-bidi-font-weight: normal;\"><i><span style=\"font-size: 10.0pt; line-height: 107%; font-family: 'Trebuchet MS',sans-serif; mso-fareast-font-family: Calibri; mso-bidi-font-family: 'Times New Roman'; mso-font-kerning: 0pt; mso-ligatures: none;\">En total, han ocupado m\u00e1s de 20.500 metros cuadrados de exposici\u00f3n, un 6 % m\u00e1s que el a\u00f1o anterior, subrayando su creciente impacto econ\u00f3mico.<\/span><\/i><\/b><\/p>\n<p class=\"MsoListParagraphCxSpLast\" style=\"text-align: justify; text-indent: -18.0pt; mso-list: l0 level1 lfo1;\"><!-- [if !supportLists]--><span style=\"font-size: 10.0pt; line-height: 107%; font-family: Symbol; mso-fareast-font-family: Symbol; mso-bidi-font-family: Symbol; mso-font-kerning: 0pt; mso-ligatures: none; mso-bidi-font-style: italic;\"><span style=\"mso-list: Ignore;\">\u00b7<span style=\"font: 7.0pt 'Times New Roman';\">\u00a0\u00a0\u00a0\u00a0\u00a0\u00a0 <\/span><\/span><\/span><!--[endif]--><b style=\"mso-bidi-font-weight: normal;\"><i><span style=\"font-size: 10.0pt; line-height: 107%; font-family: 'Trebuchet MS',sans-serif; mso-fareast-font-family: Calibri; mso-bidi-font-family: 'Times New Roman'; mso-font-kerning: 0pt; mso-ligatures: none;\">\u201cEstas cifras r\u00e9cord no solo indican el \u00e9xito del sal\u00f3n, sino tambi\u00e9n el estado actual y el potencial de crecimiento de los sectores del packaging y la log\u00edstica en Espa\u00f1a\u201d, afirma Oscar Barranco, director general de Easyfairs Iberia.<\/span><\/i><\/b><\/p>\n","protected":false},"author":992,"featured_media":0,"comment_status":"open","ping_status":"open","sticky":false,"template":"elementor_header_footer","format":"standard","meta":{"_seopress_robots_primary_cat":"none","_seopress_titles_title":"Over 80 new exhibitors, immersive activities, and the first edition of the ESG Commitment Award are among the main highlights of its 2025 edition.","_seopress_titles_desc":"Easyfairs continues to reveal details of what promises to be one of the most ambitious editions of Empack, L&A, and LIB..","_seopress_robots_index":"","footnotes":""},"categories":[344],"tags":[2931,1005,2932,859,701],"edition":[],"class_list":["post-205174","post","type-post","status-publish","format-standard","hentry","category-press-release","tag-2025-edition","tag-congreso-en","tag-esg-en","tag-ferias-en","tag-logistics-automation-en"],"_links":{"self":[{"href":"https:\/\/www.logisticsautomationmadrid.com\/en\/wp-json\/wp\/v2\/posts\/205174","targetHints":{"allow":["GET"]}}],"collection":[{"href":"https:\/\/www.logisticsautomationmadrid.com\/en\/wp-json\/wp\/v2\/posts"}],"about":[{"href":"https:\/\/www.logisticsautomationmadrid.com\/en\/wp-json\/wp\/v2\/types\/post"}],"author":[{"embeddable":true,"href":"https:\/\/www.logisticsautomationmadrid.com\/en\/wp-json\/wp\/v2\/users\/992"}],"replies":[{"embeddable":true,"href":"https:\/\/www.logisticsautomationmadrid.com\/en\/wp-json\/wp\/v2\/comments?post=205174"}],"version-history":[{"count":1,"href":"https:\/\/www.logisticsautomationmadrid.com\/en\/wp-json\/wp\/v2\/posts\/205174\/revisions"}],"predecessor-version":[{"id":205175,"href":"https:\/\/www.logisticsautomationmadrid.com\/en\/wp-json\/wp\/v2\/posts\/205174\/revisions\/205175"}],"wp:attachment":[{"href":"https:\/\/www.logisticsautomationmadrid.com\/en\/wp-json\/wp\/v2\/media?parent=205174"}],"wp:term":[{"taxonomy":"category","embeddable":true,"href":"https:\/\/www.logisticsautomationmadrid.com\/en\/wp-json\/wp\/v2\/categories?post=205174"},{"taxonomy":"post_tag","embeddable":true,"href":"https:\/\/www.logisticsautomationmadrid.com\/en\/wp-json\/wp\/v2\/tags?post=205174"},{"taxonomy":"edition","embeddable":true,"href":"https:\/\/www.logisticsautomationmadrid.com\/en\/wp-json\/wp\/v2\/edition?post=205174"}],"curies":[{"name":"wp","href":"https:\/\/api.w.org\/{rel}","templated":true}]}}