{"id":37433,"date":"2022-01-31T10:14:15","date_gmt":"2022-01-31T09:14:15","guid":{"rendered":"https:\/\/www.logisticsautomationmadrid.com\/?p=37433"},"modified":"2022-02-02T11:02:33","modified_gmt":"2022-02-02T10:02:33","slug":"los-combustibles-alternativos-para-la-aviacion-se-abren-paso-para-reducir-emisiones","status":"publish","type":"post","link":"https:\/\/www.logisticsautomationmadrid.com\/en\/2022\/01\/31\/los-combustibles-alternativos-para-la-aviacion-se-abren-paso-para-reducir-emisiones\/","title":{"rendered":"Los combustibles alternativos para la aviaci\u00f3n se abren paso para reducir emisiones"},"content":{"rendered":"\t\t<div data-elementor-type=\"wp-post\" data-elementor-id=\"37433\" class=\"elementor elementor-37433 elementor-37432\" data-elementor-post-type=\"post\">\n\t\t\t\t\t\t<section class=\"elementor-section elementor-top-section elementor-element elementor-element-71165a61 elementor-section-boxed elementor-section-height-default elementor-section-height-default\" data-id=\"71165a61\" data-element_type=\"section\" data-e-type=\"section\">\n\t\t\t\t\t\t<div class=\"elementor-container elementor-column-gap-default\">\n\t\t\t\t\t<div class=\"elementor-column elementor-col-50 elementor-top-column elementor-element elementor-element-365ebd54\" data-id=\"365ebd54\" data-element_type=\"column\" data-e-type=\"column\">\n\t\t\t<div class=\"elementor-widget-wrap elementor-element-populated\">\n\t\t\t\t\t\t<div class=\"elementor-element elementor-element-08b1280 elementor-invisible elementor-widget elementor-widget-heading\" data-id=\"08b1280\" data-element_type=\"widget\" data-e-type=\"widget\" data-settings=\"{&quot;_animation&quot;:&quot;fadeIn&quot;}\" data-widget_type=\"heading.default\">\n\t\t\t\t<div class=\"elementor-widget-container\">\n\t\t\t\t\t<h1 class=\"elementor-heading-title elementor-size-default\">Los combustibles alternativos para la aviaci\u00f3n se abren paso para reducir emisiones<\/h1>\t\t\t\t<\/div>\n\t\t\t\t<\/div>\n\t\t\t\t<div class=\"elementor-element elementor-element-c359a2d elementor-widget elementor-widget-text-editor\" data-id=\"c359a2d\" data-element_type=\"widget\" data-e-type=\"widget\" data-settings=\"{&quot;_animation&quot;:&quot;none&quot;}\" data-widget_type=\"text-editor.default\">\n\t\t\t\t<div class=\"elementor-widget-container\">\n\t\t\t\t\t\t\t\t\t<div class=\"col-xs-12 col-lg-offset-2 col-lg-8\">\n<div class=\"intro__box\">\n<div id=\"c321340\" class=\"content-text content-text--type-1 content-element\">\n<p><strong>Se multiplican anuncios de uso y producci\u00f3n de estos carburantes, que son clave para cumplir los objetivos sostenibles del sector a\u00e9reo.<\/strong><\/p>\n<\/div>\n<\/div>\n<\/div>\n\t\t\t\t\t\t\t\t<\/div>\n\t\t\t\t<\/div>\n\t\t\t\t<div class=\"elementor-element elementor-element-72808c1 elementor-widget elementor-widget-image\" data-id=\"72808c1\" data-element_type=\"widget\" data-e-type=\"widget\" data-widget_type=\"image.default\">\n\t\t\t\t<div class=\"elementor-widget-container\">\n\t\t\t\t\t\t\t\t\t\t\t\t\t\t\t<img fetchpriority=\"high\" decoding=\"async\" width=\"800\" height=\"450\" src=\"https:\/\/easyfairsassets.com\/sites\/84\/2021\/11\/Air-France-vuelo-biocombustible-Airbus-A350-e1635334662229-1024x576.jpg\" class=\"attachment-large size-large wp-image-37444\" alt=\"\" srcset=\"https:\/\/easyfairsassets.com\/sites\/84\/2021\/11\/Air-France-vuelo-biocombustible-Airbus-A350-e1635334662229-1024x576.jpg 1024w, https:\/\/easyfairsassets.com\/sites\/84\/2021\/11\/Air-France-vuelo-biocombustible-Airbus-A350-e1635334662229-300x169.jpg 300w, https:\/\/easyfairsassets.com\/sites\/84\/2021\/11\/Air-France-vuelo-biocombustible-Airbus-A350-e1635334662229-768x432.jpg 768w, https:\/\/easyfairsassets.com\/sites\/84\/2021\/11\/Air-France-vuelo-biocombustible-Airbus-A350-e1635334662229.jpg 1200w\" sizes=\"(max-width: 800px) 100vw, 800px\" \/>\t\t\t\t\t\t\t\t\t\t\t\t\t\t\t<\/div>\n\t\t\t\t<\/div>\n\t\t\t\t<div class=\"elementor-element elementor-element-833bc91 elementor-widget elementor-widget-text-editor\" data-id=\"833bc91\" data-element_type=\"widget\" data-e-type=\"widget\" data-settings=\"{&quot;_animation&quot;:&quot;none&quot;}\" data-widget_type=\"text-editor.default\">\n\t\t\t\t<div class=\"elementor-widget-container\">\n\t\t\t\t\t\t\t\t\t<div class=\"col-xs-12 col-lg-offset-2 col-lg-8\">\n<div class=\"intro__box\">\n<div id=\"c321340\" class=\"content-text content-text--type-1 content-element\">\n<p>Optar por el uso de combustibles alternativos para la aviaci\u00f3n (SAF) o biocombustibles se ha convertido en una necesidad ineludible para disminuir emisiones. Aunque otros modos de transporte,\u00a0<a href=\"https:\/\/elmercantil.com\/2021\/07\/13\/diversas-asociaciones-defienden-el-papel-de-los-ecocombustibles-en-la-transicion-energetica\/\">como la carretera<\/a>, avanzan m\u00e1s r\u00e1pido en la consecuci\u00f3n de plazos marcados por las instituciones europeas, el sector a\u00e9reo est\u00e1 dando sus primeros pasos de manera estable para reducir sus emisiones de CO2 hasta alcanzar la neutralidad en carbono en 2050. Se trata de un objetivo muy ambicioso para un sector que suma el 2% de las emisiones globales contaminantes de la cadena de suministro. Las aerol\u00edneas est\u00e1n apostando por el combustible sostenible para incorporarlo de manera escalonada a sus viajes y las compa\u00f1\u00edas energ\u00e9ticas est\u00e1n afianzando sus m\u00e9todos de producci\u00f3n para comercializar el SAF. Tambi\u00e9n se est\u00e1n dando pasos en Espa\u00f1a, donde ya se est\u00e1n comercializando algunos lotes de biojet y ya se ha visto el despegue del\u00a0<a href=\"https:\/\/elmercantil.com\/2020\/12\/23\/el-primer-vuelo-transoceanico-de-espana-con-combustible-sostenible-parte-de-zaragoza\/\">primer vuelo transoce\u00e1nico con SAF<\/a>\u00a0desde el Aeropuerto de Zaragoza hasta Ciudad de M\u00e9xico.<\/p>\n<blockquote class=\"quote-type\"><p>El objetivo fijado en Europa es alcanzar la neutralidad en carbono del sector a\u00e9reo en 2050<\/p><\/blockquote>\n<\/div>\n<\/div>\n<\/div>\n\t\t\t\t\t\t\t\t<\/div>\n\t\t\t\t<\/div>\n\t\t\t\t<div class=\"elementor-element elementor-element-402a187 elementor-widget elementor-widget-button\" data-id=\"402a187\" data-element_type=\"widget\" data-e-type=\"widget\" data-widget_type=\"button.default\">\n\t\t\t\t<div class=\"elementor-widget-container\">\n\t\t\t\t\t\t\t\t\t<div class=\"elementor-button-wrapper\">\n\t\t\t\t\t<a class=\"elementor-button elementor-button-link elementor-size-sm\" href=\"https:\/\/elmercantil.com\/2021\/11\/03\/los-combustibles-alternativos-para-la-aviacion-se-abren-paso-para-reducir-emisiones\/#:~:text=Con%20un%20inversi%C3%B3n%20de%20188,toneladas%20de%20CO2%20al%20a%C3%B1o.\" target=\"_blank\" rel=\"nofollow\">\n\t\t\t\t\t\t<span class=\"elementor-button-content-wrapper\">\n\t\t\t\t\t\t\t\t\t<span class=\"elementor-button-text\">Leer noticia completa<\/span>\n\t\t\t\t\t<\/span>\n\t\t\t\t\t<\/a>\n\t\t\t\t<\/div>\n\t\t\t\t\t\t\t\t<\/div>\n\t\t\t\t<\/div>\n\t\t\t\t\t<\/div>\n\t\t<\/div>\n\t\t\t\t<div class=\"elementor-column elementor-col-50 elementor-top-column elementor-element elementor-element-28f5464\" data-id=\"28f5464\" data-element_type=\"column\" data-e-type=\"column\">\n\t\t\t<div class=\"elementor-widget-wrap elementor-element-populated\">\n\t\t\t\t\t\t<div class=\"elementor-element elementor-element-ddb89d9 elementor-grid-1 elementor-posts--thumbnail-none elementor-grid-tablet-1 elementor-grid-mobile-1 elementor-widget elementor-widget-posts\" data-id=\"ddb89d9\" data-element_type=\"widget\" data-e-type=\"widget\" data-settings=\"{&quot;classic_columns&quot;:&quot;1&quot;,&quot;classic_row_gap&quot;:{&quot;unit&quot;:&quot;px&quot;,&quot;size&quot;:&quot;23&quot;,&quot;sizes&quot;:[]},&quot;classic_columns_tablet&quot;:&quot;1&quot;,&quot;_animation&quot;:&quot;none&quot;,&quot;classic_columns_mobile&quot;:&quot;1&quot;,&quot;classic_row_gap_tablet&quot;:{&quot;unit&quot;:&quot;px&quot;,&quot;size&quot;:&quot;&quot;,&quot;sizes&quot;:[]},&quot;classic_row_gap_mobile&quot;:{&quot;unit&quot;:&quot;px&quot;,&quot;size&quot;:&quot;&quot;,&quot;sizes&quot;:[]}}\" data-widget_type=\"posts.classic\">\n\t\t\t\t<div class=\"elementor-widget-container\">\n\t\t\t\t\t\t\t<div class=\"elementor-posts-container elementor-posts elementor-posts--skin-classic elementor-grid\" role=\"list\">\n\t\t\t\t<article class=\"elementor-post elementor-grid-item post-212974 post type-post status-publish format-standard has-post-thumbnail hentry category-ai-traceability-security category-blog-en category-logistics-intralogistics-warehousing category-robotics-automation category-transport-delivery-en tag-cambios-en tag-ia-en tag-ia-chief-officer-en tag-integration tag-inteligencia-artificial-en tag-positions tag-september tag-supply-chain-en tag-transporte-en\" role=\"listitem\">\n\t\t\t\t<div class=\"elementor-post__text\">\n\t\t\t\t<h3 class=\"elementor-post__title\">\n\t\t\t<a href=\"https:\/\/www.logisticsautomationmadrid.com\/en\/2026\/09\/02\/september-taking-a-forward-looking-fresh-look-at-the-supply-chain\/\" >\n\t\t\t\tSeptember: taking a forward-looking fresh look at the supply chain\t\t\t<\/a>\n\t\t<\/h3>\n\t\t\t\t<div class=\"elementor-post__excerpt\">\n\t\t\t<p>September always feels like something of a fresh start. We come back from our holidays, pick up our projects again, review our objectives and begin<\/p>\n\t\t<\/div>\n\t\t\n\t\t<a class=\"elementor-post__read-more\" href=\"https:\/\/www.logisticsautomationmadrid.com\/en\/2026\/09\/02\/september-taking-a-forward-looking-fresh-look-at-the-supply-chain\/\" aria-label=\"Read more about September: taking a forward-looking fresh look at the supply chain\" tabindex=\"-1\" >\n\t\t\tRead More \u00bb\t\t<\/a>\n\n\t\t\t\t<\/div>\n\t\t\t\t<\/article>\n\t\t\t\t<article class=\"elementor-post elementor-grid-item post-212985 post type-post status-publish format-standard has-post-thumbnail hentry category-ai-traceability-security category-blog-en category-logistics-intralogistics-warehousing\" role=\"listitem\">\n\t\t\t\t<div class=\"elementor-post__text\">\n\t\t\t\t<h3 class=\"elementor-post__title\">\n\t\t\t<a href=\"https:\/\/www.logisticsautomationmadrid.com\/en\/2026\/09\/02\/logistics-and-automation-will-offer-a-diverse-overview-of-warehouse-automation-technologies\/\" >\n\t\t\t\tLogistics and Automation will offer a diverse overview of warehouse automation technologies\t\t\t<\/a>\n\t\t<\/h3>\n\t\t\t\t<div class=\"elementor-post__excerpt\">\n\t\t\t<p>Logistics &amp; Automation will showcase a diverse range of warehouse automation technologies. In this environment, a trusted partner with proven integration and service capabilities is<\/p>\n\t\t<\/div>\n\t\t\n\t\t<a class=\"elementor-post__read-more\" href=\"https:\/\/www.logisticsautomationmadrid.com\/en\/2026\/09\/02\/logistics-and-automation-will-offer-a-diverse-overview-of-warehouse-automation-technologies\/\" aria-label=\"Read more about Logistics and Automation will offer a diverse overview of warehouse automation technologies\" tabindex=\"-1\" >\n\t\t\tRead More \u00bb\t\t<\/a>\n\n\t\t\t\t<\/div>\n\t\t\t\t<\/article>\n\t\t\t\t<article class=\"elementor-post elementor-grid-item post-212417 post type-post status-publish format-standard hentry category-press-release\" role=\"listitem\">\n\t\t\t\t<div class=\"elementor-post__text\">\n\t\t\t\t<h3 class=\"elementor-post__title\">\n\t\t\t<a href=\"https:\/\/www.logisticsautomationmadrid.com\/en\/2026\/07\/07\/the-uno-national-awards-for-logistics-leaders-are-being-held-for-the-seventh-time-at-logistics-automation\/\" >\n\t\t\t\tThe UNO National Awards for Logistics Leaders are being held for the seventh time at Logistics &#038; Automation\t\t\t<\/a>\n\t\t<\/h3>\n\t\t\t\t<div class=\"elementor-post__excerpt\">\n\t\t\t<p>The awards ceremony will take place on 11 November at IFEMA Madrid, coinciding with the first day of the trade fair. This year\u2019s edition introduces<\/p>\n\t\t<\/div>\n\t\t\n\t\t<a class=\"elementor-post__read-more\" href=\"https:\/\/www.logisticsautomationmadrid.com\/en\/2026\/07\/07\/the-uno-national-awards-for-logistics-leaders-are-being-held-for-the-seventh-time-at-logistics-automation\/\" aria-label=\"Read more about The UNO National Awards for Logistics Leaders are being held for the seventh time at Logistics &#038; Automation\" tabindex=\"-1\" >\n\t\t\tRead More \u00bb\t\t<\/a>\n\n\t\t\t\t<\/div>\n\t\t\t\t<\/article>\n\t\t\t\t<article class=\"elementor-post elementor-grid-item post-212329 post type-post status-publish format-standard has-post-thumbnail hentry category-blog-en category-logistics-intralogistics-warehousing category-transport-delivery-en category-uncategorized\" role=\"listitem\">\n\t\t\t\t<div class=\"elementor-post__text\">\n\t\t\t\t<h3 class=\"elementor-post__title\">\n\t\t\t<a href=\"https:\/\/www.logisticsautomationmadrid.com\/en\/2026\/07\/01\/the-eu-is-introducing-a-e3-charge-on-parcels-from-shein-and-temu-from-today-and-logistics-firms-warn-the-challenge-is-to-prevent-customs-from-becoming-overwhelmed\/\" >\n\t\t\t\tThe EU is introducing a \u20ac3 charge on parcels from Shein and Temu from today, and logistics firms warn: \u201cThe challenge is to prevent customs from becoming overwhelmed\u201d\t\t\t<\/a>\n\t\t<\/h3>\n\t\t\t\t<div class=\"elementor-post__excerpt\">\n\t\t\t<p>Brussels is ending a tax exemption that has benefited Asian platforms for years, whilst the sector is calling for an urgent modernisation of customs systems<\/p>\n\t\t<\/div>\n\t\t\n\t\t<a class=\"elementor-post__read-more\" href=\"https:\/\/www.logisticsautomationmadrid.com\/en\/2026\/07\/01\/the-eu-is-introducing-a-e3-charge-on-parcels-from-shein-and-temu-from-today-and-logistics-firms-warn-the-challenge-is-to-prevent-customs-from-becoming-overwhelmed\/\" aria-label=\"Read more about The EU is introducing a \u20ac3 charge on parcels from Shein and Temu from today, and logistics firms warn: \u201cThe challenge is to prevent customs from becoming overwhelmed\u201d\" tabindex=\"-1\" >\n\t\t\tRead More \u00bb\t\t<\/a>\n\n\t\t\t\t<\/div>\n\t\t\t\t<\/article>\n\t\t\t\t<\/div>\n\t\t\n\t\t\t\t\t\t<\/div>\n\t\t\t\t<\/div>\n\t\t\t\t<div class=\"elementor-element elementor-element-142798d6 elementor-widget-divider--view-line elementor-widget elementor-widget-divider\" data-id=\"142798d6\" data-element_type=\"widget\" data-e-type=\"widget\" data-widget_type=\"divider.default\">\n\t\t\t\t<div class=\"elementor-widget-container\">\n\t\t\t\t\t\t\t<div class=\"elementor-divider\">\n\t\t\t<span class=\"elementor-divider-separator\">\n\t\t\t\t\t\t<\/span>\n\t\t<\/div>\n\t\t\t\t\t\t<\/div>\n\t\t\t\t<\/div>\n\t\t\t\t\t<\/div>\n\t\t<\/div>\n\t\t\t\t\t<\/div>\n\t\t<\/section>\n\t\t\t\t<section class=\"elementor-section elementor-top-section elementor-element elementor-element-49136ec elementor-section-full_width elementor-section-height-default elementor-section-height-default\" data-id=\"49136ec\" data-element_type=\"section\" data-e-type=\"section\">\n\t\t\t\t\t\t<div class=\"elementor-container elementor-column-gap-default\">\n\t\t\t\t\t<div class=\"elementor-column elementor-col-100 elementor-top-column elementor-element elementor-element-4a08fcbd\" data-id=\"4a08fcbd\" data-element_type=\"column\" data-e-type=\"column\">\n\t\t\t<div class=\"elementor-widget-wrap elementor-element-populated\">\n\t\t\t\t\t\t<div class=\"elementor-element elementor-element-6c1ef897 elementor-widget-divider--view-line elementor-widget elementor-widget-divider\" data-id=\"6c1ef897\" data-element_type=\"widget\" data-e-type=\"widget\" data-widget_type=\"divider.default\">\n\t\t\t\t<div class=\"elementor-widget-container\">\n\t\t\t\t\t\t\t<div class=\"elementor-divider\">\n\t\t\t<span class=\"elementor-divider-separator\">\n\t\t\t\t\t\t<\/span>\n\t\t<\/div>\n\t\t\t\t\t\t<\/div>\n\t\t\t\t<\/div>\n\t\t\t\t<div class=\"elementor-element elementor-element-67dafb1c elementor-widget elementor-widget-text-editor\" data-id=\"67dafb1c\" data-element_type=\"widget\" data-e-type=\"widget\" data-widget_type=\"text-editor.default\">\n\t\t\t\t<div class=\"elementor-widget-container\">\n\t\t\t\t\t\t\t\t\t<p><span style=\"vertical-align: inherit\"><span style=\"vertical-align: inherit\"><span style=\"vertical-align: inherit\"><span style=\"vertical-align: inherit\"><span style=\"vertical-align: inherit\"><span style=\"vertical-align: inherit\">Share this article<\/span><\/span><\/span><\/span><\/span><\/span><\/p>\n\t\t\t\t\t\t\t\t<\/div>\n\t\t\t\t<\/div>\n\t\t\t\t<div class=\"elementor-element elementor-element-6683c88d elementor-shape-circle elementor-grid-0 e-grid-align-center elementor-widget elementor-widget-social-icons\" data-id=\"6683c88d\" data-element_type=\"widget\" data-e-type=\"widget\" data-widget_type=\"social-icons.default\">\n\t\t\t\t<div class=\"elementor-widget-container\">\n\t\t\t\t\t\t\t<div class=\"elementor-social-icons-wrapper elementor-grid\" role=\"list\">\n\t\t\t\t\t\t\t<span class=\"elementor-grid-item\" role=\"listitem\">\n\t\t\t\t\t<a class=\"elementor-icon elementor-social-icon elementor-social-icon-facebook-f elementor-repeater-item-3bftaoh\" href=\"https:\/\/www.facebook.com\/LogisticsMadrid\/\" target=\"_blank\">\n\t\t\t\t\t\t<span class=\"elementor-screen-only\">Facebook-f<\/span>\n\t\t\t\t\t\t<i aria-hidden=\"true\" class=\"fab fa-facebook-f\"><\/i>\t\t\t\t\t<\/a>\n\t\t\t\t<\/span>\n\t\t\t\t\t\t\t<span class=\"elementor-grid-item\" role=\"listitem\">\n\t\t\t\t\t<a class=\"elementor-icon elementor-social-icon elementor-social-icon-twitter elementor-repeater-item-pc69ffs\" href=\"https:\/\/twitter.com\/logisticsiberia?lang=es\" target=\"_blank\">\n\t\t\t\t\t\t<span class=\"elementor-screen-only\">Twitter<\/span>\n\t\t\t\t\t\t<i aria-hidden=\"true\" class=\"fab fa-twitter\"><\/i>\t\t\t\t\t<\/a>\n\t\t\t\t<\/span>\n\t\t\t\t\t\t\t<span class=\"elementor-grid-item\" role=\"listitem\">\n\t\t\t\t\t<a class=\"elementor-icon elementor-social-icon elementor-social-icon-linkedin elementor-repeater-item-44fb767\" href=\"https:\/\/www.linkedin.com\/company\/logistics-madrid\/\" target=\"_blank\">\n\t\t\t\t\t\t<span class=\"elementor-screen-only\">Linkedin<\/span>\n\t\t\t\t\t\t<i aria-hidden=\"true\" class=\"fab fa-linkedin\"><\/i>\t\t\t\t\t<\/a>\n\t\t\t\t<\/span>\n\t\t\t\t\t<\/div>\n\t\t\t\t\t\t<\/div>\n\t\t\t\t<\/div>\n\t\t\t\t\t<\/div>\n\t\t<\/div>\n\t\t\t\t\t<\/div>\n\t\t<\/section>\n\t\t\t\t<\/div>\n\t\t","protected":false},"excerpt":{"rendered":"<p>Se multiplican anuncios de uso y producci\u00f3n de estos carburantes, que son clave para cumplir los objetivos sostenibles del sector a\u00e9reo. Optar por el uso de combustibles alternativos para la aviaci\u00f3n (SAF) o biocombustibles se ha convertido en una necesidad ineludible para disminuir emisiones. Aunque otros modos de transporte,\u00a0como la carretera, avanzan m\u00e1s r\u00e1pido en [&hellip;]<\/p>\n","protected":false},"author":1,"featured_media":37442,"comment_status":"open","ping_status":"open","sticky":false,"template":"","format":"standard","meta":{"_seopress_titles_title":"","_seopress_titles_desc":"","_seopress_robots_index":"","_seopress_robots_follow":"","_seopress_robots_imageindex":"","_seopress_robots_snippet":"","_seopress_robots_primary_cat":"none","_seopress_robots_breadcrumbs":"","_seopress_robots_freeze_modified_date":"","_seopress_robots_custom_modified_date":"","_seopress_robots_canonical":"","_seopress_social_fb_title":"","_seopress_social_fb_desc":"","_seopress_social_fb_img":"","_seopress_social_fb_img_attachment_id":0,"_seopress_social_fb_img_width":0,"_seopress_social_fb_img_height":0,"_seopress_social_twitter_title":"","_seopress_social_twitter_desc":"","_seopress_social_twitter_img":"","_seopress_social_twitter_img_attachment_id":0,"_seopress_social_twitter_img_width":0,"_seopress_social_twitter_img_height":0,"_seopress_redirections_value":"","_seopress_redirections_enabled":"","_seopress_redirections_enabled_regex":"","_seopress_redirections_logged_status":"","_seopress_redirections_param":"","_seopress_redirections_type":301,"_seopress_analysis_target_kw":"","_seopress_news_disabled":"","_seopress_video_disabled":"","_seopress_video":[],"_seopress_pro_schemas_manual":[],"_seopress_pro_rich_snippets_disable_all":"","_seopress_pro_rich_snippets_disable":[],"_seopress_pro_schemas":[],"footnotes":""},"categories":[342,1338,1335],"tags":[1184,1182,1187,1186,1181,1130,1183,1185],"edition":[],"class_list":["post-37433","post","type-post","status-publish","format-standard","has-post-thumbnail","hentry","category-blog-en","category-sustainability-greenlogistics","category-transport-delivery-en","tag-air-france-en","tag-aviacion-en","tag-carbono-en","tag-co2-en","tag-combustibles-en","tag-el-mercantil-en","tag-emisiones-en","tag-saf-en"],"_links":{"self":[{"href":"https:\/\/www.logisticsautomationmadrid.com\/en\/wp-json\/wp\/v2\/posts\/37433","targetHints":{"allow":["GET"]}}],"collection":[{"href":"https:\/\/www.logisticsautomationmadrid.com\/en\/wp-json\/wp\/v2\/posts"}],"about":[{"href":"https:\/\/www.logisticsautomationmadrid.com\/en\/wp-json\/wp\/v2\/types\/post"}],"author":[{"embeddable":true,"href":"https:\/\/www.logisticsautomationmadrid.com\/en\/wp-json\/wp\/v2\/users\/1"}],"replies":[{"embeddable":true,"href":"https:\/\/www.logisticsautomationmadrid.com\/en\/wp-json\/wp\/v2\/comments?post=37433"}],"version-history":[{"count":0,"href":"https:\/\/www.logisticsautomationmadrid.com\/en\/wp-json\/wp\/v2\/posts\/37433\/revisions"}],"wp:featuredmedia":[{"embeddable":true,"href":"https:\/\/www.logisticsautomationmadrid.com\/en\/wp-json\/wp\/v2\/media\/37442"}],"wp:attachment":[{"href":"https:\/\/www.logisticsautomationmadrid.com\/en\/wp-json\/wp\/v2\/media?parent=37433"}],"wp:term":[{"taxonomy":"category","embeddable":true,"href":"https:\/\/www.logisticsautomationmadrid.com\/en\/wp-json\/wp\/v2\/categories?post=37433"},{"taxonomy":"post_tag","embeddable":true,"href":"https:\/\/www.logisticsautomationmadrid.com\/en\/wp-json\/wp\/v2\/tags?post=37433"},{"taxonomy":"edition","embeddable":true,"href":"https:\/\/www.logisticsautomationmadrid.com\/en\/wp-json\/wp\/v2\/edition?post=37433"}],"curies":[{"name":"wp","href":"https:\/\/api.w.org\/{rel}","templated":true}]}}