{"id":6126,"date":"2020-05-18T13:55:56","date_gmt":"2020-05-18T11:55:56","guid":{"rendered":"https:\/\/www.logisticsautomationmadrid.com\/2020\/05\/18\/hannover-messe-cancelada-asi-queda-el-calendario-logistico\/"},"modified":"2020-05-18T13:55:56","modified_gmt":"2020-05-18T11:55:56","slug":"hannover-messe-cancelada-asi-queda-el-calendario-logistico","status":"publish","type":"post","link":"https:\/\/www.logisticsautomationmadrid.com\/en\/2020\/05\/18\/hannover-messe-cancelada-asi-queda-el-calendario-logistico\/","title":{"rendered":"Hannover Messe, cancelada. As\u00ed queda el calendario log\u00edstico"},"content":{"rendered":"\t\t<div data-elementor-type=\"wp-post\" data-elementor-id=\"6126\" class=\"elementor elementor-6126 elementor-4557\" data-elementor-post-type=\"post\">\n\t\t\t\t\t\t<section class=\"elementor-section elementor-top-section elementor-element elementor-element-58c2917 elementor-section-boxed elementor-section-height-default elementor-section-height-default\" data-id=\"58c2917\" data-element_type=\"section\" data-settings=\"{&quot;background_background&quot;:&quot;classic&quot;}\">\n\t\t\t\t\t\t<div class=\"elementor-container elementor-column-gap-default\">\n\t\t\t\t\t<div class=\"elementor-column elementor-col-100 elementor-top-column elementor-element elementor-element-1b8d415\" data-id=\"1b8d415\" data-element_type=\"column\">\n\t\t\t<div class=\"elementor-widget-wrap elementor-element-populated\">\n\t\t\t\t\t\t<section class=\"elementor-section elementor-inner-section elementor-element elementor-element-8f19c59 elementor-section-boxed elementor-section-height-default elementor-section-height-default\" data-id=\"8f19c59\" data-element_type=\"section\" data-settings=\"{&quot;background_background&quot;:&quot;classic&quot;}\">\n\t\t\t\t\t\t\t<div class=\"elementor-background-overlay\"><\/div>\n\t\t\t\t\t\t\t<div class=\"elementor-container elementor-column-gap-default\">\n\t\t\t\t\t<div class=\"elementor-column elementor-col-100 elementor-inner-column elementor-element elementor-element-0f1f3b3\" data-id=\"0f1f3b3\" data-element_type=\"column\">\n\t\t\t<div class=\"elementor-widget-wrap elementor-element-populated\">\n\t\t\t\t\t\t<div class=\"elementor-element elementor-element-4439338 elementor-widget elementor-widget-image\" data-id=\"4439338\" data-element_type=\"widget\" data-widget_type=\"image.default\">\n\t\t\t\t<div class=\"elementor-widget-container\">\n\t\t\t\t\t\t\t\t\t\t\t\t\t\t\t<img decoding=\"async\" width=\"300\" height=\"77\" src=\"https:\/\/easyfairsassets.com\/sites\/84\/2019\/11\/Cabecera-Log\u00edstica-X-Aniversario-300x77.jpg\" class=\"attachment-medium size-medium wp-image-3513\" alt=\"Logistics Cuaderno Logistica X aniversario\" srcset=\"https:\/\/easyfairsassets.com\/sites\/84\/2019\/11\/Cabecera-Log\u00edstica-X-Aniversario-300x77.jpg 300w, https:\/\/easyfairsassets.com\/sites\/84\/2019\/11\/Cabecera-Log\u00edstica-X-Aniversario-1024x262.jpg 1024w, https:\/\/easyfairsassets.com\/sites\/84\/2019\/11\/Cabecera-Log\u00edstica-X-Aniversario-768x197.jpg 768w, https:\/\/easyfairsassets.com\/sites\/84\/2019\/11\/Cabecera-Log\u00edstica-X-Aniversario.jpg 1401w\" sizes=\"(max-width: 300px) 100vw, 300px\" \/>\t\t\t\t\t\t\t\t\t\t\t\t\t\t\t<\/div>\n\t\t\t\t<\/div>\n\t\t\t\t<div class=\"elementor-element elementor-element-1e323ca elementor-widget elementor-widget-spacer\" data-id=\"1e323ca\" data-element_type=\"widget\" data-widget_type=\"spacer.default\">\n\t\t\t\t<div class=\"elementor-widget-container\">\n\t\t\t\t\t\t\t<div class=\"elementor-spacer\">\n\t\t\t<div class=\"elementor-spacer-inner\"><\/div>\n\t\t<\/div>\n\t\t\t\t\t\t<\/div>\n\t\t\t\t<\/div>\n\t\t\t\t<div class=\"elementor-element elementor-element-d1da311 elementor-widget elementor-widget-heading\" data-id=\"d1da311\" data-element_type=\"widget\" data-widget_type=\"heading.default\">\n\t\t\t\t<div class=\"elementor-widget-container\">\n\t\t\t\t\t<h2 class=\"elementor-heading-title elementor-size-default\">Hannover Messe, cancelada. As\u00ed queda el calendario log\u00edstico<\/h2>\t\t\t\t<\/div>\n\t\t\t\t<\/div>\n\t\t\t\t<div class=\"elementor-element elementor-element-e1d5f68 elementor-widget elementor-widget-spacer\" data-id=\"e1d5f68\" data-element_type=\"widget\" data-widget_type=\"spacer.default\">\n\t\t\t\t<div class=\"elementor-widget-container\">\n\t\t\t\t\t\t\t<div class=\"elementor-spacer\">\n\t\t\t<div class=\"elementor-spacer-inner\"><\/div>\n\t\t<\/div>\n\t\t\t\t\t\t<\/div>\n\t\t\t\t<\/div>\n\t\t\t\t<div class=\"elementor-element elementor-element-f939dc4 elementor-widget elementor-widget-text-editor\" data-id=\"f939dc4\" data-element_type=\"widget\" data-widget_type=\"text-editor.default\">\n\t\t\t\t<div class=\"elementor-widget-container\">\n\t\t\t\t\t\t\t\t\t<p><strong>Fuente: <\/strong><a href=\"https:\/\/logistica.cdecomunicacion.es\/noticias\/eventos\/37323\/hannover-messe-cancelada-asi-queda-el-calendario-logistico\">Cdecomunicaci\u00f3n.es<\/a><\/p>\n\t\t\t\t\t\t\t\t<\/div>\n\t\t\t\t<\/div>\n\t\t\t\t<div class=\"elementor-element elementor-element-734b3d0 elementor-widget elementor-widget-text-editor\" data-id=\"734b3d0\" data-element_type=\"widget\" data-widget_type=\"text-editor.default\">\n\t\t\t\t<div class=\"elementor-widget-container\">\n\t\t\t\t\t\t\t\t\t<p>Finalmente, la organizaci\u00f3n de\u00a0<strong>Hannover Messe<\/strong>\u00a0ha decidido no celebrar este a\u00f1o el certamen, por primera vez en 73 a\u00f1os, que tambi\u00e9n inclu\u00eda la feria de log\u00edstica. Tras la decisi\u00f3n inicial de trasladarla de abril a julio por la pandemia del COVID-19, se cancela. La pr\u00f3xima edici\u00f3n ser\u00e1 del 12 al 16 de abril de 2021.<\/p>\n<p>Con esto conviene hacer un repaso de c\u00f3mo queda el calendario de las principales ferias y eventos nacionales e internacionales relacionados con el sector log\u00edstico y de la manutenci\u00f3n, para los pr\u00f3ximos meses:<\/p>\n<ul>\n<li>AECOC aplaza tanto el\u00a0<strong>Congreso AECOC de Smart Distribution<\/strong>\u00a0como el\u00a0<strong>20\u00ba Foro Nacional del Transporte<\/strong>, previstos para el 31 de marzo y el 1 de abril respectivamente, en Madrid, hasta los pr\u00f3ximos\u00a0<strong>7 y 8 de julio<\/strong>\u00a0de este a\u00f1o.<\/li>\n<li><strong>SIL, Sal\u00f3n Internacional de la Log\u00edstica de Barcelona<\/strong>\u00a0se traslada de junio hasta el\u00a0<strong>15-17 de septiembre<\/strong>\u00a0de 2020.<\/li>\n<li><strong>Empack and Logistics &amp; Automation Oporto<\/strong>, mantiene sus fechas del\u00a0<strong>23 y 24 de septiembre<\/strong>.<\/li>\n<li>El\u00a0<strong>VII Encuentro Nacional de Distribuidores y Alquiladores de Carretillas Elevadoras<\/strong>\u00a0se traslada al\u00a0<strong>7 de octubre\u00a0<\/strong>de 2020.<\/li>\n<li><strong>Premios CEL,<\/strong>\u00a0la ceremonia de entrega de la edici\u00f3n 30 se realizar\u00e1 en\u00a0<strong>octubre.<\/strong><\/li>\n<li><strong>Logistics &amp; Automation Madrid<\/strong>, mantiene su convocatoria el\u00a0<strong>25 y 26 de noviembre<\/strong>.<\/li>\n<li><strong>Hannover Messe<\/strong>\u00a0y su sal\u00f3n de log\u00edstica se cancelan este a\u00f1o. La pr\u00f3xima edici\u00f3n, del\u00a0<strong>12 al 16 de abril de 2021.<\/strong><\/li>\n<li><strong>LogiMAT<\/strong>, el sal\u00f3n de la log\u00edstica de Stuttgart se cancela hasta\u00a0<strong>2021<\/strong>, a\u00fan sin fecha.<\/li>\n<li><strong>AECE, la Asociaci\u00f3n de Empresas de Carretillas Elevadoras<\/strong>, cancela su II Convenci\u00f3n hasta\u00a0<strong>2021<\/strong>, en fecha a determinar.<\/li>\n<li><strong>End2End 2020 Madrid<\/strong>, se pospone sin nueva fecha, por ahora.<\/li>\n<li>El\u00a0<strong>Congreso MHLC Europe<\/strong>\u00a0que iba a tener lugar el 8 y 9 de marzo en Stuttgart, cancelado sin nueva fecha de celebraci\u00f3n.<\/li>\n<li>Pospuesta hasta nuevo aviso la\u00a0<strong>VII edici\u00f3n del Congreso de Log\u00edstica Sanitaria<\/strong>\u00a0que iba a tener lugar, el 4 y 5 de marzo, en Madrid.<\/li>\n<li>Las\u00a0<strong>42 Jornadas Log\u00edsticas CEL<\/strong>, que este a\u00f1o abordaban la Sostenibilidad en la Cadena de Suministro y el Transporte, seguramente\u00a0<strong>se retrasar\u00e1n<\/strong>.<\/li>\n<\/ul>\n\t\t\t\t\t\t\t\t<\/div>\n\t\t\t\t<\/div>\n\t\t\t\t<div class=\"elementor-element elementor-element-1ec5ba7 elementor-widget elementor-widget-spacer\" data-id=\"1ec5ba7\" data-element_type=\"widget\" data-widget_type=\"spacer.default\">\n\t\t\t\t<div class=\"elementor-widget-container\">\n\t\t\t\t\t\t\t<div class=\"elementor-spacer\">\n\t\t\t<div class=\"elementor-spacer-inner\"><\/div>\n\t\t<\/div>\n\t\t\t\t\t\t<\/div>\n\t\t\t\t<\/div>\n\t\t\t\t\t<\/div>\n\t\t<\/div>\n\t\t\t\t\t<\/div>\n\t\t<\/section>\n\t\t\t\t\t<\/div>\n\t\t<\/div>\n\t\t\t\t\t<\/div>\n\t\t<\/section>\n\t\t\t\t<\/div>\n\t\t","protected":false},"excerpt":{"rendered":"<p>Hannover Messe, cancelada. As\u00ed queda el calendario log\u00edstico Fuente: Cdecomunicaci\u00f3n.es Finalmente, la organizaci\u00f3n de\u00a0Hannover Messe\u00a0ha decidido no celebrar este a\u00f1o el certamen, por primera vez en 73 a\u00f1os, que tambi\u00e9n inclu\u00eda la feria de log\u00edstica. Tras la decisi\u00f3n inicial de trasladarla de abril a julio por la pandemia del COVID-19, se cancela. La pr\u00f3xima edici\u00f3n [&hellip;]<\/p>\n","protected":false},"author":1,"featured_media":3513,"comment_status":"open","ping_status":"open","sticky":false,"template":"elementor_header_footer","format":"standard","meta":{"_seopress_robots_primary_cat":"","_seopress_titles_title":"","_seopress_titles_desc":"","_seopress_robots_index":"","footnotes":""},"categories":[342],"tags":[],"edition":[],"class_list":["post-6126","post","type-post","status-publish","format-standard","has-post-thumbnail","hentry","category-blog-en"],"_links":{"self":[{"href":"https:\/\/www.logisticsautomationmadrid.com\/en\/wp-json\/wp\/v2\/posts\/6126","targetHints":{"allow":["GET"]}}],"collection":[{"href":"https:\/\/www.logisticsautomationmadrid.com\/en\/wp-json\/wp\/v2\/posts"}],"about":[{"href":"https:\/\/www.logisticsautomationmadrid.com\/en\/wp-json\/wp\/v2\/types\/post"}],"author":[{"embeddable":true,"href":"https:\/\/www.logisticsautomationmadrid.com\/en\/wp-json\/wp\/v2\/users\/1"}],"replies":[{"embeddable":true,"href":"https:\/\/www.logisticsautomationmadrid.com\/en\/wp-json\/wp\/v2\/comments?post=6126"}],"version-history":[{"count":0,"href":"https:\/\/www.logisticsautomationmadrid.com\/en\/wp-json\/wp\/v2\/posts\/6126\/revisions"}],"wp:featuredmedia":[{"embeddable":true,"href":"https:\/\/www.logisticsautomationmadrid.com\/en\/wp-json\/wp\/v2\/media\/3513"}],"wp:attachment":[{"href":"https:\/\/www.logisticsautomationmadrid.com\/en\/wp-json\/wp\/v2\/media?parent=6126"}],"wp:term":[{"taxonomy":"category","embeddable":true,"href":"https:\/\/www.logisticsautomationmadrid.com\/en\/wp-json\/wp\/v2\/categories?post=6126"},{"taxonomy":"post_tag","embeddable":true,"href":"https:\/\/www.logisticsautomationmadrid.com\/en\/wp-json\/wp\/v2\/tags?post=6126"},{"taxonomy":"edition","embeddable":true,"href":"https:\/\/www.logisticsautomationmadrid.com\/en\/wp-json\/wp\/v2\/edition?post=6126"}],"curies":[{"name":"wp","href":"https:\/\/api.w.org\/{rel}","templated":true}]}}