{"id":6138,"date":"2020-05-18T13:58:41","date_gmt":"2020-05-18T11:58:41","guid":{"rendered":"https:\/\/www.logisticsautomationmadrid.com\/2020\/05\/18\/la-innovacion-y-la-internacionalizacion-como-eje-central-de-la-asamblea-del-mlc-its\/"},"modified":"2020-05-18T13:58:42","modified_gmt":"2020-05-18T11:58:42","slug":"la-innovacion-y-la-internacionalizacion-como-eje-central-de-la-asamblea-del-mlc-its","status":"publish","type":"post","link":"https:\/\/www.logisticsautomationmadrid.com\/en\/2020\/05\/18\/la-innovacion-y-la-internacionalizacion-como-eje-central-de-la-asamblea-del-mlc-its\/","title":{"rendered":"La innovaci\u00f3n y la internacionalizaci\u00f3n como eje central de la Asamblea del MLC-ITS"},"content":{"rendered":"\t\t<div data-elementor-type=\"wp-post\" data-elementor-id=\"6138\" class=\"elementor elementor-6138 elementor-4297\" data-elementor-post-type=\"post\">\n\t\t\t\t\t\t<section class=\"elementor-section elementor-top-section elementor-element elementor-element-deeccc2 elementor-section-boxed elementor-section-height-default elementor-section-height-default\" data-id=\"deeccc2\" data-element_type=\"section\" data-settings=\"{&quot;background_background&quot;:&quot;classic&quot;}\">\n\t\t\t\t\t\t<div class=\"elementor-container elementor-column-gap-default\">\n\t\t\t\t\t<div class=\"elementor-column elementor-col-100 elementor-top-column elementor-element elementor-element-4d7dc92\" data-id=\"4d7dc92\" data-element_type=\"column\">\n\t\t\t<div class=\"elementor-widget-wrap elementor-element-populated\">\n\t\t\t\t\t\t<section class=\"elementor-section elementor-inner-section elementor-element elementor-element-767fc7c elementor-section-boxed elementor-section-height-default elementor-section-height-default\" data-id=\"767fc7c\" data-element_type=\"section\" data-settings=\"{&quot;background_background&quot;:&quot;classic&quot;}\">\n\t\t\t\t\t\t<div class=\"elementor-container elementor-column-gap-default\">\n\t\t\t\t\t<div class=\"elementor-column elementor-col-100 elementor-inner-column elementor-element elementor-element-34041ca\" data-id=\"34041ca\" data-element_type=\"column\">\n\t\t\t<div class=\"elementor-widget-wrap elementor-element-populated\">\n\t\t\t\t\t\t<div class=\"elementor-element elementor-element-fae1db4 elementor-widget elementor-widget-spacer\" data-id=\"fae1db4\" data-element_type=\"widget\" data-widget_type=\"spacer.default\">\n\t\t\t\t<div class=\"elementor-widget-container\">\n\t\t\t\t\t\t\t<div class=\"elementor-spacer\">\n\t\t\t<div class=\"elementor-spacer-inner\"><\/div>\n\t\t<\/div>\n\t\t\t\t\t\t<\/div>\n\t\t\t\t<\/div>\n\t\t\t\t<div class=\"elementor-element elementor-element-33b0b02 elementor-widget elementor-widget-heading\" data-id=\"33b0b02\" data-element_type=\"widget\" data-widget_type=\"heading.default\">\n\t\t\t\t<div class=\"elementor-widget-container\">\n\t\t\t\t\t<h2 class=\"elementor-heading-title elementor-size-default\">La innovaci\u00f3n y la internacionalizaci\u00f3n como eje central de la Asamblea del MLC-ITS<\/h2>\t\t\t\t<\/div>\n\t\t\t\t<\/div>\n\t\t\t\t<div class=\"elementor-element elementor-element-6129f8c elementor-widget elementor-widget-text-editor\" data-id=\"6129f8c\" data-element_type=\"widget\" data-widget_type=\"text-editor.default\">\n\t\t\t\t<div class=\"elementor-widget-container\">\n\t\t\t\t\t\t\t\t\t<p><strong>El\u00a0Cl\u00faster de Movilidad y Log\u00edstica de Euskadi (MLC-ITS)\u00a0ha celebrado en Ir\u00fan (Guip\u00fazcoa) su XVII Asamblea General<\/strong><\/p>\n\t\t\t\t\t\t\t\t<\/div>\n\t\t\t\t<\/div>\n\t\t\t\t<div class=\"elementor-element elementor-element-ef36508 elementor-widget elementor-widget-image\" data-id=\"ef36508\" data-element_type=\"widget\" data-widget_type=\"image.default\">\n\t\t\t\t<div class=\"elementor-widget-container\">\n\t\t\t\t\t\t\t\t\t\t\t\t\t\t\t<img fetchpriority=\"high\" decoding=\"async\" width=\"718\" height=\"384\" src=\"https:\/\/easyfairsassets.com\/sites\/84\/2020\/03\/Imagen-de-Handling-Storage.jpg\" class=\"attachment-large size-large wp-image-4300\" alt=\"\" srcset=\"https:\/\/easyfairsassets.com\/sites\/84\/2020\/03\/Imagen-de-Handling-Storage.jpg 718w, https:\/\/easyfairsassets.com\/sites\/84\/2020\/03\/Imagen-de-Handling-Storage-300x160.jpg 300w\" sizes=\"(max-width: 718px) 100vw, 718px\" \/>\t\t\t\t\t\t\t\t\t\t\t\t\t\t\t<\/div>\n\t\t\t\t<\/div>\n\t\t\t\t<div class=\"elementor-element elementor-element-e880d5f elementor-widget elementor-widget-spacer\" data-id=\"e880d5f\" data-element_type=\"widget\" data-widget_type=\"spacer.default\">\n\t\t\t\t<div class=\"elementor-widget-container\">\n\t\t\t\t\t\t\t<div class=\"elementor-spacer\">\n\t\t\t<div class=\"elementor-spacer-inner\"><\/div>\n\t\t<\/div>\n\t\t\t\t\t\t<\/div>\n\t\t\t\t<\/div>\n\t\t\t\t<div class=\"elementor-element elementor-element-51ee5a0 elementor-widget elementor-widget-text-editor\" data-id=\"51ee5a0\" data-element_type=\"widget\" data-widget_type=\"text-editor.default\">\n\t\t\t\t<div class=\"elementor-widget-container\">\n\t\t\t\t\t\t\t\t\t<p><strong>Fuente: <\/strong><a href=\"https:\/\/www.handling-storage.com\/cluster-logistica-euskadi---la-innovacion-y-la-internacionalizacion-como-eje-central-de-la-asamblea-del-mlc-its-.html\">Handling &amp; Storage<\/a><\/p>\n\t\t\t\t\t\t\t\t<\/div>\n\t\t\t\t<\/div>\n\t\t\t\t<div class=\"elementor-element elementor-element-b897364 elementor-widget elementor-widget-text-editor\" data-id=\"b897364\" data-element_type=\"widget\" data-widget_type=\"text-editor.default\">\n\t\t\t\t<div class=\"elementor-widget-container\">\n\t\t\t\t\t\t\t\t\t<p>El\u00a0<strong>Cl\u00faster de Movilidad y Log\u00edstica de Euskadi (MLC-ITS)<\/strong>\u00a0ha celebrado en Ir\u00fan (Guip\u00fazcoa) su XVII Asamblea General. En esta ocasi\u00f3n, la asamblea se ha realizado paralela a la feria de movilidad\u00a0<strong>Go Mobility<\/strong>\u00a0que comenzaba tambi\u00e9n en\u00a0<strong>Ficoba<\/strong>. Medio centenar de empresas asociadas han participado en este encuentro en el que se ha repasado la actividad del a\u00f1o 2019 y se han presentado las l\u00edneas de actuaci\u00f3n de 2020. Adem\u00e1s, en convocatoria extraordinaria, la Junta Directiva del MLC-ITS ha nombrado a\u00a0<strong>Joaqu\u00edn Acha<\/strong>\u00a0de La Uni\u00f3n como nuevo presidente y a\u00a0<strong>Eduardo Lasa<\/strong>\u00a0de ULMA Handling Systems como vicepresidente, el cual se incorpora como nuevo juntero al igual que\u00a0<strong>Mobility ADO<\/strong>\u00a0y\u00a0<strong>CEIT<\/strong>. La Junta Directiva se completa con las empresas\u00a0<strong>Ingartek, Tecnalia, Kapsch, Dachser, Algeposa, Grupo Uvesco, CTVi, Novadays, La Uni\u00f3n y LKS Krean<\/strong>. El Cl\u00faster ha agradecido la dedicaci\u00f3n a su expresidenta\u00a0<strong>Luz P\u00e9rez<\/strong>, as\u00ed como de los junteros salientes, los cuales representaban a\u00a0<strong>Pesa<\/strong>,\u00a0<strong>Puerto de Pasaia<\/strong>\u00a0e\u00a0<strong>IK4<\/strong>.<\/p>\n<p>En cuanto a datos se refiere, las empresas agrupadas en el Cl\u00faster de Movilidad y Log\u00edstica han alcanzado una facturaci\u00f3n de m\u00e1s de 13.000 millones de euros, lo que supone un 17,1% del PIB del Pa\u00eds Vasco. Asimismo, sus niveles de exportaci\u00f3n alcanzan el 31,1%, cerca de la tercera parte de la facturaci\u00f3n.<\/p>\n<p>La Asamblea General daba tambi\u00e9n la bienvenida a sus nuevos socios,\u00a014 en total:\u00a0<strong>PTV, R2P Sur, Ibil, Gibak, Skootik, Vicarli, Ahora SDUM, CEIT, Idom, Ekanban (Orkli), IPS, WAG Mobility, Ayuntamiento de Vitoria-Gasteiz y CBL Inform\u00e1tica<\/strong>.<\/p>\n<p><strong>Liderazgo<\/strong><\/p>\n\t\t\t\t\t\t\t\t<\/div>\n\t\t\t\t<\/div>\n\t\t\t\t<div class=\"elementor-element elementor-element-b2950f4 elementor-position-left elementor-vertical-align-top elementor-widget elementor-widget-image-box\" data-id=\"b2950f4\" data-element_type=\"widget\" data-widget_type=\"image-box.default\">\n\t\t\t\t<div class=\"elementor-widget-container\">\n\t\t\t\t\t<div class=\"elementor-image-box-wrapper\"><figure class=\"elementor-image-box-img\"><img decoding=\"async\" width=\"716\" height=\"558\" src=\"https:\/\/easyfairsassets.com\/sites\/84\/2020\/03\/Imagen-2-de-Handling-Storage.jpg\" class=\"attachment-full size-full wp-image-4303\" alt=\"\" srcset=\"https:\/\/easyfairsassets.com\/sites\/84\/2020\/03\/Imagen-2-de-Handling-Storage.jpg 716w, https:\/\/easyfairsassets.com\/sites\/84\/2020\/03\/Imagen-2-de-Handling-Storage-300x234.jpg 300w\" sizes=\"(max-width: 716px) 100vw, 716px\" \/><\/figure><div class=\"elementor-image-box-content\"><p class=\"elementor-image-box-description\">Durante su intervenci\u00f3n, Luz P\u00e9rez, presidenta del Cl\u00faster hasta la asamblea general, destac\u00f3 que este esfuerzo innovador de la industria del sector no es casual, al igual que ha ocurrido en a\u00f1os anteriores. El Cl\u00faster de Movilidad y Log\u00edstica de Euskadi puso en marcha en 2017 un ambicioso\u00a0Plan Estrat\u00e9gico\u00a0en torno a la denominada\u00a0Movilidad Inteligente. La creciente digitalizaci\u00f3n de la econom\u00eda, una concienciaci\u00f3n medioambiental consolidada y universal, y los cambios sociol\u00f3gicos que introducen las nuevas generaciones est\u00e1n suponiendo una aut\u00e9ntica revoluci\u00f3n industrial para el sector.<\/p><\/div><\/div>\t\t\t\t<\/div>\n\t\t\t\t<\/div>\n\t\t\t\t<div class=\"elementor-element elementor-element-22d26c5 elementor-widget elementor-widget-text-editor\" data-id=\"22d26c5\" data-element_type=\"widget\" data-widget_type=\"text-editor.default\">\n\t\t\t\t<div class=\"elementor-widget-container\">\n\t\t\t\t\t\t\t\t\t<p>Ante este reto, los modelos cooperativos (movilidad conectada), aut\u00f3nomos, limpios y colaborativos son la base para seguir manteniendo el liderazgo.<\/p>\n<p><strong>Hitos anuales<\/strong><\/p>\n<p>Asimismo,\u00a0<strong>Fernando Zubillaga<\/strong>, gerente del Cl\u00faster, presentaba a los asociados los principales hitos desarrollados durante el a\u00f1o 2019, varios de los cuales seguir\u00e1n como acciones destacadas durante este a\u00f1o. Los principales objetivos que marca el cl\u00faster para este 2020 son favorecer el desarrollo de nuevos modelos innovadores de movilidad y log\u00edstica 4.0 sostenibles y eficientes, as\u00ed como promover una movilidad de pasajeros y mercanc\u00edas hacia emisiones cero. Para ello, dispondr\u00e1 de distintos proyectos basados en la log\u00edstica 4.0, la digitalizaci\u00f3n, el Big Data, el transporte urbano o la movilidad limpia, entre otros.<\/p>\n<p>Seguir mejorando la posici\u00f3n de los socios en mercados exteriores y apoyar la internalizaci\u00f3n de los mismos, as\u00ed como seguir atrayendo inversi\u00f3n extranjera seguir\u00e1n siendo \u00e1mbitos de trabajo estrat\u00e9gicos del MLC-ITS en un mercado cada vez m\u00e1s global.<\/p>\n<p>El Cl\u00faster ya tiene en marcha varios proyectos estrat\u00e9gicos destinados al cumplimiento de sus objetivos. Entre ellos\u00a0<strong>CROADS Spain<\/strong>\u00a0y\u00a0<strong>CMOBILE\u00a0<\/strong>para el despliegue de sistemas cooperativos (C-ITS) en entornos urbanos e interurbanos, o el proyecto\u00a0<strong>FENIX NETWORK<\/strong>\u00a0para el desarrollo de un modelo federado para el intercambio de datos en el sector de la log\u00edstica a nivel europeo.<\/p>\n<p>Tambi\u00e9n cabe destacar el comit\u00e9\u00a0<strong>Trazastock<\/strong>, en el cual se est\u00e1n trabajando necesidades espec\u00edficas en torno a la log\u00edstica 4.0. Este a\u00f1o tambi\u00e9n pretende poner en marcha otro comit\u00e9 en infraestructuras inteligentes y un grupo de trabajo transfronterizo en movilidad conectada en colaboraci\u00f3n con el Cl\u00faster TOPOS de Aquitania.<\/p>\n<p>Tras la asamblea, el Cl\u00faster ha llamado a sus asociados para trabajar las l\u00edneas estrat\u00e9gicas de los pr\u00f3ximos a\u00f1os a trav\u00e9s de sus c\u00edrculos de innovaci\u00f3n en torno a la movilidad limpia, conectada y la internalizaci\u00f3n.<\/p>\n<p style=\"text-align: left;\"><a href=\"http:\/\/www.mlcluster.com\/\">www.mlcluster.com<\/a><\/p>\n<p style=\"text-align: left;\"><strong style=\"font-size: 15px; text-align: center;\">Para m\u00e1s informaci\u00f3n:<\/strong> <a style=\"font-size: 15px; text-align: center;\" href=\"https:\/\/www.handling-storage.com\/cluster-logistica-euskadi---la-innovacion-y-la-internacionalizacion-como-eje-central-de-la-asamblea-del-mlc-its-.html\">https:\/\/www.handling-storage.com\/cluster-logistica-euskadi&#8212;la-innovacion-y-la-internacionalizacion-como-eje-central-de-la-asamblea-del-mlc-its-.html<\/a><\/p>\n\t\t\t\t\t\t\t\t<\/div>\n\t\t\t\t<\/div>\n\t\t\t\t<div class=\"elementor-element elementor-element-07c35a9 elementor-widget elementor-widget-image\" data-id=\"07c35a9\" data-element_type=\"widget\" data-widget_type=\"image.default\">\n\t\t\t\t<div class=\"elementor-widget-container\">\n\t\t\t\t\t\t\t\t\t\t\t\t\t\t\t<img decoding=\"async\" width=\"800\" height=\"268\" src=\"https:\/\/easyfairsassets.com\/sites\/84\/2019\/11\/Logo-HS--1024x343.jpg\" class=\"attachment-large size-large wp-image-3522\" alt=\"Logistics Logo H&amp;S\" srcset=\"https:\/\/easyfairsassets.com\/sites\/84\/2019\/11\/Logo-HS--1024x343.jpg 1024w, https:\/\/easyfairsassets.com\/sites\/84\/2019\/11\/Logo-HS--300x101.jpg 300w, https:\/\/easyfairsassets.com\/sites\/84\/2019\/11\/Logo-HS--768x258.jpg 768w, https:\/\/easyfairsassets.com\/sites\/84\/2019\/11\/Logo-HS--1536x515.jpg 1536w, https:\/\/easyfairsassets.com\/sites\/84\/2019\/11\/Logo-HS-.jpg 1920w\" sizes=\"(max-width: 800px) 100vw, 800px\" \/>\t\t\t\t\t\t\t\t\t\t\t\t\t\t\t<\/div>\n\t\t\t\t<\/div>\n\t\t\t\t\t<\/div>\n\t\t<\/div>\n\t\t\t\t\t<\/div>\n\t\t<\/section>\n\t\t\t\t\t<\/div>\n\t\t<\/div>\n\t\t\t\t\t<\/div>\n\t\t<\/section>\n\t\t\t\t<\/div>\n\t\t","protected":false},"excerpt":{"rendered":"<p>La innovaci\u00f3n y la internacionalizaci\u00f3n como eje central de la Asamblea del MLC-ITS El\u00a0Cl\u00faster de Movilidad y Log\u00edstica de Euskadi (MLC-ITS)\u00a0ha celebrado en Ir\u00fan (Guip\u00fazcoa) su XVII Asamblea General Fuente: Handling &amp; Storage El\u00a0Cl\u00faster de Movilidad y Log\u00edstica de Euskadi (MLC-ITS)\u00a0ha celebrado en Ir\u00fan (Guip\u00fazcoa) su XVII Asamblea General. En esta ocasi\u00f3n, la asamblea se [&hellip;]<\/p>\n","protected":false},"author":1,"featured_media":3522,"comment_status":"open","ping_status":"open","sticky":false,"template":"elementor_header_footer","format":"standard","meta":{"_seopress_robots_primary_cat":"","_seopress_titles_title":"","_seopress_titles_desc":"","_seopress_robots_index":"","footnotes":""},"categories":[342],"tags":[],"edition":[],"class_list":["post-6138","post","type-post","status-publish","format-standard","has-post-thumbnail","hentry","category-blog-en"],"_links":{"self":[{"href":"https:\/\/www.logisticsautomationmadrid.com\/en\/wp-json\/wp\/v2\/posts\/6138","targetHints":{"allow":["GET"]}}],"collection":[{"href":"https:\/\/www.logisticsautomationmadrid.com\/en\/wp-json\/wp\/v2\/posts"}],"about":[{"href":"https:\/\/www.logisticsautomationmadrid.com\/en\/wp-json\/wp\/v2\/types\/post"}],"author":[{"embeddable":true,"href":"https:\/\/www.logisticsautomationmadrid.com\/en\/wp-json\/wp\/v2\/users\/1"}],"replies":[{"embeddable":true,"href":"https:\/\/www.logisticsautomationmadrid.com\/en\/wp-json\/wp\/v2\/comments?post=6138"}],"version-history":[{"count":0,"href":"https:\/\/www.logisticsautomationmadrid.com\/en\/wp-json\/wp\/v2\/posts\/6138\/revisions"}],"wp:featuredmedia":[{"embeddable":true,"href":"https:\/\/www.logisticsautomationmadrid.com\/en\/wp-json\/wp\/v2\/media\/3522"}],"wp:attachment":[{"href":"https:\/\/www.logisticsautomationmadrid.com\/en\/wp-json\/wp\/v2\/media?parent=6138"}],"wp:term":[{"taxonomy":"category","embeddable":true,"href":"https:\/\/www.logisticsautomationmadrid.com\/en\/wp-json\/wp\/v2\/categories?post=6138"},{"taxonomy":"post_tag","embeddable":true,"href":"https:\/\/www.logisticsautomationmadrid.com\/en\/wp-json\/wp\/v2\/tags?post=6138"},{"taxonomy":"edition","embeddable":true,"href":"https:\/\/www.logisticsautomationmadrid.com\/en\/wp-json\/wp\/v2\/edition?post=6138"}],"curies":[{"name":"wp","href":"https:\/\/api.w.org\/{rel}","templated":true}]}}