{"id":6777,"date":"2020-06-02T13:27:56","date_gmt":"2020-06-02T11:27:56","guid":{"rendered":"https:\/\/www.logisticsautomationmadrid.com\/2020\/06\/02\/la-logistica-se-suma-a-la-alianza-europea-por-una-reconstruccion-sostenible\/"},"modified":"2020-06-02T13:27:56","modified_gmt":"2020-06-02T11:27:56","slug":"la-logistica-se-suma-a-la-alianza-europea-por-una-reconstruccion-sostenible","status":"publish","type":"post","link":"https:\/\/www.logisticsautomationmadrid.com\/en\/2020\/06\/02\/la-logistica-se-suma-a-la-alianza-europea-por-una-reconstruccion-sostenible\/","title":{"rendered":"La log\u00edstica se suma a la alianza europea \u201cpor una reconstrucci\u00f3n sostenible\u201d"},"content":{"rendered":"\t\t<div data-elementor-type=\"wp-post\" data-elementor-id=\"6777\" class=\"elementor elementor-6777 elementor-6767\" data-elementor-post-type=\"post\">\n\t\t\t\t\t\t<section class=\"elementor-section elementor-top-section elementor-element elementor-element-6aece4b elementor-section-boxed elementor-section-height-default elementor-section-height-default\" data-id=\"6aece4b\" data-element_type=\"section\" data-settings=\"{&quot;background_background&quot;:&quot;classic&quot;}\">\n\t\t\t\t\t\t<div class=\"elementor-container elementor-column-gap-default\">\n\t\t\t\t\t<div class=\"elementor-column elementor-col-100 elementor-top-column elementor-element elementor-element-e8182ea\" data-id=\"e8182ea\" data-element_type=\"column\">\n\t\t\t<div class=\"elementor-widget-wrap elementor-element-populated\">\n\t\t\t\t\t\t<section class=\"elementor-section elementor-inner-section elementor-element elementor-element-b003ce6 elementor-section-boxed elementor-section-height-default elementor-section-height-default\" data-id=\"b003ce6\" data-element_type=\"section\" data-settings=\"{&quot;background_background&quot;:&quot;classic&quot;}\">\n\t\t\t\t\t\t\t<div class=\"elementor-background-overlay\"><\/div>\n\t\t\t\t\t\t\t<div class=\"elementor-container elementor-column-gap-default\">\n\t\t\t\t\t<div class=\"elementor-column elementor-col-100 elementor-inner-column elementor-element elementor-element-0131d6b\" data-id=\"0131d6b\" data-element_type=\"column\">\n\t\t\t<div class=\"elementor-widget-wrap elementor-element-populated\">\n\t\t\t\t\t\t<div class=\"elementor-element elementor-element-91e9b64 elementor-widget elementor-widget-image\" data-id=\"91e9b64\" data-element_type=\"widget\" data-widget_type=\"image.default\">\n\t\t\t\t<div class=\"elementor-widget-container\">\n\t\t\t\t\t\t\t\t\t\t\t\t\t\t\t<img decoding=\"async\" width=\"330\" height=\"100\" src=\"https:\/\/easyfairsassets.com\/sites\/84\/2020\/06\/Logo-Cuaderno-Logistics.png\" class=\"attachment-large size-large wp-image-6770\" alt=\"Logo Cuaderno Logistica\" srcset=\"https:\/\/easyfairsassets.com\/sites\/84\/2020\/06\/Logo-Cuaderno-Logistics.png 330w, https:\/\/easyfairsassets.com\/sites\/84\/2020\/06\/Logo-Cuaderno-Logistics-300x91.png 300w\" sizes=\"(max-width: 330px) 100vw, 330px\" \/>\t\t\t\t\t\t\t\t\t\t\t\t\t\t\t<\/div>\n\t\t\t\t<\/div>\n\t\t\t\t<div class=\"elementor-element elementor-element-f7091cc elementor-widget elementor-widget-spacer\" data-id=\"f7091cc\" data-element_type=\"widget\" data-widget_type=\"spacer.default\">\n\t\t\t\t<div class=\"elementor-widget-container\">\n\t\t\t\t\t\t\t<div class=\"elementor-spacer\">\n\t\t\t<div class=\"elementor-spacer-inner\"><\/div>\n\t\t<\/div>\n\t\t\t\t\t\t<\/div>\n\t\t\t\t<\/div>\n\t\t\t\t<div class=\"elementor-element elementor-element-051408c elementor-widget elementor-widget-heading\" data-id=\"051408c\" data-element_type=\"widget\" data-widget_type=\"heading.default\">\n\t\t\t\t<div class=\"elementor-widget-container\">\n\t\t\t\t\t<h2 class=\"elementor-heading-title elementor-size-default\">La log\u00edstica se suma a la alianza europea \u201cpor una reconstrucci\u00f3n sostenible\u201d<\/h2>\t\t\t\t<\/div>\n\t\t\t\t<\/div>\n\t\t\t\t<div class=\"elementor-element elementor-element-b288088 elementor-widget elementor-widget-spacer\" data-id=\"b288088\" data-element_type=\"widget\" data-widget_type=\"spacer.default\">\n\t\t\t\t<div class=\"elementor-widget-container\">\n\t\t\t\t\t\t\t<div class=\"elementor-spacer\">\n\t\t\t<div class=\"elementor-spacer-inner\"><\/div>\n\t\t<\/div>\n\t\t\t\t\t\t<\/div>\n\t\t\t\t<\/div>\n\t\t\t\t<div class=\"elementor-element elementor-element-90a96dd elementor-widget elementor-widget-image\" data-id=\"90a96dd\" data-element_type=\"widget\" data-widget_type=\"image.default\">\n\t\t\t\t<div class=\"elementor-widget-container\">\n\t\t\t\t\t\t\t\t\t\t\t\t\t\t\t<img fetchpriority=\"high\" decoding=\"async\" width=\"560\" height=\"315\" src=\"https:\/\/easyfairsassets.com\/sites\/84\/2020\/06\/Imagen-containers-logistica.jpg\" class=\"attachment-large size-large wp-image-6774\" alt=\"Imagen containers logistica\" srcset=\"https:\/\/easyfairsassets.com\/sites\/84\/2020\/06\/Imagen-containers-logistica.jpg 560w, https:\/\/easyfairsassets.com\/sites\/84\/2020\/06\/Imagen-containers-logistica-300x169.jpg 300w\" sizes=\"(max-width: 560px) 100vw, 560px\" \/>\t\t\t\t\t\t\t\t\t\t\t\t\t\t\t<\/div>\n\t\t\t\t<\/div>\n\t\t\t\t<div class=\"elementor-element elementor-element-766ea7f elementor-widget elementor-widget-spacer\" data-id=\"766ea7f\" data-element_type=\"widget\" data-widget_type=\"spacer.default\">\n\t\t\t\t<div class=\"elementor-widget-container\">\n\t\t\t\t\t\t\t<div class=\"elementor-spacer\">\n\t\t\t<div class=\"elementor-spacer-inner\"><\/div>\n\t\t<\/div>\n\t\t\t\t\t\t<\/div>\n\t\t\t\t<\/div>\n\t\t\t\t<div class=\"elementor-element elementor-element-823b542 elementor-widget elementor-widget-text-editor\" data-id=\"823b542\" data-element_type=\"widget\" data-widget_type=\"text-editor.default\">\n\t\t\t\t<div class=\"elementor-widget-container\">\n\t\t\t\t\t\t\t\t\t<p><em><strong>Fuente: <\/strong><\/em><a href=\"https:\/\/logistica.cdecomunicacion.es\/noticias\/sectoriales\/38709\/la-logistica-se-suma-a-la-alianza-europea-por-una-reconstruccion-sostenible\" target=\"_blank\" rel=\"noopener\">logistica.cdecomunicacion.es<\/a><\/p>\n\t\t\t\t\t\t\t\t<\/div>\n\t\t\t\t<\/div>\n\t\t\t\t<div class=\"elementor-element elementor-element-4b9441d elementor-widget elementor-widget-text-editor\" data-id=\"4b9441d\" data-element_type=\"widget\" data-widget_type=\"text-editor.default\">\n\t\t\t\t<div class=\"elementor-widget-container\">\n\t\t\t\t\t\t\t\t\t<p>El coronavirus \u201ces el mayor reto para el mundo desde la Segunda Guerra Mundial\u201d, seg\u00fan Naciones Unidas, y las medidas para combatirlo traer\u00e1n \u201cla peor recesi\u00f3n econ\u00f3mica desde la Gran Depresi\u00f3n\u201d, seg\u00fan anticip\u00f3 el Fondo Monetario Internacional. Ante el escenario planteado, muchas son las incertidumbres. Sin embargo, m\u00e1s de 1.300 representantes del \u00e1mbito pol\u00edtico, acad\u00e9mico, social y empresarial lo tienen claro: la recuperaci\u00f3n econ\u00f3mica ser\u00e1 \u2018verde\u2019 o no ser\u00e1.<\/p>\n<p>Entre los firmantes del \u2018<a href=\"https:\/\/d3cra5ec8gdi8w.cloudfront.net\/uploads\/documentos\/2020\/05\/21\/_porunarecuperacioneconomicasostenible1_2e72eb53.pdf\">Manifiesto por una recuperaci\u00f3n econ\u00f3mica sostenible\u2019<\/a>\u00a0se encuentra uno de los distribuidores l\u00edderes del sur de Europa,\u00a0<strong>Logista<\/strong>\u00a0que, junto a otros gigantes del panorama nacional como\u00a0<strong>Inditex, Iberdrola, la CEOE o Banco Santander<\/strong>, pretende impulsar un paquete de est\u00edmulos econ\u00f3micos basados en criterios de sostenibilidad.<\/p>\n<p>La reconstrucci\u00f3n que se defiende en el manifiesto\u00a0<strong>se basa en tres pilares fundamentales<\/strong>: la digitalizaci\u00f3n, descarbonizaci\u00f3n y resiliencia. Pilares alineados con la estrategia global de Logista, ya que la compa\u00f1\u00eda est\u00e1 muy comprometida con la protecci\u00f3n del medio ambiente y as\u00ed lo demuestran sus esfuerzos por garantizar la sostenibilidad de sus operaciones a trav\u00e9s de la gesti\u00f3n de emisiones y control de cambio clim\u00e1tico.<\/p>\n<p>La iniciativa, que ha sido impulsada por la organizaci\u00f3n\u00a0<strong>Ecolog\u00eda y Desarrollo (Ecodes),<\/strong>\u00a0el\u00a0<strong>Grupo Espa\u00f1ol para el Crecimiento Verde<\/strong>, la organizaci\u00f3n ecologista\u00a0<strong>SEO\/Birdlife<\/strong>\u00a0y por investigadores del\u00a0<strong>Real Instituto Elcano<\/strong>, del\u00a0<strong>Centro Vasco para el Cambio Clim\u00e1tico<\/strong>\u00a0y de la\u00a0<strong>Universidad Polit\u00e9cnica de Madrid<\/strong>, aboga por avanzar hacia una \u201csociedad m\u00e1s pr\u00f3spera, sostenible, saludable, inclusiva y resiliente\u201d.<\/p>\n<p>Al igual que la \u2018Alianza para una Recuperaci\u00f3n Verde\u2019 (Green Recovery Alliance), esta iniciativa local se apoya en el\u00a0<strong>Pacto Verde de la Comisi\u00f3n Europea<\/strong>, una hoja de ruta para las empresas europeas y que busca hacer frente a la emergencia clim\u00e1tica, as\u00ed como alcanzar la sostenibilidad econ\u00f3mica o social.<\/p>\n<p>Logista, como fundador del\u00a0<strong>Grupo Espa\u00f1ol de Crecimiento Verde<\/strong>, considera esta alianza clave para generar un modelo sostenible y duradero, especialmente en Espa\u00f1a, ya que ofrece las condiciones ideales para aprovechar esta estrategia dada su climatolog\u00eda, \u00f3ptima para el desarrollo de energ\u00edas renovables; su capital natural; su industria y el proceso de transici\u00f3n energ\u00e9tica, que ya se est\u00e1 abordando desde todas las esferas pol\u00edticas, empresariales y sociales.<\/p>\n\t\t\t\t\t\t\t\t<\/div>\n\t\t\t\t<\/div>\n\t\t\t\t\t<\/div>\n\t\t<\/div>\n\t\t\t\t\t<\/div>\n\t\t<\/section>\n\t\t\t\t\t<\/div>\n\t\t<\/div>\n\t\t\t\t\t<\/div>\n\t\t<\/section>\n\t\t\t\t<\/div>\n\t\t","protected":false},"excerpt":{"rendered":"<p>La log\u00edstica se suma a la alianza europea \u201cpor una reconstrucci\u00f3n sostenible\u201d Fuente: logistica.cdecomunicacion.es El coronavirus \u201ces el mayor reto para el mundo desde la Segunda Guerra Mundial\u201d, seg\u00fan Naciones Unidas, y las medidas para combatirlo traer\u00e1n \u201cla peor recesi\u00f3n econ\u00f3mica desde la Gran Depresi\u00f3n\u201d, seg\u00fan anticip\u00f3 el Fondo Monetario Internacional. Ante el escenario planteado, [&hellip;]<\/p>\n","protected":false},"author":1,"featured_media":6770,"comment_status":"open","ping_status":"open","sticky":false,"template":"elementor_header_footer","format":"standard","meta":{"_seopress_robots_primary_cat":"","_seopress_titles_title":"","_seopress_titles_desc":"","_seopress_robots_index":"","footnotes":""},"categories":[342],"tags":[],"edition":[],"class_list":["post-6777","post","type-post","status-publish","format-standard","has-post-thumbnail","hentry","category-blog-en"],"_links":{"self":[{"href":"https:\/\/www.logisticsautomationmadrid.com\/en\/wp-json\/wp\/v2\/posts\/6777","targetHints":{"allow":["GET"]}}],"collection":[{"href":"https:\/\/www.logisticsautomationmadrid.com\/en\/wp-json\/wp\/v2\/posts"}],"about":[{"href":"https:\/\/www.logisticsautomationmadrid.com\/en\/wp-json\/wp\/v2\/types\/post"}],"author":[{"embeddable":true,"href":"https:\/\/www.logisticsautomationmadrid.com\/en\/wp-json\/wp\/v2\/users\/1"}],"replies":[{"embeddable":true,"href":"https:\/\/www.logisticsautomationmadrid.com\/en\/wp-json\/wp\/v2\/comments?post=6777"}],"version-history":[{"count":0,"href":"https:\/\/www.logisticsautomationmadrid.com\/en\/wp-json\/wp\/v2\/posts\/6777\/revisions"}],"wp:featuredmedia":[{"embeddable":true,"href":"https:\/\/www.logisticsautomationmadrid.com\/en\/wp-json\/wp\/v2\/media\/6770"}],"wp:attachment":[{"href":"https:\/\/www.logisticsautomationmadrid.com\/en\/wp-json\/wp\/v2\/media?parent=6777"}],"wp:term":[{"taxonomy":"category","embeddable":true,"href":"https:\/\/www.logisticsautomationmadrid.com\/en\/wp-json\/wp\/v2\/categories?post=6777"},{"taxonomy":"post_tag","embeddable":true,"href":"https:\/\/www.logisticsautomationmadrid.com\/en\/wp-json\/wp\/v2\/tags?post=6777"},{"taxonomy":"edition","embeddable":true,"href":"https:\/\/www.logisticsautomationmadrid.com\/en\/wp-json\/wp\/v2\/edition?post=6777"}],"curies":[{"name":"wp","href":"https:\/\/api.w.org\/{rel}","templated":true}]}}