{"id":6790,"date":"2020-06-02T13:50:58","date_gmt":"2020-06-02T11:50:58","guid":{"rendered":"https:\/\/www.logisticsautomationmadrid.com\/2020\/06\/02\/iv-congreso-de-innovacion-logistica\/"},"modified":"2020-06-02T13:50:58","modified_gmt":"2020-06-02T11:50:58","slug":"iv-congreso-de-innovacion-logistica","status":"publish","type":"post","link":"https:\/\/www.logisticsautomationmadrid.com\/en\/2020\/06\/02\/iv-congreso-de-innovacion-logistica\/","title":{"rendered":"IV Congreso de Innovaci\u00f3n Log\u00edstica"},"content":{"rendered":"\t\t<div data-elementor-type=\"wp-post\" data-elementor-id=\"6790\" class=\"elementor elementor-6790 elementor-6781\" data-elementor-post-type=\"post\">\n\t\t\t\t\t\t<section class=\"elementor-section elementor-top-section elementor-element elementor-element-33c845e elementor-section-boxed elementor-section-height-default elementor-section-height-default\" data-id=\"33c845e\" data-element_type=\"section\" data-settings=\"{&quot;background_background&quot;:&quot;classic&quot;}\">\n\t\t\t\t\t\t<div class=\"elementor-container elementor-column-gap-default\">\n\t\t\t\t\t<div class=\"elementor-column elementor-col-100 elementor-top-column elementor-element elementor-element-a4c5c8d\" data-id=\"a4c5c8d\" data-element_type=\"column\">\n\t\t\t<div class=\"elementor-widget-wrap elementor-element-populated\">\n\t\t\t\t\t\t<section class=\"elementor-section elementor-inner-section elementor-element elementor-element-d155f08 elementor-section-boxed elementor-section-height-default elementor-section-height-default\" data-id=\"d155f08\" data-element_type=\"section\" data-settings=\"{&quot;background_background&quot;:&quot;classic&quot;}\">\n\t\t\t\t\t\t\t<div class=\"elementor-background-overlay\"><\/div>\n\t\t\t\t\t\t\t<div class=\"elementor-container elementor-column-gap-default\">\n\t\t\t\t\t<div class=\"elementor-column elementor-col-100 elementor-inner-column elementor-element elementor-element-53a5b84\" data-id=\"53a5b84\" data-element_type=\"column\">\n\t\t\t<div class=\"elementor-widget-wrap elementor-element-populated\">\n\t\t\t\t\t\t<div class=\"elementor-element elementor-element-2b3c195 elementor-widget elementor-widget-image\" data-id=\"2b3c195\" data-element_type=\"widget\" data-widget_type=\"image.default\">\n\t\t\t\t<div class=\"elementor-widget-container\">\n\t\t\t\t\t\t\t\t\t\t\t\t\t\t\t<img fetchpriority=\"high\" decoding=\"async\" width=\"800\" height=\"246\" src=\"https:\/\/easyfairsassets.com\/sites\/84\/2019\/11\/logo-slimstock-1024x315.png\" class=\"attachment-large size-large wp-image-4438\" alt=\"logo slimstock\" srcset=\"https:\/\/easyfairsassets.com\/sites\/84\/2019\/11\/logo-slimstock-1024x315.png 1024w, https:\/\/easyfairsassets.com\/sites\/84\/2019\/11\/logo-slimstock-300x92.png 300w, https:\/\/easyfairsassets.com\/sites\/84\/2019\/11\/logo-slimstock-768x236.png 768w, https:\/\/easyfairsassets.com\/sites\/84\/2019\/11\/logo-slimstock-1536x473.png 1536w, https:\/\/easyfairsassets.com\/sites\/84\/2019\/11\/logo-slimstock.png 1920w\" sizes=\"(max-width: 800px) 100vw, 800px\" \/>\t\t\t\t\t\t\t\t\t\t\t\t\t\t\t<\/div>\n\t\t\t\t<\/div>\n\t\t\t\t<div class=\"elementor-element elementor-element-7543e21 elementor-widget elementor-widget-spacer\" data-id=\"7543e21\" data-element_type=\"widget\" data-widget_type=\"spacer.default\">\n\t\t\t\t<div class=\"elementor-widget-container\">\n\t\t\t\t\t\t\t<div class=\"elementor-spacer\">\n\t\t\t<div class=\"elementor-spacer-inner\"><\/div>\n\t\t<\/div>\n\t\t\t\t\t\t<\/div>\n\t\t\t\t<\/div>\n\t\t\t\t<div class=\"elementor-element elementor-element-c6b99d3 elementor-widget elementor-widget-heading\" data-id=\"c6b99d3\" data-element_type=\"widget\" data-widget_type=\"heading.default\">\n\t\t\t\t<div class=\"elementor-widget-container\">\n\t\t\t\t\t<h2 class=\"elementor-heading-title elementor-size-default\">Slimstock te invita al Congreso de Innovaci\u00f3n Log\u00edstica<\/h2>\t\t\t\t<\/div>\n\t\t\t\t<\/div>\n\t\t\t\t<div class=\"elementor-element elementor-element-cfa11af elementor-widget elementor-widget-spacer\" data-id=\"cfa11af\" data-element_type=\"widget\" data-widget_type=\"spacer.default\">\n\t\t\t\t<div class=\"elementor-widget-container\">\n\t\t\t\t\t\t\t<div class=\"elementor-spacer\">\n\t\t\t<div class=\"elementor-spacer-inner\"><\/div>\n\t\t<\/div>\n\t\t\t\t\t\t<\/div>\n\t\t\t\t<\/div>\n\t\t\t\t<div class=\"elementor-element elementor-element-6d2c48c elementor-widget elementor-widget-image\" data-id=\"6d2c48c\" data-element_type=\"widget\" data-widget_type=\"image.default\">\n\t\t\t\t<div class=\"elementor-widget-container\">\n\t\t\t\t\t\t\t\t\t\t\t\t\t\t\t<img decoding=\"async\" width=\"800\" height=\"430\" src=\"https:\/\/easyfairsassets.com\/sites\/84\/2020\/06\/Imagen-slimstock-congreso-de-innovaci\u00f3n.png\" class=\"attachment-large size-large wp-image-6786\" alt=\"congreso slimstock\" srcset=\"https:\/\/easyfairsassets.com\/sites\/84\/2020\/06\/Imagen-slimstock-congreso-de-innovaci\u00f3n.png 1024w, https:\/\/easyfairsassets.com\/sites\/84\/2020\/06\/Imagen-slimstock-congreso-de-innovaci\u00f3n-300x161.png 300w, https:\/\/easyfairsassets.com\/sites\/84\/2020\/06\/Imagen-slimstock-congreso-de-innovaci\u00f3n-768x413.png 768w\" sizes=\"(max-width: 800px) 100vw, 800px\" \/>\t\t\t\t\t\t\t\t\t\t\t\t\t\t\t<\/div>\n\t\t\t\t<\/div>\n\t\t\t\t<div class=\"elementor-element elementor-element-ea4ca69 elementor-widget elementor-widget-spacer\" data-id=\"ea4ca69\" data-element_type=\"widget\" data-widget_type=\"spacer.default\">\n\t\t\t\t<div class=\"elementor-widget-container\">\n\t\t\t\t\t\t\t<div class=\"elementor-spacer\">\n\t\t\t<div class=\"elementor-spacer-inner\"><\/div>\n\t\t<\/div>\n\t\t\t\t\t\t<\/div>\n\t\t\t\t<\/div>\n\t\t\t\t<div class=\"elementor-element elementor-element-433ae38 elementor-widget elementor-widget-text-editor\" data-id=\"433ae38\" data-element_type=\"widget\" data-widget_type=\"text-editor.default\">\n\t\t\t\t<div class=\"elementor-widget-container\">\n\t\t\t\t\t\t\t\t\t<p><em><strong>Fuente: <\/strong><\/em><a href=\"https:\/\/www.slimstock.com\/es\/eventos\/congreso-innovacion-logistica-barcelona-2019-2-2\/\" target=\"_blank\" rel=\"noopener\">slimstock.com<\/a><\/p>\n\t\t\t\t\t\t\t\t<\/div>\n\t\t\t\t<\/div>\n\t\t\t\t<div class=\"elementor-element elementor-element-36495be elementor-widget elementor-widget-text-editor\" data-id=\"36495be\" data-element_type=\"widget\" data-widget_type=\"text-editor.default\">\n\t\t\t\t<div class=\"elementor-widget-container\">\n\t\t\t\t\t\t\t\t\t<div class=\"itemBody kl-blog-post-body kl-blog-cols-1\">\n<p style=\"text-align: center;\"><strong>30\/06\/20 Y 02\/07\/20 | IV CONGRESO DE INNOVACI\u00d3N LOG\u00cdSTICA: DESAF\u00cdOS Y CLAVES PARA LA RECUPERACI\u00d3N<\/strong><\/p>\n<\/div>\n\t\t\t\t\t\t\t\t<\/div>\n\t\t\t\t<\/div>\n\t\t\t\t<div class=\"elementor-element elementor-element-c5358ad elementor-widget elementor-widget-text-editor\" data-id=\"c5358ad\" data-element_type=\"widget\" data-widget_type=\"text-editor.default\">\n\t\t\t\t<div class=\"elementor-widget-container\">\n\t\t\t\t\t\t\t\t\t<p>Tras congregar a m\u00e1s de 2.000 directivos y profesionales del sector en 2019, el\u00a0<strong>IV Congreso de Innovaci\u00f3n Log\u00edstica<\/strong>\u00a0se reinventa y se convierte en un congreso online que se emitir\u00e1 el\u00a0<strong>martes 30 de junio en horario de 9:30 a 13:15h (CET) y el jueves 2 de julio, de 15:30 a 18:15h (CET).<\/strong><\/p>\n<p>Bajo el lema,\u00a0<strong>\u201cDesaf\u00edos y claves para la recuperaci\u00f3n\u201d<\/strong>, la agenda de este IV Congreso de Innovaci\u00f3n Log\u00edstica se presenta con un marcado car\u00e1cter anal\u00edtico. El\u00a0<strong>Director General Adjunto de la Comisar\u00eda de Transporte de la Uni\u00f3n Europea<\/strong>, el\u00a0<strong>Presidente de la CEOE<\/strong>, y expertos en Log\u00edstica y Cadena de Suministro de empresas como como\u00a0<strong>Carrefour, IKEA, Mango, SEAT, Novartis, Veepee (Vente-Privee), SEUR, HP, Mercedes-Benz Trucks, Denso, BASF, IESE o el Port de Barcelona<\/strong>, compartir\u00e1n su experiencia, visi\u00f3n y conocimiento, para analizar los desaf\u00edos que afrontan la Log\u00edstica y la econom\u00eda en general a consecuencia de la crisis sin precedentes ocasionada por la pandemia de coronavirus.<\/p>\n<h4><strong>Contenido<\/strong><\/h4>\n<p>La agenda se compone de <strong>3 ponencias y 2 mesas redondas<\/strong>. Entre los asuntos a tratar est\u00e1n:<\/p>\n<ul>\n<li>Las medidas de la UE para garantizar el mercado \u00fanico de mercanc\u00edas<\/li>\n<li>Los nuevos modelos de negocio<\/li>\n<li>Las diferentes estrategias de gesti\u00f3n de Supply Chain y los retos para el empleo<\/li>\n<li>La transformaci\u00f3n digital y la importancia de optimizar las operaciones en la cadena de suministro tanto para empresas de sectores \u2018esenciales\u2019 como \u2018no esenciales\u2019<\/li>\n<li>Adem\u00e1s, se presentar\u00e1n los resultados de una encuesta realizada entre los 7.500 participantes del Congreso (con car\u00e1cter previo) sobre la repercusi\u00f3n de la crisis del Covid-19 en el sector log\u00edstico.<\/li>\n<\/ul>\n<p style=\"text-align: center;\"><a href=\"https:\/\/congreso.slimstock.com\/\" target=\"_blank\" rel=\"noopener\"><strong>Ver programa completo e inscripciones<\/strong><\/a><\/p>\n<h4><strong>Informaci\u00f3n de inter\u00e9s<\/strong><\/h4>\n<ul>\n<li><strong>Fechas y horario:<\/strong> 30 junio 2020, de 09:30 a 13:15 horas (CET) | 2 julio 2020, de 15:30 a 19:15 horas (CET)<\/li>\n<li><strong>Formato:<\/strong> Online<\/li>\n<li><strong>Dirigido a: <\/strong>Directores Generales y Directivos o Responsables de las \u00e1reas de Log\u00edstica, Operaciones, Finanzas, Compras, Planificaci\u00f3n y Aprovisionamiento.<\/li>\n<li>Para consultar programa completo e inscripciones consulta: https:\/\/congreso.slimstock.com\/<\/li>\n<li><strong>Precio:<\/strong> Gratuito<\/li>\n<\/ul>\n\t\t\t\t\t\t\t\t<\/div>\n\t\t\t\t<\/div>\n\t\t\t\t\t<\/div>\n\t\t<\/div>\n\t\t\t\t\t<\/div>\n\t\t<\/section>\n\t\t\t\t\t<\/div>\n\t\t<\/div>\n\t\t\t\t\t<\/div>\n\t\t<\/section>\n\t\t\t\t<\/div>\n\t\t","protected":false},"excerpt":{"rendered":"<p>Slimstock te invita al Congreso de Innovaci\u00f3n Log\u00edstica Fuente: slimstock.com 30\/06\/20 Y 02\/07\/20 | IV CONGRESO DE INNOVACI\u00d3N LOG\u00cdSTICA: DESAF\u00cdOS Y CLAVES PARA LA RECUPERACI\u00d3N Tras congregar a m\u00e1s de 2.000 directivos y profesionales del sector en 2019, el\u00a0IV Congreso de Innovaci\u00f3n Log\u00edstica\u00a0se reinventa y se convierte en un congreso online que se emitir\u00e1 el\u00a0martes [&hellip;]<\/p>\n","protected":false},"author":1,"featured_media":4438,"comment_status":"open","ping_status":"open","sticky":false,"template":"elementor_header_footer","format":"standard","meta":{"_seopress_robots_primary_cat":"","_seopress_titles_title":"","_seopress_titles_desc":"","_seopress_robots_index":"","footnotes":""},"categories":[342],"tags":[],"edition":[],"class_list":["post-6790","post","type-post","status-publish","format-standard","has-post-thumbnail","hentry","category-blog-en"],"_links":{"self":[{"href":"https:\/\/www.logisticsautomationmadrid.com\/en\/wp-json\/wp\/v2\/posts\/6790","targetHints":{"allow":["GET"]}}],"collection":[{"href":"https:\/\/www.logisticsautomationmadrid.com\/en\/wp-json\/wp\/v2\/posts"}],"about":[{"href":"https:\/\/www.logisticsautomationmadrid.com\/en\/wp-json\/wp\/v2\/types\/post"}],"author":[{"embeddable":true,"href":"https:\/\/www.logisticsautomationmadrid.com\/en\/wp-json\/wp\/v2\/users\/1"}],"replies":[{"embeddable":true,"href":"https:\/\/www.logisticsautomationmadrid.com\/en\/wp-json\/wp\/v2\/comments?post=6790"}],"version-history":[{"count":0,"href":"https:\/\/www.logisticsautomationmadrid.com\/en\/wp-json\/wp\/v2\/posts\/6790\/revisions"}],"wp:featuredmedia":[{"embeddable":true,"href":"https:\/\/www.logisticsautomationmadrid.com\/en\/wp-json\/wp\/v2\/media\/4438"}],"wp:attachment":[{"href":"https:\/\/www.logisticsautomationmadrid.com\/en\/wp-json\/wp\/v2\/media?parent=6790"}],"wp:term":[{"taxonomy":"category","embeddable":true,"href":"https:\/\/www.logisticsautomationmadrid.com\/en\/wp-json\/wp\/v2\/categories?post=6790"},{"taxonomy":"post_tag","embeddable":true,"href":"https:\/\/www.logisticsautomationmadrid.com\/en\/wp-json\/wp\/v2\/tags?post=6790"},{"taxonomy":"edition","embeddable":true,"href":"https:\/\/www.logisticsautomationmadrid.com\/en\/wp-json\/wp\/v2\/edition?post=6790"}],"curies":[{"name":"wp","href":"https:\/\/api.w.org\/{rel}","templated":true}]}}