{"id":7483,"date":"2020-06-30T18:31:40","date_gmt":"2020-06-30T16:31:40","guid":{"rendered":"https:\/\/www.logisticsautomationmadrid.com\/2020\/06\/30\/polypal-equipa-la-nueva-plataforma-logistica-de-distribucion-para-el-comercio-electronico-de-mercadona\/"},"modified":"2020-06-30T18:31:41","modified_gmt":"2020-06-30T16:31:41","slug":"polypal-equipa-la-nueva-plataforma-logistica-de-distribucion-para-el-comercio-electronico-de-mercadona","status":"publish","type":"post","link":"https:\/\/www.logisticsautomationmadrid.com\/en\/2020\/06\/30\/polypal-equipa-la-nueva-plataforma-logistica-de-distribucion-para-el-comercio-electronico-de-mercadona\/","title":{"rendered":"POLYPAL equipa la nueva plataforma log\u00edstica de distribuci\u00f3n para el comercio electr\u00f3nico de Mercadona"},"content":{"rendered":"\t\t<div data-elementor-type=\"wp-post\" data-elementor-id=\"7483\" class=\"elementor elementor-7483 elementor-7468\" data-elementor-post-type=\"post\">\n\t\t\t\t\t\t<section class=\"elementor-section elementor-top-section elementor-element elementor-element-49fdf21 elementor-section-boxed elementor-section-height-default elementor-section-height-default\" data-id=\"49fdf21\" data-element_type=\"section\" data-settings=\"{&quot;background_background&quot;:&quot;classic&quot;}\">\n\t\t\t\t\t\t<div class=\"elementor-container elementor-column-gap-default\">\n\t\t\t\t\t<div class=\"elementor-column elementor-col-100 elementor-top-column elementor-element elementor-element-465a510\" data-id=\"465a510\" data-element_type=\"column\">\n\t\t\t<div class=\"elementor-widget-wrap elementor-element-populated\">\n\t\t\t\t\t\t<section class=\"elementor-section elementor-inner-section elementor-element elementor-element-55c216b elementor-section-boxed elementor-section-height-default elementor-section-height-default\" data-id=\"55c216b\" data-element_type=\"section\" data-settings=\"{&quot;background_background&quot;:&quot;classic&quot;}\">\n\t\t\t\t\t\t\t<div class=\"elementor-background-overlay\"><\/div>\n\t\t\t\t\t\t\t<div class=\"elementor-container elementor-column-gap-default\">\n\t\t\t\t\t<div class=\"elementor-column elementor-col-100 elementor-inner-column elementor-element elementor-element-60d1bce\" data-id=\"60d1bce\" data-element_type=\"column\">\n\t\t\t<div class=\"elementor-widget-wrap elementor-element-populated\">\n\t\t\t\t\t\t<div class=\"elementor-element elementor-element-991a775 elementor-widget elementor-widget-image\" data-id=\"991a775\" data-element_type=\"widget\" data-widget_type=\"image.default\">\n\t\t\t\t<div class=\"elementor-widget-container\">\n\t\t\t\t\t\t\t\t\t\t\t\t\t\t\t<img decoding=\"async\" width=\"300\" height=\"150\" src=\"https:\/\/easyfairsassets.com\/sites\/84\/2020\/06\/Polypal-Logo-para-news-300x150-1.png\" class=\"attachment-large size-large wp-image-7471\" alt=\"Logo de Polypal para news\" \/>\t\t\t\t\t\t\t\t\t\t\t\t\t\t\t<\/div>\n\t\t\t\t<\/div>\n\t\t\t\t<div class=\"elementor-element elementor-element-191cd3c elementor-widget elementor-widget-spacer\" data-id=\"191cd3c\" data-element_type=\"widget\" data-widget_type=\"spacer.default\">\n\t\t\t\t<div class=\"elementor-widget-container\">\n\t\t\t\t\t\t\t<div class=\"elementor-spacer\">\n\t\t\t<div class=\"elementor-spacer-inner\"><\/div>\n\t\t<\/div>\n\t\t\t\t\t\t<\/div>\n\t\t\t\t<\/div>\n\t\t\t\t<div class=\"elementor-element elementor-element-f0d5fae elementor-widget elementor-widget-heading\" data-id=\"f0d5fae\" data-element_type=\"widget\" data-widget_type=\"heading.default\">\n\t\t\t\t<div class=\"elementor-widget-container\">\n\t\t\t\t\t<h2 class=\"elementor-heading-title elementor-size-default\">POLYPAL equipa la nueva plataforma log\u00edstica de distribuci\u00f3n para el comercio electr\u00f3nico de Mercadona<\/h2>\t\t\t\t<\/div>\n\t\t\t\t<\/div>\n\t\t\t\t<div class=\"elementor-element elementor-element-18b659c elementor-widget elementor-widget-spacer\" data-id=\"18b659c\" data-element_type=\"widget\" data-widget_type=\"spacer.default\">\n\t\t\t\t<div class=\"elementor-widget-container\">\n\t\t\t\t\t\t\t<div class=\"elementor-spacer\">\n\t\t\t<div class=\"elementor-spacer-inner\"><\/div>\n\t\t<\/div>\n\t\t\t\t\t\t<\/div>\n\t\t\t\t<\/div>\n\t\t\t\t<div class=\"elementor-element elementor-element-38e1e80 elementor-widget elementor-widget-image\" data-id=\"38e1e80\" data-element_type=\"widget\" data-widget_type=\"image.default\">\n\t\t\t\t<div class=\"elementor-widget-container\">\n\t\t\t\t\t\t\t\t\t\t\t\t\t\t\t<img fetchpriority=\"high\" decoding=\"async\" width=\"800\" height=\"499\" src=\"https:\/\/easyfairsassets.com\/sites\/84\/2020\/06\/exterior-mercadona-1024x639.jpg\" class=\"attachment-large size-large wp-image-7475\" alt=\"Imagen Mercadona - Noticia de Polypal\" srcset=\"https:\/\/easyfairsassets.com\/sites\/84\/2020\/06\/exterior-mercadona-1024x639.jpg 1024w, https:\/\/easyfairsassets.com\/sites\/84\/2020\/06\/exterior-mercadona-300x187.jpg 300w, https:\/\/easyfairsassets.com\/sites\/84\/2020\/06\/exterior-mercadona-768x479.jpg 768w, https:\/\/easyfairsassets.com\/sites\/84\/2020\/06\/exterior-mercadona.jpg 1216w\" sizes=\"(max-width: 800px) 100vw, 800px\" \/>\t\t\t\t\t\t\t\t\t\t\t\t\t\t\t<\/div>\n\t\t\t\t<\/div>\n\t\t\t\t<div class=\"elementor-element elementor-element-c584f06 elementor-widget elementor-widget-spacer\" data-id=\"c584f06\" data-element_type=\"widget\" data-widget_type=\"spacer.default\">\n\t\t\t\t<div class=\"elementor-widget-container\">\n\t\t\t\t\t\t\t<div class=\"elementor-spacer\">\n\t\t\t<div class=\"elementor-spacer-inner\"><\/div>\n\t\t<\/div>\n\t\t\t\t\t\t<\/div>\n\t\t\t\t<\/div>\n\t\t\t\t<div class=\"elementor-element elementor-element-d1c8160 elementor-widget elementor-widget-text-editor\" data-id=\"d1c8160\" data-element_type=\"widget\" data-widget_type=\"text-editor.default\">\n\t\t\t\t<div class=\"elementor-widget-container\">\n\t\t\t\t\t\t\t\t\t<p><em><strong>Fuente:<\/strong><\/em> <a href=\"https:\/\/www.polypal.com\/proyectos\/nueva-plataforma-logistica-de-distribucion-para-el-comercio-electronico-de-mercadona\" target=\"_blank\" rel=\"noopener\">polypal<\/a><\/p>\n\t\t\t\t\t\t\t\t<\/div>\n\t\t\t\t<\/div>\n\t\t\t\t<div class=\"elementor-element elementor-element-f6ee6c1 elementor-widget elementor-widget-text-editor\" data-id=\"f6ee6c1\" data-element_type=\"widget\" data-widget_type=\"text-editor.default\">\n\t\t\t\t<div class=\"elementor-widget-container\">\n\t\t\t\t\t\t\t\t\t<p>Con esta nueva colmena de 15.000 m2 ubicada en Madrid, la compa\u00f1\u00eda traslada a estos centros de distribuci\u00f3n la preparaci\u00f3n y env\u00edo de pedidos, en lugar de gestionarlos uno a uno desde sus tiendas. De esta forma incrementa la productividad, la eficiencia y mejora el servicio.<\/p>\n<p>Para optimizar los procesos de preparaci\u00f3n y reparto de pedidos para el canal online desde el propio almac\u00e9n, se dise\u00f1aron 4 \u00e1reas de almacenaje adaptadas a cada tipo de producto y necesidad:<\/p>\n<ul>\n<li><strong>Almac\u00e9n para productos a temperatura ambiente:<\/strong><\/li>\n<\/ul>\n<p>Esta zona de almac\u00e9n est\u00e1 destinada tanto a los productos envasados que no necesitan refrigeraci\u00f3n, como a los productos frescos que se reciben y preparan el mismo d\u00eda de entrega al cliente para garantizar la m\u00e1xima calidad y frescura.<br \/>\nPara el almacenaje de este tipo de productos se instalaron estanter\u00edas para picking con paneles met\u00e1licos. Estas estanter\u00edas permiten tanto la reposici\u00f3n c\u00f3mo la preparaci\u00f3n de pedidos por cualquiera de sus caras con total flexibilidad.<br \/>\nC\u00f3mo apoyo al almac\u00e9n de productos a temperatura ambiente tambi\u00e9n se instalaron estanter\u00edas de paletizaci\u00f3n convencional para carga pesada.<\/p>\n<ul>\n<li><strong>Almac\u00e9n para productos refrigerados con c\u00e1maras de 3 y 12\u00baC<\/strong><\/li>\n<\/ul>\n<p>Esta zona de almac\u00e9n se equip\u00f3 con estanter\u00edas para picking con niveles de carga inclinados con malla met\u00e1lica. En estas estanter\u00edas la reposici\u00f3n y preparaci\u00f3n se realiza por la cara frontal de las cajas de pl\u00e1stico. Este tipo de m\u00f3dulos permite modificar tanto la direcci\u00f3n de entrada y salida, como su grado de inclinaci\u00f3n. Asimismo, todos los m\u00f3dulos son compatibles, por lo que se pueden intercambiar sin problemas y permiten reubicar los niveles de forma r\u00e1pida y sencilla.<br \/>\nAl igual que en la zona de productos a temperatura ambiente, aqu\u00ed tambi\u00e9n se instalaron m\u00f3dulos de estanter\u00edas para picking con panel met\u00e1lico que permiten reponer y preparar el pedido por cualquiera de sus caras.<\/p>\n\t\t\t\t\t\t\t\t<\/div>\n\t\t\t\t<\/div>\n\t\t\t\t<div class=\"elementor-element elementor-element-f8ecf99 elementor-widget elementor-widget-image\" data-id=\"f8ecf99\" data-element_type=\"widget\" data-widget_type=\"image.default\">\n\t\t\t\t<div class=\"elementor-widget-container\">\n\t\t\t\t\t\t\t\t\t\t\t\t\t\t\t<img decoding=\"async\" width=\"800\" height=\"600\" src=\"https:\/\/easyfairsassets.com\/sites\/84\/2020\/06\/Colmena-Mercadona_Polypal_6-1024x768.jpg\" class=\"attachment-large size-large wp-image-7477\" alt=\"Colmena Mercadona_Polypal_6\" srcset=\"https:\/\/easyfairsassets.com\/sites\/84\/2020\/06\/Colmena-Mercadona_Polypal_6-1024x768.jpg 1024w, https:\/\/easyfairsassets.com\/sites\/84\/2020\/06\/Colmena-Mercadona_Polypal_6-300x225.jpg 300w, https:\/\/easyfairsassets.com\/sites\/84\/2020\/06\/Colmena-Mercadona_Polypal_6-768x576.jpg 768w, https:\/\/easyfairsassets.com\/sites\/84\/2020\/06\/Colmena-Mercadona_Polypal_6-1536x1152.jpg 1536w, https:\/\/easyfairsassets.com\/sites\/84\/2020\/06\/Colmena-Mercadona_Polypal_6.jpg 1600w\" sizes=\"(max-width: 800px) 100vw, 800px\" \/>\t\t\t\t\t\t\t\t\t\t\t\t\t\t\t<\/div>\n\t\t\t\t<\/div>\n\t\t\t\t<div class=\"elementor-element elementor-element-6acad4c elementor-widget elementor-widget-spacer\" data-id=\"6acad4c\" data-element_type=\"widget\" data-widget_type=\"spacer.default\">\n\t\t\t\t<div class=\"elementor-widget-container\">\n\t\t\t\t\t\t\t<div class=\"elementor-spacer\">\n\t\t\t<div class=\"elementor-spacer-inner\"><\/div>\n\t\t<\/div>\n\t\t\t\t\t\t<\/div>\n\t\t\t\t<\/div>\n\t\t\t\t<div class=\"elementor-element elementor-element-1dfe511 elementor-widget elementor-widget-text-editor\" data-id=\"1dfe511\" data-element_type=\"widget\" data-widget_type=\"text-editor.default\">\n\t\t\t\t<div class=\"elementor-widget-container\">\n\t\t\t\t\t\t\t\t\t<ul>\n<li><strong>Almac\u00e9n para productos congelados con c\u00e1maras de -30\u00baC<\/strong><\/li>\n<\/ul>\n<p>La zona de almac\u00e9n destinada a los productos congelados se dise\u00f1\u00f3 para trabajar mediante el sistema de picking FIFO. Para ello se instalaron niveles din\u00e1micos por gravedad en estanter\u00edas para media carga. Estas estanter\u00edas de picking est\u00e1n adaptadas para reposici\u00f3n y preparaci\u00f3n de pedidos por cualquiera de sus caras. Permiten modificar tanto la direcci\u00f3n de entrada y salida, como el grado de inclinaci\u00f3n del estante. Todos los m\u00f3dulos son compatibles entre s\u00ed, lo que facilita el movimiento de los niveles en caso de necesidad.<\/p>\n<p>Este dise\u00f1o de estanter\u00edas permite trabajar a -30\u00baC con total fluidez con cualquier tipo de envase y tama\u00f1o de producto. Las estanter\u00edas din\u00e1micas por gravedad se caracterizan por su alta densidad de almacenaje, llegando a aprovechar hasta el 90% del espacio disponible.<\/p>\n<ul>\n<li><strong>Zona de almac\u00e9n auxiliar<\/strong><\/li>\n<\/ul>\n<p>La cuarta zona del almac\u00e9n se habilit\u00f3 para trabajos de mantenimiento y archivo. Se instalaron sistemas de estanter\u00edas de media carga con panel met\u00e1lico para el \u00e1rea dedicada a la gesti\u00f3n del mantenimiento del almac\u00e9n y sistemas de estanter\u00eda con bandeja para carga ligera para el \u00e1rea de archivo.<\/p>\n\t\t\t\t\t\t\t\t<\/div>\n\t\t\t\t<\/div>\n\t\t\t\t<div class=\"elementor-element elementor-element-bc6f159 elementor-widget elementor-widget-image\" data-id=\"bc6f159\" data-element_type=\"widget\" data-widget_type=\"image.default\">\n\t\t\t\t<div class=\"elementor-widget-container\">\n\t\t\t\t\t\t\t\t\t\t\t\t\t\t\t<img loading=\"lazy\" decoding=\"async\" width=\"800\" height=\"600\" src=\"https:\/\/easyfairsassets.com\/sites\/84\/2020\/06\/Colmena-Mercadona_Polypal_4-1024x768.jpg\" class=\"attachment-large size-large wp-image-7479\" alt=\"Colmena Mercadona_Polypal_4\" srcset=\"https:\/\/easyfairsassets.com\/sites\/84\/2020\/06\/Colmena-Mercadona_Polypal_4-1024x768.jpg 1024w, https:\/\/easyfairsassets.com\/sites\/84\/2020\/06\/Colmena-Mercadona_Polypal_4-300x225.jpg 300w, https:\/\/easyfairsassets.com\/sites\/84\/2020\/06\/Colmena-Mercadona_Polypal_4-768x576.jpg 768w, https:\/\/easyfairsassets.com\/sites\/84\/2020\/06\/Colmena-Mercadona_Polypal_4-1536x1152.jpg 1536w, https:\/\/easyfairsassets.com\/sites\/84\/2020\/06\/Colmena-Mercadona_Polypal_4.jpg 1600w\" sizes=\"(max-width: 800px) 100vw, 800px\" \/>\t\t\t\t\t\t\t\t\t\t\t\t\t\t\t<\/div>\n\t\t\t\t<\/div>\n\t\t\t\t<div class=\"elementor-element elementor-element-57e533e elementor-widget elementor-widget-spacer\" data-id=\"57e533e\" data-element_type=\"widget\" data-widget_type=\"spacer.default\">\n\t\t\t\t<div class=\"elementor-widget-container\">\n\t\t\t\t\t\t\t<div class=\"elementor-spacer\">\n\t\t\t<div class=\"elementor-spacer-inner\"><\/div>\n\t\t<\/div>\n\t\t\t\t\t\t<\/div>\n\t\t\t\t<\/div>\n\t\t\t\t<div class=\"elementor-element elementor-element-7e17d32 elementor-widget elementor-widget-text-editor\" data-id=\"7e17d32\" data-element_type=\"widget\" data-widget_type=\"text-editor.default\">\n\t\t\t\t<div class=\"elementor-widget-container\">\n\t\t\t\t\t\t\t\t\t<p><strong>Ficha t\u00e9cnica del proyecto:<\/strong><\/p>\n<ul>\n<li>Superficie: 15.000 m2<\/li>\n<li>3 almacenes: temperatura ambiente, fr\u00edo y congelado.<\/li>\n<li>Zonas de almacenaje auxiliar<\/li>\n<li>258 m\u00f3dulos para picking<\/li>\n<li>16 m\u00f3dulos para carga paletizada<\/li>\n<li>30 m\u00f3dulos para picking din\u00e1mico<\/li>\n<li>41 m\u00f3dulos para cuartos auxiliares<\/li>\n<\/ul>\n<p><span style=\"text-decoration: underline;\"><strong>Sobre POLYPAL<\/strong><\/span><\/p>\n<p>POLYPAL, especialista en dise\u00f1o, fabricaci\u00f3n e instalaci\u00f3n de una amplia gama de soluciones de almacenaje como estanter\u00edas industriales, entreplantas y taquillas.<\/p>\n<p>La sede central y centro productivo de POLYPAL, ubicado en Bizkaia, est\u00e1 avalado por sus m\u00e1s de 100 a\u00f1os de trayectoria industrial, donde se trabaja con avanzados medios t\u00e9cnicos y recursos humanos de gran experiencia controlados por un riguroso sistema de calidad, certificado en la norma ISO 9001, ISO 3834, UNE-EN 1090.<\/p>\n<p>POLYPAL cuenta con cinco delegaciones en Espa\u00f1a y filiales en Alemania, B\u00e9lgica, Francia y Holanda coordinando as\u00ed soluciones integrales en dise\u00f1o de proyectos, fabricaci\u00f3n, montaje y post-venta para dar servicio a clientes de m\u00e1s de 30 pa\u00edses.<\/p>\n<p>La compa\u00f1\u00eda forma parte del Grupo Whittan, l\u00edder europeo de sistemas de almacenaje de alta calidad, con m\u00e1s de 1000 empleados y 6 f\u00e1bricas dedicadas a la producci\u00f3n de sistemas de almacenaje.<\/p>\n<p>Para saber m\u00e1s: <a href=\"https:\/\/www.polypal.com\/\" target=\"_blank\" rel=\"noopener\">www.polypal.com<\/a><\/p>\n\t\t\t\t\t\t\t\t<\/div>\n\t\t\t\t<\/div>\n\t\t\t\t\t<\/div>\n\t\t<\/div>\n\t\t\t\t\t<\/div>\n\t\t<\/section>\n\t\t\t\t\t<\/div>\n\t\t<\/div>\n\t\t\t\t\t<\/div>\n\t\t<\/section>\n\t\t\t\t<\/div>\n\t\t","protected":false},"excerpt":{"rendered":"<p>POLYPAL equipa la nueva plataforma log\u00edstica de distribuci\u00f3n para el comercio electr\u00f3nico de Mercadona Fuente: polypal Con esta nueva colmena de 15.000 m2 ubicada en Madrid, la compa\u00f1\u00eda traslada a estos centros de distribuci\u00f3n la preparaci\u00f3n y env\u00edo de pedidos, en lugar de gestionarlos uno a uno desde sus tiendas. De esta forma incrementa la [&hellip;]<\/p>\n","protected":false},"author":1,"featured_media":7471,"comment_status":"open","ping_status":"open","sticky":false,"template":"elementor_header_footer","format":"standard","meta":{"_seopress_robots_primary_cat":"","_seopress_titles_title":"","_seopress_titles_desc":"","_seopress_robots_index":"","footnotes":""},"categories":[342],"tags":[],"edition":[],"class_list":["post-7483","post","type-post","status-publish","format-standard","has-post-thumbnail","hentry","category-blog-en"],"_links":{"self":[{"href":"https:\/\/www.logisticsautomationmadrid.com\/en\/wp-json\/wp\/v2\/posts\/7483","targetHints":{"allow":["GET"]}}],"collection":[{"href":"https:\/\/www.logisticsautomationmadrid.com\/en\/wp-json\/wp\/v2\/posts"}],"about":[{"href":"https:\/\/www.logisticsautomationmadrid.com\/en\/wp-json\/wp\/v2\/types\/post"}],"author":[{"embeddable":true,"href":"https:\/\/www.logisticsautomationmadrid.com\/en\/wp-json\/wp\/v2\/users\/1"}],"replies":[{"embeddable":true,"href":"https:\/\/www.logisticsautomationmadrid.com\/en\/wp-json\/wp\/v2\/comments?post=7483"}],"version-history":[{"count":0,"href":"https:\/\/www.logisticsautomationmadrid.com\/en\/wp-json\/wp\/v2\/posts\/7483\/revisions"}],"wp:featuredmedia":[{"embeddable":true,"href":"https:\/\/www.logisticsautomationmadrid.com\/en\/wp-json\/wp\/v2\/media\/7471"}],"wp:attachment":[{"href":"https:\/\/www.logisticsautomationmadrid.com\/en\/wp-json\/wp\/v2\/media?parent=7483"}],"wp:term":[{"taxonomy":"category","embeddable":true,"href":"https:\/\/www.logisticsautomationmadrid.com\/en\/wp-json\/wp\/v2\/categories?post=7483"},{"taxonomy":"post_tag","embeddable":true,"href":"https:\/\/www.logisticsautomationmadrid.com\/en\/wp-json\/wp\/v2\/tags?post=7483"},{"taxonomy":"edition","embeddable":true,"href":"https:\/\/www.logisticsautomationmadrid.com\/en\/wp-json\/wp\/v2\/edition?post=7483"}],"curies":[{"name":"wp","href":"https:\/\/api.w.org\/{rel}","templated":true}]}}