{"id":7509,"date":"2020-07-02T13:19:00","date_gmt":"2020-07-02T11:19:00","guid":{"rendered":"https:\/\/www.logisticsautomationmadrid.com\/2020\/07\/02\/5-minutos-con-oscar-barranco\/"},"modified":"2020-07-02T13:19:00","modified_gmt":"2020-07-02T11:19:00","slug":"5-minutos-con-oscar-barranco","status":"publish","type":"post","link":"https:\/\/www.logisticsautomationmadrid.com\/en\/2020\/07\/02\/5-minutos-con-oscar-barranco\/","title":{"rendered":"5 minutos con Oscar Barranco"},"content":{"rendered":"\t\t<div data-elementor-type=\"wp-post\" data-elementor-id=\"7509\" class=\"elementor elementor-7509 elementor-7498\" data-elementor-post-type=\"post\">\n\t\t\t\t\t\t<section class=\"elementor-section elementor-top-section elementor-element elementor-element-2891d54 elementor-section-boxed elementor-section-height-default elementor-section-height-default\" data-id=\"2891d54\" data-element_type=\"section\" data-settings=\"{&quot;background_background&quot;:&quot;classic&quot;}\">\n\t\t\t\t\t\t<div class=\"elementor-container elementor-column-gap-default\">\n\t\t\t\t\t<div class=\"elementor-column elementor-col-100 elementor-top-column elementor-element elementor-element-a5e7a30\" data-id=\"a5e7a30\" data-element_type=\"column\">\n\t\t\t<div class=\"elementor-widget-wrap elementor-element-populated\">\n\t\t\t\t\t\t<section class=\"elementor-section elementor-inner-section elementor-element elementor-element-5169e5b elementor-section-boxed elementor-section-height-default elementor-section-height-default\" data-id=\"5169e5b\" data-element_type=\"section\" data-settings=\"{&quot;background_background&quot;:&quot;classic&quot;}\">\n\t\t\t\t\t\t\t<div class=\"elementor-background-overlay\"><\/div>\n\t\t\t\t\t\t\t<div class=\"elementor-container elementor-column-gap-default\">\n\t\t\t\t\t<div class=\"elementor-column elementor-col-100 elementor-inner-column elementor-element elementor-element-9e5c60d\" data-id=\"9e5c60d\" data-element_type=\"column\">\n\t\t\t<div class=\"elementor-widget-wrap elementor-element-populated\">\n\t\t\t\t\t\t<div class=\"elementor-element elementor-element-1a8a53a elementor-widget elementor-widget-image\" data-id=\"1a8a53a\" data-element_type=\"widget\" data-widget_type=\"image.default\">\n\t\t\t\t<div class=\"elementor-widget-container\">\n\t\t\t\t\t\t\t\t\t\t\t\t\t\t\t<img decoding=\"async\" width=\"300\" height=\"150\" src=\"https:\/\/easyfairsassets.com\/sites\/84\/2020\/07\/Logistics-Logo-para-news.png\" class=\"attachment-large size-large wp-image-7501\" alt=\"Logistics Logo para news\" \/>\t\t\t\t\t\t\t\t\t\t\t\t\t\t\t<\/div>\n\t\t\t\t<\/div>\n\t\t\t\t<div class=\"elementor-element elementor-element-fbfa52f elementor-widget elementor-widget-spacer\" data-id=\"fbfa52f\" data-element_type=\"widget\" data-widget_type=\"spacer.default\">\n\t\t\t\t<div class=\"elementor-widget-container\">\n\t\t\t\t\t\t\t<div class=\"elementor-spacer\">\n\t\t\t<div class=\"elementor-spacer-inner\"><\/div>\n\t\t<\/div>\n\t\t\t\t\t\t<\/div>\n\t\t\t\t<\/div>\n\t\t\t\t<div class=\"elementor-element elementor-element-10039de elementor-widget elementor-widget-heading\" data-id=\"10039de\" data-element_type=\"widget\" data-widget_type=\"heading.default\">\n\t\t\t\t<div class=\"elementor-widget-container\">\n\t\t\t\t\t<h2 class=\"elementor-heading-title elementor-size-default\">5 minutos con Oscar Barranco<\/h2>\t\t\t\t<\/div>\n\t\t\t\t<\/div>\n\t\t\t\t<div class=\"elementor-element elementor-element-25a83f9 elementor-widget elementor-widget-spacer\" data-id=\"25a83f9\" data-element_type=\"widget\" data-widget_type=\"spacer.default\">\n\t\t\t\t<div class=\"elementor-widget-container\">\n\t\t\t\t\t\t\t<div class=\"elementor-spacer\">\n\t\t\t<div class=\"elementor-spacer-inner\"><\/div>\n\t\t<\/div>\n\t\t\t\t\t\t<\/div>\n\t\t\t\t<\/div>\n\t\t\t\t<div class=\"elementor-element elementor-element-67aabea elementor-widget elementor-widget-image\" data-id=\"67aabea\" data-element_type=\"widget\" data-widget_type=\"image.default\">\n\t\t\t\t<div class=\"elementor-widget-container\">\n\t\t\t\t\t\t\t\t\t\t\t\t\t\t\t<img fetchpriority=\"high\" decoding=\"async\" width=\"661\" height=\"1024\" src=\"https:\/\/easyfairsassets.com\/sites\/84\/2020\/07\/Metal-Madrid-19-retratos-001-661x1024.jpg\" class=\"attachment-large size-large wp-image-7505\" alt=\"Foto de Oscar Barranco\" srcset=\"https:\/\/easyfairsassets.com\/sites\/84\/2020\/07\/Metal-Madrid-19-retratos-001-661x1024.jpg 661w, https:\/\/easyfairsassets.com\/sites\/84\/2020\/07\/Metal-Madrid-19-retratos-001-194x300.jpg 194w, https:\/\/easyfairsassets.com\/sites\/84\/2020\/07\/Metal-Madrid-19-retratos-001-768x1189.jpg 768w, https:\/\/easyfairsassets.com\/sites\/84\/2020\/07\/Metal-Madrid-19-retratos-001-992x1536.jpg 992w, https:\/\/easyfairsassets.com\/sites\/84\/2020\/07\/Metal-Madrid-19-retratos-001.jpg 1240w\" sizes=\"(max-width: 661px) 100vw, 661px\" \/>\t\t\t\t\t\t\t\t\t\t\t\t\t\t\t<\/div>\n\t\t\t\t<\/div>\n\t\t\t\t<div class=\"elementor-element elementor-element-0420bc8 elementor-widget elementor-widget-spacer\" data-id=\"0420bc8\" data-element_type=\"widget\" data-widget_type=\"spacer.default\">\n\t\t\t\t<div class=\"elementor-widget-container\">\n\t\t\t\t\t\t\t<div class=\"elementor-spacer\">\n\t\t\t<div class=\"elementor-spacer-inner\"><\/div>\n\t\t<\/div>\n\t\t\t\t\t\t<\/div>\n\t\t\t\t<\/div>\n\t\t\t\t<div class=\"elementor-element elementor-element-af51a65 elementor-widget elementor-widget-text-editor\" data-id=\"af51a65\" data-element_type=\"widget\" data-widget_type=\"text-editor.default\">\n\t\t\t\t<div class=\"elementor-widget-container\">\n\t\t\t\t\t\t\t\t\t<p><strong>Oscar, tras 2 a\u00f1os inmerso en el mundo de los eventos, \u00bfqu\u00e9 es lo que m\u00e1s te atrae del sector?<\/strong><\/p>\n<p>El mundo de los medios de comunicaci\u00f3n, en el que desarroll\u00e9 gran parte de mi carrera, guarda muchas similitudes con las ferias y eventos. Tienes que llegar a una audiencia determinada, personalizar la propuesta, crear contenido para tu audiencia, el ritmo tambi\u00e9n es trepidante, tienes la oportunidad de disfrutar del contacto directo con muchas personas y empresas\u00a0y aprendes cada d\u00eda gracias a las diferentes situaciones que vives. El mundo ferial es maravilloso por todo ello.<\/p>\n<p><strong>\u00bfComo entiendes los eventos en esta nueva normalidad?<\/strong><\/p>\n<p>Las ferias comerciales, congresos y otros eventos en vivo van a contribuir decisivamente en acelerar la recuperaci\u00f3n. Conectar a las personas cara a cara para hacer negocios es algo que se hace necesario cuanto antes. Encontrarse con alguien forma parte de lo que somos, y aunque la parte digital tendr\u00e1 mucha importancia la presencial seguir\u00e1 siendo la clave.<\/p>\n<p><strong>Eres tambi\u00e9n director de MetalMadrid &amp; Composites Spain, ferias l\u00edderes en transformaci\u00f3n e innovaci\u00f3n industrial, \u00bfCu\u00e1l crees que es la clave para la transformaci\u00f3n?<\/strong><\/p>\n<p>La transformaci\u00f3n y la innovaci\u00f3n son necesarias para cualquier empresa, independientemente de su tama\u00f1o y de su sector. Por fortuna existen cada vez m\u00e1s tecnolog\u00edas, materiales, maquinarias y soluciones que nos permiten ahorrar costes y ser m\u00e1s eficientes y la clave para una empresa, creo que pasa por no tratar de acometer todo de golpe sino por ver en qu\u00e9 punto\/s de su cadena de producci\u00f3n puede introducir mejoras con mayores resultados.<\/p>\n<p><strong>Y a nivel personal \u00bfQui\u00e9n es Oscar Barranco?<\/strong><\/p>\n<p>Pues soy especialista en marketing por mi formaci\u00f3n, especialista en gesti\u00f3n comercial y eventos por mi experiencia, un enamorado de las relaciones p\u00fablicas y un apasionado (cada d\u00eda m\u00e1s) de las ferias profesionales, dir\u00eda tambi\u00e9n que soy un obseso de la atenci\u00f3n al cliente y de las propuestas personalizadas, de mente abierta y al que le gusta rodearse de profesionales brillantes e independientes. Supongo que ser\u00e9 algunas cosas m\u00e1s (buenas y malas) pero este ser\u00eda el resumen m\u00e1s destacable<\/p>\n<p><a href=\"https:\/\/www.logisticsmadrid.com\/es\/2020\/07\/01\/oscar-barranco-nuevo-director-de-las-ferias-empack-y-logistics-iberia\/\"><strong><u>Ver comunicado de prensa<\/u><\/strong><\/a><\/p>\n\t\t\t\t\t\t\t\t<\/div>\n\t\t\t\t<\/div>\n\t\t\t\t\t<\/div>\n\t\t<\/div>\n\t\t\t\t\t<\/div>\n\t\t<\/section>\n\t\t\t\t\t<\/div>\n\t\t<\/div>\n\t\t\t\t\t<\/div>\n\t\t<\/section>\n\t\t\t\t<\/div>\n\t\t","protected":false},"excerpt":{"rendered":"<p>5 minutos con Oscar Barranco Oscar, tras 2 a\u00f1os inmerso en el mundo de los eventos, \u00bfqu\u00e9 es lo que m\u00e1s te atrae del sector? El mundo de los medios de comunicaci\u00f3n, en el que desarroll\u00e9 gran parte de mi carrera, guarda muchas similitudes con las ferias y eventos. Tienes que llegar a una audiencia [&hellip;]<\/p>\n","protected":false},"author":1,"featured_media":7501,"comment_status":"open","ping_status":"open","sticky":false,"template":"elementor_header_footer","format":"standard","meta":{"_seopress_robots_primary_cat":"","_seopress_titles_title":"","_seopress_titles_desc":"","_seopress_robots_index":"","footnotes":""},"categories":[342],"tags":[],"edition":[],"class_list":["post-7509","post","type-post","status-publish","format-standard","has-post-thumbnail","hentry","category-blog-en"],"_links":{"self":[{"href":"https:\/\/www.logisticsautomationmadrid.com\/en\/wp-json\/wp\/v2\/posts\/7509","targetHints":{"allow":["GET"]}}],"collection":[{"href":"https:\/\/www.logisticsautomationmadrid.com\/en\/wp-json\/wp\/v2\/posts"}],"about":[{"href":"https:\/\/www.logisticsautomationmadrid.com\/en\/wp-json\/wp\/v2\/types\/post"}],"author":[{"embeddable":true,"href":"https:\/\/www.logisticsautomationmadrid.com\/en\/wp-json\/wp\/v2\/users\/1"}],"replies":[{"embeddable":true,"href":"https:\/\/www.logisticsautomationmadrid.com\/en\/wp-json\/wp\/v2\/comments?post=7509"}],"version-history":[{"count":0,"href":"https:\/\/www.logisticsautomationmadrid.com\/en\/wp-json\/wp\/v2\/posts\/7509\/revisions"}],"wp:featuredmedia":[{"embeddable":true,"href":"https:\/\/www.logisticsautomationmadrid.com\/en\/wp-json\/wp\/v2\/media\/7501"}],"wp:attachment":[{"href":"https:\/\/www.logisticsautomationmadrid.com\/en\/wp-json\/wp\/v2\/media?parent=7509"}],"wp:term":[{"taxonomy":"category","embeddable":true,"href":"https:\/\/www.logisticsautomationmadrid.com\/en\/wp-json\/wp\/v2\/categories?post=7509"},{"taxonomy":"post_tag","embeddable":true,"href":"https:\/\/www.logisticsautomationmadrid.com\/en\/wp-json\/wp\/v2\/tags?post=7509"},{"taxonomy":"edition","embeddable":true,"href":"https:\/\/www.logisticsautomationmadrid.com\/en\/wp-json\/wp\/v2\/edition?post=7509"}],"curies":[{"name":"wp","href":"https:\/\/api.w.org\/{rel}","templated":true}]}}