{"id":9921,"date":"2020-10-06T18:12:04","date_gmt":"2020-10-06T16:12:04","guid":{"rendered":"https:\/\/www.logisticsautomationmadrid.com\/?p=9921"},"modified":"2020-11-03T17:25:15","modified_gmt":"2020-11-03T16:25:15","slug":"aenor-certifica-a-ifema-por-sus-protocolos-anti-covid-19","status":"publish","type":"post","link":"https:\/\/www.logisticsautomationmadrid.com\/en\/2020\/10\/06\/aenor-certifica-a-ifema-por-sus-protocolos-anti-covid-19\/","title":{"rendered":"AENOR certifica a IFEMA por sus protocolos anti COVID-19"},"content":{"rendered":"\t\t<div data-elementor-type=\"wp-post\" data-elementor-id=\"9921\" class=\"elementor elementor-9921 elementor-9920\" data-elementor-post-type=\"post\">\n\t\t\t\t\t\t<section class=\"elementor-section elementor-top-section elementor-element elementor-element-74888ea elementor-section-boxed elementor-section-height-default elementor-section-height-default\" data-id=\"74888ea\" data-element_type=\"section\" data-settings=\"{&quot;background_background&quot;:&quot;classic&quot;}\">\n\t\t\t\t\t\t<div class=\"elementor-container elementor-column-gap-default\">\n\t\t\t\t\t<div class=\"elementor-column elementor-col-100 elementor-top-column elementor-element elementor-element-cefef65\" data-id=\"cefef65\" data-element_type=\"column\">\n\t\t\t<div class=\"elementor-widget-wrap elementor-element-populated\">\n\t\t\t\t\t\t<section class=\"elementor-section elementor-inner-section elementor-element elementor-element-403065f elementor-section-boxed elementor-section-height-default elementor-section-height-default\" data-id=\"403065f\" data-element_type=\"section\" data-settings=\"{&quot;background_background&quot;:&quot;classic&quot;}\">\n\t\t\t\t\t\t<div class=\"elementor-container elementor-column-gap-default\">\n\t\t\t\t\t<div class=\"elementor-column elementor-col-100 elementor-inner-column elementor-element elementor-element-4230536\" data-id=\"4230536\" data-element_type=\"column\">\n\t\t\t<div class=\"elementor-widget-wrap elementor-element-populated\">\n\t\t\t\t\t\t<div class=\"elementor-element elementor-element-7b7f19c elementor-widget elementor-widget-image\" data-id=\"7b7f19c\" data-element_type=\"widget\" data-widget_type=\"image.default\">\n\t\t\t\t<div class=\"elementor-widget-container\">\n\t\t\t\t\t\t\t\t\t\t\t\t\t\t\t<img fetchpriority=\"high\" decoding=\"async\" width=\"800\" height=\"533\" src=\"https:\/\/easyfairsassets.com\/sites\/84\/2020\/10\/logo-ifema-1024x682.jpg\" class=\"attachment-large size-large wp-image-10015\" alt=\"\" srcset=\"https:\/\/easyfairsassets.com\/sites\/84\/2020\/10\/logo-ifema-1024x682.jpg 1024w, https:\/\/easyfairsassets.com\/sites\/84\/2020\/10\/logo-ifema-300x200.jpg 300w, https:\/\/easyfairsassets.com\/sites\/84\/2020\/10\/logo-ifema-768x512.jpg 768w, https:\/\/easyfairsassets.com\/sites\/84\/2020\/10\/logo-ifema-1536x1023.jpg 1536w, https:\/\/easyfairsassets.com\/sites\/84\/2020\/10\/logo-ifema.jpg 1900w\" sizes=\"(max-width: 800px) 100vw, 800px\" \/>\t\t\t\t\t\t\t\t\t\t\t\t\t\t\t<\/div>\n\t\t\t\t<\/div>\n\t\t\t\t<div class=\"elementor-element elementor-element-0bcc7f3 elementor-widget elementor-widget-heading\" data-id=\"0bcc7f3\" data-element_type=\"widget\" data-widget_type=\"heading.default\">\n\t\t\t\t<div class=\"elementor-widget-container\">\n\t\t\t\t\t<h1 class=\"elementor-heading-title elementor-size-default\">La instituci\u00f3n se convierte en el primer operador ferial espa\u00f1ol en obtener esta certificaci\u00f3n, por las medidas sanitarias y protocolos de seguridad, implementados para garantizar la celebraci\u00f3n de eventos seguros<\/h1>\t\t\t\t<\/div>\n\t\t\t\t<\/div>\n\t\t\t\t<div class=\"elementor-element elementor-element-4632001 elementor-widget elementor-widget-image\" data-id=\"4632001\" data-element_type=\"widget\" data-widget_type=\"image.default\">\n\t\t\t\t<div class=\"elementor-widget-container\">\n\t\t\t\t\t\t\t\t\t\t\t\t<figure class=\"wp-caption\">\n\t\t\t\t\t\t\t\t\t\t<img decoding=\"async\" width=\"691\" height=\"460\" src=\"https:\/\/easyfairsassets.com\/sites\/84\/2020\/10\/ifema-covid.jpg\" class=\"attachment-large size-large wp-image-10013\" alt=\"\" srcset=\"https:\/\/easyfairsassets.com\/sites\/84\/2020\/10\/ifema-covid.jpg 691w, https:\/\/easyfairsassets.com\/sites\/84\/2020\/10\/ifema-covid-300x200.jpg 300w\" sizes=\"(max-width: 691px) 100vw, 691px\" \/>\t\t\t\t\t\t\t\t\t\t\t<figcaption class=\"widget-image-caption wp-caption-text\"><\/figcaption>\n\t\t\t\t\t\t\t\t\t\t<\/figure>\n\t\t\t\t\t\t\t\t\t<\/div>\n\t\t\t\t<\/div>\n\t\t\t\t<div class=\"elementor-element elementor-element-54cedc2 elementor-widget elementor-widget-spacer\" data-id=\"54cedc2\" data-element_type=\"widget\" data-widget_type=\"spacer.default\">\n\t\t\t\t<div class=\"elementor-widget-container\">\n\t\t\t\t\t\t\t<div class=\"elementor-spacer\">\n\t\t\t<div class=\"elementor-spacer-inner\"><\/div>\n\t\t<\/div>\n\t\t\t\t\t\t<\/div>\n\t\t\t\t<\/div>\n\t\t\t\t<div class=\"elementor-element elementor-element-5c9e435 elementor-widget elementor-widget-text-editor\" data-id=\"5c9e435\" data-element_type=\"widget\" data-widget_type=\"text-editor.default\">\n\t\t\t\t<div class=\"elementor-widget-container\">\n\t\t\t\t\t\t\t\t\t<div class=\"article-content clearfix\">\n<div class=\"entry-content clearfix\">\n<div class=\"elementor-element elementor-element-a9048dc elementor-widget elementor-widget-text-editor\" data-id=\"a9048dc\" data-element_type=\"widget\" data-widget_type=\"text-editor.default\">\n<div class=\"elementor-widget-container\">\n<div class=\"elementor-text-editor elementor-clearfix\">\n<p>IFEMA ha obtenido la certificaci\u00f3n de AENOR por las medidas higi\u00e9nico sanitarias adoptadas, as\u00ed como por los protocolos desarrollados frente al COVID-19, que garantizan el desarrollo seguro de ferias, congresos y eventos en sus recintos. De este modo, la instituci\u00f3n se convierte en el primer operador ferial espa\u00f1ol en obtener este sello.<\/p>\n<p>El certificado de AENOR es un aval externo sobre la efectividad de las medidas que aplica la compa\u00f1\u00eda y de forma paralela, respalda que estas iniciativas cumplen con las directrices marcadas por el Ministerio de Sanidad y las autoridades auton\u00f3micas y locales en materia de prevenci\u00f3n e higiene sobre el COVID-19.<\/p>\n<p>Adem\u00e1s de evaluar las medidas de protecci\u00f3n y prevenci\u00f3n instaladas, tales como el exhaustivo control de aforos, regulaci\u00f3n del tr\u00e1fico de personas, control de temperatura, arcos nebulizadores, acceso mediante <em>eticketing<\/em>, protocolos de emergencia, desinfecci\u00f3n permanente de espacios, renovaci\u00f3n constante del aire y control de personas, etc., el equipo de AENOR ha auditado la celebraci\u00f3n de la \u00faltima edici\u00f3n de Mercedes-Benz Fashion Week Madrid, que tuvo lugar del 10 al 13 de septiembre. Precisamente, la pasarela ha sido el primer evento h\u00edbrido semipresencial, organizado por IFEMA, desarrollado con las m\u00e1ximas garant\u00edas de seguridad para los participantes en esta gran pasarela internacional, cuya organizaci\u00f3n ha sido reconocida como mod\u00e9lica frente al COVID-19.<\/p>\n<p><em>\u201cPara IFEMA es un orgullo convertirnos en el primer operador ferial de Espa\u00f1a en obtener esta certificaci\u00f3n emitida por uno de los organismos l\u00edderes en certificaci\u00f3n, y que avala el esfuerzo y la inversi\u00f3n realizado durante los \u00faltimos meses para garantizar una vuelta segura a la actividad ferial\u201d<\/em>, se\u00f1ala Eduardo L\u00f3pez-Puertas, director general de IFEMA. Adem\u00e1s, a\u00f1ade la <em>\u201cnecesidad de retomar la actividad ferial, como uno de los ejes clave para la dinamizaci\u00f3n de la econom\u00eda, ya que aporta m\u00e1s de 5.000 millones de euros a las finanzas madrile\u00f1as, y contribuye a la generaci\u00f3n de 30.000 puestos de trabajo\u201d<\/em>.<\/p>\n<p>Por su parte, Rafael Garc\u00eda Meiro, CEO de AENOR, ha afirmado que \u201c<em>IFEMA demuestra que su compromiso de servicio a las empresas y la sociedad est\u00e1 en el primer lugar de sus consideraciones, coherentemente con su posici\u00f3n. Sus protocolos solventes y ahora certificados impulsan con potencia la confianza necesaria para que el sector recupere con rapidez su importante aportaci\u00f3n a la econom\u00eda<\/em>\u201d.<\/p>\n<p><a href=\"https:\/\/www.ifema.es\/notas-prensa\" target=\"_blank\" rel=\"noopener\"><strong>M\u00e1s informaci\u00f3n<\/strong><\/a><\/p>\n<\/div>\n<\/div>\n<\/div>\n<\/div>\n<\/div>\n\t\t\t\t\t\t\t\t<\/div>\n\t\t\t\t<\/div>\n\t\t\t\t\t<\/div>\n\t\t<\/div>\n\t\t\t\t\t<\/div>\n\t\t<\/section>\n\t\t\t\t\t<\/div>\n\t\t<\/div>\n\t\t\t\t\t<\/div>\n\t\t<\/section>\n\t\t\t\t<\/div>\n\t\t","protected":false},"excerpt":{"rendered":"<p>La instituci\u00f3n se convierte en el primer operador ferial espa\u00f1ol en obtener esta certificaci\u00f3n, por las medidas sanitarias y protocolos de seguridad, implementados para garantizar la celebraci\u00f3n de eventos seguros IFEMA ha obtenido la certificaci\u00f3n de AENOR por las medidas higi\u00e9nico sanitarias adoptadas, as\u00ed como por los protocolos desarrollados frente al COVID-19, que garantizan el [&hellip;]<\/p>\n","protected":false},"author":1,"featured_media":10282,"comment_status":"open","ping_status":"open","sticky":false,"template":"elementor_header_footer","format":"standard","meta":{"_seopress_robots_primary_cat":"none","_seopress_titles_title":"","_seopress_titles_desc":"","_seopress_robots_index":"","footnotes":""},"categories":[342],"tags":[404,405,408,403,406,407],"edition":[],"class_list":["post-9921","post","type-post","status-publish","format-standard","has-post-thumbnail","hentry","category-blog-en","tag-aenor-en","tag-certificacion-en","tag-eventos-seguros-en","tag-ifema-en","tag-medidas-sanitarias-en","tag-protocolos-de-seguridad-en"],"_links":{"self":[{"href":"https:\/\/www.logisticsautomationmadrid.com\/en\/wp-json\/wp\/v2\/posts\/9921","targetHints":{"allow":["GET"]}}],"collection":[{"href":"https:\/\/www.logisticsautomationmadrid.com\/en\/wp-json\/wp\/v2\/posts"}],"about":[{"href":"https:\/\/www.logisticsautomationmadrid.com\/en\/wp-json\/wp\/v2\/types\/post"}],"author":[{"embeddable":true,"href":"https:\/\/www.logisticsautomationmadrid.com\/en\/wp-json\/wp\/v2\/users\/1"}],"replies":[{"embeddable":true,"href":"https:\/\/www.logisticsautomationmadrid.com\/en\/wp-json\/wp\/v2\/comments?post=9921"}],"version-history":[{"count":0,"href":"https:\/\/www.logisticsautomationmadrid.com\/en\/wp-json\/wp\/v2\/posts\/9921\/revisions"}],"wp:featuredmedia":[{"embeddable":true,"href":"https:\/\/www.logisticsautomationmadrid.com\/en\/wp-json\/wp\/v2\/media\/10282"}],"wp:attachment":[{"href":"https:\/\/www.logisticsautomationmadrid.com\/en\/wp-json\/wp\/v2\/media?parent=9921"}],"wp:term":[{"taxonomy":"category","embeddable":true,"href":"https:\/\/www.logisticsautomationmadrid.com\/en\/wp-json\/wp\/v2\/categories?post=9921"},{"taxonomy":"post_tag","embeddable":true,"href":"https:\/\/www.logisticsautomationmadrid.com\/en\/wp-json\/wp\/v2\/tags?post=9921"},{"taxonomy":"edition","embeddable":true,"href":"https:\/\/www.logisticsautomationmadrid.com\/en\/wp-json\/wp\/v2\/edition?post=9921"}],"curies":[{"name":"wp","href":"https:\/\/api.w.org\/{rel}","templated":true}]}}