{"id":10340,"date":"2020-11-03T18:04:29","date_gmt":"2020-11-03T17:04:29","guid":{"rendered":"https:\/\/www.logisticsautomationmadrid.com\/?p=10340"},"modified":"2020-11-03T18:08:54","modified_gmt":"2020-11-03T17:08:54","slug":"reboot-logistics-liderando-la-transformacion-en-las-cadenas-de-suministro","status":"publish","type":"post","link":"https:\/\/www.logisticsautomationmadrid.com\/es\/2020\/11\/03\/reboot-logistics-liderando-la-transformacion-en-las-cadenas-de-suministro\/","title":{"rendered":"Reboot logistics. Liderando la transformaci\u00f3n en las cadenas de suministro"},"content":{"rendered":"\t\t<div data-elementor-type=\"wp-post\" data-elementor-id=\"10340\" class=\"elementor elementor-10340\" data-elementor-post-type=\"post\">\n\t\t\t\t\t\t<section class=\"elementor-section elementor-top-section elementor-element elementor-element-74888ea elementor-section-boxed elementor-section-height-default elementor-section-height-default\" data-id=\"74888ea\" data-element_type=\"section\" data-settings=\"{&quot;background_background&quot;:&quot;classic&quot;}\">\n\t\t\t\t\t\t<div class=\"elementor-container elementor-column-gap-default\">\n\t\t\t\t\t<div class=\"elementor-column elementor-col-100 elementor-top-column elementor-element elementor-element-cefef65\" data-id=\"cefef65\" data-element_type=\"column\">\n\t\t\t<div class=\"elementor-widget-wrap elementor-element-populated\">\n\t\t\t\t\t\t<section class=\"elementor-section elementor-inner-section elementor-element elementor-element-403065f elementor-section-boxed elementor-section-height-default elementor-section-height-default\" data-id=\"403065f\" data-element_type=\"section\" data-settings=\"{&quot;background_background&quot;:&quot;classic&quot;}\">\n\t\t\t\t\t\t<div class=\"elementor-container elementor-column-gap-default\">\n\t\t\t\t\t<div class=\"elementor-column elementor-col-100 elementor-inner-column elementor-element elementor-element-4230536\" data-id=\"4230536\" data-element_type=\"column\">\n\t\t\t<div class=\"elementor-widget-wrap elementor-element-populated\">\n\t\t\t\t\t\t<div class=\"elementor-element elementor-element-0bcc7f3 elementor-widget elementor-widget-heading\" data-id=\"0bcc7f3\" data-element_type=\"widget\" data-widget_type=\"heading.default\">\n\t\t\t\t<div class=\"elementor-widget-container\">\n\t\t\t\t\t<h1 class=\"elementor-heading-title elementor-size-default\">Reboot logistics. Liderando la transformaci\u00f3n en las cadenas de suministro<\/h1>\t\t\t\t<\/div>\n\t\t\t\t<\/div>\n\t\t\t\t<div class=\"elementor-element elementor-element-6203444 elementor-widget elementor-widget-heading\" data-id=\"6203444\" data-element_type=\"widget\" data-widget_type=\"heading.default\">\n\t\t\t\t<div class=\"elementor-widget-container\">\n\t\t\t\t\t<h2 class=\"elementor-heading-title elementor-size-default\">Entre los primeros ponentes confirmados, se encuentran el exministro Josep Piqu\u00e9 o Jaime de Jaraiz, presidente y CEO de LG Electronics. Y marcas como El Corte Ingl\u00e9s, Pfizer, Grupo Tendam, DHL, Repsol, o la visita virtual al Centro de Operaciones Log\u00edsticas de Louis Simoes en Guadalajara donde se mostrar\u00e1 la operativa de Nestl\u00e9<\/h2>\t\t\t\t<\/div>\n\t\t\t\t<\/div>\n\t\t\t\t<div class=\"elementor-element elementor-element-9ef27ee elementor-widget elementor-widget-text-editor\" data-id=\"9ef27ee\" data-element_type=\"widget\" data-widget_type=\"text-editor.default\">\n\t\t\t\t<div class=\"elementor-widget-container\">\n\t\t\t\t\t\t\t\t\t<p style=\"text-align: center\"><a href=\"https:\/\/cel-logistica.org\/wp-content\/uploads\/2020\/10\/Programa-Jornadas-CEL-2020-v02.pdf\" target=\"_blank\" rel=\"noopener\"><strong>PROGRAMA<\/strong><\/a><\/p>\t\t\t\t\t\t\t\t<\/div>\n\t\t\t\t<\/div>\n\t\t\t\t<div class=\"elementor-element elementor-element-579310c elementor-widget elementor-widget-image\" data-id=\"579310c\" data-element_type=\"widget\" data-widget_type=\"image.default\">\n\t\t\t\t<div class=\"elementor-widget-container\">\n\t\t\t\t\t\t\t\t\t\t\t\t<figure class=\"wp-caption\">\n\t\t\t\t\t\t\t\t\t\t<img fetchpriority=\"high\" decoding=\"async\" width=\"800\" height=\"449\" src=\"https:\/\/easyfairsassets.com\/sites\/84\/2020\/11\/REBOOTLOGISTICS_-PATROCINADORES-1024x575.png\" class=\"attachment-large size-large wp-image-10346\" alt=\"CEL encara la nueva realidad para la actividad log\u00edstica con su evento anual\" srcset=\"https:\/\/easyfairsassets.com\/sites\/84\/2020\/11\/REBOOTLOGISTICS_-PATROCINADORES-1024x575.png 1024w, https:\/\/easyfairsassets.com\/sites\/84\/2020\/11\/REBOOTLOGISTICS_-PATROCINADORES-300x168.png 300w, https:\/\/easyfairsassets.com\/sites\/84\/2020\/11\/REBOOTLOGISTICS_-PATROCINADORES-768x431.png 768w, https:\/\/easyfairsassets.com\/sites\/84\/2020\/11\/REBOOTLOGISTICS_-PATROCINADORES-1536x862.png 1536w, https:\/\/easyfairsassets.com\/sites\/84\/2020\/11\/REBOOTLOGISTICS_-PATROCINADORES.png 1920w\" sizes=\"(max-width: 800px) 100vw, 800px\" \/>\t\t\t\t\t\t\t\t\t\t\t<figcaption class=\"widget-image-caption wp-caption-text\"><\/figcaption>\n\t\t\t\t\t\t\t\t\t\t<\/figure>\n\t\t\t\t\t\t\t\t\t<\/div>\n\t\t\t\t<\/div>\n\t\t\t\t<div class=\"elementor-element elementor-element-54cedc2 elementor-widget elementor-widget-spacer\" data-id=\"54cedc2\" data-element_type=\"widget\" data-widget_type=\"spacer.default\">\n\t\t\t\t<div class=\"elementor-widget-container\">\n\t\t\t\t\t\t\t<div class=\"elementor-spacer\">\n\t\t\t<div class=\"elementor-spacer-inner\"><\/div>\n\t\t<\/div>\n\t\t\t\t\t\t<\/div>\n\t\t\t\t<\/div>\n\t\t\t\t<div class=\"elementor-element elementor-element-5c9e435 elementor-widget elementor-widget-text-editor\" data-id=\"5c9e435\" data-element_type=\"widget\" data-widget_type=\"text-editor.default\">\n\t\t\t\t<div class=\"elementor-widget-container\">\n\t\t\t\t\t\t\t\t\t<div class=\"article-content clearfix\"><div class=\"entry-content clearfix\"><div class=\"elementor-element elementor-element-a9048dc elementor-widget elementor-widget-text-editor\" data-id=\"a9048dc\" data-element_type=\"widget\" data-widget_type=\"text-editor.default\"><div class=\"elementor-widget-container\"><div class=\"elementor-text-editor elementor-clearfix\"><div class=\"elementor-element elementor-element-a9048dc elementor-widget elementor-widget-text-editor\" data-id=\"a9048dc\" data-element_type=\"widget\" data-widget_type=\"text-editor.default\"><div class=\"elementor-widget-container\"><div class=\"elementor-text-editor elementor-clearfix\"><div class=\"richtextmodules text parbase section\"><div class=\"post-content\"><p>El Centro Espa\u00f1ol de Log\u00edstica, referente de la profesi\u00f3n y actividad log\u00edstica en Espa\u00f1a, celebra la <strong>edici\u00f3n 42 de las Jornadas Log\u00edsticas CEL<\/strong>. Este evento de conocimiento log\u00edstico anual tendr\u00e1 lugar el 11 y 12 de noviembre de 2020 bajo el t\u00edtulo: <strong>\u201cREBOOT LOGISTICS. Liderando el cambio en las Cadenas de Suministro\u201d <\/strong>y cuenta con la colaboraci\u00f3n de ORACLE y TRANSPOREON como patrocinador Oro y Linde Material Handling como patrocinador Plata.<\/p><p>Entre las novedades, destaca el formato digital de las jornadas, que reunir\u00e1n durante dos d\u00edas en horario de tarde -para su retransmisi\u00f3n con Latinoam\u00e9rica- a un elenco de profesionales de alto nivel como el exministro Josep Piqu\u00e9 o Jaime de Jaraiz, presidente y CEO de LG Electronics. Ponentes con un perfil global, analizar\u00e1n los cambios a los que nos enfrentamos en la Cadena de Suministro y las soluciones m\u00e1s inmediatas para revisar la Log\u00edstica desde una perspectiva de innovaci\u00f3n. Tambi\u00e9n se presentar\u00e1 el II estudio \u201cLa Log\u00edstica para el e-Commerce\u201d, abordando la vor\u00e1gine que han experimentado distintos sectores en el canal online, desde el comienzo de la pandemia.<\/p><p><strong>#REBOOTLOGISTICS \u2013 NO ES UN ENCUENTRO M\u00c1S DE EXPERTOS EN FORMATO ONLINE <\/strong><\/p><p>Desde marzo, el Centro Espa\u00f1ol de Log\u00edstica ha apostado por mantener una comunicaci\u00f3n activa con los profesionales que se encontraban en primera l\u00ednea en la marcha del pa\u00eds. A lo largo de m\u00e1s 20 eventos, frente a m\u00e1s de 5.000 asistentes y m\u00e1s de 50 expertos, se ha debatido e impartido clases magistrales, con el objetivo de escuchar y aportar soluciones ante las inquietudes del sector. Estas experiencias han servido de puesta en marcha para abordar desde un punto de vista m\u00e1s ambicioso el contenido de las 42 Jornadas CEL.<\/p><p>#RebootLogistics se enfrenta al actual contexto mundial analizando la transformaci\u00f3n en las Cadena de Suministro desde cuatro perspectivas distintas: El an\u00e1lisis del contexto de mercado; la necesidad de la Digitalizaci\u00f3n e Innovaci\u00f3n; el impacto en los profesionales y la Sostenibilidad. Contenidos en los que profundizar\u00e1n relevantes expertos del sector, en busca de respuestas para abordar este momento en el que la Log\u00edstica ocupa un papel clave como sector esencial para afrontar la crisis sanitaria.<\/p><p>En declaraciones de <strong>Ana Gonz\u00e1lez, presidenta del Centro Espa\u00f1ol de Log\u00edstica<\/strong>, <em>\u201cLa log\u00edstica, adem\u00e1s de como actividad esencial, ha destacado estos meses, como uno de los sectores que han sabido adaptarse con m\u00e1s celeridad a la situaci\u00f3n de crisis provocada por la pandemia. Este a\u00f1o, las Jornadas CEL se centran en aunar ese esp\u00edritu de resilencia demostrado por los profesionales, y servir de gu\u00eda para los pr\u00f3ximos retos a los que nos enfrentamos en el contexto de incertidumbre m\u00e1s inmediato y futuro\u201d.<\/em><\/p><\/div><div>M\u00c1S INFORMACI\u00d3N E INSCRIPCIONES: <a href=\"https:\/\/cel-logistica.org\/curso\/jornada-cel-2019\/\">https:\/\/cel-logistica.org\/curso\/jornada-cel-2019\/<\/a><\/div><\/div><\/div><\/div><\/div><\/div><\/div><\/div><\/div><\/div>\t\t\t\t\t\t\t\t<\/div>\n\t\t\t\t<\/div>\n\t\t\t\t<div class=\"elementor-element elementor-element-34d4446 elementor-widget elementor-widget-text-editor\" data-id=\"34d4446\" data-element_type=\"widget\" data-widget_type=\"text-editor.default\">\n\t\t\t\t<div class=\"elementor-widget-container\">\n\t\t\t\t\t\t\t\t\t<div class=\"article-content clearfix\"><div class=\"entry-content clearfix\"><div class=\"elementor-element elementor-element-a9048dc elementor-widget elementor-widget-text-editor\" data-id=\"a9048dc\" data-element_type=\"widget\" data-widget_type=\"text-editor.default\"><div class=\"elementor-widget-container\"><div class=\"elementor-text-editor elementor-clearfix\"><div class=\"elementor-element elementor-element-a9048dc elementor-widget elementor-widget-text-editor\" data-id=\"a9048dc\" data-element_type=\"widget\" data-widget_type=\"text-editor.default\"><div class=\"elementor-widget-container\"><div class=\"elementor-text-editor elementor-clearfix\"><div class=\"richtextmodules text parbase section\"><div class=\"post-content\"><div class=\"elementor-element elementor-element-88ab9b1 elementor-widget elementor-widget-text-editor\" data-id=\"88ab9b1\" data-element_type=\"widget\" data-widget_type=\"text-editor.default\"><div class=\"elementor-widget-container\"><div class=\"elementor-text-editor elementor-clearfix\"><div class=\"richtextmodules text parbase section\"><div class=\"post-content\"><p><strong>Sobre el Centro Espa\u00f1ol de Log\u00edstica (CEL)<\/strong><\/p><p><strong>Desde 1978, e<\/strong>l Centro Espa\u00f1ol de Log\u00edstica (CEL) es la asociaci\u00f3n de referencia nacional e internacional para la gesti\u00f3n de la cadena de suministro en Espa\u00f1a. Est\u00e1 centrada en aportar valor a sus socios a trav\u00e9s del conocimiento y la innovaci\u00f3n en la gesti\u00f3n log\u00edstica. Para ello, act\u00faa como referente del sector gracias a la investigaci\u00f3n, compilaci\u00f3n, selecci\u00f3n y actualizaci\u00f3n de las m\u00e1s innovadoras t\u00e9cnicas de gesti\u00f3n log\u00edstica y de las tendencias de negocio emergentes en la econom\u00eda global. Participa en la divulgaci\u00f3n y difusi\u00f3n constante del <em>know how<\/em>, innovaci\u00f3n y buenas pr\u00e1cticas. A\u00fana a las organizaciones y profesionales de la log\u00edstica en foros de an\u00e1lisis para intercambiar y detectar las mejores pr\u00e1cticas y t\u00e9cnicas gestoras relacionadas con la cadena de suministro. <a href=\"http:\/\/www.cel-logistica.org\">www.cel-logistica.org<\/a><\/p><p><strong>Comunicaci\u00f3n Centro Espa\u00f1ol de Log\u00edstica (CEL) \/ <\/strong><strong>Nuria Fuentes \/ Tel. 91 781 14 70 \/ 676 851 757 <\/strong><\/p><p><a href=\"mailto:nfuentes@cel-logistica.org\">nfuentes@cel-logistica.org<\/a><strong> \/ <\/strong><a href=\"mailto:prensa@cel\u2010logistica.org\"><strong>prensa@cel\u2010logistica.org<\/strong><\/a><\/p><\/div><\/div><\/div><\/div><\/div><\/div><\/div><\/div><\/div><\/div><\/div><\/div><\/div><\/div><\/div>\t\t\t\t\t\t\t\t<\/div>\n\t\t\t\t<\/div>\n\t\t\t\t\t<\/div>\n\t\t<\/div>\n\t\t\t\t\t<\/div>\n\t\t<\/section>\n\t\t\t\t\t<\/div>\n\t\t<\/div>\n\t\t\t\t\t<\/div>\n\t\t<\/section>\n\t\t\t\t<\/div>\n\t\t","protected":false},"excerpt":{"rendered":"<p>Entre los primeros ponentes confirmados, se encuentran el exministro Josep Piqu\u00e9 o Jaime de Jaraiz, presidente y CEO de LG Electronics. Y marcas como El Corte Ingl\u00e9s, Pfizer, Grupo Tendam, DHL, Repsol, o la visita virtual al Centro de Operaciones Log\u00edsticas de Louis Simoes en Guadalajara donde se mostrar\u00e1 la operativa de Nestl\u00e9 PROGRAMA El [&hellip;]<\/p>\n","protected":false},"author":1,"featured_media":10343,"comment_status":"open","ping_status":"open","sticky":false,"template":"elementor_header_footer","format":"standard","meta":{"_seopress_robots_primary_cat":"none","_seopress_titles_title":"","_seopress_titles_desc":"","_seopress_robots_index":"","footnotes":""},"categories":[341],"tags":[446,447,445],"edition":[],"class_list":["post-10340","post","type-post","status-publish","format-standard","has-post-thumbnail","hentry","category-blog","tag-cadenas-de-suministro","tag-cel","tag-reboot-logistics"],"_links":{"self":[{"href":"https:\/\/www.logisticsautomationmadrid.com\/es\/wp-json\/wp\/v2\/posts\/10340","targetHints":{"allow":["GET"]}}],"collection":[{"href":"https:\/\/www.logisticsautomationmadrid.com\/es\/wp-json\/wp\/v2\/posts"}],"about":[{"href":"https:\/\/www.logisticsautomationmadrid.com\/es\/wp-json\/wp\/v2\/types\/post"}],"author":[{"embeddable":true,"href":"https:\/\/www.logisticsautomationmadrid.com\/es\/wp-json\/wp\/v2\/users\/1"}],"replies":[{"embeddable":true,"href":"https:\/\/www.logisticsautomationmadrid.com\/es\/wp-json\/wp\/v2\/comments?post=10340"}],"version-history":[{"count":0,"href":"https:\/\/www.logisticsautomationmadrid.com\/es\/wp-json\/wp\/v2\/posts\/10340\/revisions"}],"wp:featuredmedia":[{"embeddable":true,"href":"https:\/\/www.logisticsautomationmadrid.com\/es\/wp-json\/wp\/v2\/media\/10343"}],"wp:attachment":[{"href":"https:\/\/www.logisticsautomationmadrid.com\/es\/wp-json\/wp\/v2\/media?parent=10340"}],"wp:term":[{"taxonomy":"category","embeddable":true,"href":"https:\/\/www.logisticsautomationmadrid.com\/es\/wp-json\/wp\/v2\/categories?post=10340"},{"taxonomy":"post_tag","embeddable":true,"href":"https:\/\/www.logisticsautomationmadrid.com\/es\/wp-json\/wp\/v2\/tags?post=10340"},{"taxonomy":"edition","embeddable":true,"href":"https:\/\/www.logisticsautomationmadrid.com\/es\/wp-json\/wp\/v2\/edition?post=10340"}],"curies":[{"name":"wp","href":"https:\/\/api.w.org\/{rel}","templated":true}]}}