{"id":10400,"date":"2020-11-04T10:27:49","date_gmt":"2020-11-04T09:27:49","guid":{"rendered":"https:\/\/www.logisticsautomationmadrid.com\/?p=10400"},"modified":"2020-11-04T16:57:42","modified_gmt":"2020-11-04T15:57:42","slug":"polypal-premiada-pyme-del-ano-2020-de-bizkaia-en-la-categoria-de-internacionalizacion","status":"publish","type":"post","link":"https:\/\/www.logisticsautomationmadrid.com\/es\/2020\/11\/04\/polypal-premiada-pyme-del-ano-2020-de-bizkaia-en-la-categoria-de-internacionalizacion\/","title":{"rendered":"POLYPAL premiada Pyme del A\u00f1o 2020 de Bizkaia en la categor\u00eda de internacionalizaci\u00f3n"},"content":{"rendered":"\t\t<div data-elementor-type=\"wp-post\" data-elementor-id=\"10400\" class=\"elementor elementor-10400\" data-elementor-post-type=\"post\">\n\t\t\t\t\t\t<section class=\"elementor-section elementor-top-section elementor-element elementor-element-74888ea elementor-section-boxed elementor-section-height-default elementor-section-height-default\" data-id=\"74888ea\" data-element_type=\"section\" data-settings=\"{&quot;background_background&quot;:&quot;classic&quot;}\">\n\t\t\t\t\t\t<div class=\"elementor-container elementor-column-gap-default\">\n\t\t\t\t\t<div class=\"elementor-column elementor-col-100 elementor-top-column elementor-element elementor-element-cefef65\" data-id=\"cefef65\" data-element_type=\"column\">\n\t\t\t<div class=\"elementor-widget-wrap elementor-element-populated\">\n\t\t\t\t\t\t<section class=\"elementor-section elementor-inner-section elementor-element elementor-element-403065f elementor-section-boxed elementor-section-height-default elementor-section-height-default\" data-id=\"403065f\" data-element_type=\"section\" data-settings=\"{&quot;background_background&quot;:&quot;classic&quot;}\">\n\t\t\t\t\t\t<div class=\"elementor-container elementor-column-gap-default\">\n\t\t\t\t\t<div class=\"elementor-column elementor-col-100 elementor-inner-column elementor-element elementor-element-4230536\" data-id=\"4230536\" data-element_type=\"column\">\n\t\t\t<div class=\"elementor-widget-wrap elementor-element-populated\">\n\t\t\t\t\t\t<div class=\"elementor-element elementor-element-0bcc7f3 elementor-widget elementor-widget-heading\" data-id=\"0bcc7f3\" data-element_type=\"widget\" data-widget_type=\"heading.default\">\n\t\t\t\t<div class=\"elementor-widget-container\">\n\t\t\t\t\t<h1 class=\"elementor-heading-title elementor-size-default\">POLYPAL premiada Pyme del A\u00f1o 2020 de Bizkaia en la categor\u00eda de internacionalizaci\u00f3n<\/h1>\t\t\t\t<\/div>\n\t\t\t\t<\/div>\n\t\t\t\t<div class=\"elementor-element elementor-element-2e84734 elementor-widget elementor-widget-text-editor\" data-id=\"2e84734\" data-element_type=\"widget\" data-widget_type=\"text-editor.default\">\n\t\t\t\t<div class=\"elementor-widget-container\">\n\t\t\t\t\t\t\t\t\t<div class=\"article-content clearfix\"><div class=\"entry-content clearfix\"><div class=\"elementor-element elementor-element-a9048dc elementor-widget elementor-widget-text-editor\" data-id=\"a9048dc\" data-element_type=\"widget\" data-widget_type=\"text-editor.default\"><div class=\"elementor-widget-container\"><div class=\"elementor-text-editor elementor-clearfix\"><div class=\"elementor-element elementor-element-a9048dc elementor-widget elementor-widget-text-editor\" data-id=\"a9048dc\" data-element_type=\"widget\" data-widget_type=\"text-editor.default\"><div class=\"elementor-widget-container\"><p>El premio, que reconoce las acciones de internacionalizaci\u00f3n llevadas a cabo por la empresa en 2019, fue recogido esta semana por Jos\u00e9 Ram\u00f3n Palacio, Director General de POLYPAL Storage Systems.<\/p><p>Este reconocimiento se enmarca dentro del certamen anual que convoca el Banco Santander junto con la C\u00e1mara de Comercio de Espa\u00f1a, con el objetivo de reconocer la labor de las pymes en el desarrollo econ\u00f3mico.<\/p><p>Con este premio, POLYPAL ha sido reconocida por las acciones de internacionalizaci\u00f3n llevadas a cabo por la empresa en 2019, especialmente por la evoluci\u00f3n de las exportaciones y la apertura a nuevos mercados.<\/p><p>El 53,45% de las ventas durante el ejercicio anterior fueron exportaciones realizadas a 30 pa\u00edses de todo el mundo. Panam\u00e1, Guatemala, Marruecos, Argelia, T\u00fanez, Egipto, Sri Lanka, Estonia, Finlandia o Noruega son algunos de los pa\u00edses en los que POLYPAL comercializa sus sistemas de almacenaje. Adem\u00e1s, la compa\u00f1\u00eda cuenta con filiales en Alemania, Francia, Reino Unido, Holanda y B\u00e9lgica.<\/p><p>Con este premio, POLYPAL suma ya dos reconocimientos a su labor de internacionalizaci\u00f3n. En 2017 fue galardonada con el premio al mejor proyecto de internacionalizaci\u00f3n dentro de los premios ON que anualmente concede la Diputaci\u00f3n Foral de Bizkaia.<\/p><\/div><\/div><\/div><\/div><\/div><\/div><\/div>\t\t\t\t\t\t\t\t<\/div>\n\t\t\t\t<\/div>\n\t\t\t\t<div class=\"elementor-element elementor-element-ebb0f4e elementor-widget elementor-widget-image\" data-id=\"ebb0f4e\" data-element_type=\"widget\" data-widget_type=\"image.default\">\n\t\t\t\t<div class=\"elementor-widget-container\">\n\t\t\t\t\t\t\t\t\t\t\t\t<figure class=\"wp-caption\">\n\t\t\t\t\t\t\t\t\t\t<img fetchpriority=\"high\" decoding=\"async\" width=\"800\" height=\"450\" src=\"https:\/\/easyfairsassets.com\/sites\/84\/2020\/11\/Premios-mejor-pyme-bizkaia-2020_polypal-1024x576.jpg\" class=\"attachment-large size-large wp-image-10417\" alt=\"\" srcset=\"https:\/\/easyfairsassets.com\/sites\/84\/2020\/11\/Premios-mejor-pyme-bizkaia-2020_polypal-1024x576.jpg 1024w, https:\/\/easyfairsassets.com\/sites\/84\/2020\/11\/Premios-mejor-pyme-bizkaia-2020_polypal-300x169.jpg 300w, https:\/\/easyfairsassets.com\/sites\/84\/2020\/11\/Premios-mejor-pyme-bizkaia-2020_polypal-768x432.jpg 768w, https:\/\/easyfairsassets.com\/sites\/84\/2020\/11\/Premios-mejor-pyme-bizkaia-2020_polypal-1536x864.jpg 1536w, https:\/\/easyfairsassets.com\/sites\/84\/2020\/11\/Premios-mejor-pyme-bizkaia-2020_polypal.jpg 1920w\" sizes=\"(max-width: 800px) 100vw, 800px\" \/>\t\t\t\t\t\t\t\t\t\t\t<figcaption class=\"widget-image-caption wp-caption-text\">Premios del Santander PYMES.\nFOTOS LUIS ANGEL G\u00eeMEZ.<\/figcaption>\n\t\t\t\t\t\t\t\t\t\t<\/figure>\n\t\t\t\t\t\t\t\t\t<\/div>\n\t\t\t\t<\/div>\n\t\t\t\t<div class=\"elementor-element elementor-element-1ab7b92 elementor-widget elementor-widget-text-editor\" data-id=\"1ab7b92\" data-element_type=\"widget\" data-widget_type=\"text-editor.default\">\n\t\t\t\t<div class=\"elementor-widget-container\">\n\t\t\t\t\t\t\t\t\t<div class=\"article-content clearfix\"><div class=\"entry-content clearfix\"><div class=\"elementor-element elementor-element-a9048dc elementor-widget elementor-widget-text-editor\" data-id=\"a9048dc\" data-element_type=\"widget\" data-widget_type=\"text-editor.default\"><div class=\"elementor-widget-container\"><div class=\"elementor-text-editor elementor-clearfix\"><div class=\"elementor-element elementor-element-a9048dc elementor-widget elementor-widget-text-editor\" data-id=\"a9048dc\" data-element_type=\"widget\" data-widget_type=\"text-editor.default\"><div class=\"elementor-widget-container\"><p><strong>Sobre POLYPAL<\/strong><br \/>POLYPAL, especialista en dise\u00f1o, fabricaci\u00f3n e instalaci\u00f3n de una amplia gama de soluciones de almacenaje como estanter\u00edas industriales, entreplantas y taquillas.<br \/>La sede central y centro productivo de POLYPAL, ubicado en Bizkaia, est\u00e1 avalado por sus m\u00e1s de 100 a\u00f1os de trayectoria industrial, donde se trabaja con avanzados\u00a0 medios t\u00e9cnicos y recursos humanos de gran experiencia controlados por un riguroso sistema de calidad, certificado en la norma ISO 9001, ISO 3834, UNE-EN 1090.<\/p><p>POLYPAL cuenta con cinco delegaciones en Espa\u00f1a y filiales en Alemania, B\u00e9lgica, Francia y Holanda coordinando as\u00ed soluciones integrales en dise\u00f1o de proyectos, fabricaci\u00f3n, montaje y post-venta para dar servicio a clientes de m\u00e1s de 30 pa\u00edses.<\/p><p>La\u00a0\u00a0 compa\u00f1\u00eda forma\u00a0\u00a0 parte\u00a0\u00a0 del\u00a0\u00a0 Grupo Whittan,\u00a0\u00a0\u00a0 l\u00edder\u00a0\u00a0\u00a0 europeo\u00a0\u00a0\u00a0 de\u00a0\u00a0\u00a0 sistemas\u00a0 de almacenaje de alta calidad, con m\u00e1s de 1000 empleados y 6 f\u00e1bricas dedicadas a la producci\u00f3n de sistemas de almacenaje.<\/p><p><a href=\"http:\/\/www.polypal.com\" target=\"_blank\" rel=\"noopener\">M\u00e1s informaci\u00f3n<\/a><\/p><\/div><\/div><\/div><\/div><\/div><\/div><\/div>\t\t\t\t\t\t\t\t<\/div>\n\t\t\t\t<\/div>\n\t\t\t\t\t<\/div>\n\t\t<\/div>\n\t\t\t\t\t<\/div>\n\t\t<\/section>\n\t\t\t\t\t<\/div>\n\t\t<\/div>\n\t\t\t\t\t<\/div>\n\t\t<\/section>\n\t\t\t\t<\/div>\n\t\t","protected":false},"excerpt":{"rendered":"<p>El premio, que reconoce las acciones de internacionalizaci\u00f3n llevadas a cabo por la empresa en 2019, fue recogido esta semana por Jos\u00e9 Ram\u00f3n Palacio, Director General de POLYPAL Storage Systems. Este reconocimiento se enmarca dentro del certamen anual que convoca el Banco Santander junto con la C\u00e1mara de Comercio de Espa\u00f1a, con el objetivo de [&hellip;]<\/p>\n","protected":false},"author":1,"featured_media":10413,"comment_status":"open","ping_status":"open","sticky":false,"template":"elementor_header_footer","format":"standard","meta":{"_seopress_robots_primary_cat":"none","_seopress_titles_title":"","_seopress_titles_desc":"","_seopress_robots_index":"","footnotes":""},"categories":[341],"tags":[478,475,479,476,473,477,474],"edition":[],"class_list":["post-10400","post","type-post","status-publish","format-standard","has-post-thumbnail","hentry","category-blog","tag-banco-santander","tag-bizkaia","tag-camara-de-comercio-de-espana","tag-internacionalizacion","tag-polypal","tag-premio","tag-pyme-del-ano-2020"],"_links":{"self":[{"href":"https:\/\/www.logisticsautomationmadrid.com\/es\/wp-json\/wp\/v2\/posts\/10400","targetHints":{"allow":["GET"]}}],"collection":[{"href":"https:\/\/www.logisticsautomationmadrid.com\/es\/wp-json\/wp\/v2\/posts"}],"about":[{"href":"https:\/\/www.logisticsautomationmadrid.com\/es\/wp-json\/wp\/v2\/types\/post"}],"author":[{"embeddable":true,"href":"https:\/\/www.logisticsautomationmadrid.com\/es\/wp-json\/wp\/v2\/users\/1"}],"replies":[{"embeddable":true,"href":"https:\/\/www.logisticsautomationmadrid.com\/es\/wp-json\/wp\/v2\/comments?post=10400"}],"version-history":[{"count":0,"href":"https:\/\/www.logisticsautomationmadrid.com\/es\/wp-json\/wp\/v2\/posts\/10400\/revisions"}],"wp:featuredmedia":[{"embeddable":true,"href":"https:\/\/www.logisticsautomationmadrid.com\/es\/wp-json\/wp\/v2\/media\/10413"}],"wp:attachment":[{"href":"https:\/\/www.logisticsautomationmadrid.com\/es\/wp-json\/wp\/v2\/media?parent=10400"}],"wp:term":[{"taxonomy":"category","embeddable":true,"href":"https:\/\/www.logisticsautomationmadrid.com\/es\/wp-json\/wp\/v2\/categories?post=10400"},{"taxonomy":"post_tag","embeddable":true,"href":"https:\/\/www.logisticsautomationmadrid.com\/es\/wp-json\/wp\/v2\/tags?post=10400"},{"taxonomy":"edition","embeddable":true,"href":"https:\/\/www.logisticsautomationmadrid.com\/es\/wp-json\/wp\/v2\/edition?post=10400"}],"curies":[{"name":"wp","href":"https:\/\/api.w.org\/{rel}","templated":true}]}}