{"id":11472,"date":"2021-01-14T10:45:59","date_gmt":"2021-01-14T09:45:59","guid":{"rendered":"https:\/\/www.logisticsautomationmadrid.com\/?p=11472"},"modified":"2022-02-14T12:47:39","modified_gmt":"2022-02-14T11:47:39","slug":"la-sostenibilidad-es-rentable-para-las-empresas-de-logistica","status":"publish","type":"post","link":"https:\/\/www.logisticsautomationmadrid.com\/es\/2021\/01\/14\/la-sostenibilidad-es-rentable-para-las-empresas-de-logistica\/","title":{"rendered":"La sostenibilidad es rentable para las empresas de log\u00edstica"},"content":{"rendered":"\t\t<div data-elementor-type=\"wp-post\" data-elementor-id=\"11472\" class=\"elementor elementor-11472\" data-elementor-post-type=\"post\">\n\t\t\t\t\t\t<section class=\"elementor-section elementor-top-section elementor-element elementor-element-71165a61 elementor-section-boxed elementor-section-height-default elementor-section-height-default\" data-id=\"71165a61\" data-element_type=\"section\" data-e-type=\"section\">\n\t\t\t\t\t\t<div class=\"elementor-container elementor-column-gap-default\">\n\t\t\t\t\t<div class=\"elementor-column elementor-col-50 elementor-top-column elementor-element elementor-element-365ebd54\" data-id=\"365ebd54\" data-element_type=\"column\" data-e-type=\"column\">\n\t\t\t<div class=\"elementor-widget-wrap elementor-element-populated\">\n\t\t\t\t\t\t<div class=\"elementor-element elementor-element-08b1280 elementor-invisible elementor-widget elementor-widget-heading\" data-id=\"08b1280\" data-element_type=\"widget\" data-e-type=\"widget\" data-settings=\"{&quot;_animation&quot;:&quot;fadeIn&quot;}\" data-widget_type=\"heading.default\">\n\t\t\t\t<div class=\"elementor-widget-container\">\n\t\t\t\t\t<h1 class=\"elementor-heading-title elementor-size-default\">La sostenibilidad es rentable para las empresas de log\u00edstica<\/h1>\t\t\t\t<\/div>\n\t\t\t\t<\/div>\n\t\t\t\t<div class=\"elementor-element elementor-element-09afa34 elementor-widget elementor-widget-text-editor\" data-id=\"09afa34\" data-element_type=\"widget\" data-e-type=\"widget\" data-settings=\"{&quot;_animation&quot;:&quot;none&quot;}\" data-widget_type=\"text-editor.default\">\n\t\t\t\t<div class=\"elementor-widget-container\">\n\t\t\t\t\t\t\t\t\t<div class=\"col-xs-12 col-lg-offset-2 col-lg-8\"><div class=\"intro__box\"><p>Las empresas de log\u00edstica y <span class=\"taghighlight\">transporte<\/span> se encuentran bajo una presi\u00f3n creciente para que sus procesos sean m\u00e1s sostenibles. Esto se debe a que los clientes prestan cada vez m\u00e1s atenci\u00f3n al impacto ecol\u00f3gico, no s\u00f3lo de las mercanc\u00edas, sino tambi\u00e9n del <span class=\"taghighlight\">transporte<\/span> de las mismas. Esto plantea retos completamente nuevos para las empresas de <span class=\"taghighlight\">transporte<\/span> y los servicios de entrega, pero pueden resolverlos con la estrategia correcta y pasos bien definidos.<\/p><p><strong>La tendencia es hacia la Log\u00edstica Verde<\/strong><\/p><p>Para alcanzar los objetivos clim\u00e1ticos de la UE, las empresas deben reducir las emisiones de CO<sup>2<\/sup>. El objetivo es que la UE se convierta en una <a href=\"https:\/\/ec.europa.eu\/spain\/news\/20200921_eu-green-deal_es\" target=\"_blank\" rel=\"noopener\">zona clim\u00e1ticamente neutra para el 2050.<\/a> Pero esto no suceder\u00e1 de la noche a la ma\u00f1ana.<\/p><\/div><\/div>\t\t\t\t\t\t\t\t<\/div>\n\t\t\t\t<\/div>\n\t\t\t\t<div class=\"elementor-element elementor-element-13d8f45 elementor-widget elementor-widget-button\" data-id=\"13d8f45\" data-element_type=\"widget\" data-e-type=\"widget\" data-widget_type=\"button.default\">\n\t\t\t\t<div class=\"elementor-widget-container\">\n\t\t\t\t\t\t\t\t\t<div class=\"elementor-button-wrapper\">\n\t\t\t\t\t<a class=\"elementor-button elementor-button-link elementor-size-sm\" href=\"http:\/\/www.logisticaprofesional.com\/texto-diario\/mostrar\/2126758\/sostenibilidad-rentable-empresas-logistica\" target=\"_blank\" rel=\"nofollow\">\n\t\t\t\t\t\t<span class=\"elementor-button-content-wrapper\">\n\t\t\t\t\t\t\t\t\t<span class=\"elementor-button-text\">&gt;&gt; Leer art\u00edculo completo<\/span>\n\t\t\t\t\t<\/span>\n\t\t\t\t\t<\/a>\n\t\t\t\t<\/div>\n\t\t\t\t\t\t\t\t<\/div>\n\t\t\t\t<\/div>\n\t\t\t\t\t<\/div>\n\t\t<\/div>\n\t\t\t\t<div class=\"elementor-column elementor-col-50 elementor-top-column elementor-element elementor-element-28f5464\" data-id=\"28f5464\" data-element_type=\"column\" data-e-type=\"column\">\n\t\t\t<div class=\"elementor-widget-wrap elementor-element-populated\">\n\t\t\t\t\t\t<div class=\"elementor-element elementor-element-ddb89d9 elementor-grid-1 elementor-posts--thumbnail-none elementor-grid-tablet-1 elementor-grid-mobile-1 elementor-widget elementor-widget-posts\" data-id=\"ddb89d9\" data-element_type=\"widget\" data-e-type=\"widget\" data-settings=\"{&quot;classic_columns&quot;:&quot;1&quot;,&quot;classic_row_gap&quot;:{&quot;unit&quot;:&quot;px&quot;,&quot;size&quot;:&quot;23&quot;,&quot;sizes&quot;:[]},&quot;classic_columns_tablet&quot;:&quot;1&quot;,&quot;_animation&quot;:&quot;none&quot;,&quot;classic_columns_mobile&quot;:&quot;1&quot;,&quot;classic_row_gap_tablet&quot;:{&quot;unit&quot;:&quot;px&quot;,&quot;size&quot;:&quot;&quot;,&quot;sizes&quot;:[]},&quot;classic_row_gap_mobile&quot;:{&quot;unit&quot;:&quot;px&quot;,&quot;size&quot;:&quot;&quot;,&quot;sizes&quot;:[]}}\" data-widget_type=\"posts.classic\">\n\t\t\t\t<div class=\"elementor-widget-container\">\n\t\t\t\t\t\t\t<div class=\"elementor-posts-container elementor-posts elementor-posts--skin-classic elementor-grid\" role=\"list\">\n\t\t\t\t<article class=\"elementor-post elementor-grid-item post-213073 post type-post status-publish format-standard has-post-thumbnail hentry category-blog category-logistica-intralogistica-almacenamiento category-en-los-medios tag-3102 tag-empresas tag-futuro tag-informacion-logistica tag-logistica\" role=\"listitem\">\n\t\t\t\t<div class=\"elementor-post__text\">\n\t\t\t\t<h3 class=\"elementor-post__title\">\n\t\t\t<a href=\"https:\/\/www.logisticsautomationmadrid.com\/es\/2026\/09\/03\/solo-el-2-de-las-empresas-se-considera-preparada-para-el-futuro-de-la-logistica\/\" >\n\t\t\t\tSolo el 2% de las empresas se considera preparada para el futuro de la log\u00edstica\t\t\t<\/a>\n\t\t<\/h3>\n\t\t\t\t<div class=\"elementor-post__excerpt\">\n\t\t\t<p>El sector log\u00edstico atraviesa un momento de transformaci\u00f3n profunda marcada por la automatizaci\u00f3n, la inteligencia artificial, la evoluci\u00f3n de las cadenas de suministro y una<\/p>\n\t\t<\/div>\n\t\t\n\t\t<a class=\"elementor-post__read-more\" href=\"https:\/\/www.logisticsautomationmadrid.com\/es\/2026\/09\/03\/solo-el-2-de-las-empresas-se-considera-preparada-para-el-futuro-de-la-logistica\/\" aria-label=\"Read more about Solo el 2% de las empresas se considera preparada para el futuro de la log\u00edstica\" tabindex=\"-1\" >\n\t\t\tRead More \u00bb\t\t<\/a>\n\n\t\t\t\t<\/div>\n\t\t\t\t<\/article>\n\t\t\t\t<article class=\"elementor-post elementor-grid-item post-213062 post type-post status-publish format-standard has-post-thumbnail hentry category-blog category-logistica-intralogistica-almacenamiento tag-comunidad-de-madrid tag-logistica tag-servicios\" role=\"listitem\">\n\t\t\t\t<div class=\"elementor-post__text\">\n\t\t\t\t<h3 class=\"elementor-post__title\">\n\t\t\t<a href=\"https:\/\/www.logisticsautomationmadrid.com\/es\/2026\/09\/03\/la-comunidad-de-madrid-adjudica-la-gestion-integrada-de-la-logistica-de-su-servicio-de-salud\/\" >\n\t\t\t\tLa Comunidad de Madrid adjudica la gesti\u00f3n integrada de la log\u00edstica de su servicio de salud\t\t\t<\/a>\n\t\t<\/h3>\n\t\t\t\t<div class=\"elementor-post__excerpt\">\n\t\t\t<p>El consejo de Gobierno de la Comunidad de Madrid ha autorizado en su reuni\u00f3n de esta semana la adjudicaci\u00f3n de los dos lotes que componen<\/p>\n\t\t<\/div>\n\t\t\n\t\t<a class=\"elementor-post__read-more\" href=\"https:\/\/www.logisticsautomationmadrid.com\/es\/2026\/09\/03\/la-comunidad-de-madrid-adjudica-la-gestion-integrada-de-la-logistica-de-su-servicio-de-salud\/\" aria-label=\"Read more about La Comunidad de Madrid adjudica la gesti\u00f3n integrada de la log\u00edstica de su servicio de salud\" tabindex=\"-1\" >\n\t\t\tRead More \u00bb\t\t<\/a>\n\n\t\t\t\t<\/div>\n\t\t\t\t<\/article>\n\t\t\t\t<article class=\"elementor-post elementor-grid-item post-213016 post type-post status-publish format-standard has-post-thumbnail hentry category-un-cafe-con tag-cafe-con tag-entrevista tag-noel-alimentaria\" role=\"listitem\">\n\t\t\t\t<div class=\"elementor-post__text\">\n\t\t\t\t<h3 class=\"elementor-post__title\">\n\t\t\t<a href=\"https:\/\/www.logisticsautomationmadrid.com\/es\/2026\/09\/02\/un-cafe-con-ferran-soler-manager-de-logistica-en-noel-alimentaria\/\" >\n\t\t\t\tUn caf\u00e9 con Ferran Soler, Manager de Log\u00edstica en Noel Alimentaria\t\t\t<\/a>\n\t\t<\/h3>\n\t\t\t\t<div class=\"elementor-post__excerpt\">\n\t\t\t<p>L&amp;A: Ferran, Noel Alimentaria opera en mercados muy diversos y con una fuerte presencia internacional. \u00bfCu\u00e1les son hoy los mayores retos log\u00edsticos de gestionar una<\/p>\n\t\t<\/div>\n\t\t\n\t\t<a class=\"elementor-post__read-more\" href=\"https:\/\/www.logisticsautomationmadrid.com\/es\/2026\/09\/02\/un-cafe-con-ferran-soler-manager-de-logistica-en-noel-alimentaria\/\" aria-label=\"Read more about Un caf\u00e9 con Ferran Soler, Manager de Log\u00edstica en Noel Alimentaria\" tabindex=\"-1\" >\n\t\t\tRead More \u00bb\t\t<\/a>\n\n\t\t\t\t<\/div>\n\t\t\t\t<\/article>\n\t\t\t\t<article class=\"elementor-post elementor-grid-item post-212984 post type-post status-publish format-standard has-post-thumbnail hentry category-blog category-ia-trazabilidad-seguridad category-logistica-intralogistica-almacenamiento\" role=\"listitem\">\n\t\t\t\t<div class=\"elementor-post__text\">\n\t\t\t\t<h3 class=\"elementor-post__title\">\n\t\t\t<a href=\"https:\/\/www.logisticsautomationmadrid.com\/es\/2026\/09\/02\/logistics-and-automation-ofrecera-un-panorama-diverso-de-tecnologias-de-automatizacion-de-almacen\/\" >\n\t\t\t\tLogistics and Automation ofrecer\u00e1 un panorama diverso de tecnolog\u00edas de automatizaci\u00f3n de almac\u00e9n\t\t\t<\/a>\n\t\t<\/h3>\n\t\t\t\t<div class=\"elementor-post__excerpt\">\n\t\t\t<p>Logistics and Automation ofrecer\u00e1 un panorama diverso de tecnolog\u00edas de automatizaci\u00f3n de almac\u00e9n. En este entorno, un socio de confianza con capacidades de integraci\u00f3n y<\/p>\n\t\t<\/div>\n\t\t\n\t\t<a class=\"elementor-post__read-more\" href=\"https:\/\/www.logisticsautomationmadrid.com\/es\/2026\/09\/02\/logistics-and-automation-ofrecera-un-panorama-diverso-de-tecnologias-de-automatizacion-de-almacen\/\" aria-label=\"Read more about Logistics and Automation ofrecer\u00e1 un panorama diverso de tecnolog\u00edas de automatizaci\u00f3n de almac\u00e9n\" tabindex=\"-1\" >\n\t\t\tRead More \u00bb\t\t<\/a>\n\n\t\t\t\t<\/div>\n\t\t\t\t<\/article>\n\t\t\t\t<\/div>\n\t\t\n\t\t\t\t\t\t<\/div>\n\t\t\t\t<\/div>\n\t\t\t\t<div class=\"elementor-element elementor-element-142798d6 elementor-widget-divider--view-line elementor-widget elementor-widget-divider\" data-id=\"142798d6\" data-element_type=\"widget\" data-e-type=\"widget\" data-widget_type=\"divider.default\">\n\t\t\t\t<div class=\"elementor-widget-container\">\n\t\t\t\t\t\t\t<div class=\"elementor-divider\">\n\t\t\t<span class=\"elementor-divider-separator\">\n\t\t\t\t\t\t<\/span>\n\t\t<\/div>\n\t\t\t\t\t\t<\/div>\n\t\t\t\t<\/div>\n\t\t\t\t\t<\/div>\n\t\t<\/div>\n\t\t\t\t\t<\/div>\n\t\t<\/section>\n\t\t\t\t<section class=\"elementor-section elementor-top-section elementor-element elementor-element-49136ec elementor-section-full_width elementor-section-height-default elementor-section-height-default\" data-id=\"49136ec\" data-element_type=\"section\" data-e-type=\"section\">\n\t\t\t\t\t\t<div class=\"elementor-container elementor-column-gap-default\">\n\t\t\t\t\t<div class=\"elementor-column elementor-col-100 elementor-top-column elementor-element elementor-element-4a08fcbd\" data-id=\"4a08fcbd\" data-element_type=\"column\" data-e-type=\"column\">\n\t\t\t<div class=\"elementor-widget-wrap elementor-element-populated\">\n\t\t\t\t\t\t<div class=\"elementor-element elementor-element-6c1ef897 elementor-widget-divider--view-line elementor-widget elementor-widget-divider\" data-id=\"6c1ef897\" data-element_type=\"widget\" data-e-type=\"widget\" data-widget_type=\"divider.default\">\n\t\t\t\t<div class=\"elementor-widget-container\">\n\t\t\t\t\t\t\t<div class=\"elementor-divider\">\n\t\t\t<span class=\"elementor-divider-separator\">\n\t\t\t\t\t\t<\/span>\n\t\t<\/div>\n\t\t\t\t\t\t<\/div>\n\t\t\t\t<\/div>\n\t\t\t\t<div class=\"elementor-element elementor-element-67dafb1c elementor-widget elementor-widget-text-editor\" data-id=\"67dafb1c\" data-element_type=\"widget\" data-e-type=\"widget\" data-widget_type=\"text-editor.default\">\n\t\t\t\t<div class=\"elementor-widget-container\">\n\t\t\t\t\t\t\t\t\t<p><span style=\"vertical-align: inherit\"><span style=\"vertical-align: inherit\"><span style=\"vertical-align: inherit\"><span style=\"vertical-align: inherit\"><span style=\"vertical-align: inherit\"><span style=\"vertical-align: inherit\">Share this article<\/span><\/span><\/span><\/span><\/span><\/span><\/p>\t\t\t\t\t\t\t\t<\/div>\n\t\t\t\t<\/div>\n\t\t\t\t<div class=\"elementor-element elementor-element-6683c88d elementor-shape-circle elementor-grid-0 e-grid-align-center elementor-widget elementor-widget-social-icons\" data-id=\"6683c88d\" data-element_type=\"widget\" data-e-type=\"widget\" data-widget_type=\"social-icons.default\">\n\t\t\t\t<div class=\"elementor-widget-container\">\n\t\t\t\t\t\t\t<div class=\"elementor-social-icons-wrapper elementor-grid\" role=\"list\">\n\t\t\t\t\t\t\t<span class=\"elementor-grid-item\" role=\"listitem\">\n\t\t\t\t\t<a class=\"elementor-icon elementor-social-icon elementor-social-icon-facebook-f elementor-repeater-item-3bftaoh\" href=\"https:\/\/www.facebook.com\/LogisticsMadrid\/\" target=\"_blank\">\n\t\t\t\t\t\t<span class=\"elementor-screen-only\">Facebook-f<\/span>\n\t\t\t\t\t\t<i aria-hidden=\"true\" class=\"fab fa-facebook-f\"><\/i>\t\t\t\t\t<\/a>\n\t\t\t\t<\/span>\n\t\t\t\t\t\t\t<span class=\"elementor-grid-item\" role=\"listitem\">\n\t\t\t\t\t<a class=\"elementor-icon elementor-social-icon elementor-social-icon-twitter elementor-repeater-item-pc69ffs\" href=\"https:\/\/twitter.com\/logisticsiberia?lang=es\" target=\"_blank\">\n\t\t\t\t\t\t<span class=\"elementor-screen-only\">Twitter<\/span>\n\t\t\t\t\t\t<i aria-hidden=\"true\" class=\"fab fa-twitter\"><\/i>\t\t\t\t\t<\/a>\n\t\t\t\t<\/span>\n\t\t\t\t\t\t\t<span class=\"elementor-grid-item\" role=\"listitem\">\n\t\t\t\t\t<a class=\"elementor-icon elementor-social-icon elementor-social-icon-linkedin elementor-repeater-item-44fb767\" href=\"https:\/\/www.linkedin.com\/company\/logistics-madrid\/\" target=\"_blank\">\n\t\t\t\t\t\t<span class=\"elementor-screen-only\">Linkedin<\/span>\n\t\t\t\t\t\t<i aria-hidden=\"true\" class=\"fab fa-linkedin\"><\/i>\t\t\t\t\t<\/a>\n\t\t\t\t<\/span>\n\t\t\t\t\t<\/div>\n\t\t\t\t\t\t<\/div>\n\t\t\t\t<\/div>\n\t\t\t\t\t<\/div>\n\t\t<\/div>\n\t\t\t\t\t<\/div>\n\t\t<\/section>\n\t\t\t\t<\/div>\n\t\t","protected":false},"excerpt":{"rendered":"<p>Las empresas de log\u00edstica y transporte se encuentran bajo una presi\u00f3n creciente para que sus procesos sean m\u00e1s sostenibles. Esto se debe a que los clientes prestan cada vez m\u00e1s atenci\u00f3n al impacto ecol\u00f3gico, no s\u00f3lo de las mercanc\u00edas, sino tambi\u00e9n del transporte de las mismas. Esto plantea retos completamente nuevos para las empresas de [&hellip;]<\/p>\n","protected":false},"author":1,"featured_media":11474,"comment_status":"open","ping_status":"open","sticky":false,"template":"","format":"standard","meta":{"_seopress_titles_title":"","_seopress_titles_desc":"","_seopress_robots_index":"","_seopress_robots_follow":"","_seopress_robots_imageindex":"","_seopress_robots_snippet":"","_seopress_robots_primary_cat":"none","_seopress_robots_breadcrumbs":"","_seopress_robots_freeze_modified_date":"","_seopress_robots_custom_modified_date":"","_seopress_robots_canonical":"","_seopress_social_fb_title":"","_seopress_social_fb_desc":"","_seopress_social_fb_img":"","_seopress_social_fb_img_attachment_id":0,"_seopress_social_fb_img_width":0,"_seopress_social_fb_img_height":0,"_seopress_social_twitter_title":"","_seopress_social_twitter_desc":"","_seopress_social_twitter_img":"","_seopress_social_twitter_img_attachment_id":0,"_seopress_social_twitter_img_width":0,"_seopress_social_twitter_img_height":0,"_seopress_redirections_value":"","_seopress_redirections_enabled":"","_seopress_redirections_enabled_regex":"","_seopress_redirections_logged_status":"","_seopress_redirections_param":"","_seopress_redirections_type":301,"_seopress_analysis_target_kw":"","_seopress_news_disabled":"","_seopress_video_disabled":"","_seopress_video":[],"_seopress_pro_schemas_manual":[],"_seopress_pro_rich_snippets_disable_all":"","_seopress_pro_rich_snippets_disable":[],"_seopress_pro_schemas":[],"footnotes":""},"categories":[341,1333],"tags":[599,559,600,598,597],"edition":[],"class_list":["post-11472","post","type-post","status-publish","format-standard","has-post-thumbnail","hentry","category-blog","category-sostenibilidad-greenlogistics","tag-empresas","tag-logistica","tag-logistica-profesional","tag-rentable","tag-sostenibilidad"],"_links":{"self":[{"href":"https:\/\/www.logisticsautomationmadrid.com\/es\/wp-json\/wp\/v2\/posts\/11472","targetHints":{"allow":["GET"]}}],"collection":[{"href":"https:\/\/www.logisticsautomationmadrid.com\/es\/wp-json\/wp\/v2\/posts"}],"about":[{"href":"https:\/\/www.logisticsautomationmadrid.com\/es\/wp-json\/wp\/v2\/types\/post"}],"author":[{"embeddable":true,"href":"https:\/\/www.logisticsautomationmadrid.com\/es\/wp-json\/wp\/v2\/users\/1"}],"replies":[{"embeddable":true,"href":"https:\/\/www.logisticsautomationmadrid.com\/es\/wp-json\/wp\/v2\/comments?post=11472"}],"version-history":[{"count":0,"href":"https:\/\/www.logisticsautomationmadrid.com\/es\/wp-json\/wp\/v2\/posts\/11472\/revisions"}],"wp:featuredmedia":[{"embeddable":true,"href":"https:\/\/www.logisticsautomationmadrid.com\/es\/wp-json\/wp\/v2\/media\/11474"}],"wp:attachment":[{"href":"https:\/\/www.logisticsautomationmadrid.com\/es\/wp-json\/wp\/v2\/media?parent=11472"}],"wp:term":[{"taxonomy":"category","embeddable":true,"href":"https:\/\/www.logisticsautomationmadrid.com\/es\/wp-json\/wp\/v2\/categories?post=11472"},{"taxonomy":"post_tag","embeddable":true,"href":"https:\/\/www.logisticsautomationmadrid.com\/es\/wp-json\/wp\/v2\/tags?post=11472"},{"taxonomy":"edition","embeddable":true,"href":"https:\/\/www.logisticsautomationmadrid.com\/es\/wp-json\/wp\/v2\/edition?post=11472"}],"curies":[{"name":"wp","href":"https:\/\/api.w.org\/{rel}","templated":true}]}}