{"id":12017,"date":"2021-01-21T19:42:00","date_gmt":"2021-01-21T18:42:00","guid":{"rendered":"https:\/\/www.logisticsautomationmadrid.com\/?p=12017"},"modified":"2022-02-14T12:47:20","modified_gmt":"2022-02-14T11:47:20","slug":"dachser-organiza-su-primer-tren-completo-de-china-a-europa","status":"publish","type":"post","link":"https:\/\/www.logisticsautomationmadrid.com\/es\/2021\/01\/21\/dachser-organiza-su-primer-tren-completo-de-china-a-europa\/","title":{"rendered":"DACHSER organiza su primer tren completo de China a Europa"},"content":{"rendered":"\t\t<div data-elementor-type=\"wp-post\" data-elementor-id=\"12017\" class=\"elementor elementor-12017\" data-elementor-post-type=\"post\">\n\t\t\t\t\t\t<section class=\"elementor-section elementor-top-section elementor-element elementor-element-71165a61 elementor-section-boxed elementor-section-height-default elementor-section-height-default\" data-id=\"71165a61\" data-element_type=\"section\">\n\t\t\t\t\t\t<div class=\"elementor-container elementor-column-gap-default\">\n\t\t\t\t\t<div class=\"elementor-column elementor-col-50 elementor-top-column elementor-element elementor-element-365ebd54\" data-id=\"365ebd54\" data-element_type=\"column\">\n\t\t\t<div class=\"elementor-widget-wrap elementor-element-populated\">\n\t\t\t\t\t\t<div class=\"elementor-element elementor-element-08b1280 elementor-invisible elementor-widget elementor-widget-heading\" data-id=\"08b1280\" data-element_type=\"widget\" data-settings=\"{&quot;_animation&quot;:&quot;fadeIn&quot;}\" data-widget_type=\"heading.default\">\n\t\t\t\t<div class=\"elementor-widget-container\">\n\t\t\t\t\t<h1 class=\"elementor-heading-title elementor-size-default\">DACHSER organiza su primer tren completo de China a Europa<\/h1>\t\t\t\t<\/div>\n\t\t\t\t<\/div>\n\t\t\t\t<div class=\"elementor-element elementor-element-09afa34 elementor-widget elementor-widget-text-editor\" data-id=\"09afa34\" data-element_type=\"widget\" data-settings=\"{&quot;_animation&quot;:&quot;none&quot;}\" data-widget_type=\"text-editor.default\">\n\t\t\t\t<div class=\"elementor-widget-container\">\n\t\t\t\t\t\t\t\t\t<div class=\"col-xs-12 col-lg-offset-2 col-lg-8\"><p><strong>El proveedor de log\u00edstica DACHSER\u00a0ha organizado con \u00e9xito su primer tren completo de China a Alemania. Con cincuenta contenedores de 40 pies (FEU), el tren lleg\u00f3 a Ludwigshafen, Alemania, a finales de diciembre.<\/strong><\/p><\/div>\t\t\t\t\t\t\t\t<\/div>\n\t\t\t\t<\/div>\n\t\t\t\t<div class=\"elementor-element elementor-element-fcc2960 elementor-widget elementor-widget-image\" data-id=\"fcc2960\" data-element_type=\"widget\" data-widget_type=\"image.default\">\n\t\t\t\t<div class=\"elementor-widget-container\">\n\t\t\t\t\t\t\t\t\t\t\t\t<figure class=\"wp-caption\">\n\t\t\t\t\t\t\t\t\t\t<img fetchpriority=\"high\" decoding=\"async\" width=\"800\" height=\"450\" src=\"https:\/\/easyfairsassets.com\/sites\/84\/2021\/01\/DACHSER-blocktrain-China-to-Europe-web_rdax_65-1024x576.jpg\" class=\"attachment-large size-large wp-image-12023\" alt=\"\" srcset=\"https:\/\/easyfairsassets.com\/sites\/84\/2021\/01\/DACHSER-blocktrain-China-to-Europe-web_rdax_65-1024x576.jpg 1024w, https:\/\/easyfairsassets.com\/sites\/84\/2021\/01\/DACHSER-blocktrain-China-to-Europe-web_rdax_65-300x169.jpg 300w, https:\/\/easyfairsassets.com\/sites\/84\/2021\/01\/DACHSER-blocktrain-China-to-Europe-web_rdax_65-768x432.jpg 768w, https:\/\/easyfairsassets.com\/sites\/84\/2021\/01\/DACHSER-blocktrain-China-to-Europe-web_rdax_65-1536x864.jpg 1536w, https:\/\/easyfairsassets.com\/sites\/84\/2021\/01\/DACHSER-blocktrain-China-to-Europe-web_rdax_65.jpg 1920w\" sizes=\"(max-width: 800px) 100vw, 800px\" \/>\t\t\t\t\t\t\t\t\t\t\t<figcaption class=\"widget-image-caption wp-caption-text\">Con cincuenta contenedores de 40 pies (FEU), el tren lleg\u00f3 a Ludwigshafen, Alemania, a finales de diciembre.<\/figcaption>\n\t\t\t\t\t\t\t\t\t\t<\/figure>\n\t\t\t\t\t\t\t\t\t<\/div>\n\t\t\t\t<\/div>\n\t\t\t\t<div class=\"elementor-element elementor-element-d797bcd elementor-widget elementor-widget-text-editor\" data-id=\"d797bcd\" data-element_type=\"widget\" data-settings=\"{&quot;_animation&quot;:&quot;none&quot;}\" data-widget_type=\"text-editor.default\">\n\t\t\t\t<div class=\"elementor-widget-container\">\n\t\t\t\t\t\t\t\t\t<div class=\"col-xs-12 col-lg-offset-2 col-lg-8\"><div class=\"intro__box\"><section id=\"e4668\" class=\"b-column-content -pad-top-default -pad-bottom-default section-block\"><div class=\"custom__wrapper\"><div class=\"column-content__wrapper animate-in-bottom js-visible\" data-sr-id=\"0\"><div data-gy=\"g\"><div class=\"typ\" data-gy=\"cm-8\"><div class=\"article__item-wrap\"><div class=\"article__item\"><p>DACHSER\u00a0ya hab\u00eda organizado un tren regular el a\u00f1o pasado para productos qu\u00edmicos en direcci\u00f3n este, de Frankfurt (Alemania) a China.\u00a0Este es el primer tren en direcci\u00f3n oeste organizado por los equipos de DACHSER\u00a0Alemania y China.\u00a0Para esta nueva ruta, el equipo de DACHSER\u00a0China coordin\u00f3 todo el proceso con el operador ferroviario, incluyendo la recogida de la mercanc\u00eda, entrega en la terminal y el despacho de aduanas. Posteriormente en Ludwigshafen, la delegaci\u00f3n de DACHSER\u00a0Mannheim organiz\u00f3 la distribuci\u00f3n de los contenedores a trav\u00e9s de la red DACHSER\u00a0a otras ciudades de Alemania y en Europa. \u201cLa pandemia y la consiguiente escasez de capacidad de transporte a\u00e9reo y mar\u00edtimo han llevado a una mayor demanda de transporte ferroviario. Tambi\u00e9n en este momento es temporada alta en Asia debido a la proximidad del A\u00f1o Nuevo Chino, lo que tambi\u00e9n ha impulsado el mercado\u201d, comenta Vedat Serbet, Rail Services Manager EMEA en DACHSER. \u00abEstamos viendo una tendencia en la que cada vez m\u00e1s clientes buscan soluciones de transporte fiables y rentables entre los dos continentes y, \u00faltimamente, eligen la opci\u00f3n de transporte ferroviario\u00bb.<\/p><\/div><\/div><div class=\"article__item-wrap\"><div class=\"article__item\"><h3>Alternativa fiable y competitiva<\/h3><\/div><\/div><div class=\"article__item-wrap\"><div class=\"article__item\"><p>La Nueva Ruta de la Seda, que conecta China con Europa a trav\u00e9s de Erenhot en Mongolia, luego Rusia, Bielorrusia y Polonia, proporciona una ruta por tierra con condiciones estables para transportar, por ejemplo, productos qu\u00edmicos. Al mismo tiempo, esta soluci\u00f3n es una alternativa eficiente y rentable al transporte a\u00e9reo y mar\u00edtimo. \u201cEl transporte por ferrocarril es fiable en t\u00e9rminos de programaci\u00f3n y permite a los clientes evitar las vol\u00e1tiles tarifas de flete mar\u00edtimo o las cancelaciones repentinas de vuelos. Y por \u00faltimo, pero no menos importante, este medio de transporte es m\u00e1s asequible que el transporte a\u00e9reo\u201d, concluye Serbet.<\/p><p><a href=\"https:\/\/www.dachser.es\/es\/mediaroom\/DACHSER-organiza-su-primer-tren-completo-de-China-a-Europa-9626\" target=\"_blank\" rel=\"noopener\">M\u00e1s informaci\u00f3n<\/a><\/p><\/div><\/div><\/div><\/div><\/div><\/div><\/section><\/div><\/div>\t\t\t\t\t\t\t\t<\/div>\n\t\t\t\t<\/div>\n\t\t\t\t\t<\/div>\n\t\t<\/div>\n\t\t\t\t<div class=\"elementor-column elementor-col-50 elementor-top-column elementor-element elementor-element-28f5464\" data-id=\"28f5464\" data-element_type=\"column\">\n\t\t\t<div class=\"elementor-widget-wrap elementor-element-populated\">\n\t\t\t\t\t\t<div class=\"elementor-element elementor-element-ddb89d9 elementor-grid-1 elementor-posts--thumbnail-none elementor-grid-tablet-1 elementor-grid-mobile-1 elementor-widget elementor-widget-posts\" data-id=\"ddb89d9\" data-element_type=\"widget\" data-settings=\"{&quot;classic_columns&quot;:&quot;1&quot;,&quot;classic_row_gap&quot;:{&quot;unit&quot;:&quot;px&quot;,&quot;size&quot;:&quot;23&quot;,&quot;sizes&quot;:[]},&quot;classic_columns_tablet&quot;:&quot;1&quot;,&quot;_animation&quot;:&quot;none&quot;,&quot;classic_columns_mobile&quot;:&quot;1&quot;,&quot;classic_row_gap_tablet&quot;:{&quot;unit&quot;:&quot;px&quot;,&quot;size&quot;:&quot;&quot;,&quot;sizes&quot;:[]},&quot;classic_row_gap_mobile&quot;:{&quot;unit&quot;:&quot;px&quot;,&quot;size&quot;:&quot;&quot;,&quot;sizes&quot;:[]}}\" data-widget_type=\"posts.classic\">\n\t\t\t\t<div class=\"elementor-widget-container\">\n\t\t\t\t\t\t\t<div class=\"elementor-posts-container elementor-posts elementor-posts--skin-classic elementor-grid\" role=\"list\">\n\t\t\t\t<article class=\"elementor-post elementor-grid-item post-210375 post type-post status-publish format-standard has-post-thumbnail hentry category-ia-trazabilidad-seguridad category-logistica-intralogistica-almacenamiento category-sin-categorizar\" role=\"listitem\">\n\t\t\t\t<div class=\"elementor-post__text\">\n\t\t\t\t<h3 class=\"elementor-post__title\">\n\t\t\t<a href=\"https:\/\/www.logisticsautomationmadrid.com\/es\/2026\/04\/28\/ia-generativa-para-mejorar-la-planificacion-de-la-supply-chain\/\" >\n\t\t\t\tIA generativa para mejorar la planificaci\u00f3n de la supply chain\t\t\t<\/a>\n\t\t<\/h3>\n\t\t\t\t<div class=\"elementor-post__excerpt\">\n\t\t\t<p>Por Jos\u00e9 Luis Morato, Senior M\u00e1nager de Miebach Consulting Hay una imagen que me encuentro demasiado a menudo: un equipo de planificaci\u00f3n que ha hecho<\/p>\n\t\t<\/div>\n\t\t\n\t\t<a class=\"elementor-post__read-more\" href=\"https:\/\/www.logisticsautomationmadrid.com\/es\/2026\/04\/28\/ia-generativa-para-mejorar-la-planificacion-de-la-supply-chain\/\" aria-label=\"Read more about IA generativa para mejorar la planificaci\u00f3n de la supply chain\" tabindex=\"-1\" >\n\t\t\tRead More \u00bb\t\t<\/a>\n\n\t\t\t\t<\/div>\n\t\t\t\t<\/article>\n\t\t\t\t<article class=\"elementor-post elementor-grid-item post-210292 post type-post status-publish format-standard has-post-thumbnail hentry category-blog category-logistica-intralogistica-almacenamiento category-sin-categorizar\" role=\"listitem\">\n\t\t\t\t<div class=\"elementor-post__text\">\n\t\t\t\t<h3 class=\"elementor-post__title\">\n\t\t\t<a href=\"https:\/\/www.logisticsautomationmadrid.com\/es\/2026\/04\/09\/geopolitica-resiliencia-y-red-por-que-la-supply-chain-ya-no-es-solo-eficiencia\/\" >\n\t\t\t\tGeopol\u00edtica, resiliencia y red: por qu\u00e9 la supply chain ya no es solo eficiencia\t\t\t<\/a>\n\t\t<\/h3>\n\t\t\t\t<div class=\"elementor-post__excerpt\">\n\t\t\t<p>Por Jos\u00e9 Luis Morato, Senior M\u00e1nager de Miebach Consulting La supply chain global actual ya no se parece a la que muchos aprendimos a optimizar.<\/p>\n\t\t<\/div>\n\t\t\n\t\t<a class=\"elementor-post__read-more\" href=\"https:\/\/www.logisticsautomationmadrid.com\/es\/2026\/04\/09\/geopolitica-resiliencia-y-red-por-que-la-supply-chain-ya-no-es-solo-eficiencia\/\" aria-label=\"Read more about Geopol\u00edtica, resiliencia y red: por qu\u00e9 la supply chain ya no es solo eficiencia\" tabindex=\"-1\" >\n\t\t\tRead More \u00bb\t\t<\/a>\n\n\t\t\t\t<\/div>\n\t\t\t\t<\/article>\n\t\t\t\t<article class=\"elementor-post elementor-grid-item post-210276 post type-post status-publish format-standard has-post-thumbnail hentry category-blog category-ia-trazabilidad-seguridad category-logistica-intralogistica-almacenamiento category-logtalent category-robotica-automatizacion category-sostenibilidad-greenlogistics category-transport-delivery tag-16-de-febrero tag-16-febrero tag-dia-logistica tag-dia-mundial-de-la-logistica tag-dia-mundial-logistica tag-espana tag-ferias tag-internacionalizacion tag-logistica tag-logistics-automation tag-punto-de-encuentro tag-referentes\" role=\"listitem\">\n\t\t\t\t<div class=\"elementor-post__text\">\n\t\t\t\t<h3 class=\"elementor-post__title\">\n\t\t\t<a href=\"https:\/\/www.logisticsautomationmadrid.com\/es\/2026\/04\/09\/sistemas-hibridos-automatizacion-y-robotica-en-intralogistica\/\" >\n\t\t\t\tSistemas h\u00edbridos: automatizaci\u00f3n y rob\u00f3tica en intralog\u00edstica\t\t\t<\/a>\n\t\t<\/h3>\n\t\t\t\t<div class=\"elementor-post__excerpt\">\n\t\t\t<p>La revoluci\u00f3n de los sistemas h\u00edbridos en intralog\u00edstica La\u00a0intralog\u00edstica\u00a0atraviesa una transformaci\u00f3n profunda gracias a los\u00a0sistemas h\u00edbridos\u00a0que integran\u00a0automatizaci\u00f3n tradicional,\u00a0rob\u00f3tica\u00a0e\u00a0inteligencia artificial. Estos modelos combinan robots m\u00f3viles aut\u00f3nomos<\/p>\n\t\t<\/div>\n\t\t\n\t\t<a class=\"elementor-post__read-more\" href=\"https:\/\/www.logisticsautomationmadrid.com\/es\/2026\/04\/09\/sistemas-hibridos-automatizacion-y-robotica-en-intralogistica\/\" aria-label=\"Read more about Sistemas h\u00edbridos: automatizaci\u00f3n y rob\u00f3tica en intralog\u00edstica\" tabindex=\"-1\" >\n\t\t\tRead More \u00bb\t\t<\/a>\n\n\t\t\t\t<\/div>\n\t\t\t\t<\/article>\n\t\t\t\t<article class=\"elementor-post elementor-grid-item post-210266 post type-post status-publish format-standard has-post-thumbnail hentry category-blog category-ia-trazabilidad-seguridad category-logistica-intralogistica-almacenamiento category-logtalent category-robotica-automatizacion category-sostenibilidad-greenlogistics category-transport-delivery tag-16-de-febrero tag-16-febrero tag-dia-logistica tag-dia-mundial-de-la-logistica tag-dia-mundial-logistica tag-espana tag-ferias tag-internacionalizacion tag-logistica tag-logistics-automation tag-punto-de-encuentro tag-referentes\" role=\"listitem\">\n\t\t\t\t<div class=\"elementor-post__text\">\n\t\t\t\t<h3 class=\"elementor-post__title\">\n\t\t\t<a href=\"https:\/\/www.logisticsautomationmadrid.com\/es\/2026\/04\/08\/el-transporte-advierte-del-riesgo-de-desabastecimiento-y-perdida-de-rentabilidad-ante-la-implantacion-de-las-44-toneladas\/\" >\n\t\t\t\tEl transporte advierte del riesgo de desabastecimiento y p\u00e9rdida de rentabilidad ante la implantaci\u00f3n de las 44 toneladas\t\t\t<\/a>\n\t\t<\/h3>\n\t\t\t\t<div class=\"elementor-post__excerpt\">\n\t\t\t<p>La jornada celebrada en Gij\u00f3n, organizada por la patronal asturiana,\u00a0ASETRA, en colaboraci\u00f3n con CETM, ha puesto de manifiesto la preocupaci\u00f3n generalizada del sector del\u00a0transporte de<\/p>\n\t\t<\/div>\n\t\t\n\t\t<a class=\"elementor-post__read-more\" href=\"https:\/\/www.logisticsautomationmadrid.com\/es\/2026\/04\/08\/el-transporte-advierte-del-riesgo-de-desabastecimiento-y-perdida-de-rentabilidad-ante-la-implantacion-de-las-44-toneladas\/\" aria-label=\"Read more about El transporte advierte del riesgo de desabastecimiento y p\u00e9rdida de rentabilidad ante la implantaci\u00f3n de las 44 toneladas\" tabindex=\"-1\" >\n\t\t\tRead More \u00bb\t\t<\/a>\n\n\t\t\t\t<\/div>\n\t\t\t\t<\/article>\n\t\t\t\t<\/div>\n\t\t\n\t\t\t\t\t\t<\/div>\n\t\t\t\t<\/div>\n\t\t\t\t<div class=\"elementor-element elementor-element-142798d6 elementor-widget-divider--view-line elementor-widget elementor-widget-divider\" data-id=\"142798d6\" data-element_type=\"widget\" data-widget_type=\"divider.default\">\n\t\t\t\t<div class=\"elementor-widget-container\">\n\t\t\t\t\t\t\t<div class=\"elementor-divider\">\n\t\t\t<span class=\"elementor-divider-separator\">\n\t\t\t\t\t\t<\/span>\n\t\t<\/div>\n\t\t\t\t\t\t<\/div>\n\t\t\t\t<\/div>\n\t\t\t\t\t<\/div>\n\t\t<\/div>\n\t\t\t\t\t<\/div>\n\t\t<\/section>\n\t\t\t\t<section class=\"elementor-section elementor-top-section elementor-element elementor-element-49136ec elementor-section-full_width elementor-section-height-default elementor-section-height-default\" data-id=\"49136ec\" data-element_type=\"section\">\n\t\t\t\t\t\t<div class=\"elementor-container elementor-column-gap-default\">\n\t\t\t\t\t<div class=\"elementor-column elementor-col-100 elementor-top-column elementor-element elementor-element-4a08fcbd\" data-id=\"4a08fcbd\" data-element_type=\"column\">\n\t\t\t<div class=\"elementor-widget-wrap elementor-element-populated\">\n\t\t\t\t\t\t<div class=\"elementor-element elementor-element-6c1ef897 elementor-widget-divider--view-line elementor-widget elementor-widget-divider\" data-id=\"6c1ef897\" data-element_type=\"widget\" data-widget_type=\"divider.default\">\n\t\t\t\t<div class=\"elementor-widget-container\">\n\t\t\t\t\t\t\t<div class=\"elementor-divider\">\n\t\t\t<span class=\"elementor-divider-separator\">\n\t\t\t\t\t\t<\/span>\n\t\t<\/div>\n\t\t\t\t\t\t<\/div>\n\t\t\t\t<\/div>\n\t\t\t\t<div class=\"elementor-element elementor-element-67dafb1c elementor-widget elementor-widget-text-editor\" data-id=\"67dafb1c\" data-element_type=\"widget\" data-widget_type=\"text-editor.default\">\n\t\t\t\t<div class=\"elementor-widget-container\">\n\t\t\t\t\t\t\t\t\t<p><span style=\"vertical-align: inherit\"><span style=\"vertical-align: inherit\"><span style=\"vertical-align: inherit\"><span style=\"vertical-align: inherit\"><span style=\"vertical-align: inherit\"><span style=\"vertical-align: inherit\">Share this article<\/span><\/span><\/span><\/span><\/span><\/span><\/p>\t\t\t\t\t\t\t\t<\/div>\n\t\t\t\t<\/div>\n\t\t\t\t<div class=\"elementor-element elementor-element-6683c88d elementor-shape-circle elementor-grid-0 e-grid-align-center elementor-widget elementor-widget-social-icons\" data-id=\"6683c88d\" data-element_type=\"widget\" data-widget_type=\"social-icons.default\">\n\t\t\t\t<div class=\"elementor-widget-container\">\n\t\t\t\t\t\t\t<div class=\"elementor-social-icons-wrapper elementor-grid\" role=\"list\">\n\t\t\t\t\t\t\t<span class=\"elementor-grid-item\" role=\"listitem\">\n\t\t\t\t\t<a class=\"elementor-icon elementor-social-icon elementor-social-icon-facebook-f elementor-repeater-item-3bftaoh\" href=\"https:\/\/www.facebook.com\/LogisticsMadrid\/\" target=\"_blank\">\n\t\t\t\t\t\t<span class=\"elementor-screen-only\">Facebook-f<\/span>\n\t\t\t\t\t\t<i aria-hidden=\"true\" class=\"fab fa-facebook-f\"><\/i>\t\t\t\t\t<\/a>\n\t\t\t\t<\/span>\n\t\t\t\t\t\t\t<span class=\"elementor-grid-item\" role=\"listitem\">\n\t\t\t\t\t<a class=\"elementor-icon elementor-social-icon elementor-social-icon-twitter elementor-repeater-item-pc69ffs\" href=\"https:\/\/twitter.com\/logisticsiberia?lang=es\" target=\"_blank\">\n\t\t\t\t\t\t<span class=\"elementor-screen-only\">Twitter<\/span>\n\t\t\t\t\t\t<i aria-hidden=\"true\" class=\"fab fa-twitter\"><\/i>\t\t\t\t\t<\/a>\n\t\t\t\t<\/span>\n\t\t\t\t\t\t\t<span class=\"elementor-grid-item\" role=\"listitem\">\n\t\t\t\t\t<a class=\"elementor-icon elementor-social-icon elementor-social-icon-linkedin elementor-repeater-item-44fb767\" href=\"https:\/\/www.linkedin.com\/company\/logistics-madrid\/\" target=\"_blank\">\n\t\t\t\t\t\t<span class=\"elementor-screen-only\">Linkedin<\/span>\n\t\t\t\t\t\t<i aria-hidden=\"true\" class=\"fab fa-linkedin\"><\/i>\t\t\t\t\t<\/a>\n\t\t\t\t<\/span>\n\t\t\t\t\t<\/div>\n\t\t\t\t\t\t<\/div>\n\t\t\t\t<\/div>\n\t\t\t\t\t<\/div>\n\t\t<\/div>\n\t\t\t\t\t<\/div>\n\t\t<\/section>\n\t\t\t\t<\/div>\n\t\t","protected":false},"excerpt":{"rendered":"<p>El proveedor de log\u00edstica DACHSER&nbsp;ha organizado con \u00e9xito su primer tren completo de China a Alemania. Con cincuenta contenedores de 40 pies (FEU), el tren lleg\u00f3 a Ludwigshafen, Alemania, a finales de diciembre. Con cincuenta contenedores de 40 pies (FEU), el tren lleg\u00f3 a Ludwigshafen, Alemania, a finales de diciembre. DACHSER&nbsp;ya hab\u00eda organizado un tren [&hellip;]<\/p>\n","protected":false},"author":1,"featured_media":12020,"comment_status":"open","ping_status":"open","sticky":false,"template":"","format":"standard","meta":{"_seopress_robots_primary_cat":"none","_seopress_titles_title":"","_seopress_titles_desc":"","_seopress_robots_index":"","footnotes":""},"categories":[341,1330],"tags":[646,644,647,645],"edition":[],"class_list":["post-12017","post","type-post","status-publish","format-standard","has-post-thumbnail","hentry","category-blog","category-transport-delivery","tag-china","tag-dachser","tag-europa","tag-tren-completo"],"_links":{"self":[{"href":"https:\/\/www.logisticsautomationmadrid.com\/es\/wp-json\/wp\/v2\/posts\/12017","targetHints":{"allow":["GET"]}}],"collection":[{"href":"https:\/\/www.logisticsautomationmadrid.com\/es\/wp-json\/wp\/v2\/posts"}],"about":[{"href":"https:\/\/www.logisticsautomationmadrid.com\/es\/wp-json\/wp\/v2\/types\/post"}],"author":[{"embeddable":true,"href":"https:\/\/www.logisticsautomationmadrid.com\/es\/wp-json\/wp\/v2\/users\/1"}],"replies":[{"embeddable":true,"href":"https:\/\/www.logisticsautomationmadrid.com\/es\/wp-json\/wp\/v2\/comments?post=12017"}],"version-history":[{"count":0,"href":"https:\/\/www.logisticsautomationmadrid.com\/es\/wp-json\/wp\/v2\/posts\/12017\/revisions"}],"wp:featuredmedia":[{"embeddable":true,"href":"https:\/\/www.logisticsautomationmadrid.com\/es\/wp-json\/wp\/v2\/media\/12020"}],"wp:attachment":[{"href":"https:\/\/www.logisticsautomationmadrid.com\/es\/wp-json\/wp\/v2\/media?parent=12017"}],"wp:term":[{"taxonomy":"category","embeddable":true,"href":"https:\/\/www.logisticsautomationmadrid.com\/es\/wp-json\/wp\/v2\/categories?post=12017"},{"taxonomy":"post_tag","embeddable":true,"href":"https:\/\/www.logisticsautomationmadrid.com\/es\/wp-json\/wp\/v2\/tags?post=12017"},{"taxonomy":"edition","embeddable":true,"href":"https:\/\/www.logisticsautomationmadrid.com\/es\/wp-json\/wp\/v2\/edition?post=12017"}],"curies":[{"name":"wp","href":"https:\/\/api.w.org\/{rel}","templated":true}]}}