{"id":12049,"date":"2021-01-25T20:03:00","date_gmt":"2021-01-25T19:03:00","guid":{"rendered":"https:\/\/www.logisticsautomationmadrid.com\/?p=12049"},"modified":"2022-02-14T12:47:16","modified_gmt":"2022-02-14T11:47:16","slug":"europa-pone-a-prueba-el-futuro-de-la-movilidad-aerea-urbana-2","status":"publish","type":"post","link":"https:\/\/www.logisticsautomationmadrid.com\/es\/2021\/01\/25\/europa-pone-a-prueba-el-futuro-de-la-movilidad-aerea-urbana-2\/","title":{"rendered":"Europa pone a prueba el futuro de la movilidad a\u00e9rea urbana"},"content":{"rendered":"\t\t<div data-elementor-type=\"wp-post\" data-elementor-id=\"12049\" class=\"elementor elementor-12049\" data-elementor-post-type=\"post\">\n\t\t\t\t\t\t<section class=\"elementor-section elementor-top-section elementor-element elementor-element-71165a61 elementor-section-boxed elementor-section-height-default elementor-section-height-default\" data-id=\"71165a61\" data-element_type=\"section\">\n\t\t\t\t\t\t<div class=\"elementor-container elementor-column-gap-default\">\n\t\t\t\t\t<div class=\"elementor-column elementor-col-50 elementor-top-column elementor-element elementor-element-365ebd54\" data-id=\"365ebd54\" data-element_type=\"column\">\n\t\t\t<div class=\"elementor-widget-wrap elementor-element-populated\">\n\t\t\t\t\t\t<div class=\"elementor-element elementor-element-08b1280 elementor-invisible elementor-widget elementor-widget-heading\" data-id=\"08b1280\" data-element_type=\"widget\" data-settings=\"{&quot;_animation&quot;:&quot;fadeIn&quot;}\" data-widget_type=\"heading.default\">\n\t\t\t\t<div class=\"elementor-widget-container\">\n\t\t\t\t\t<h1 class=\"elementor-heading-title elementor-size-default\">Europa pone a prueba el futuro de la movilidad a\u00e9rea urbana<\/h1>\t\t\t\t<\/div>\n\t\t\t\t<\/div>\n\t\t\t\t<div class=\"elementor-element elementor-element-fcc2960 elementor-widget elementor-widget-image\" data-id=\"fcc2960\" data-element_type=\"widget\" data-widget_type=\"image.default\">\n\t\t\t\t<div class=\"elementor-widget-container\">\n\t\t\t\t\t\t\t\t\t\t\t\t<figure class=\"wp-caption\">\n\t\t\t\t\t\t\t\t\t\t<img fetchpriority=\"high\" decoding=\"async\" width=\"360\" height=\"194\" src=\"https:\/\/easyfairsassets.com\/sites\/84\/2021\/01\/drones.png\" class=\"attachment-large size-large wp-image-12039\" alt=\"\" srcset=\"https:\/\/easyfairsassets.com\/sites\/84\/2021\/01\/drones.png 360w, https:\/\/easyfairsassets.com\/sites\/84\/2021\/01\/drones-300x162.png 300w\" sizes=\"(max-width: 360px) 100vw, 360px\" \/>\t\t\t\t\t\t\t\t\t\t\t<figcaption class=\"widget-image-caption wp-caption-text\">Fuente: everis.com<\/figcaption>\n\t\t\t\t\t\t\t\t\t\t<\/figure>\n\t\t\t\t\t\t\t\t\t<\/div>\n\t\t\t\t<\/div>\n\t\t\t\t<div class=\"elementor-element elementor-element-d797bcd elementor-widget elementor-widget-text-editor\" data-id=\"d797bcd\" data-element_type=\"widget\" data-settings=\"{&quot;_animation&quot;:&quot;none&quot;}\" data-widget_type=\"text-editor.default\">\n\t\t\t\t<div class=\"elementor-widget-container\">\n\t\t\t\t\t\t\t\t\t<div class=\"col-xs-12 col-lg-offset-2 col-lg-8\"><div class=\"intro__box\"><section id=\"e4668\" class=\"b-column-content -pad-top-default -pad-bottom-default section-block\"><div class=\"custom__wrapper\"><div class=\"column-content__wrapper animate-in-bottom js-visible\" data-sr-id=\"0\"><div data-gy=\"g\"><div class=\"typ\" data-gy=\"cm-8\"><p>La presencia en nuestras ciudades de\u00a0<strong>aerotaxis, drones de reparto de mercanc\u00eda o sistemas no tripulados para emergencias<\/strong>\u00a0est\u00e1 cada vez m\u00e1s cerca de ser una realidad. En este sentido, la movilidad a\u00e9rea urbana (UAM, por sus siglas en ingl\u00e9s) nos ayudar\u00e1 a crear ciudades m\u00e1s sostenibles e inteligentes.<\/p><p>Con este objetivo en el horizonte acaba de arrancar\u00a0<strong>AMU-LED<\/strong>, un proyecto H2020 de la Uni\u00f3n Europea que tiene como principal prop\u00f3sito demostrar la integraci\u00f3n segura de distintos tipos de operaciones con<strong>\u00a0drones en el cielo de nuestras ciudades.<\/strong><\/p><p>Se trata de una iniciativa ambiciosa, con una duraci\u00f3n de dos a\u00f1os, que tiene previsto realizar en 2022<strong>\u00a0una de las mayores demostraciones de servicios de movilidad con veh\u00edculos a\u00e9reos en entorno urbano<\/strong>. Para ello se han elegido varios escenarios en tres pa\u00edses distintos: Santiago de Compostela en\u00a0<strong>Espa\u00f1a<\/strong>, Cranfield en el\u00a0<strong>Reino Unido<\/strong>, y Amsterdam y Rotterdam en\u00a0<strong>Pa\u00edses Bajos<\/strong>.<\/p><p>En total el proyecto involucra a 17 entidades distintas de Europa y Estados Unidos. Coordinado por\u00a0<strong>everis<\/strong>, el consorcio est\u00e1 compuesto por un grupo de agentes muy destacado dentro del sector: Airbus, AirHub, Altitude Angel, ANRA Technologies, Boeing Research &amp; Technology-Europe, FADA-CATEC, Cranfield University, EHang, ENAIRE, Gemeente Amsterdam, INECO, ITG, Jeppesen, NLR, Space53 y Tecnalia,\u00a0<\/p><p><strong>M\u00e1s de 100 horas de vuelo en entorno urbano<\/strong><\/p><p>Los ejercicios previstos dentro de AMU-LED incluyen m\u00e1s de 100 horas de vuelo combinando diferentes sistemas a\u00e9reos no tripulados y contemplan diferentes escenarios, casos de uso y aplicaciones. As\u00ed, AMU-LED realizar\u00e1 operaciones de\u00a0<strong>taxi a\u00e9reo, transporte de carga, entrega de bienes y equipos m\u00e9dicos, inspecci\u00f3n de infraestructuras, vigilancia policial y apoyo a servicios de emergencias<\/strong>.<\/p><p>Mediante pruebas reales y simulaciones, el proyecto explorar\u00e1 y demostrar\u00e1 los beneficios de la descongesti\u00f3n de las carreteras gracias a la movilidad a\u00e9rea, as\u00ed como las mejoras en el transporte de personas y bienes, la reducci\u00f3n y flexibilidad de los tiempos de trayecto y la disminuci\u00f3n de la poluci\u00f3n y accidentes de tr\u00e1fico.<\/p><p>Gracias a los datos obtenidos de las diferentes pruebas, AMU-LED podr\u00e1 proporcionar informaci\u00f3n muy valiosa a autoridades reguladoras como EASA, con el objetivo de contribuir al desarrollo y establecimiento de leyes y regulaciones en el \u00e1mbito de la movilidad a\u00e9rea urbana.<\/p><p><strong>Una apuesta por la evoluci\u00f3n de la gesti\u00f3n del tr\u00e1fico a\u00e9reo<\/strong><\/p><p><strong>AMU-LED\u00a0<\/strong>es un proyecto H2020 de la<strong>\u00a0Uni\u00f3n Europea<\/strong>\u00a0enmarcado en<strong>\u00a0<\/strong><strong>SESAR Joint Undertaking<\/strong>\u00a0(grant agreement No 101017702). El objetivo de SESAR es asegurar la modernizaci\u00f3n de la gesti\u00f3n del tr\u00e1fico a\u00e9reo en Europa, donde la movilidad a\u00e9rea urbana (UAM \u2013 Urban Air Mobility) es una pieza clave. \u00c9sta requiere de la creaci\u00f3n de nuevos conceptos y regulaciones para dise\u00f1ar, estructurar e industrializar un sistema que, adem\u00e1s, sea sostenible e interoperable con el tr\u00e1fico a\u00e9reo actual.<\/p><p>El completo y multi-disciplinar equipo de profesionales de AMU-LED incluye expertos en soluciones de tr\u00e1fico a\u00e9reo, simulaci\u00f3n y operaciones con drones, centros tecnol\u00f3gicos de investigaci\u00f3n, entidades legisladoras y expertos en pruebas y demostradores.<\/p><p><a href=\"https:\/\/www.everis.com\/spain\/es\/news\/newsroom\/europa-pone-prueba-el-futuro-de-la-movilidad-aerea-urbana\" target=\"_blank\" rel=\"noopener\">M\u00e1s informaci\u00f3n<\/a><\/p><\/div><\/div><\/div><\/div><\/section><\/div><\/div>\t\t\t\t\t\t\t\t<\/div>\n\t\t\t\t<\/div>\n\t\t\t\t\t<\/div>\n\t\t<\/div>\n\t\t\t\t<div class=\"elementor-column elementor-col-50 elementor-top-column elementor-element elementor-element-28f5464\" data-id=\"28f5464\" data-element_type=\"column\">\n\t\t\t<div class=\"elementor-widget-wrap elementor-element-populated\">\n\t\t\t\t\t\t<div class=\"elementor-element elementor-element-ddb89d9 elementor-grid-1 elementor-posts--thumbnail-none elementor-grid-tablet-1 elementor-grid-mobile-1 elementor-widget elementor-widget-posts\" data-id=\"ddb89d9\" data-element_type=\"widget\" data-settings=\"{&quot;classic_columns&quot;:&quot;1&quot;,&quot;classic_row_gap&quot;:{&quot;unit&quot;:&quot;px&quot;,&quot;size&quot;:&quot;23&quot;,&quot;sizes&quot;:[]},&quot;classic_columns_tablet&quot;:&quot;1&quot;,&quot;_animation&quot;:&quot;none&quot;,&quot;classic_columns_mobile&quot;:&quot;1&quot;,&quot;classic_row_gap_tablet&quot;:{&quot;unit&quot;:&quot;px&quot;,&quot;size&quot;:&quot;&quot;,&quot;sizes&quot;:[]},&quot;classic_row_gap_mobile&quot;:{&quot;unit&quot;:&quot;px&quot;,&quot;size&quot;:&quot;&quot;,&quot;sizes&quot;:[]}}\" data-widget_type=\"posts.classic\">\n\t\t\t\t<div class=\"elementor-widget-container\">\n\t\t\t\t\t\t\t<div class=\"elementor-posts-container elementor-posts elementor-posts--skin-classic elementor-grid\" role=\"list\">\n\t\t\t\t<article class=\"elementor-post elementor-grid-item post-210375 post type-post status-publish format-standard has-post-thumbnail hentry category-ia-trazabilidad-seguridad category-logistica-intralogistica-almacenamiento category-sin-categorizar\" role=\"listitem\">\n\t\t\t\t<div class=\"elementor-post__text\">\n\t\t\t\t<h3 class=\"elementor-post__title\">\n\t\t\t<a href=\"https:\/\/www.logisticsautomationmadrid.com\/es\/2026\/04\/28\/ia-generativa-para-mejorar-la-planificacion-de-la-supply-chain\/\" >\n\t\t\t\tIA generativa para mejorar la planificaci\u00f3n de la supply chain\t\t\t<\/a>\n\t\t<\/h3>\n\t\t\t\t<div class=\"elementor-post__excerpt\">\n\t\t\t<p>Por Jos\u00e9 Luis Morato, Senior M\u00e1nager de Miebach Consulting Hay una imagen que me encuentro demasiado a menudo: un equipo de planificaci\u00f3n que ha hecho<\/p>\n\t\t<\/div>\n\t\t\n\t\t<a class=\"elementor-post__read-more\" href=\"https:\/\/www.logisticsautomationmadrid.com\/es\/2026\/04\/28\/ia-generativa-para-mejorar-la-planificacion-de-la-supply-chain\/\" aria-label=\"Read more about IA generativa para mejorar la planificaci\u00f3n de la supply chain\" tabindex=\"-1\" >\n\t\t\tRead More \u00bb\t\t<\/a>\n\n\t\t\t\t<\/div>\n\t\t\t\t<\/article>\n\t\t\t\t<article class=\"elementor-post elementor-grid-item post-210292 post type-post status-publish format-standard has-post-thumbnail hentry category-blog category-logistica-intralogistica-almacenamiento category-sin-categorizar\" role=\"listitem\">\n\t\t\t\t<div class=\"elementor-post__text\">\n\t\t\t\t<h3 class=\"elementor-post__title\">\n\t\t\t<a href=\"https:\/\/www.logisticsautomationmadrid.com\/es\/2026\/04\/09\/geopolitica-resiliencia-y-red-por-que-la-supply-chain-ya-no-es-solo-eficiencia\/\" >\n\t\t\t\tGeopol\u00edtica, resiliencia y red: por qu\u00e9 la supply chain ya no es solo eficiencia\t\t\t<\/a>\n\t\t<\/h3>\n\t\t\t\t<div class=\"elementor-post__excerpt\">\n\t\t\t<p>Por Jos\u00e9 Luis Morato, Senior M\u00e1nager de Miebach Consulting La supply chain global actual ya no se parece a la que muchos aprendimos a optimizar.<\/p>\n\t\t<\/div>\n\t\t\n\t\t<a class=\"elementor-post__read-more\" href=\"https:\/\/www.logisticsautomationmadrid.com\/es\/2026\/04\/09\/geopolitica-resiliencia-y-red-por-que-la-supply-chain-ya-no-es-solo-eficiencia\/\" aria-label=\"Read more about Geopol\u00edtica, resiliencia y red: por qu\u00e9 la supply chain ya no es solo eficiencia\" tabindex=\"-1\" >\n\t\t\tRead More \u00bb\t\t<\/a>\n\n\t\t\t\t<\/div>\n\t\t\t\t<\/article>\n\t\t\t\t<article class=\"elementor-post elementor-grid-item post-210276 post type-post status-publish format-standard has-post-thumbnail hentry category-blog category-ia-trazabilidad-seguridad category-logistica-intralogistica-almacenamiento category-logtalent category-robotica-automatizacion category-sostenibilidad-greenlogistics category-transport-delivery tag-16-de-febrero tag-16-febrero tag-dia-logistica tag-dia-mundial-de-la-logistica tag-dia-mundial-logistica tag-espana tag-ferias tag-internacionalizacion tag-logistica tag-logistics-automation tag-punto-de-encuentro tag-referentes\" role=\"listitem\">\n\t\t\t\t<div class=\"elementor-post__text\">\n\t\t\t\t<h3 class=\"elementor-post__title\">\n\t\t\t<a href=\"https:\/\/www.logisticsautomationmadrid.com\/es\/2026\/04\/09\/sistemas-hibridos-automatizacion-y-robotica-en-intralogistica\/\" >\n\t\t\t\tSistemas h\u00edbridos: automatizaci\u00f3n y rob\u00f3tica en intralog\u00edstica\t\t\t<\/a>\n\t\t<\/h3>\n\t\t\t\t<div class=\"elementor-post__excerpt\">\n\t\t\t<p>La revoluci\u00f3n de los sistemas h\u00edbridos en intralog\u00edstica La\u00a0intralog\u00edstica\u00a0atraviesa una transformaci\u00f3n profunda gracias a los\u00a0sistemas h\u00edbridos\u00a0que integran\u00a0automatizaci\u00f3n tradicional,\u00a0rob\u00f3tica\u00a0e\u00a0inteligencia artificial. Estos modelos combinan robots m\u00f3viles aut\u00f3nomos<\/p>\n\t\t<\/div>\n\t\t\n\t\t<a class=\"elementor-post__read-more\" href=\"https:\/\/www.logisticsautomationmadrid.com\/es\/2026\/04\/09\/sistemas-hibridos-automatizacion-y-robotica-en-intralogistica\/\" aria-label=\"Read more about Sistemas h\u00edbridos: automatizaci\u00f3n y rob\u00f3tica en intralog\u00edstica\" tabindex=\"-1\" >\n\t\t\tRead More \u00bb\t\t<\/a>\n\n\t\t\t\t<\/div>\n\t\t\t\t<\/article>\n\t\t\t\t<article class=\"elementor-post elementor-grid-item post-210266 post type-post status-publish format-standard has-post-thumbnail hentry category-blog category-ia-trazabilidad-seguridad category-logistica-intralogistica-almacenamiento category-logtalent category-robotica-automatizacion category-sostenibilidad-greenlogistics category-transport-delivery tag-16-de-febrero tag-16-febrero tag-dia-logistica tag-dia-mundial-de-la-logistica tag-dia-mundial-logistica tag-espana tag-ferias tag-internacionalizacion tag-logistica tag-logistics-automation tag-punto-de-encuentro tag-referentes\" role=\"listitem\">\n\t\t\t\t<div class=\"elementor-post__text\">\n\t\t\t\t<h3 class=\"elementor-post__title\">\n\t\t\t<a href=\"https:\/\/www.logisticsautomationmadrid.com\/es\/2026\/04\/08\/el-transporte-advierte-del-riesgo-de-desabastecimiento-y-perdida-de-rentabilidad-ante-la-implantacion-de-las-44-toneladas\/\" >\n\t\t\t\tEl transporte advierte del riesgo de desabastecimiento y p\u00e9rdida de rentabilidad ante la implantaci\u00f3n de las 44 toneladas\t\t\t<\/a>\n\t\t<\/h3>\n\t\t\t\t<div class=\"elementor-post__excerpt\">\n\t\t\t<p>La jornada celebrada en Gij\u00f3n, organizada por la patronal asturiana,\u00a0ASETRA, en colaboraci\u00f3n con CETM, ha puesto de manifiesto la preocupaci\u00f3n generalizada del sector del\u00a0transporte de<\/p>\n\t\t<\/div>\n\t\t\n\t\t<a class=\"elementor-post__read-more\" href=\"https:\/\/www.logisticsautomationmadrid.com\/es\/2026\/04\/08\/el-transporte-advierte-del-riesgo-de-desabastecimiento-y-perdida-de-rentabilidad-ante-la-implantacion-de-las-44-toneladas\/\" aria-label=\"Read more about El transporte advierte del riesgo de desabastecimiento y p\u00e9rdida de rentabilidad ante la implantaci\u00f3n de las 44 toneladas\" tabindex=\"-1\" >\n\t\t\tRead More \u00bb\t\t<\/a>\n\n\t\t\t\t<\/div>\n\t\t\t\t<\/article>\n\t\t\t\t<\/div>\n\t\t\n\t\t\t\t\t\t<\/div>\n\t\t\t\t<\/div>\n\t\t\t\t<div class=\"elementor-element elementor-element-142798d6 elementor-widget-divider--view-line elementor-widget elementor-widget-divider\" data-id=\"142798d6\" data-element_type=\"widget\" data-widget_type=\"divider.default\">\n\t\t\t\t<div class=\"elementor-widget-container\">\n\t\t\t\t\t\t\t<div class=\"elementor-divider\">\n\t\t\t<span class=\"elementor-divider-separator\">\n\t\t\t\t\t\t<\/span>\n\t\t<\/div>\n\t\t\t\t\t\t<\/div>\n\t\t\t\t<\/div>\n\t\t\t\t\t<\/div>\n\t\t<\/div>\n\t\t\t\t\t<\/div>\n\t\t<\/section>\n\t\t\t\t<section class=\"elementor-section elementor-top-section elementor-element elementor-element-49136ec elementor-section-full_width elementor-section-height-default elementor-section-height-default\" data-id=\"49136ec\" data-element_type=\"section\">\n\t\t\t\t\t\t<div class=\"elementor-container elementor-column-gap-default\">\n\t\t\t\t\t<div class=\"elementor-column elementor-col-100 elementor-top-column elementor-element elementor-element-4a08fcbd\" data-id=\"4a08fcbd\" data-element_type=\"column\">\n\t\t\t<div class=\"elementor-widget-wrap elementor-element-populated\">\n\t\t\t\t\t\t<div class=\"elementor-element elementor-element-6c1ef897 elementor-widget-divider--view-line elementor-widget elementor-widget-divider\" data-id=\"6c1ef897\" data-element_type=\"widget\" data-widget_type=\"divider.default\">\n\t\t\t\t<div class=\"elementor-widget-container\">\n\t\t\t\t\t\t\t<div class=\"elementor-divider\">\n\t\t\t<span class=\"elementor-divider-separator\">\n\t\t\t\t\t\t<\/span>\n\t\t<\/div>\n\t\t\t\t\t\t<\/div>\n\t\t\t\t<\/div>\n\t\t\t\t<div class=\"elementor-element elementor-element-67dafb1c elementor-widget elementor-widget-text-editor\" data-id=\"67dafb1c\" data-element_type=\"widget\" data-widget_type=\"text-editor.default\">\n\t\t\t\t<div class=\"elementor-widget-container\">\n\t\t\t\t\t\t\t\t\t<p><span style=\"vertical-align: inherit\"><span style=\"vertical-align: inherit\"><span style=\"vertical-align: inherit\"><span style=\"vertical-align: inherit\"><span style=\"vertical-align: inherit\"><span style=\"vertical-align: inherit\">Share this article<\/span><\/span><\/span><\/span><\/span><\/span><\/p>\t\t\t\t\t\t\t\t<\/div>\n\t\t\t\t<\/div>\n\t\t\t\t<div class=\"elementor-element elementor-element-6683c88d elementor-shape-circle elementor-grid-0 e-grid-align-center elementor-widget elementor-widget-social-icons\" data-id=\"6683c88d\" data-element_type=\"widget\" data-widget_type=\"social-icons.default\">\n\t\t\t\t<div class=\"elementor-widget-container\">\n\t\t\t\t\t\t\t<div class=\"elementor-social-icons-wrapper elementor-grid\" role=\"list\">\n\t\t\t\t\t\t\t<span class=\"elementor-grid-item\" role=\"listitem\">\n\t\t\t\t\t<a class=\"elementor-icon elementor-social-icon elementor-social-icon-facebook-f elementor-repeater-item-3bftaoh\" href=\"https:\/\/www.facebook.com\/LogisticsMadrid\/\" target=\"_blank\">\n\t\t\t\t\t\t<span class=\"elementor-screen-only\">Facebook-f<\/span>\n\t\t\t\t\t\t<i aria-hidden=\"true\" class=\"fab fa-facebook-f\"><\/i>\t\t\t\t\t<\/a>\n\t\t\t\t<\/span>\n\t\t\t\t\t\t\t<span class=\"elementor-grid-item\" role=\"listitem\">\n\t\t\t\t\t<a class=\"elementor-icon elementor-social-icon elementor-social-icon-twitter elementor-repeater-item-pc69ffs\" href=\"https:\/\/twitter.com\/logisticsiberia?lang=es\" target=\"_blank\">\n\t\t\t\t\t\t<span class=\"elementor-screen-only\">Twitter<\/span>\n\t\t\t\t\t\t<i aria-hidden=\"true\" class=\"fab fa-twitter\"><\/i>\t\t\t\t\t<\/a>\n\t\t\t\t<\/span>\n\t\t\t\t\t\t\t<span class=\"elementor-grid-item\" role=\"listitem\">\n\t\t\t\t\t<a class=\"elementor-icon elementor-social-icon elementor-social-icon-linkedin elementor-repeater-item-44fb767\" href=\"https:\/\/www.linkedin.com\/company\/logistics-madrid\/\" target=\"_blank\">\n\t\t\t\t\t\t<span class=\"elementor-screen-only\">Linkedin<\/span>\n\t\t\t\t\t\t<i aria-hidden=\"true\" class=\"fab fa-linkedin\"><\/i>\t\t\t\t\t<\/a>\n\t\t\t\t<\/span>\n\t\t\t\t\t<\/div>\n\t\t\t\t\t\t<\/div>\n\t\t\t\t<\/div>\n\t\t\t\t\t<\/div>\n\t\t<\/div>\n\t\t\t\t\t<\/div>\n\t\t<\/section>\n\t\t\t\t<\/div>\n\t\t","protected":false},"excerpt":{"rendered":"<p>Fuente: everis.com La presencia en nuestras ciudades de&nbsp;aerotaxis, drones de reparto de mercanc\u00eda o sistemas no tripulados para emergencias&nbsp;est\u00e1 cada vez m\u00e1s cerca de ser una realidad. En este sentido, la movilidad a\u00e9rea urbana (UAM, por sus siglas en ingl\u00e9s) nos ayudar\u00e1 a crear ciudades m\u00e1s sostenibles e inteligentes. Con este objetivo en el horizonte [&hellip;]<\/p>\n","protected":false},"author":1,"featured_media":12036,"comment_status":"open","ping_status":"open","sticky":false,"template":"","format":"standard","meta":{"_seopress_robots_primary_cat":"none","_seopress_titles_title":"","_seopress_titles_desc":"","_seopress_robots_index":"","footnotes":""},"categories":[341,1330],"tags":[654,647,652,653,655],"edition":[],"class_list":["post-12049","post","type-post","status-publish","format-standard","has-post-thumbnail","hentry","category-blog","category-transport-delivery","tag-aerea","tag-europa","tag-futuro","tag-movilidad","tag-urbana"],"_links":{"self":[{"href":"https:\/\/www.logisticsautomationmadrid.com\/es\/wp-json\/wp\/v2\/posts\/12049","targetHints":{"allow":["GET"]}}],"collection":[{"href":"https:\/\/www.logisticsautomationmadrid.com\/es\/wp-json\/wp\/v2\/posts"}],"about":[{"href":"https:\/\/www.logisticsautomationmadrid.com\/es\/wp-json\/wp\/v2\/types\/post"}],"author":[{"embeddable":true,"href":"https:\/\/www.logisticsautomationmadrid.com\/es\/wp-json\/wp\/v2\/users\/1"}],"replies":[{"embeddable":true,"href":"https:\/\/www.logisticsautomationmadrid.com\/es\/wp-json\/wp\/v2\/comments?post=12049"}],"version-history":[{"count":0,"href":"https:\/\/www.logisticsautomationmadrid.com\/es\/wp-json\/wp\/v2\/posts\/12049\/revisions"}],"wp:featuredmedia":[{"embeddable":true,"href":"https:\/\/www.logisticsautomationmadrid.com\/es\/wp-json\/wp\/v2\/media\/12036"}],"wp:attachment":[{"href":"https:\/\/www.logisticsautomationmadrid.com\/es\/wp-json\/wp\/v2\/media?parent=12049"}],"wp:term":[{"taxonomy":"category","embeddable":true,"href":"https:\/\/www.logisticsautomationmadrid.com\/es\/wp-json\/wp\/v2\/categories?post=12049"},{"taxonomy":"post_tag","embeddable":true,"href":"https:\/\/www.logisticsautomationmadrid.com\/es\/wp-json\/wp\/v2\/tags?post=12049"},{"taxonomy":"edition","embeddable":true,"href":"https:\/\/www.logisticsautomationmadrid.com\/es\/wp-json\/wp\/v2\/edition?post=12049"}],"curies":[{"name":"wp","href":"https:\/\/api.w.org\/{rel}","templated":true}]}}