{"id":12177,"date":"2021-02-17T11:58:00","date_gmt":"2021-02-17T10:58:00","guid":{"rendered":"https:\/\/www.logisticsautomationmadrid.com\/?p=12177"},"modified":"2021-02-17T12:13:42","modified_gmt":"2021-02-17T11:13:42","slug":"metalmadrid-empack-y-logistics-amp-automation-presentan-su-primer-digital-tech-congress","status":"publish","type":"post","link":"https:\/\/www.logisticsautomationmadrid.com\/es\/2021\/02\/17\/metalmadrid-empack-y-logistics-amp-automation-presentan-su-primer-digital-tech-congress\/","title":{"rendered":"MetalMadrid, Empack y Logistics &amp; Automation presentan su primer Digital Tech Congress"},"content":{"rendered":"\t\t<div data-elementor-type=\"wp-post\" data-elementor-id=\"12177\" class=\"elementor elementor-12177\" data-elementor-post-type=\"post\">\n\t\t\t\t\t\t<section class=\"elementor-section elementor-top-section elementor-element elementor-element-5f483fb elementor-section-stretched elementor-section-boxed elementor-section-height-default elementor-section-height-default\" data-id=\"5f483fb\" data-element_type=\"section\" data-settings=\"{&quot;background_background&quot;:&quot;classic&quot;,&quot;stretch_section&quot;:&quot;section-stretched&quot;}\">\n\t\t\t\t\t\t<div class=\"elementor-container elementor-column-gap-default\">\n\t\t\t\t\t<div class=\"elementor-column elementor-col-100 elementor-top-column elementor-element elementor-element-039c05c\" data-id=\"039c05c\" data-element_type=\"column\">\n\t\t\t<div class=\"elementor-widget-wrap elementor-element-populated\">\n\t\t\t\t\t\t<section class=\"elementor-section elementor-inner-section elementor-element elementor-element-462c2a3 elementor-reverse-tablet elementor-reverse-mobile elementor-section-boxed elementor-section-height-default elementor-section-height-default\" data-id=\"462c2a3\" data-element_type=\"section\" data-settings=\"{&quot;background_background&quot;:&quot;classic&quot;}\">\n\t\t\t\t\t\t<div class=\"elementor-container elementor-column-gap-wide\">\n\t\t\t\t\t<div class=\"elementor-column elementor-col-100 elementor-inner-column elementor-element elementor-element-bbdf55f\" data-id=\"bbdf55f\" data-element_type=\"column\" data-settings=\"{&quot;background_background&quot;:&quot;classic&quot;}\">\n\t\t\t<div class=\"elementor-widget-wrap elementor-element-populated\">\n\t\t\t\t\t\t<div class=\"elementor-element elementor-element-ba73379 elementor-widget elementor-widget-heading\" data-id=\"ba73379\" data-element_type=\"widget\" data-widget_type=\"heading.default\">\n\t\t\t\t<div class=\"elementor-widget-container\">\n\t\t\t\t\t<h2 class=\"elementor-heading-title elementor-size-default\">\u00bfEvoluci\u00f3n o revoluci\u00f3n? Juntos hacia la automatizaci\u00f3n inteligente<\/h2>\t\t\t\t<\/div>\n\t\t\t\t<\/div>\n\t\t\t\t<div class=\"elementor-element elementor-element-a416b45 elementor-widget elementor-widget-theme-post-title elementor-page-title elementor-widget-heading\" data-id=\"a416b45\" data-element_type=\"widget\" data-widget_type=\"theme-post-title.default\">\n\t\t\t\t<div class=\"elementor-widget-container\">\n\t\t\t\t\t<h1 class=\"elementor-heading-title elementor-size-default\">MetalMadrid, Empack y Logistics &amp; Automation presentan su primer Digital Tech Congress<\/h1>\t\t\t\t<\/div>\n\t\t\t\t<\/div>\n\t\t\t\t<div class=\"elementor-element elementor-element-a212931 elementor-widget-divider--view-line elementor-widget elementor-widget-divider\" data-id=\"a212931\" data-element_type=\"widget\" data-widget_type=\"divider.default\">\n\t\t\t\t<div class=\"elementor-widget-container\">\n\t\t\t\t\t\t\t<div class=\"elementor-divider\">\n\t\t\t<span class=\"elementor-divider-separator\">\n\t\t\t\t\t\t<\/span>\n\t\t<\/div>\n\t\t\t\t\t\t<\/div>\n\t\t\t\t<\/div>\n\t\t\t\t<div class=\"elementor-element elementor-element-a550346 elementor-widget elementor-widget-spacer\" data-id=\"a550346\" data-element_type=\"widget\" data-widget_type=\"spacer.default\">\n\t\t\t\t<div class=\"elementor-widget-container\">\n\t\t\t\t\t\t\t<div class=\"elementor-spacer\">\n\t\t\t<div class=\"elementor-spacer-inner\"><\/div>\n\t\t<\/div>\n\t\t\t\t\t\t<\/div>\n\t\t\t\t<\/div>\n\t\t\t\t\t<\/div>\n\t\t<\/div>\n\t\t\t\t\t<\/div>\n\t\t<\/section>\n\t\t\t\t<section class=\"elementor-section elementor-inner-section elementor-element elementor-element-77d25ab elementor-section-boxed elementor-section-height-default elementor-section-height-default\" data-id=\"77d25ab\" data-element_type=\"section\" data-settings=\"{&quot;background_background&quot;:&quot;classic&quot;}\">\n\t\t\t\t\t\t<div class=\"elementor-container elementor-column-gap-default\">\n\t\t\t\t\t<div class=\"elementor-column elementor-col-100 elementor-inner-column elementor-element elementor-element-fdd0a17\" data-id=\"fdd0a17\" data-element_type=\"column\">\n\t\t\t<div class=\"elementor-widget-wrap elementor-element-populated\">\n\t\t\t\t\t\t<div class=\"elementor-element elementor-element-b471615 elementor-align-left elementor-widget elementor-widget-post-info\" data-id=\"b471615\" data-element_type=\"widget\" data-widget_type=\"post-info.default\">\n\t\t\t\t<div class=\"elementor-widget-container\">\n\t\t\t\t\t\t\t<ul class=\"elementor-inline-items elementor-icon-list-items elementor-post-info\">\n\t\t\t\t\t\t\t\t<li class=\"elementor-icon-list-item elementor-repeater-item-62990f6 elementor-inline-item\" itemprop=\"datePublished\">\n\t\t\t\t\t\t<a href=\"https:\/\/www.logisticsautomationmadrid.com\/es\/2021\/02\/17\/\">\n\t\t\t\t\t\t\t\t\t\t\t<span class=\"elementor-icon-list-icon\">\n\t\t\t\t\t\t\t\t<i aria-hidden=\"true\" class=\"fas fa-calendar\"><\/i>\t\t\t\t\t\t\t<\/span>\n\t\t\t\t\t\t\t\t\t<span class=\"elementor-icon-list-text elementor-post-info__item elementor-post-info__item--type-date\">\n\t\t\t\t\t\t\t\t\t\t<time>febrero 17, 2021<\/time>\t\t\t\t\t<\/span>\n\t\t\t\t\t\t\t\t\t<\/a>\n\t\t\t\t<\/li>\n\t\t\t\t<\/ul>\n\t\t\t\t\t\t<\/div>\n\t\t\t\t<\/div>\n\t\t\t\t<div class=\"elementor-element elementor-element-a2b005c elementor-widget elementor-widget-text-editor\" data-id=\"a2b005c\" data-element_type=\"widget\" data-widget_type=\"text-editor.default\">\n\t\t\t\t<div class=\"elementor-widget-container\">\n\t\t\t\t\t\t\t\t\t<ul><li><strong>\u00a0<span style=\"font-size: 16px\">Tendr\u00e1 lugar el 24 de febrero de 10.30 a 18.30 horas, con una agenda repleta de contenido y posibilidades de networking entre todos los asistentes.<\/span><\/strong><\/li><\/ul>\t\t\t\t\t\t\t\t<\/div>\n\t\t\t\t<\/div>\n\t\t\t\t<div class=\"elementor-element elementor-element-ee71489 elementor-widget elementor-widget-text-editor\" data-id=\"ee71489\" data-element_type=\"widget\" data-widget_type=\"text-editor.default\">\n\t\t\t\t<div class=\"elementor-widget-container\">\n\t\t\t\t\t\t\t\t\t<p><strong>Madrid, 17 de febrero de 2021.<\/strong> El pr\u00f3ximo 24 de febrero, Easyfairs Iberia re\u00fane de nuevo a su comunidad en torno a nuevos contenidos y networking en el primer Digital Tech Congress organizado de forma conjunta por MetalMadrid, Empack y Logistics &amp; Automation. Bajo el t\u00edtulo <em>\u00bfEvoluci\u00f3n o revoluci\u00f3n? Juntos hacia la automatizaci\u00f3n inteligente<\/em>, y patrocinado por Deloitte, el evento servir\u00e1 de punto de encuentro y de formaci\u00f3n para todos los profesionales de la industria que deseen estar al d\u00eda con las \u00faltimas novedades en esta materia.<\/p><p><span style=\"font-size: 16px\">El Congreso cuenta con la participaci\u00f3n de Rafael Lucena Chac\u00f3n, Coordinador de la Subdirecci\u00f3n General de Inteligencia Artificial y Tecnolog\u00edas Habilitadoras Digitales de la <\/span><strong style=\"font-size: 16px\">Secretar\u00eda de Estado de Digitalizaci\u00f3n e Inteligencia Artificial.<\/strong><span style=\"font-size: 16px\"> Con \u00e9l, conoceremos las medidas que trae consigo la puesta en marcha de la Estrategia Nacional de Inteligencia Artificial, que movilizar\u00e1 una inversi\u00f3n p\u00fablica de 600 millones de euros para los pr\u00f3ximos dos a\u00f1os.<\/span><\/p><p>Por otra parte, participar\u00e1n Luis Gonz\u00e1lez Gugel, socio responsable de <strong>Deloitte Robotics<\/strong>, \u00c1lvaro Esteve, \u200edirector de Digital Industries Factory Automation\u00a0en \u200e<strong>Siemens Espa\u00f1a<\/strong> y <strong>Rafael Tamames<\/strong>, Keynote Speaker de la jornada, y experto en transformaci\u00f3n digital y emprendimiento, que nos descubrir\u00e1 el mundo de la automatizaci\u00f3n desde una actitud abierta, pero tambi\u00e9n desde la mirada cr\u00edtica que estos cambios nos plantean en la construcci\u00f3n de una sociedad mejor.<\/p><p>El congreso contar\u00e1 tambi\u00e9n con grandes marcas, como <strong>HP 3D Printing<\/strong> que presentar\u00e1 los \u00faltimos avances de la automatizaci\u00f3n en la fabricaci\u00f3n aditiva, con <strong>Bosch Rexroth<\/strong> y la automatizaci\u00f3n basada en apertura como factor clave de la f\u00e1brica del futuro, y con una mesa de debate, moderada por Alex Salvador, Gerente de la <strong>Asociaci\u00f3n Espa\u00f1ola de Rob\u00f3tica<\/strong> (AER), y que reunir\u00e1 a grandes players como <strong>CCTV Center, ABB, KUKA<\/strong> e <strong>Ingenersun.<\/strong><\/p><p>Durante toda la jornada los asistentes podr\u00e1n debatir e interactuar a trav\u00e9s de las diferentes herramientas que brinda la plataforma, asistir a m\u00e1s de 4 horas de contenido y tendr\u00e1n tambi\u00e9n la posibilidad de realizar networking tanto con las empresas participantes en la agenda como con los dem\u00e1s asistentes a la jornada.<\/p><p>La inscripci\u00f3n al congreso es gratuita y puede realizarse a <a href=\"https:\/\/registration.gesevent.com\/survey\/1nthdsmpbfhbx?actioncode=NdP1\" target=\"_blank\" rel=\"noopener\">trav\u00e9s del siguiente enlace<\/a> o bien a trav\u00e9s de las paginas web de MetalMadrid, Empack y Logistics &amp; Automation.<\/p><p><strong>Para m\u00e1s informaci\u00f3n:<\/strong><\/p><p>Mariana Castell Alcal\u00e1<\/p><p>Marketing Manager<\/p><p>Easyfairs Iberia<\/p><p><a href=\"mailto:mariana.castell@easyfairs.com\">mariana.castell@easyfairs.com<\/a><\/p>\t\t\t\t\t\t\t\t<\/div>\n\t\t\t\t<\/div>\n\t\t\t\t<div class=\"elementor-element elementor-element-6e5b5ed elementor-hidden-desktop elementor-hidden-tablet elementor-hidden-phone elementor-widget elementor-widget-text-editor\" data-id=\"6e5b5ed\" data-element_type=\"widget\" data-widget_type=\"text-editor.default\">\n\t\t\t\t<div class=\"elementor-widget-container\">\n\t\t\t\t\t\t\t\t\t<p><strong>Empack and Logistics &amp; Automation Madrid<\/strong><\/p><p>Empack y Logistics &amp; Automation es el evento anual de referencia en Espa\u00f1a para los sectores del envase y la log\u00edstica. Con m\u00e1s de una d\u00e9cada de trayectoria son punto de encuentro para los profesionales de la industria y el espacio id\u00f3neo para generar networking, negocios y ampliar conocimientos en torno a las \u00faltimas tendencias en packaging, embalaje, etiquetado, PLV, intralog\u00edstica, almacenaje, automatizaci\u00f3n y rob\u00f3tica.<\/p><p><strong>Sobre Easyfairs<\/strong><\/p><p>Easyfairs organiza y acoge eventos en vivo, uniendo a las comunidades para visitar el futuro.<\/p><p><span style=\"font-size: 13px\">Actualmente, la empresa organiza 200 eventos en 14 pa\u00edses (Argelia, B\u00e9lgica, Dinamarca, Finlandia, Francia, Alemania, Italia, Pa\u00edses Bajos, Noruega, Portugal, Espa\u00f1a, Suecia, Suiza y Reino Unido) y gestiona 10 recintos feriales en B\u00e9lgica, Pa\u00edses Bajos y Suecia (Amberes, Gante, Malinas-Bruselas Norte, Namur, Gorinchem, Hardenberg, Venray, Gotemburgo, Malm\u00f6 y Estocolmo). Easyfairs emplea a m\u00e1s de 750 personas y en su ejercicio 2018-2019 gener\u00f3 unos ingresos superiores a los 166 millones de euros.<\/span><\/p><p>Gracias a un equipo de personas comprometidas, a la implementaci\u00f3n de las mejores herramientas de marketing y tecnolog\u00eda y al desarrollo de marcas s\u00f3lidas, Easyfairs destaca por su continuado esfuerzo en ser el actor m\u00e1s \u00e1gil y eficaz en la industria de los eventos.<\/p><p>En 2018, fue nombrada mejor empresa de a\u00f1o en B\u00e9lgica y obtuvo el reconocimiento como \u201cGreat Place to work\u201d y \u201cBest Managed Company\u201d por Deloitte. Por segundo a\u00f1o consecutivo, Deloitte ha otorgado el estatus de \u201cBest Managed Company\u201d a Easyfairs en 2020. Actualmente la empresa ocupa el puesto 17 en la lista de las principales empresas de eventos del mundo.<\/p><p>Visite el futuro con Easyfairs y obt\u00e9n m\u00e1s informaci\u00f3n en <a href=\"http:\/\/www.easyfairsgroup.com.\" target=\"_blank\" rel=\"noopener\">www.easyfairsgroup.com.<\/a><\/p><p><strong>Para m\u00e1s informaci\u00f3n, por favor contacte:<\/strong><\/p><p>Mariana Castell\u00a0<\/p><p><span style=\"font-size: 13px\">Marketing Manager, Easyfairs Iberia<\/span><\/p><p>Tel- 915 591 037<\/p><p><a href=\"mailto:mariana.castell@easyfairs.com\">mariana.castell@easyfairs.com<\/a><\/p>\t\t\t\t\t\t\t\t<\/div>\n\t\t\t\t<\/div>\n\t\t\t\t\t<\/div>\n\t\t<\/div>\n\t\t\t\t\t<\/div>\n\t\t<\/section>\n\t\t\t\t<section class=\"elementor-section elementor-inner-section elementor-element elementor-element-287727f elementor-section-boxed elementor-section-height-default elementor-section-height-default\" data-id=\"287727f\" data-element_type=\"section\" data-settings=\"{&quot;background_background&quot;:&quot;classic&quot;}\">\n\t\t\t\t\t\t<div class=\"elementor-container elementor-column-gap-wide\">\n\t\t\t\t\t<div class=\"elementor-column elementor-col-100 elementor-inner-column elementor-element elementor-element-40ab470\" data-id=\"40ab470\" data-element_type=\"column\" data-settings=\"{&quot;background_background&quot;:&quot;classic&quot;}\">\n\t\t\t<div class=\"elementor-widget-wrap elementor-element-populated\">\n\t\t\t\t\t\t<div class=\"elementor-element elementor-element-7b85622 elementor-widget elementor-widget-heading\" data-id=\"7b85622\" data-element_type=\"widget\" data-widget_type=\"heading.default\">\n\t\t\t\t<div class=\"elementor-widget-container\">\n\t\t\t\t\t<p class=\"elementor-heading-title elementor-size-default\">Compartir<\/p>\t\t\t\t<\/div>\n\t\t\t\t<\/div>\n\t\t\t\t<div class=\"elementor-element elementor-element-ef7f01a elementor-share-buttons--view-icon elementor-share-buttons--shape-circle elementor-share-buttons--color-custom elementor-share-buttons--skin-minimal elementor-grid-0 elementor-widget elementor-widget-share-buttons\" data-id=\"ef7f01a\" data-element_type=\"widget\" data-widget_type=\"share-buttons.default\">\n\t\t\t\t<div class=\"elementor-widget-container\">\n\t\t\t\t\t\t\t<div class=\"elementor-grid\" role=\"list\">\n\t\t\t\t\t\t\t\t<div class=\"elementor-grid-item\" role=\"listitem\">\n\t\t\t\t\t\t<div class=\"elementor-share-btn elementor-share-btn_email\" role=\"button\" tabindex=\"0\" aria-label=\"Share on email\">\n\t\t\t\t\t\t\t\t\t\t\t\t\t\t\t<span class=\"elementor-share-btn__icon\">\n\t\t\t\t\t\t\t\t<i class=\"fas fa-envelope\" aria-hidden=\"true\"><\/i>\t\t\t\t\t\t\t<\/span>\n\t\t\t\t\t\t\t\t\t\t\t\t\t\t\t\t\t\t\t\t<\/div>\n\t\t\t\t\t<\/div>\n\t\t\t\t\t\t\t\t\t<div class=\"elementor-grid-item\" role=\"listitem\">\n\t\t\t\t\t\t<div class=\"elementor-share-btn elementor-share-btn_twitter\" role=\"button\" tabindex=\"0\" aria-label=\"Share on twitter\">\n\t\t\t\t\t\t\t\t\t\t\t\t\t\t\t<span class=\"elementor-share-btn__icon\">\n\t\t\t\t\t\t\t\t<i class=\"fab fa-twitter\" aria-hidden=\"true\"><\/i>\t\t\t\t\t\t\t<\/span>\n\t\t\t\t\t\t\t\t\t\t\t\t\t\t\t\t\t\t\t\t<\/div>\n\t\t\t\t\t<\/div>\n\t\t\t\t\t\t\t\t\t<div class=\"elementor-grid-item\" role=\"listitem\">\n\t\t\t\t\t\t<div class=\"elementor-share-btn elementor-share-btn_linkedin\" role=\"button\" tabindex=\"0\" aria-label=\"Share on linkedin\">\n\t\t\t\t\t\t\t\t\t\t\t\t\t\t\t<span class=\"elementor-share-btn__icon\">\n\t\t\t\t\t\t\t\t<i class=\"fab fa-linkedin\" aria-hidden=\"true\"><\/i>\t\t\t\t\t\t\t<\/span>\n\t\t\t\t\t\t\t\t\t\t\t\t\t\t\t\t\t\t\t\t<\/div>\n\t\t\t\t\t<\/div>\n\t\t\t\t\t\t\t\t\t<div class=\"elementor-grid-item\" role=\"listitem\">\n\t\t\t\t\t\t<div class=\"elementor-share-btn elementor-share-btn_whatsapp\" role=\"button\" tabindex=\"0\" aria-label=\"Share on whatsapp\">\n\t\t\t\t\t\t\t\t\t\t\t\t\t\t\t<span class=\"elementor-share-btn__icon\">\n\t\t\t\t\t\t\t\t<i class=\"fab fa-whatsapp\" aria-hidden=\"true\"><\/i>\t\t\t\t\t\t\t<\/span>\n\t\t\t\t\t\t\t\t\t\t\t\t\t\t\t\t\t\t\t\t<\/div>\n\t\t\t\t\t<\/div>\n\t\t\t\t\t\t<\/div>\n\t\t\t\t\t\t<\/div>\n\t\t\t\t<\/div>\n\t\t\t\t\t<\/div>\n\t\t<\/div>\n\t\t\t\t\t<\/div>\n\t\t<\/section>\n\t\t\t\t\t<\/div>\n\t\t<\/div>\n\t\t\t\t\t<\/div>\n\t\t<\/section>\n\t\t\t\t<\/div>\n\t\t","protected":false},"excerpt":{"rendered":"<p>\u00bfEvoluci\u00f3n o revoluci\u00f3n? Juntos hacia la automatizaci\u00f3n inteligente &nbsp;Tendr\u00e1 lugar el 24 de febrero de 10.30 a 18.30 horas, con una agenda repleta de contenido y posibilidades de networking entre todos los asistentes. Madrid, 17 de febrero de 2021. El pr\u00f3ximo 24 de febrero, Easyfairs Iberia re\u00fane de nuevo a su comunidad en torno a [&hellip;]<\/p>\n","protected":false},"author":1,"featured_media":0,"comment_status":"open","ping_status":"open","sticky":false,"template":"elementor_header_footer","format":"standard","meta":{"_seopress_robots_primary_cat":"none","_seopress_titles_title":"","_seopress_titles_desc":"","_seopress_robots_index":"","footnotes":""},"categories":[343],"tags":[696,695,397,697,468,698],"edition":[],"class_list":["post-12177","post","type-post","status-publish","format-standard","hentry","category-notas-de-prensa","tag-digital-tech-congress","tag-empack","tag-empack-y-logistics-automation-madrid","tag-logistics-automation","tag-madrid","tag-metalmadrid-y-composites-spain"],"_links":{"self":[{"href":"https:\/\/www.logisticsautomationmadrid.com\/es\/wp-json\/wp\/v2\/posts\/12177","targetHints":{"allow":["GET"]}}],"collection":[{"href":"https:\/\/www.logisticsautomationmadrid.com\/es\/wp-json\/wp\/v2\/posts"}],"about":[{"href":"https:\/\/www.logisticsautomationmadrid.com\/es\/wp-json\/wp\/v2\/types\/post"}],"author":[{"embeddable":true,"href":"https:\/\/www.logisticsautomationmadrid.com\/es\/wp-json\/wp\/v2\/users\/1"}],"replies":[{"embeddable":true,"href":"https:\/\/www.logisticsautomationmadrid.com\/es\/wp-json\/wp\/v2\/comments?post=12177"}],"version-history":[{"count":0,"href":"https:\/\/www.logisticsautomationmadrid.com\/es\/wp-json\/wp\/v2\/posts\/12177\/revisions"}],"wp:attachment":[{"href":"https:\/\/www.logisticsautomationmadrid.com\/es\/wp-json\/wp\/v2\/media?parent=12177"}],"wp:term":[{"taxonomy":"category","embeddable":true,"href":"https:\/\/www.logisticsautomationmadrid.com\/es\/wp-json\/wp\/v2\/categories?post=12177"},{"taxonomy":"post_tag","embeddable":true,"href":"https:\/\/www.logisticsautomationmadrid.com\/es\/wp-json\/wp\/v2\/tags?post=12177"},{"taxonomy":"edition","embeddable":true,"href":"https:\/\/www.logisticsautomationmadrid.com\/es\/wp-json\/wp\/v2\/edition?post=12177"}],"curies":[{"name":"wp","href":"https:\/\/api.w.org\/{rel}","templated":true}]}}