{"id":138994,"date":"2024-05-16T12:23:44","date_gmt":"2024-05-16T10:23:44","guid":{"rendered":"https:\/\/www.logisticsautomationmadrid.com\/?p=138994"},"modified":"2024-05-16T12:24:41","modified_gmt":"2024-05-16T10:24:41","slug":"la-asociacion-de-ferias-espanolas-celebra-el-60o-aniversario-de-su-creacion-y-presenta-sus-datos-de-2023","status":"publish","type":"post","link":"https:\/\/www.logisticsautomationmadrid.com\/es\/2024\/05\/16\/la-asociacion-de-ferias-espanolas-celebra-el-60o-aniversario-de-su-creacion-y-presenta-sus-datos-de-2023\/","title":{"rendered":"La Asociaci\u00f3n de Ferias Espa\u00f1olas celebra el 60\u00ba aniversario de su creaci\u00f3n y presenta sus datos de 2023"},"content":{"rendered":"\t\t<div data-elementor-type=\"wp-post\" data-elementor-id=\"138994\" class=\"elementor elementor-138994\" data-elementor-post-type=\"post\">\n\t\t\t\t\t\t<section class=\"elementor-section elementor-top-section elementor-element elementor-element-0d9c4a1 elementor-section-stretched elementor-section-boxed elementor-section-height-default elementor-section-height-default\" data-id=\"0d9c4a1\" data-element_type=\"section\" data-settings=\"{&quot;background_background&quot;:&quot;classic&quot;,&quot;stretch_section&quot;:&quot;section-stretched&quot;}\">\n\t\t\t\t\t\t<div class=\"elementor-container elementor-column-gap-default\">\n\t\t\t\t\t<div class=\"elementor-column elementor-col-100 elementor-top-column elementor-element elementor-element-ac57cca\" data-id=\"ac57cca\" data-element_type=\"column\">\n\t\t\t<div class=\"elementor-widget-wrap elementor-element-populated\">\n\t\t\t\t\t\t<section class=\"elementor-section elementor-inner-section elementor-element elementor-element-8781f24 elementor-reverse-tablet elementor-reverse-mobile elementor-section-boxed elementor-section-height-default elementor-section-height-default\" data-id=\"8781f24\" data-element_type=\"section\" data-settings=\"{&quot;background_background&quot;:&quot;classic&quot;}\">\n\t\t\t\t\t\t<div class=\"elementor-container elementor-column-gap-wide\">\n\t\t\t\t\t<div class=\"elementor-column elementor-col-100 elementor-inner-column elementor-element elementor-element-9015fb7\" data-id=\"9015fb7\" data-element_type=\"column\" data-settings=\"{&quot;background_background&quot;:&quot;classic&quot;}\">\n\t\t\t<div class=\"elementor-widget-wrap elementor-element-populated\">\n\t\t\t\t\t\t<div class=\"elementor-element elementor-element-5d63bc9 elementor-widget elementor-widget-theme-post-title elementor-page-title elementor-widget-heading\" data-id=\"5d63bc9\" data-element_type=\"widget\" data-widget_type=\"theme-post-title.default\">\n\t\t\t\t<div class=\"elementor-widget-container\">\n\t\t\t\t\t<h1 class=\"elementor-heading-title elementor-size-default\">La Asociaci\u00f3n de Ferias Espa\u00f1olas celebra el 60\u00ba aniversario de su creaci\u00f3n y presenta sus datos de 2023<\/h1>\t\t\t\t<\/div>\n\t\t\t\t<\/div>\n\t\t\t\t<div class=\"elementor-element elementor-element-57db44c elementor-align-left elementor-widget elementor-widget-post-info\" data-id=\"57db44c\" data-element_type=\"widget\" data-widget_type=\"post-info.default\">\n\t\t\t\t<div class=\"elementor-widget-container\">\n\t\t\t\t\t\t\t<ul class=\"elementor-inline-items elementor-icon-list-items elementor-post-info\">\n\t\t\t\t\t\t\t\t<li class=\"elementor-icon-list-item elementor-repeater-item-62990f6 elementor-inline-item\" itemprop=\"datePublished\">\n\t\t\t\t\t\t<a href=\"https:\/\/www.logisticsautomationmadrid.com\/es\/2024\/05\/16\/\">\n\t\t\t\t\t\t\t\t\t\t\t<span class=\"elementor-icon-list-icon\">\n\t\t\t\t\t\t\t\t<i aria-hidden=\"true\" class=\"fas fa-calendar\"><\/i>\t\t\t\t\t\t\t<\/span>\n\t\t\t\t\t\t\t\t\t<span class=\"elementor-icon-list-text elementor-post-info__item elementor-post-info__item--type-date\">\n\t\t\t\t\t\t\t\t\t\t<time>mayo 16, 2024<\/time>\t\t\t\t\t<\/span>\n\t\t\t\t\t\t\t\t\t<\/a>\n\t\t\t\t<\/li>\n\t\t\t\t<\/ul>\n\t\t\t\t\t\t<\/div>\n\t\t\t\t<\/div>\n\t\t\t\t\t<\/div>\n\t\t<\/div>\n\t\t\t\t\t<\/div>\n\t\t<\/section>\n\t\t\t\t<section class=\"elementor-section elementor-inner-section elementor-element elementor-element-a0a9333 elementor-section-boxed elementor-section-height-default elementor-section-height-default\" data-id=\"a0a9333\" data-element_type=\"section\" data-settings=\"{&quot;background_background&quot;:&quot;classic&quot;}\">\n\t\t\t\t\t\t<div class=\"elementor-container elementor-column-gap-default\">\n\t\t\t\t\t<div class=\"elementor-column elementor-col-100 elementor-inner-column elementor-element elementor-element-d9003a5\" data-id=\"d9003a5\" data-element_type=\"column\">\n\t\t\t<div class=\"elementor-widget-wrap elementor-element-populated\">\n\t\t\t\t\t\t<div class=\"elementor-element elementor-element-b8fbe78 elementor-widget elementor-widget-text-editor\" data-id=\"b8fbe78\" data-element_type=\"widget\" data-widget_type=\"text-editor.default\">\n\t\t\t\t<div class=\"elementor-widget-container\">\n\t\t\t\t\t\t\t\t\t<p>AFE re\u00fane a un centenar de invitados en Valencia para celebrar el 60\u00ba Aniversario de su constituci\u00f3n que fue el 14 de mayo de 1964<br \/>Los miembros de AFE celebraron un total de 433 ferias que reunieron a m\u00e1s de 6,5 millones de visitantes y 55.200 expositores, con un impacto econ\u00f3mico de 13.000 millones de euros.<br \/>Madrid, 15 de mayo de 2024.- La Asociaci\u00f3n de Ferias Espa\u00f1olas (AFE) ha celebrado el 60\u00ba Aniversario de su constituci\u00f3n el 14 de mayo en las instalaciones de Feria Valencia, la organizaci\u00f3n que promovi\u00f3 su creaci\u00f3n en 1964, por iniciativa de su presidente en aquellos a\u00f1os, Ram\u00f3n Gordillo.<br \/>Para ello ha reunido a sus socios, a profesionales que estuvieron vinculados a la AFE, a varios representantes de asociaciones empresariales con las que tiene relaci\u00f3n, as\u00ed como a algunas autoridades y dirigentes de instituciones econ\u00f3micas.<br \/>El acto tuvo interesantes ponencias en torno al impacto econ\u00f3mico de las ferias comerciales, a la evoluci\u00f3n de los eventos profesionales y a la situaci\u00f3n de la industria ferial en Europa, a cargo de los ponentes: Joaqu\u00edn Maudos, del Instituto Valenciano de Investigaciones Econ\u00f3micas, Eric Mottard, de Grupo Eventoplus, y Nick Dugdale-Moore, director para Europa de UFI, la principal asociaci\u00f3n internacional del sector. Durante el evento se presentaron los datos agrupados de sus miembros correspondientes a 2023, se repas\u00f3 la historia de la asociaci\u00f3n y sus hitos m\u00e1s relevantes y se reconoci\u00f3 con unas placas conmemorativas a las entidades fundadoras, las organizaciones feriales de Barcelona, Bilbao, Sevilla, Valencia y Zaragoza.<br \/>Abri\u00f3 la jornada el Presidente de la asociaci\u00f3n, Xabier Basa\u00f1ez, junto a Paula Llobet, Concejala de Turismo, Innovaci\u00f3n y Captaci\u00f3n de Inversiones de Valencia. Tambi\u00e9n intervino el Presidente de la C\u00e1mara de Comercio de Valencia y Vicepresidente de la C\u00e1mara de Comercio de Espa\u00f1a, Jos\u00e9 Vicente Morata, y la Consellera de Innovaci\u00f3n, Industria, Comercio y Turismo, Nuria Montes, que cerr\u00f3 el acto. Antes de finalizar la sesi\u00f3n, por la ma\u00f1ana, los asistentes tuvieron ocasi\u00f3n de escuchar una actuaci\u00f3n musical a cargo del tr\u00edo de cuerda Art i Arcs, posteriormente fueron invitados a un almuerzo en un restaurante en el Palau de les Arts, seguida de una visita al Oceanogr\u00e1fico -por deferencia de Visit Valencia-.<br \/>El presidente de AFE, Xabier Basa\u00f1ez, ha declarado al respecto: \u201cHemos celebrado un acto institucional y al mismo tiempo entra\u00f1able, en Valencia, en la sede de la entidad cuyo presidente promovi\u00f3 la creaci\u00f3n de la AFE, y hemos contado con la participaci\u00f3n de numerosos amigos y profesionales vinculados a nuestro sector. La ocasi\u00f3n lo merec\u00eda. Por otra parte, los datos relativos a 2023 han demostrado que la industria ferial se encuentra en un buen momento, con resultados positivos de forma generalizada en las ferias celebradas durante todo el ejercicio, marcando nuevamente la l\u00ednea de crecimiento para el a\u00f1o en curso\u201d.<br \/>El mercado ferial<br \/>Por lo que respecta a la situaci\u00f3n de la actividad ferial en Espa\u00f1a en 2023, los datos confirman que este fue un a\u00f1o de crecimiento en todos los indicadores. En concreto, las cifras derivadas de la auditor\u00eda anual son las siguientes:<\/p><p>\u2022 N\u00famero total de ferias celebradas: 433 (422 en 2022).<br \/>\u2022 N\u00famero de expositores registrados: 55.254 (+12% respecto a 2022).<br \/>\u2022 Superficie neta total ocupada por los expositores: 3.671.000 m2 (+16,1%).<br \/>\u2022 N\u00famero total de visitantes: 6.501.300 (+9%).<br \/>\u2022 Otros visitantes virtuales registrados: 503.945 (745.940 en 2022).<br \/>Por otra parte, los datos relativos al impacto del mercado ferial espa\u00f1ol en su conjunto, tomando todav\u00eda como referencia los a\u00f1os previos a la pandemia, son:<br \/>\u2022 Impacto econ\u00f3mico: 13.000 mill. de euros (producci\u00f3n directa, indirecta e inducida).<br \/>\u2022 Aportaci\u00f3n al PIB nacional: 6.500 mill. de euros (PIB directo, indirecto e inducido).<br \/>\u2022 Empleos directos e indirectos generados por la actividad ferial: +123.000.<br \/>Las cifras muestran, tanto la situaci\u00f3n de la industria ferial como la destacada importancia del sector en t\u00e9rminos de impacto econ\u00f3mico anual y de empleo generado. La asociaci\u00f3n prev\u00e9 asimismo un excelente 2024 en materia de ferias celebradas y de otros par\u00e1metros, como venimos comprobando a trav\u00e9s de los comunicados de nuestros socios en todo el pa\u00eds.<br \/>Las ferias comerciales, tanto las m\u00e1s afianzadas de \u00e1mbito internacional como las de menor alcance, han regresado a los calendarios en sus fechas habituales y no se registran cancelaciones. Hay ferias que han superado sus cifras prepandemia en t\u00e9rminos de visitantes y\/o de expositores.<br \/>El sector factura anualmente entre 600 y 700 millones de euros y se contabilizan en Espa\u00f1a 54 recintos feriales con una superficie superior a los 5.000 m2 cubiertos de exposici\u00f3n. Ello totaliza 1,6 millones de metros cuadrados, lo que nos sit\u00faa como sexto pa\u00eds del mundo en capacidad expositiva y cuarto de Europa. De las ferias que se celebran en Espa\u00f1a, 102 tienen el reconocimiento como ferias internacionales, de las cuales, un 92% son organizadas por los miembros de la AFE o se celebran en sus instalaciones.<br \/>Para constatar la importancia de la actividad en todo el mundo, recordamos las principales magnitudes calculadas por Oxford Economics que UFI, la principal asociaci\u00f3n internacional de la industria ferial, ha difundido:<br \/>&#8211; Ferias: 32.000 anualmente<br \/>&#8211; Expositores: 4,8 millones<br \/>&#8211; Visitantes: 353 millones<br \/>&#8211; Superficie ocupada neta: 143 millones de metros cuadrados<br \/>&#8211; Impacto: 299.000 mill. de euros (producci\u00f3n directa, indirecta e inducida)<br \/>&#8211; Aportaci\u00f3n al PIB: 179.000 mill. de euros (PIB directo, indirecto e inducido)<br \/>&#8211; Empleos directos e indirectos generados por la actividad ferial: 3,4 millones<br \/>La Asociaci\u00f3n de Ferias Espa\u00f1olas (AFE) es una entidad sin \u00e1nimo de lucro que se constituy\u00f3 en 1964, cuenta actualmente con 36 miembros asociados y representa al sector ferial en Espa\u00f1a y a nivel internacional. Espa\u00f1a se encuentra entre los principales pa\u00edses de Europa en materia de actividad ferial, junto con Alemania, Francia, Italia y Reino Unido.<\/p>\t\t\t\t\t\t\t\t<\/div>\n\t\t\t\t<\/div>\n\t\t\t\t\t<\/div>\n\t\t<\/div>\n\t\t\t\t\t<\/div>\n\t\t<\/section>\n\t\t\t\t<section class=\"elementor-section elementor-inner-section elementor-element elementor-element-379e76a elementor-section-boxed elementor-section-height-default elementor-section-height-default\" data-id=\"379e76a\" data-element_type=\"section\" data-settings=\"{&quot;background_background&quot;:&quot;classic&quot;}\">\n\t\t\t\t\t\t<div class=\"elementor-container elementor-column-gap-wide\">\n\t\t\t\t\t<div class=\"elementor-column elementor-col-100 elementor-inner-column elementor-element elementor-element-5362b5b\" data-id=\"5362b5b\" data-element_type=\"column\" data-settings=\"{&quot;background_background&quot;:&quot;classic&quot;}\">\n\t\t\t<div class=\"elementor-widget-wrap elementor-element-populated\">\n\t\t\t\t\t\t<div class=\"elementor-element elementor-element-08e580d elementor-widget elementor-widget-heading\" data-id=\"08e580d\" data-element_type=\"widget\" data-widget_type=\"heading.default\">\n\t\t\t\t<div class=\"elementor-widget-container\">\n\t\t\t\t\t<p class=\"elementor-heading-title elementor-size-default\">Compartir<\/p>\t\t\t\t<\/div>\n\t\t\t\t<\/div>\n\t\t\t\t<div class=\"elementor-element elementor-element-707fd25 elementor-share-buttons--view-icon elementor-share-buttons--shape-circle elementor-share-buttons--color-custom elementor-share-buttons--skin-minimal elementor-grid-0 elementor-widget elementor-widget-share-buttons\" data-id=\"707fd25\" data-element_type=\"widget\" data-widget_type=\"share-buttons.default\">\n\t\t\t\t<div class=\"elementor-widget-container\">\n\t\t\t\t\t\t\t<div class=\"elementor-grid\" role=\"list\">\n\t\t\t\t\t\t\t\t<div class=\"elementor-grid-item\" role=\"listitem\">\n\t\t\t\t\t\t<div class=\"elementor-share-btn elementor-share-btn_email\" role=\"button\" tabindex=\"0\" aria-label=\"Share on email\">\n\t\t\t\t\t\t\t\t\t\t\t\t\t\t\t<span class=\"elementor-share-btn__icon\">\n\t\t\t\t\t\t\t\t<i class=\"fas fa-envelope\" aria-hidden=\"true\"><\/i>\t\t\t\t\t\t\t<\/span>\n\t\t\t\t\t\t\t\t\t\t\t\t\t\t\t\t\t\t\t\t<\/div>\n\t\t\t\t\t<\/div>\n\t\t\t\t\t\t\t\t\t<div class=\"elementor-grid-item\" role=\"listitem\">\n\t\t\t\t\t\t<div class=\"elementor-share-btn elementor-share-btn_twitter\" role=\"button\" tabindex=\"0\" aria-label=\"Share on twitter\">\n\t\t\t\t\t\t\t\t\t\t\t\t\t\t\t<span class=\"elementor-share-btn__icon\">\n\t\t\t\t\t\t\t\t<i class=\"fab fa-twitter\" aria-hidden=\"true\"><\/i>\t\t\t\t\t\t\t<\/span>\n\t\t\t\t\t\t\t\t\t\t\t\t\t\t\t\t\t\t\t\t<\/div>\n\t\t\t\t\t<\/div>\n\t\t\t\t\t\t\t\t\t<div class=\"elementor-grid-item\" role=\"listitem\">\n\t\t\t\t\t\t<div class=\"elementor-share-btn elementor-share-btn_linkedin\" role=\"button\" tabindex=\"0\" aria-label=\"Share on linkedin\">\n\t\t\t\t\t\t\t\t\t\t\t\t\t\t\t<span class=\"elementor-share-btn__icon\">\n\t\t\t\t\t\t\t\t<i class=\"fab fa-linkedin\" aria-hidden=\"true\"><\/i>\t\t\t\t\t\t\t<\/span>\n\t\t\t\t\t\t\t\t\t\t\t\t\t\t\t\t\t\t\t\t<\/div>\n\t\t\t\t\t<\/div>\n\t\t\t\t\t\t\t\t\t<div class=\"elementor-grid-item\" role=\"listitem\">\n\t\t\t\t\t\t<div class=\"elementor-share-btn elementor-share-btn_whatsapp\" role=\"button\" tabindex=\"0\" aria-label=\"Share on whatsapp\">\n\t\t\t\t\t\t\t\t\t\t\t\t\t\t\t<span class=\"elementor-share-btn__icon\">\n\t\t\t\t\t\t\t\t<i class=\"fab fa-whatsapp\" aria-hidden=\"true\"><\/i>\t\t\t\t\t\t\t<\/span>\n\t\t\t\t\t\t\t\t\t\t\t\t\t\t\t\t\t\t\t\t<\/div>\n\t\t\t\t\t<\/div>\n\t\t\t\t\t\t<\/div>\n\t\t\t\t\t\t<\/div>\n\t\t\t\t<\/div>\n\t\t\t\t\t<\/div>\n\t\t<\/div>\n\t\t\t\t\t<\/div>\n\t\t<\/section>\n\t\t\t\t\t<\/div>\n\t\t<\/div>\n\t\t\t\t\t<\/div>\n\t\t<\/section>\n\t\t\t\t<\/div>\n\t\t","protected":false},"excerpt":{"rendered":"<p class=\"MsoListParagraphCxSpFirst\" style=\"text-align: justify; text-indent: -18.0pt; mso-list: l0 level1 lfo1;\"><!-- [if !supportLists]--><span style=\"font-size: 10.0pt; line-height: 107%; font-family: Symbol; mso-fareast-font-family: Symbol; mso-bidi-font-family: Symbol; mso-font-kerning: 0pt; mso-ligatures: none; mso-bidi-font-style: italic;\"><span style=\"mso-list: Ignore;\">\u00b7<span style=\"font: 7.0pt 'Times New Roman';\">\u00a0 \u00a0 \u00a0\u00a0<\/span><\/span><\/span>La Asociaci\u00f3n de Ferias Espa\u00f1olas celebra el 60\u00ba aniversario de su creaci\u00f3n y presenta sus datos de 2023<\/p>\n","protected":false},"author":135,"featured_media":0,"comment_status":"open","ping_status":"open","sticky":false,"template":"elementor_header_footer","format":"standard","meta":{"_seopress_robots_primary_cat":"none","_seopress_titles_title":"La Asociaci\u00f3n de Ferias Espa\u00f1olas celebra el 60\u00ba aniversario de su creaci\u00f3n y presenta sus datos de 2023","_seopress_titles_desc":"La Asociaci\u00f3n de Ferias Espa\u00f1olas celebra el 60\u00ba aniversario de su creaci\u00f3n y presenta sus datos de 2023","_seopress_robots_index":"","footnotes":""},"categories":[343],"tags":[1967,2469,2468,584],"edition":[],"class_list":["post-138994","post","type-post","status-publish","format-standard","hentry","category-notas-de-prensa","tag-1967","tag-60o-aniversario","tag-afe","tag-datos"],"_links":{"self":[{"href":"https:\/\/www.logisticsautomationmadrid.com\/es\/wp-json\/wp\/v2\/posts\/138994","targetHints":{"allow":["GET"]}}],"collection":[{"href":"https:\/\/www.logisticsautomationmadrid.com\/es\/wp-json\/wp\/v2\/posts"}],"about":[{"href":"https:\/\/www.logisticsautomationmadrid.com\/es\/wp-json\/wp\/v2\/types\/post"}],"author":[{"embeddable":true,"href":"https:\/\/www.logisticsautomationmadrid.com\/es\/wp-json\/wp\/v2\/users\/135"}],"replies":[{"embeddable":true,"href":"https:\/\/www.logisticsautomationmadrid.com\/es\/wp-json\/wp\/v2\/comments?post=138994"}],"version-history":[{"count":5,"href":"https:\/\/www.logisticsautomationmadrid.com\/es\/wp-json\/wp\/v2\/posts\/138994\/revisions"}],"predecessor-version":[{"id":139002,"href":"https:\/\/www.logisticsautomationmadrid.com\/es\/wp-json\/wp\/v2\/posts\/138994\/revisions\/139002"}],"wp:attachment":[{"href":"https:\/\/www.logisticsautomationmadrid.com\/es\/wp-json\/wp\/v2\/media?parent=138994"}],"wp:term":[{"taxonomy":"category","embeddable":true,"href":"https:\/\/www.logisticsautomationmadrid.com\/es\/wp-json\/wp\/v2\/categories?post=138994"},{"taxonomy":"post_tag","embeddable":true,"href":"https:\/\/www.logisticsautomationmadrid.com\/es\/wp-json\/wp\/v2\/tags?post=138994"},{"taxonomy":"edition","embeddable":true,"href":"https:\/\/www.logisticsautomationmadrid.com\/es\/wp-json\/wp\/v2\/edition?post=138994"}],"curies":[{"name":"wp","href":"https:\/\/api.w.org\/{rel}","templated":true}]}}