{"id":140309,"date":"2024-06-04T11:57:04","date_gmt":"2024-06-04T09:57:04","guid":{"rendered":"https:\/\/www.logisticsautomationmadrid.com\/?p=140309"},"modified":"2024-06-04T12:04:51","modified_gmt":"2024-06-04T10:04:51","slug":"un-cafe-con-pablo-pons-director-de-operaciones-de-emuca","status":"publish","type":"post","link":"https:\/\/www.logisticsautomationmadrid.com\/es\/2024\/06\/04\/un-cafe-con-pablo-pons-director-de-operaciones-de-emuca\/","title":{"rendered":"Un caf\u00e9 con&#8230; Pablo Pons, director de Operaciones de Emuca"},"content":{"rendered":"\t\t<div data-elementor-type=\"wp-post\" data-elementor-id=\"140309\" class=\"elementor elementor-140309\" data-elementor-post-type=\"post\">\n\t\t\t\t\t\t<section class=\"elementor-section elementor-top-section elementor-element elementor-element-71165a61 elementor-section-boxed elementor-section-height-default elementor-section-height-default\" data-id=\"71165a61\" data-element_type=\"section\">\n\t\t\t\t\t\t<div class=\"elementor-container elementor-column-gap-default\">\n\t\t\t\t\t<div class=\"elementor-column elementor-col-50 elementor-top-column elementor-element elementor-element-365ebd54\" data-id=\"365ebd54\" data-element_type=\"column\">\n\t\t\t<div class=\"elementor-widget-wrap elementor-element-populated\">\n\t\t\t\t\t\t<div class=\"elementor-element elementor-element-08b1280 elementor-invisible elementor-widget elementor-widget-heading\" data-id=\"08b1280\" data-element_type=\"widget\" data-settings=\"{&quot;_animation&quot;:&quot;fadeIn&quot;}\" data-widget_type=\"heading.default\">\n\t\t\t\t<div class=\"elementor-widget-container\">\n\t\t\t\t\t<h1 class=\"elementor-heading-title elementor-size-default\">Un caf\u00e9 con&#8230; Pablo Pons, director de Operaciones de Emuca<\/h1>\t\t\t\t<\/div>\n\t\t\t\t<\/div>\n\t\t\t\t<div class=\"elementor-element elementor-element-dc6181a elementor-widget elementor-widget-text-editor\" data-id=\"dc6181a\" data-element_type=\"widget\" data-settings=\"{&quot;_animation&quot;:&quot;none&quot;}\" data-widget_type=\"text-editor.default\">\n\t\t\t\t<div class=\"elementor-widget-container\">\n\t\t\t\t\t\t\t\t\t<section><div data-sr-id=\"0\"><div data-gy=\"g\"><div data-gy=\"cm-8\"><p><strong>L&amp;A: Cu\u00e9ntanos sobre ti y sobre tu trayectoria.\u00a0<\/strong><b>\u00bfC\u00f3mo fueron tus comienzos? Y \u00bfc\u00f3mo has ido creciendo dentro de Emuca?<\/b><\/p><p><strong>Pablo:\u00a0<\/strong>Soy ingeniero Industrial. Empec\u00e9 en el mundo de la consultor\u00eda, seguramente una de las etapas donde m\u00e1s aprend\u00ed porque estuve unos 5 a\u00f1os ayudando a much\u00edsimas empresas de diferentes sectores, afrontando y liderando proyectos de mejora de procesos de log\u00edstica, gesti\u00f3n de stocks y cadena de suministro. Esta etapa me dio much\u00edsima visi\u00f3n de negocio y diferentes operativas, estudiaba cada caso y adaptaba en ellas las mejores practicas y soluciones que hab\u00eda visto.\u00a0\u00a0<\/p><p>Luego de aqu\u00ed quer\u00eda centrarme en un \u00fanico proyecto, as\u00ed que estuve 5 a\u00f1os como Director de Log\u00edstica y Sistemas a MPL, que es una empresa que se dedica a la fabricaci\u00f3n y distribuci\u00f3n de productos de limpieza e higiene (geles, champ\u00fas&#8230; etc.) donde me encargu\u00e9 de poner a punto los procesos de almac\u00e9n y distribuci\u00f3n para todas las grandes superficies en un modelo muy exigente de costes y flujo tenso de distribuci\u00f3n.<\/p><p>Posteriormente quer\u00eda coger m\u00e1s experiencia a nivel internacional, as\u00ed que estuve unos 2 a\u00f1os en EBIR como Director de Log\u00edstica y Aprovisionamiento, que es una empresa que se dedica a la fabricaci\u00f3n y distribuci\u00f3n de iluminaci\u00f3n y espejos iluminados de alta calidad. Ten\u00edamos f\u00e1brica propia en ASIA, as\u00ed que me encargaba de la gesti\u00f3n de todos los pedidos de compra, gesti\u00f3n del transporte internacional y optimizaci\u00f3n del almac\u00e9n.\u00a0<\/p><p>Finalmente me lleg\u00f3 la oportunidad de un proyecto internacional en una empresa mucho m\u00e1s grande y as\u00ed llegu\u00e9 a EMUCA donde llevo m\u00e1s de 4 a\u00f1os como Director de Operaciones. Aqu\u00ed gestiono toda la cadena de suministro desde el pedido de compra a proveedores, transporte internacional, entrada en los almacenes del grupo y preparaci\u00f3n y servicio a todos los clientes de Europa. En estos 4 a\u00f1os hemos casi duplicado la capacidad de almac\u00e9n y hemos reducido por 5 las faltas de mercanc\u00eda y mejorado la cobertura de stocks.\u00a0<\/p><div>\u00a0<\/div><p><strong>L&amp;A:\u00a0<\/strong><b>Dentro de tu recorrido profesional, \u00bfcu\u00e1les han sido los mayores retos a los que te has enfrentado o que recuerdas con espacial cari\u00f1o?<\/b><\/p><p><strong>Pablo:\u00a0<\/strong>Todas las etapas han sido especiales y he sacado el m\u00e1ximo jugo a cada experiencia.\u00a0<\/p><p>En EMUCA es donde he tenido los mayores retos. Es una empresa muy exigente a todos los niveles. Justo cuando entr\u00e9 se hab\u00eda hecho un cambio del SGA en el almac\u00e9n y ten\u00edamos muchos problemas para poder servir los pedidos de los clientes.\u00a0 Primero tuve que poner a punto los procesos log\u00edsticos de las plataformas de Espa\u00f1a e Italia y readaptar cambios en el SGA para poder ser mas productivo.\u00a0 Al final, en cuesti\u00f3n de 2 a\u00f1os, conseguimos casi duplicar la capacidad de almac\u00e9n con un 20% menos de personal y reducimos los errores de preparacion hasta estar por debajo del 0.2%. Tambi\u00e9n hemos implantado en almac\u00e9n varios proyectos super interesantes de sistemas pick to voice y pick to light con un triple check de verificaci\u00f3n, hemos puesto un nuevo tren de filmado, sensores de proximidad para mejorar la seguridad, camaras de video enlazadas con la preparacion de pedido\u2026 todo enfocado para convertir a EMUCA en un referente de excelencia log\u00edstica para que los clientes reciban la mercancia en perfecto estado.<\/p><p>En aprovisionamiento hemos implantado un nuevo software, SLIMSTOCK, que nos ha ayudado a ajustar dr\u00e1sticamente el stock a la vez que reducir las faltas de mercancia y mejorar las tasas de servicio de pedidos OTIF (On time in Full). Hay que ser muy detallista y controlar muy bien los par\u00e1metros de aprovisionamiento para poder sacarle el mayor partido al stock y asegurar la cobertura para todos los clientes.\u00a0<\/p><p><strong>L&amp;A:\u00a0<\/strong><b>\u00bfCu\u00e1l es el compromiso de Emuca respecto a sostenibilidad?, \u00bfqu\u00e9 cambios hab\u00e9is aplicado y esper\u00e1is aplicar pr\u00f3ximamente?\u00a0<\/b><\/p><p><strong>Pablo:<\/strong>\u00a0En EMUCA tratamos los 3 pilares del desarrollo sostenible: Lo ambiental, lo social y lo econ\u00f3mico.\u00a0\u00a0<\/p><p>Por un lado, en todas nuestras instalaciones contamos con sistema de recogida y separaci\u00f3n de residuos, adem\u00e1s de disponer de sistemas de energ\u00eda fotovoltaica y cargadores de coches el\u00e9ctricos. Desde I+D se apuesta por el ecombalaje en todos nuestros productos y se dise\u00f1an con la m\u00ednima cantidad de material necesario, ligeros y 100% reciclables.\u00a0<\/p><p>Potenciamos internamente a trav\u00e9s de proyectos Kaizen cualquier medida que apoye la sostenibilidad, desde cosas tan peque\u00f1as como modificar los grifos de agua para reducir el consumo, eliminaci\u00f3n de las botellas de pl\u00e1stico para el agua, instalaci\u00f3n de secadores de mano, hasta proyectos m\u00e1s grandes como optimizaci\u00f3n de paletizado de art\u00edculos, utilizaci\u00f3n de palets de cart\u00f3n para entregas en clientes urbanos o cargas de contenedores.<\/p><p>Tenemos m\u00e1s de 30 medidas en beneficios sociales desde Car-Sharing (donde la gente de una misma zona se pone de acuerdo para compartir coche), bonos de transporte p\u00fablico, retribuci\u00f3n flexible, microcr\u00e9ditos, seguros de salud, descuentos en gimnasio, servicio de fruta fresca, planes de pensiones, plan de medidas de igualdad\/diversidad e inclusi\u00f3n&#8230;etc.<\/p><p>Acabamos de ser reconocidos con una certificaci\u00f3n EFR de nivel A (empresa familiarmente responsable), que solo la tienen 46 empresas y destaca todas las medidas de conciliaci\u00f3n familiar y beneficios sociales que hemos puesto en marcha todos estos a\u00f1os.<\/p><p style=\"text-align: justify;\">El a\u00f1o pasado, adem\u00e1s, recibimos de la mano del Rey de Espa\u00f1a el premio de Empresa Socialmente Responsable que recogi\u00f3 nuestro presidente Santiago Palop.<span style=\"font-weight: var( --e-global-typography-text-font-weight ); text-align: left;\">\u00a0<\/span><\/p><\/div><\/div><\/div><\/section>\t\t\t\t\t\t\t\t<\/div>\n\t\t\t\t<\/div>\n\t\t\t\t<div class=\"elementor-element elementor-element-23c6615 elementor-widget elementor-widget-image\" data-id=\"23c6615\" data-element_type=\"widget\" data-widget_type=\"image.default\">\n\t\t\t\t<div class=\"elementor-widget-container\">\n\t\t\t\t\t\t\t\t\t\t\t\t\t\t\t<img fetchpriority=\"high\" decoding=\"async\" width=\"800\" height=\"793\" src=\"https:\/\/easyfairsassets.com\/sites\/84\/2024\/06\/1715182603031-1024x1015.jpg\" class=\"attachment-large size-large wp-image-140355\" alt=\"Foto Pablo de Emuca\" srcset=\"https:\/\/easyfairsassets.com\/sites\/84\/2024\/06\/1715182603031-1024x1015.jpg 1024w, https:\/\/easyfairsassets.com\/sites\/84\/2024\/06\/1715182603031-300x297.jpg 300w, https:\/\/easyfairsassets.com\/sites\/84\/2024\/06\/1715182603031-150x150.jpg 150w, https:\/\/easyfairsassets.com\/sites\/84\/2024\/06\/1715182603031-768x761.jpg 768w, https:\/\/easyfairsassets.com\/sites\/84\/2024\/06\/1715182603031-1536x1522.jpg 1536w, https:\/\/easyfairsassets.com\/sites\/84\/2024\/06\/1715182603031.jpg 1920w\" sizes=\"(max-width: 800px) 100vw, 800px\" \/>\t\t\t\t\t\t\t\t\t\t\t\t\t\t\t<\/div>\n\t\t\t\t<\/div>\n\t\t\t\t<div class=\"elementor-element elementor-element-fc3f954 elementor-widget elementor-widget-text-editor\" data-id=\"fc3f954\" data-element_type=\"widget\" data-settings=\"{&quot;_animation&quot;:&quot;none&quot;}\" data-widget_type=\"text-editor.default\">\n\t\t\t\t<div class=\"elementor-widget-container\">\n\t\t\t\t\t\t\t\t\t<p><strong>L&amp;A:&nbsp;<\/strong><b>Imagina que tuvieras que implementar mejoras inmediatas en una empresa en cuanto a la cadena de suministro, \u00bfcu\u00e1les ser\u00edan?<\/b><\/p>\n<p><strong>Pablo:&nbsp;<\/strong><span style=\"font-weight: var( --e-global-typography-text-font-weight );\">Soy literalmente un loco de los datos y los procesos. Necesito un cuadro de mando, ya sabes que se dice que \u201clo que no se puede medir no se puede mejorar\u201d, as\u00ed que esto es lo primero a implementar y partir de ah\u00ed empezar a desarrollar los planes de acci\u00f3n y ver el impacto y mejora de cada uno.&nbsp;<\/span><\/p>\n<p>Analizar\u00eda primero cada proceso y sacar\u00eda un listado de posibles mejoras. Har\u00eda una clasificaci\u00f3n de cada mejora en 2 ejes dependiendo de la facilidad de implantaci\u00f3n y el impacto en el negocio\/objetivos\/indicadores clave. Comenzar\u00eda obviamente por aquellos procesos cuyo cambio fuera f\u00e1cil de implantar y tuvieran mayor impacto en la organizaci\u00f3n e ir\u00eda planificando los de alto impacto, pero dificultad media.&nbsp;<\/p>\n<p>Si tuviera ahora mismo que decantarme por las mejores practicas que he visto, empezar\u00eda por focalizar en los procesos de picking con sistemas de pick to voice, pick to light y lanzaderas con sistemas de reducci\u00f3n de errores. En primer lugar, debo asegurar que la mercancia que sale hacia el cliente sale perfectas condiciones.&nbsp;<\/p>\n<p>En segundo lugar, me focalizar\u00eda en el modelo de previsiones y las optimizaciones de los pedidos de compra, es decir que debo asegurar que tenemos en el almac\u00e9n el stock correcto para las demandas de los clientes.&nbsp; Para mi estas ser\u00edan los dos patos fundamentales que creo que deben estar mas controladas.&nbsp;<\/p>\n<div><br><\/div>\n<p><strong>L&amp;A:<\/strong>&nbsp;<b>Finalmente, si tuvieras que darle un consejo a tu yo de hace 10 a\u00f1os, teniendo en cuenta los cambios imprevisibles a los que nos hemos enfrentado en estos \u00faltimos a\u00f1os, \u00bfcu\u00e1l ser\u00eda?<\/b><\/p>\n<p><strong>Pablo:&nbsp;<\/strong>Invierte en Bitcoin, Tesla, Amazon y Google. \ud83d\ude0a<\/p><p>El consejo m\u00e1s importante es cree en ti mismo y en tu instinto. Tienes much\u00edsima capacidad, mucha mas de la que tu crees. Si trabajas duro puedes lograr lo que quieras.&nbsp;<\/p><p>Escuch\u00e9 una entrevista de Mario Conde muy interesante donde dec\u00eda que el talento es el cincel y el trabajo duro es el martillo.&nbsp; Una sin la otra no te puede hacer tener \u00e9xito, pero si hay una que destaca por encima de la otra es el trabajo duro. Si tienes un sue\u00f1o o una meta, el esfuerzo y la pasi\u00f3n que le dediques es lo que te har\u00e1 conseguirlo. Nadie nace sabiendo as\u00ed que aprende de cada situaci\u00f3n, esfu\u00e9rzate de verdad y si hay algo no te gusta, c\u00e1mbialo para mejor.<\/p><p>Tambi\u00e9n te confieso que soy una persona que creo bastante en el destino, entonces hay un motivo por el que la vida te ha llevado a cada sitio\/etapa, no hay que lamentarse ni buscar culpa en los dem\u00e1s, sino que hay que sacarle el m\u00e1ximo partido a cada situaci\u00f3n y dar lo mejor de ti.&nbsp;<\/p><p>Tambi\u00e9n es importante ser buena persona y trabajar con humildad, escuchar a los dem\u00e1s del equipo y sus ideas. Se llega m\u00e1s lejos en equipo y el equipo es lo que realmente marca la diferencia en todo.&nbsp;<\/p>\t\t\t\t\t\t\t\t<\/div>\n\t\t\t\t<\/div>\n\t\t\t\t<div class=\"elementor-element elementor-element-6167689 elementor-widget elementor-widget-image\" data-id=\"6167689\" data-element_type=\"widget\" data-widget_type=\"image.default\">\n\t\t\t\t<div class=\"elementor-widget-container\">\n\t\t\t\t\t\t\t\t\t\t\t\t\t\t\t\t<a href=\"http:\/\/app.gleanin.com\/share\/c\/16145\/s\/251551\">\n\t\t\t\t\t\t\t<img decoding=\"async\" width=\"1920\" height=\"144\" src=\"https:\/\/easyfairsassets.com\/sites\/84\/2023\/10\/Empack-News-3.png\" class=\"attachment-2048x2048 size-2048x2048 wp-image-121705\" alt=\"banner newsletter compartir\" srcset=\"https:\/\/easyfairsassets.com\/sites\/84\/2023\/10\/Empack-News-3.png 1920w, https:\/\/easyfairsassets.com\/sites\/84\/2023\/10\/Empack-News-3-300x23.png 300w, https:\/\/easyfairsassets.com\/sites\/84\/2023\/10\/Empack-News-3-1024x77.png 1024w, https:\/\/easyfairsassets.com\/sites\/84\/2023\/10\/Empack-News-3-768x58.png 768w, https:\/\/easyfairsassets.com\/sites\/84\/2023\/10\/Empack-News-3-1536x115.png 1536w\" sizes=\"(max-width: 1920px) 100vw, 1920px\" \/>\t\t\t\t\t\t\t\t<\/a>\n\t\t\t\t\t\t\t\t\t\t\t\t\t\t\t<\/div>\n\t\t\t\t<\/div>\n\t\t\t\t<div class=\"elementor-element elementor-element-c2047f5 elementor-widget elementor-widget-image\" data-id=\"c2047f5\" data-element_type=\"widget\" data-widget_type=\"image.default\">\n\t\t\t\t<div class=\"elementor-widget-container\">\n\t\t\t\t\t\t\t\t\t\t\t\t\t\t\t\t<a href=\"https:\/\/www.logisticsautomationmadrid.com\/es\/medios\/suscribete-a-la-newsletter\/?actioncode=GLEA1\">\n\t\t\t\t\t\t\t<img decoding=\"async\" width=\"1920\" height=\"144\" src=\"https:\/\/easyfairsassets.com\/sites\/84\/2023\/10\/Empack-News-4.png\" class=\"attachment-2048x2048 size-2048x2048 wp-image-121707\" alt=\"newsletter banner web\" srcset=\"https:\/\/easyfairsassets.com\/sites\/84\/2023\/10\/Empack-News-4.png 1920w, https:\/\/easyfairsassets.com\/sites\/84\/2023\/10\/Empack-News-4-300x23.png 300w, https:\/\/easyfairsassets.com\/sites\/84\/2023\/10\/Empack-News-4-1024x77.png 1024w, https:\/\/easyfairsassets.com\/sites\/84\/2023\/10\/Empack-News-4-768x58.png 768w, https:\/\/easyfairsassets.com\/sites\/84\/2023\/10\/Empack-News-4-1536x115.png 1536w\" sizes=\"(max-width: 1920px) 100vw, 1920px\" \/>\t\t\t\t\t\t\t\t<\/a>\n\t\t\t\t\t\t\t\t\t\t\t\t\t\t\t<\/div>\n\t\t\t\t<\/div>\n\t\t\t\t\t<\/div>\n\t\t<\/div>\n\t\t\t\t<div class=\"elementor-column elementor-col-50 elementor-top-column elementor-element elementor-element-28f5464\" data-id=\"28f5464\" data-element_type=\"column\">\n\t\t\t<div class=\"elementor-widget-wrap elementor-element-populated\">\n\t\t\t\t\t\t<div class=\"elementor-element elementor-element-2afa884 elementor-widget elementor-widget-global elementor-global-80917 elementor-widget-shortcode\" data-id=\"2afa884\" data-element_type=\"widget\" data-widget_type=\"shortcode.default\">\n\t\t\t\t<div class=\"elementor-widget-container\">\n\t\t\t\t\t\t\t<div class=\"elementor-shortcode\"><\/div>\n\t\t\t\t\t\t<\/div>\n\t\t\t\t<\/div>\n\t\t\t\t<div class=\"elementor-element elementor-element-71d664d elementor-invisible elementor-widget elementor-widget-heading\" data-id=\"71d664d\" data-element_type=\"widget\" data-settings=\"{&quot;_animation&quot;:&quot;fadeIn&quot;}\" data-widget_type=\"heading.default\">\n\t\t\t\t<div class=\"elementor-widget-container\">\n\t\t\t\t\t<p class=\"elementor-heading-title elementor-size-default\">Suscr\u00edbete a nuestra newsletter<\/p>\t\t\t\t<\/div>\n\t\t\t\t<\/div>\n\t\t\t\t<div class=\"elementor-element elementor-element-af5282a elementor-widget__width-inherit elementor-hidden-phone elementor-button-align-stretch elementor-widget elementor-widget-form\" data-id=\"af5282a\" data-element_type=\"widget\" data-settings=\"{&quot;button_width&quot;:&quot;25&quot;,&quot;step_next_label&quot;:&quot;Next&quot;,&quot;step_previous_label&quot;:&quot;Previous&quot;,&quot;step_type&quot;:&quot;number_text&quot;,&quot;step_icon_shape&quot;:&quot;circle&quot;}\" data-widget_type=\"form.default\">\n\t\t\t\t<div class=\"elementor-widget-container\">\n\t\t\t\t\t\t\t<form class=\"elementor-form\" method=\"post\" name=\"Newsletter\" aria-label=\"Newsletter\">\n\t\t\t<input type=\"hidden\" name=\"post_id\" value=\"140309\"\/>\n\t\t\t<input type=\"hidden\" name=\"form_id\" value=\"af5282a\"\/>\n\t\t\t<input type=\"hidden\" name=\"referer_title\" value=\"\" \/>\n\n\t\t\t\n\t\t\t<div class=\"elementor-form-fields-wrapper elementor-labels-\">\n\t\t\t\t\t\t\t\t<div class=\"elementor-field-type-text elementor-field-group elementor-column elementor-field-group-FirstName elementor-col-100\">\n\t\t\t\t\t\t\t\t\t\t\t\t<label for=\"form-field-FirstName\" class=\"elementor-field-label elementor-screen-only\">\n\t\t\t\t\t\t\t\tNombre\t\t\t\t\t\t\t<\/label>\n\t\t\t\t\t\t\t\t\t\t\t\t\t\t<input size=\"1\" type=\"text\" name=\"form_fields[FirstName]\" id=\"form-field-FirstName\" class=\"elementor-field elementor-size-sm  elementor-field-textual\" placeholder=\"Nombre\">\n\t\t\t\t\t\t\t\t\t\t\t<\/div>\n\t\t\t\t\t\t\t\t<div class=\"elementor-field-type-text elementor-field-group elementor-column elementor-field-group-LastName elementor-col-100\">\n\t\t\t\t\t\t\t\t\t\t\t\t<label for=\"form-field-LastName\" class=\"elementor-field-label elementor-screen-only\">\n\t\t\t\t\t\t\t\tApellido\t\t\t\t\t\t\t<\/label>\n\t\t\t\t\t\t\t\t\t\t\t\t\t\t<input size=\"1\" type=\"text\" name=\"form_fields[LastName]\" id=\"form-field-LastName\" class=\"elementor-field elementor-size-sm  elementor-field-textual\" placeholder=\"Apellido\">\n\t\t\t\t\t\t\t\t\t\t\t<\/div>\n\t\t\t\t\t\t\t\t<div class=\"elementor-field-type-email elementor-field-group elementor-column elementor-field-group-Email elementor-col-100 elementor-field-required\">\n\t\t\t\t\t\t\t\t\t\t\t\t<label for=\"form-field-Email\" class=\"elementor-field-label elementor-screen-only\">\n\t\t\t\t\t\t\t\tEmail\t\t\t\t\t\t\t<\/label>\n\t\t\t\t\t\t\t\t\t\t\t\t\t\t<input size=\"1\" type=\"email\" name=\"form_fields[Email]\" id=\"form-field-Email\" class=\"elementor-field elementor-size-sm  elementor-field-textual\" placeholder=\"Email\" required=\"required\">\n\t\t\t\t\t\t\t\t\t\t\t<\/div>\n\t\t\t\t\t\t\t\t<div class=\"elementor-field-type-recaptcha_v3 elementor-field-group elementor-column elementor-field-group-field_688d276 elementor-col-100 recaptcha_v3-inline\">\n\t\t\t\t\t<div class=\"elementor-field\" id=\"form-field-field_688d276\"><div class=\"elementor-g-recaptcha\" data-sitekey=\"6LcL8JEeAAAAAHGKxhMF822nWuJyvUyd4lk7Rb4s\" data-type=\"v3\" data-action=\"Form\" data-badge=\"inline\" data-size=\"invisible\"><\/div><\/div>\t\t\t\t<\/div>\n\t\t\t\t\t\t\t\t<div class=\"elementor-field-group elementor-column elementor-field-type-submit elementor-col-25 e-form__buttons\">\n\t\t\t\t\t<button class=\"elementor-button elementor-size-md\" type=\"submit\">\n\t\t\t\t\t\t<span class=\"elementor-button-content-wrapper\">\n\t\t\t\t\t\t\t\t\t\t\t\t\t\t\t\t\t\t\t\t\t\t<span class=\"elementor-button-text\">Enviar<\/span>\n\t\t\t\t\t\t\t\t\t\t\t\t\t<\/span>\n\t\t\t\t\t<\/button>\n\t\t\t\t<\/div>\n\t\t\t<\/div>\n\t\t<\/form>\n\t\t\t\t\t\t<\/div>\n\t\t\t\t<\/div>\n\t\t\t\t<div class=\"elementor-element elementor-element-ddb89d9 elementor-grid-1 elementor-posts--thumbnail-none elementor-grid-tablet-1 elementor-grid-mobile-1 elementor-widget elementor-widget-posts\" data-id=\"ddb89d9\" data-element_type=\"widget\" data-settings=\"{&quot;classic_columns&quot;:&quot;1&quot;,&quot;classic_row_gap&quot;:{&quot;unit&quot;:&quot;px&quot;,&quot;size&quot;:&quot;23&quot;,&quot;sizes&quot;:[]},&quot;classic_columns_tablet&quot;:&quot;1&quot;,&quot;_animation&quot;:&quot;none&quot;,&quot;classic_columns_mobile&quot;:&quot;1&quot;,&quot;classic_row_gap_tablet&quot;:{&quot;unit&quot;:&quot;px&quot;,&quot;size&quot;:&quot;&quot;,&quot;sizes&quot;:[]},&quot;classic_row_gap_mobile&quot;:{&quot;unit&quot;:&quot;px&quot;,&quot;size&quot;:&quot;&quot;,&quot;sizes&quot;:[]}}\" data-widget_type=\"posts.classic\">\n\t\t\t\t<div class=\"elementor-widget-container\">\n\t\t\t\t\t\t\t<div class=\"elementor-posts-container elementor-posts elementor-posts--skin-classic elementor-grid\" role=\"list\">\n\t\t\t\t<article class=\"elementor-post elementor-grid-item post-210375 post type-post status-publish format-standard has-post-thumbnail hentry category-ia-trazabilidad-seguridad category-logistica-intralogistica-almacenamiento category-sin-categorizar\" role=\"listitem\">\n\t\t\t\t<div class=\"elementor-post__text\">\n\t\t\t\t<h3 class=\"elementor-post__title\">\n\t\t\t<a href=\"https:\/\/www.logisticsautomationmadrid.com\/es\/2026\/04\/28\/ia-generativa-para-mejorar-la-planificacion-de-la-supply-chain\/\" >\n\t\t\t\tIA generativa para mejorar la planificaci\u00f3n de la supply chain\t\t\t<\/a>\n\t\t<\/h3>\n\t\t\t\t<div class=\"elementor-post__excerpt\">\n\t\t\t<p>Por Jos\u00e9 Luis Morato, Senior M\u00e1nager de Miebach Consulting Hay una imagen que me encuentro demasiado a menudo: un equipo de planificaci\u00f3n que ha hecho<\/p>\n\t\t<\/div>\n\t\t\n\t\t<a class=\"elementor-post__read-more\" href=\"https:\/\/www.logisticsautomationmadrid.com\/es\/2026\/04\/28\/ia-generativa-para-mejorar-la-planificacion-de-la-supply-chain\/\" aria-label=\"Read more about IA generativa para mejorar la planificaci\u00f3n de la supply chain\" tabindex=\"-1\" >\n\t\t\tRead More \u00bb\t\t<\/a>\n\n\t\t\t\t<\/div>\n\t\t\t\t<\/article>\n\t\t\t\t<article class=\"elementor-post elementor-grid-item post-210292 post type-post status-publish format-standard has-post-thumbnail hentry category-blog category-logistica-intralogistica-almacenamiento category-sin-categorizar\" role=\"listitem\">\n\t\t\t\t<div class=\"elementor-post__text\">\n\t\t\t\t<h3 class=\"elementor-post__title\">\n\t\t\t<a href=\"https:\/\/www.logisticsautomationmadrid.com\/es\/2026\/04\/09\/geopolitica-resiliencia-y-red-por-que-la-supply-chain-ya-no-es-solo-eficiencia\/\" >\n\t\t\t\tGeopol\u00edtica, resiliencia y red: por qu\u00e9 la supply chain ya no es solo eficiencia\t\t\t<\/a>\n\t\t<\/h3>\n\t\t\t\t<div class=\"elementor-post__excerpt\">\n\t\t\t<p>Por Jos\u00e9 Luis Morato, Senior M\u00e1nager de Miebach Consulting La supply chain global actual ya no se parece a la que muchos aprendimos a optimizar.<\/p>\n\t\t<\/div>\n\t\t\n\t\t<a class=\"elementor-post__read-more\" href=\"https:\/\/www.logisticsautomationmadrid.com\/es\/2026\/04\/09\/geopolitica-resiliencia-y-red-por-que-la-supply-chain-ya-no-es-solo-eficiencia\/\" aria-label=\"Read more about Geopol\u00edtica, resiliencia y red: por qu\u00e9 la supply chain ya no es solo eficiencia\" tabindex=\"-1\" >\n\t\t\tRead More \u00bb\t\t<\/a>\n\n\t\t\t\t<\/div>\n\t\t\t\t<\/article>\n\t\t\t\t<article class=\"elementor-post elementor-grid-item post-210276 post type-post status-publish format-standard has-post-thumbnail hentry category-blog category-ia-trazabilidad-seguridad category-logistica-intralogistica-almacenamiento category-logtalent category-robotica-automatizacion category-sostenibilidad-greenlogistics category-transport-delivery tag-16-de-febrero tag-16-febrero tag-dia-logistica tag-dia-mundial-de-la-logistica tag-dia-mundial-logistica tag-espana tag-ferias tag-internacionalizacion tag-logistica tag-logistics-automation tag-punto-de-encuentro tag-referentes\" role=\"listitem\">\n\t\t\t\t<div class=\"elementor-post__text\">\n\t\t\t\t<h3 class=\"elementor-post__title\">\n\t\t\t<a href=\"https:\/\/www.logisticsautomationmadrid.com\/es\/2026\/04\/09\/sistemas-hibridos-automatizacion-y-robotica-en-intralogistica\/\" >\n\t\t\t\tSistemas h\u00edbridos: automatizaci\u00f3n y rob\u00f3tica en intralog\u00edstica\t\t\t<\/a>\n\t\t<\/h3>\n\t\t\t\t<div class=\"elementor-post__excerpt\">\n\t\t\t<p>La revoluci\u00f3n de los sistemas h\u00edbridos en intralog\u00edstica La\u00a0intralog\u00edstica\u00a0atraviesa una transformaci\u00f3n profunda gracias a los\u00a0sistemas h\u00edbridos\u00a0que integran\u00a0automatizaci\u00f3n tradicional,\u00a0rob\u00f3tica\u00a0e\u00a0inteligencia artificial. Estos modelos combinan robots m\u00f3viles aut\u00f3nomos<\/p>\n\t\t<\/div>\n\t\t\n\t\t<a class=\"elementor-post__read-more\" href=\"https:\/\/www.logisticsautomationmadrid.com\/es\/2026\/04\/09\/sistemas-hibridos-automatizacion-y-robotica-en-intralogistica\/\" aria-label=\"Read more about Sistemas h\u00edbridos: automatizaci\u00f3n y rob\u00f3tica en intralog\u00edstica\" tabindex=\"-1\" >\n\t\t\tRead More \u00bb\t\t<\/a>\n\n\t\t\t\t<\/div>\n\t\t\t\t<\/article>\n\t\t\t\t<article class=\"elementor-post elementor-grid-item post-210266 post type-post status-publish format-standard has-post-thumbnail hentry category-blog category-ia-trazabilidad-seguridad category-logistica-intralogistica-almacenamiento category-logtalent category-robotica-automatizacion category-sostenibilidad-greenlogistics category-transport-delivery tag-16-de-febrero tag-16-febrero tag-dia-logistica tag-dia-mundial-de-la-logistica tag-dia-mundial-logistica tag-espana tag-ferias tag-internacionalizacion tag-logistica tag-logistics-automation tag-punto-de-encuentro tag-referentes\" role=\"listitem\">\n\t\t\t\t<div class=\"elementor-post__text\">\n\t\t\t\t<h3 class=\"elementor-post__title\">\n\t\t\t<a href=\"https:\/\/www.logisticsautomationmadrid.com\/es\/2026\/04\/08\/el-transporte-advierte-del-riesgo-de-desabastecimiento-y-perdida-de-rentabilidad-ante-la-implantacion-de-las-44-toneladas\/\" >\n\t\t\t\tEl transporte advierte del riesgo de desabastecimiento y p\u00e9rdida de rentabilidad ante la implantaci\u00f3n de las 44 toneladas\t\t\t<\/a>\n\t\t<\/h3>\n\t\t\t\t<div class=\"elementor-post__excerpt\">\n\t\t\t<p>La jornada celebrada en Gij\u00f3n, organizada por la patronal asturiana,\u00a0ASETRA, en colaboraci\u00f3n con CETM, ha puesto de manifiesto la preocupaci\u00f3n generalizada del sector del\u00a0transporte de<\/p>\n\t\t<\/div>\n\t\t\n\t\t<a class=\"elementor-post__read-more\" href=\"https:\/\/www.logisticsautomationmadrid.com\/es\/2026\/04\/08\/el-transporte-advierte-del-riesgo-de-desabastecimiento-y-perdida-de-rentabilidad-ante-la-implantacion-de-las-44-toneladas\/\" aria-label=\"Read more about El transporte advierte del riesgo de desabastecimiento y p\u00e9rdida de rentabilidad ante la implantaci\u00f3n de las 44 toneladas\" tabindex=\"-1\" >\n\t\t\tRead More \u00bb\t\t<\/a>\n\n\t\t\t\t<\/div>\n\t\t\t\t<\/article>\n\t\t\t\t<\/div>\n\t\t\n\t\t\t\t\t\t<\/div>\n\t\t\t\t<\/div>\n\t\t\t\t<div class=\"elementor-element elementor-element-142798d6 elementor-widget-divider--view-line elementor-widget elementor-widget-divider\" data-id=\"142798d6\" data-element_type=\"widget\" data-widget_type=\"divider.default\">\n\t\t\t\t<div class=\"elementor-widget-container\">\n\t\t\t\t\t\t\t<div class=\"elementor-divider\">\n\t\t\t<span class=\"elementor-divider-separator\">\n\t\t\t\t\t\t<\/span>\n\t\t<\/div>\n\t\t\t\t\t\t<\/div>\n\t\t\t\t<\/div>\n\t\t\t\t\t<\/div>\n\t\t<\/div>\n\t\t\t\t\t<\/div>\n\t\t<\/section>\n\t\t\t\t<section class=\"elementor-section elementor-top-section elementor-element elementor-element-49136ec elementor-section-full_width elementor-section-height-default elementor-section-height-default\" data-id=\"49136ec\" data-element_type=\"section\">\n\t\t\t\t\t\t<div class=\"elementor-container elementor-column-gap-default\">\n\t\t\t\t\t<div class=\"elementor-column elementor-col-100 elementor-top-column elementor-element elementor-element-4a08fcbd\" data-id=\"4a08fcbd\" data-element_type=\"column\">\n\t\t\t<div class=\"elementor-widget-wrap elementor-element-populated\">\n\t\t\t\t\t\t<div class=\"elementor-element elementor-element-6c1ef897 elementor-widget-divider--view-line elementor-widget elementor-widget-divider\" data-id=\"6c1ef897\" data-element_type=\"widget\" data-widget_type=\"divider.default\">\n\t\t\t\t<div class=\"elementor-widget-container\">\n\t\t\t\t\t\t\t<div class=\"elementor-divider\">\n\t\t\t<span class=\"elementor-divider-separator\">\n\t\t\t\t\t\t<\/span>\n\t\t<\/div>\n\t\t\t\t\t\t<\/div>\n\t\t\t\t<\/div>\n\t\t\t\t<div class=\"elementor-element elementor-element-67dafb1c elementor-widget elementor-widget-text-editor\" data-id=\"67dafb1c\" data-element_type=\"widget\" data-widget_type=\"text-editor.default\">\n\t\t\t\t<div class=\"elementor-widget-container\">\n\t\t\t\t\t\t\t\t\t<p><span style=\"vertical-align: inherit\"><span style=\"vertical-align: inherit\"><span style=\"vertical-align: inherit\"><span style=\"vertical-align: inherit\"><span style=\"vertical-align: inherit\"><span style=\"vertical-align: inherit\">Share this article<\/span><\/span><\/span><\/span><\/span><\/span><\/p>\t\t\t\t\t\t\t\t<\/div>\n\t\t\t\t<\/div>\n\t\t\t\t<div class=\"elementor-element elementor-element-b207622 elementor-share-buttons--view-icon elementor-share-buttons--skin-flat elementor-share-buttons--shape-circle elementor-share-buttons--color-custom elementor-grid-0 elementor-widget elementor-widget-global elementor-global-111270 elementor-widget-share-buttons\" data-id=\"b207622\" data-element_type=\"widget\" data-widget_type=\"share-buttons.default\">\n\t\t\t\t<div class=\"elementor-widget-container\">\n\t\t\t\t\t\t\t<div class=\"elementor-grid\" role=\"list\">\n\t\t\t\t\t\t\t\t<div class=\"elementor-grid-item\" role=\"listitem\">\n\t\t\t\t\t\t<div class=\"elementor-share-btn elementor-share-btn_facebook\" role=\"button\" tabindex=\"0\" aria-label=\"Share on facebook\">\n\t\t\t\t\t\t\t\t\t\t\t\t\t\t\t<span class=\"elementor-share-btn__icon\">\n\t\t\t\t\t\t\t\t<i class=\"fab fa-facebook\" aria-hidden=\"true\"><\/i>\t\t\t\t\t\t\t<\/span>\n\t\t\t\t\t\t\t\t\t\t\t\t\t\t\t\t\t\t\t\t<\/div>\n\t\t\t\t\t<\/div>\n\t\t\t\t\t\t\t\t\t<div class=\"elementor-grid-item\" role=\"listitem\">\n\t\t\t\t\t\t<div class=\"elementor-share-btn elementor-share-btn_twitter\" role=\"button\" tabindex=\"0\" aria-label=\"Share on twitter\">\n\t\t\t\t\t\t\t\t\t\t\t\t\t\t\t<span class=\"elementor-share-btn__icon\">\n\t\t\t\t\t\t\t\t<i class=\"fab fa-twitter\" aria-hidden=\"true\"><\/i>\t\t\t\t\t\t\t<\/span>\n\t\t\t\t\t\t\t\t\t\t\t\t\t\t\t\t\t\t\t\t<\/div>\n\t\t\t\t\t<\/div>\n\t\t\t\t\t\t\t\t\t<div class=\"elementor-grid-item\" role=\"listitem\">\n\t\t\t\t\t\t<div class=\"elementor-share-btn elementor-share-btn_linkedin\" role=\"button\" tabindex=\"0\" aria-label=\"Share on linkedin\">\n\t\t\t\t\t\t\t\t\t\t\t\t\t\t\t<span class=\"elementor-share-btn__icon\">\n\t\t\t\t\t\t\t\t<i class=\"fab fa-linkedin\" aria-hidden=\"true\"><\/i>\t\t\t\t\t\t\t<\/span>\n\t\t\t\t\t\t\t\t\t\t\t\t\t\t\t\t\t\t\t\t<\/div>\n\t\t\t\t\t<\/div>\n\t\t\t\t\t\t<\/div>\n\t\t\t\t\t\t<\/div>\n\t\t\t\t<\/div>\n\t\t\t\t\t<\/div>\n\t\t<\/div>\n\t\t\t\t\t<\/div>\n\t\t<\/section>\n\t\t\t\t<\/div>\n\t\t","protected":false},"excerpt":{"rendered":"<p>L&amp;A: Cu\u00e9ntanos sobre ti y sobre tu trayectoria.&nbsp;\u00bfC\u00f3mo fueron tus comienzos? Y \u00bfc\u00f3mo has ido creciendo dentro de Emuca? Pablo:&nbsp;Soy ingeniero Industrial. Empec\u00e9 en el mundo de la consultor\u00eda, seguramente una de las etapas donde m\u00e1s aprend\u00ed porque estuve unos 5 a\u00f1os ayudando a much\u00edsimas empresas de diferentes sectores, afrontando y liderando proyectos de mejora [&hellip;]<\/p>\n","protected":false},"author":927,"featured_media":140362,"comment_status":"closed","ping_status":"open","sticky":false,"template":"","format":"standard","meta":{"_seopress_robots_primary_cat":"none","_seopress_titles_title":"Un caf\u00e9 con... Pablo Pons, director de Operaciones de Emuca","_seopress_titles_desc":"Un caf\u00e9 con... Pablo Pons, director de Operaciones de Emuca","_seopress_robots_index":"","footnotes":""},"categories":[909],"tags":[2477,2476,1312],"edition":[],"class_list":["post-140309","post","type-post","status-publish","format-standard","has-post-thumbnail","hentry","category-un-cafe-con","tag-director-de-operaciones-de-emuca","tag-pablo-pons","tag-un-cafe-con"],"_links":{"self":[{"href":"https:\/\/www.logisticsautomationmadrid.com\/es\/wp-json\/wp\/v2\/posts\/140309","targetHints":{"allow":["GET"]}}],"collection":[{"href":"https:\/\/www.logisticsautomationmadrid.com\/es\/wp-json\/wp\/v2\/posts"}],"about":[{"href":"https:\/\/www.logisticsautomationmadrid.com\/es\/wp-json\/wp\/v2\/types\/post"}],"author":[{"embeddable":true,"href":"https:\/\/www.logisticsautomationmadrid.com\/es\/wp-json\/wp\/v2\/users\/927"}],"replies":[{"embeddable":true,"href":"https:\/\/www.logisticsautomationmadrid.com\/es\/wp-json\/wp\/v2\/comments?post=140309"}],"version-history":[{"count":5,"href":"https:\/\/www.logisticsautomationmadrid.com\/es\/wp-json\/wp\/v2\/posts\/140309\/revisions"}],"predecessor-version":[{"id":140364,"href":"https:\/\/www.logisticsautomationmadrid.com\/es\/wp-json\/wp\/v2\/posts\/140309\/revisions\/140364"}],"wp:featuredmedia":[{"embeddable":true,"href":"https:\/\/www.logisticsautomationmadrid.com\/es\/wp-json\/wp\/v2\/media\/140362"}],"wp:attachment":[{"href":"https:\/\/www.logisticsautomationmadrid.com\/es\/wp-json\/wp\/v2\/media?parent=140309"}],"wp:term":[{"taxonomy":"category","embeddable":true,"href":"https:\/\/www.logisticsautomationmadrid.com\/es\/wp-json\/wp\/v2\/categories?post=140309"},{"taxonomy":"post_tag","embeddable":true,"href":"https:\/\/www.logisticsautomationmadrid.com\/es\/wp-json\/wp\/v2\/tags?post=140309"},{"taxonomy":"edition","embeddable":true,"href":"https:\/\/www.logisticsautomationmadrid.com\/es\/wp-json\/wp\/v2\/edition?post=140309"}],"curies":[{"name":"wp","href":"https:\/\/api.w.org\/{rel}","templated":true}]}}