{"id":140365,"date":"2024-06-04T12:05:25","date_gmt":"2024-06-04T10:05:25","guid":{"rendered":"https:\/\/www.logisticsautomationmadrid.com\/?p=140365"},"modified":"2024-06-05T17:11:51","modified_gmt":"2024-06-05T15:11:51","slug":"especial-transport-delivery-con-marcotrans","status":"publish","type":"post","link":"https:\/\/www.logisticsautomationmadrid.com\/es\/2024\/06\/04\/especial-transport-delivery-con-marcotrans\/","title":{"rendered":"Especial Transport &#038; Delivery con Marcotran"},"content":{"rendered":"\t\t<div data-elementor-type=\"wp-post\" data-elementor-id=\"140365\" class=\"elementor elementor-140365\" data-elementor-post-type=\"post\">\n\t\t\t\t\t\t<section class=\"elementor-section elementor-top-section elementor-element elementor-element-71165a61 elementor-section-boxed elementor-section-height-default elementor-section-height-default\" data-id=\"71165a61\" data-element_type=\"section\">\n\t\t\t\t\t\t<div class=\"elementor-container elementor-column-gap-default\">\n\t\t\t\t\t<div class=\"elementor-column elementor-col-50 elementor-top-column elementor-element elementor-element-365ebd54\" data-id=\"365ebd54\" data-element_type=\"column\">\n\t\t\t<div class=\"elementor-widget-wrap elementor-element-populated\">\n\t\t\t\t\t\t<div class=\"elementor-element elementor-element-08b1280 elementor-invisible elementor-widget elementor-widget-heading\" data-id=\"08b1280\" data-element_type=\"widget\" data-settings=\"{&quot;_animation&quot;:&quot;fadeIn&quot;}\" data-widget_type=\"heading.default\">\n\t\t\t\t<div class=\"elementor-widget-container\">\n\t\t\t\t\t<h1 class=\"elementor-heading-title elementor-size-default\">Especial Transport &#038; Delivery con Marcotran<\/h1>\t\t\t\t<\/div>\n\t\t\t\t<\/div>\n\t\t\t\t<div class=\"elementor-element elementor-element-dc6181a elementor-widget elementor-widget-text-editor\" data-id=\"dc6181a\" data-element_type=\"widget\" data-settings=\"{&quot;_animation&quot;:&quot;none&quot;}\" data-widget_type=\"text-editor.default\">\n\t\t\t\t<div class=\"elementor-widget-container\">\n\t\t\t\t\t\t\t\t\t<section>\n<div data-sr-id=\"0\">\n<div data-gy=\"g\">\n<div data-gy=\"cm-8\">\n<p><strong>T&amp;D:&nbsp;<\/strong><b>Cu\u00e9ntanos Rut Garc\u00eda, \u00bfqu\u00e9 es Marcotran y cu\u00e1l es tu d\u00eda a d\u00eda como responsable de Marketing, Comunicaci\u00f3n y Responsabilidad Social Corporativa?<\/b><\/p>\n<p><strong>Rut:&nbsp;<\/strong><span style=\"font-weight: var( --e-global-typography-text-font-weight );\">Marcotran es un operador log\u00edstico internacional con presencia en m\u00e1s de 40 pa\u00edses, con<br>m\u00e1s de 1.600 empleados y m\u00e1s de 2.400 veh\u00edculos. Esta dimensi\u00f3n hace que<br>vivamos en constante cambio, tanto por normativas como por la propia evoluci\u00f3n<br>de los mercados, lo que nos exige ofrecer una amplia cobertura tanto geogr\u00e1fica<br>como de sectores, por lo que coordinar todo esto requiere mucho esfuerzo.<\/span><\/p>\n<p>Este escenario cambiante hace que nuestras acciones sean muy diversas, por lo que<br>medir el retorno de la inversi\u00f3n ya no es un mero indicador econ\u00f3mico. Ya no<br>consiste en vender el mejor transporte, sino que adem\u00e1s tiene que ser el m\u00e1s<br>sostenible y el m\u00e1s responsable. C\u00f3mo act\u00faes como cliente o como proveedor<br>marcar\u00e1 la diferencia en un mercado cada vez m\u00e1s competitivo.<\/p>\n<p>La responsabilidad social corporativa se ha convertido ya no en una norma, sino en<br>una exigencia de los clientes, a los que tienes que vender no solo que haces<br>las cosas, sino que las haces bien.<\/p>\n<p><strong>T&amp;D:&nbsp;<\/strong><b>\u00bfQu\u00e9 futuro veis al desarrollo del sector transporte\/log\u00edstico y c\u00f3mo ten\u00e9is previsto adaptaros a el?<\/b><\/p>\n<p>Tenemos claro que el futuro es el transporte multimodal. La escasez de conductores, as\u00ed como los objetivos de reducci\u00f3n de emisiones, empujan al sector a realizar este tipo de transportes en el que pensamos que todas las partes salen beneficiadas. La autopista ferroviaria Zaragoza &#8211; Algeciras, en la que Marcotran est\u00e1 implicada en su desarrollo, desalojar\u00e1 de las carreteras 15.000 camiones el primer a\u00f1o de funcionamiento, con su respectiva reducci\u00f3n de emisiones. Gran parte de nuestra flota est\u00e1 capacitada para poder subir al tren sin necesidad de transbordar la mercanc\u00eda. Pero no solo est\u00e1 el tren. Existen otros tipos de soluciones multimodales en las que tambi\u00e9n ofrecemos servicio. En carretera contamos con los megatrailer y los duotrailer, veh\u00edculos euromodulares que pueden tener hasta 70 toneladas de masa m\u00e1xima autorizada. Adem\u00e1s, por mar tambi\u00e9n subimos nuestros veh\u00edculos al barco, principalmente en el Estrecho de Gibraltar, donde somos uno de los principales operadores log\u00edsticos. No podemos olvidar tampoco el transporte a\u00e9reo ya que contamos con acreditaci\u00f3n de AESA\/SENASA para el transporte de mercanc\u00eda a\u00e9rea.<span style=\"font-weight: var( --e-global-typography-text-font-weight );\">.&nbsp;<\/span><\/p>\n<p><strong>T&amp;D:&nbsp;<\/strong><b>\u00bfCu\u00e1l dir\u00edas que es vuestro proyecto m\u00e1s ambicioso de este 2024?<\/b><\/p>\n<p>En Marcotran no hay un solo proyecto que sea de por s\u00ed el m\u00e1s ambicioso, todos tienen una finalidad conjunta. Tal vez el que m\u00e1s llame la atenci\u00f3n sea el proyecto del tren. Actualmente realizamos el trayecto Zaragoza-Algeciras-Zaragoza varias veces por semana con un tren dedicado, pero la autopista ferroviaria supondr\u00e1 la maximizaci\u00f3n de la relaci\u00f3n de Marcotran con el tren. Formamos parte de la sociedad Rail &amp; Truck, que operar\u00e1 la autopista cuando todas las infraestructuras est\u00e9n preparadas.<\/p>\n<p>A este respecto, tenemos la concesi\u00f3n para operar en el futuro la Terminal 2 ferroportuaria en Algeciras, lo cual tambi\u00e9n nos coloca en una buen\u00edsima posici\u00f3n en el transporte de mercanc\u00edas a trav\u00e9s del estrecho.<\/p>\n<p>Pero como dec\u00eda, no es cuesti\u00f3n de un proyecto o dos. Es cuesti\u00f3n de un todo que avanza en sinton\u00eda, de forma que un paso en un sitio pueda facilitar otro m\u00e1s all\u00e1.&nbsp;<\/p>\n<\/div>\n<\/div>\n<\/div>\n<\/section>\t\t\t\t\t\t\t\t<\/div>\n\t\t\t\t<\/div>\n\t\t\t\t<div class=\"elementor-element elementor-element-23c6615 elementor-widget elementor-widget-image\" data-id=\"23c6615\" data-element_type=\"widget\" data-widget_type=\"image.default\">\n\t\t\t\t<div class=\"elementor-widget-container\">\n\t\t\t\t\t\t\t\t\t\t\t\t\t\t\t<img fetchpriority=\"high\" decoding=\"async\" width=\"800\" height=\"533\" src=\"https:\/\/easyfairsassets.com\/sites\/84\/2024\/06\/Rut-Garcia-1700px-1024x682.jpg\" class=\"attachment-large size-large wp-image-140371\" alt=\"Rut Garcia entrevista Marcotrans\" srcset=\"https:\/\/easyfairsassets.com\/sites\/84\/2024\/06\/Rut-Garcia-1700px-1024x682.jpg 1024w, https:\/\/easyfairsassets.com\/sites\/84\/2024\/06\/Rut-Garcia-1700px-300x200.jpg 300w, https:\/\/easyfairsassets.com\/sites\/84\/2024\/06\/Rut-Garcia-1700px-768x512.jpg 768w, https:\/\/easyfairsassets.com\/sites\/84\/2024\/06\/Rut-Garcia-1700px-1536x1023.jpg 1536w, https:\/\/easyfairsassets.com\/sites\/84\/2024\/06\/Rut-Garcia-1700px.jpg 1711w\" sizes=\"(max-width: 800px) 100vw, 800px\" \/>\t\t\t\t\t\t\t\t\t\t\t\t\t\t\t<\/div>\n\t\t\t\t<\/div>\n\t\t\t\t<div class=\"elementor-element elementor-element-fc3f954 elementor-widget elementor-widget-text-editor\" data-id=\"fc3f954\" data-element_type=\"widget\" data-settings=\"{&quot;_animation&quot;:&quot;none&quot;}\" data-widget_type=\"text-editor.default\">\n\t\t\t\t<div class=\"elementor-widget-container\">\n\t\t\t\t\t\t\t\t\t<p><strong>T&amp;D:\u00a0<\/strong><b>Dentro de vuestras pol\u00edticas de sostenibilidad, \u00bfcu\u00e1l es vuestra mayor apuesta y en qu\u00e9 se basa?<\/b><\/p><p>Dejando al margen la multimodalidad de la que ya hemos hablado y sin duda es nuestro caballo de batalla en cuanto a sostenibilidad, en Marcotran, nuestro mayor trabajo dentro de las pol\u00edticas de sostenibilidad es la optimizaci\u00f3n de la eficiencia energ\u00e9tica y la reducci\u00f3n de emisiones a trav\u00e9s de la innovaci\u00f3n tecnol\u00f3gica y la gesti\u00f3n inteligente de recursos.\u00a0<\/p><p>Estamos invirtiendo en tecnolog\u00edas avanzadas de gesti\u00f3n de flotas que optimizan las rutas y minimizan el consumo de combustible. Utilizando sistemas de telemetr\u00eda y an\u00e1lisis de datos, podemos identificar y eliminar ineficiencias operativas, reduciendo as\u00ed las emisiones de gases de efecto invernadero.<\/p><p>Paralelamente, hemos implementado programas de formaci\u00f3n para nuestros conductores, centrados en t\u00e9cnicas de conducci\u00f3n eficiente y eco-friendly. Estas t\u00e9cnicas no solo ayudan a reducir el consumo de combustible, sino que tambi\u00e9n disminuyen el desgaste de los veh\u00edculos y mejoran la seguridad vial.<\/p><p>Adem\u00e1s, en nuestras instalaciones, estamos adoptando medidas para el ahorro energ\u00e9tico, como la instalaci\u00f3n de iluminaci\u00f3n LED de bajo consumo y la implementaci\u00f3n de sistemas de gesti\u00f3n energ\u00e9tica. Tambi\u00e9n estamos avanzando en la reducci\u00f3n de residuos mediante el reciclaje y la reutilizaci\u00f3n de materiales en todos nuestros procesos.<\/p><p>Esta apuesta por la sostenibilidad no solo nos permite cumplir con los est\u00e1ndares ambientales m\u00e1s exigentes, sino que tambi\u00e9n refuerza nuestro compromiso con la responsabilidad social y la innovaci\u00f3n continua, asegurando un impacto positivo en el medio ambiente y en la comunidad.<\/p><p><strong>T&amp;D:<\/strong>\u00a0<b>Este es el segundo a\u00f1o que participareis como expositores en la feria de Logistics &amp; Automation. Si tuvieras que destacar algo del evento y qu\u00e9 os aporta como empresa, \u00bfque ser\u00eda?<\/b><\/p><p>La feria Logistics &amp; Automation supone un plus de visibilidad para Marcotran. Las instalaciones de IFEMA, adem\u00e1s de ser excepcionales, est\u00e1n ubicadas en Madrid, lo que facilita la asistencia de visitantes, tanto nacionales como internacionales.\u00a0<\/p><p>Las ventajas de estas infraestructuras, unidas al soporte que nos proporciona Easyfairs supone un evento muy sugerente para acudir como empresa. Desde la preparaci\u00f3n del stand, acompa\u00f1ados siempre por la asistencia de Easyfairs, hasta el sistema de gesti\u00f3n de leads e invitaciones, ha agilizado enormemente todas las gestiones referentes a la preparaci\u00f3n de la feria, facilitando que podamos centrar nuestros esfuerzos en preparar nuestro contenido.<\/p>\t\t\t\t\t\t\t\t<\/div>\n\t\t\t\t<\/div>\n\t\t\t\t<div class=\"elementor-element elementor-element-eda00c7 elementor-widget elementor-widget-image\" data-id=\"eda00c7\" data-element_type=\"widget\" data-widget_type=\"image.default\">\n\t\t\t\t<div class=\"elementor-widget-container\">\n\t\t\t\t\t\t\t\t\t\t\t\t\t\t\t<img decoding=\"async\" width=\"800\" height=\"526\" src=\"https:\/\/easyfairsassets.com\/sites\/84\/2024\/06\/Imagen-via-puerto-2-1024x673.jpg\" class=\"attachment-large size-large wp-image-140369\" alt=\"Imagen entrevista marcotrans\" srcset=\"https:\/\/easyfairsassets.com\/sites\/84\/2024\/06\/Imagen-via-puerto-2-1024x673.jpg 1024w, https:\/\/easyfairsassets.com\/sites\/84\/2024\/06\/Imagen-via-puerto-2-300x197.jpg 300w, https:\/\/easyfairsassets.com\/sites\/84\/2024\/06\/Imagen-via-puerto-2-768x505.jpg 768w, https:\/\/easyfairsassets.com\/sites\/84\/2024\/06\/Imagen-via-puerto-2.jpg 1392w\" sizes=\"(max-width: 800px) 100vw, 800px\" \/>\t\t\t\t\t\t\t\t\t\t\t\t\t\t\t<\/div>\n\t\t\t\t<\/div>\n\t\t\t\t<div class=\"elementor-element elementor-element-6167689 elementor-widget elementor-widget-image\" data-id=\"6167689\" data-element_type=\"widget\" data-widget_type=\"image.default\">\n\t\t\t\t<div class=\"elementor-widget-container\">\n\t\t\t\t\t\t\t\t\t\t\t\t\t\t\t\t<a href=\"http:\/\/app.gleanin.com\/share\/c\/16145\/s\/251551\">\n\t\t\t\t\t\t\t<img decoding=\"async\" width=\"1920\" height=\"144\" src=\"https:\/\/easyfairsassets.com\/sites\/84\/2023\/10\/Empack-News-3.png\" class=\"attachment-2048x2048 size-2048x2048 wp-image-121705\" alt=\"banner newsletter compartir\" srcset=\"https:\/\/easyfairsassets.com\/sites\/84\/2023\/10\/Empack-News-3.png 1920w, https:\/\/easyfairsassets.com\/sites\/84\/2023\/10\/Empack-News-3-300x23.png 300w, https:\/\/easyfairsassets.com\/sites\/84\/2023\/10\/Empack-News-3-1024x77.png 1024w, https:\/\/easyfairsassets.com\/sites\/84\/2023\/10\/Empack-News-3-768x58.png 768w, https:\/\/easyfairsassets.com\/sites\/84\/2023\/10\/Empack-News-3-1536x115.png 1536w\" sizes=\"(max-width: 1920px) 100vw, 1920px\" \/>\t\t\t\t\t\t\t\t<\/a>\n\t\t\t\t\t\t\t\t\t\t\t\t\t\t\t<\/div>\n\t\t\t\t<\/div>\n\t\t\t\t<div class=\"elementor-element elementor-element-c2047f5 elementor-widget elementor-widget-image\" data-id=\"c2047f5\" data-element_type=\"widget\" data-widget_type=\"image.default\">\n\t\t\t\t<div class=\"elementor-widget-container\">\n\t\t\t\t\t\t\t\t\t\t\t\t\t\t\t\t<a href=\"https:\/\/www.logisticsautomationmadrid.com\/es\/medios\/suscribete-a-la-newsletter\/?actioncode=GLEA1\">\n\t\t\t\t\t\t\t<img loading=\"lazy\" decoding=\"async\" width=\"1920\" height=\"144\" src=\"https:\/\/easyfairsassets.com\/sites\/84\/2023\/10\/Empack-News-4.png\" class=\"attachment-2048x2048 size-2048x2048 wp-image-121707\" alt=\"newsletter banner web\" srcset=\"https:\/\/easyfairsassets.com\/sites\/84\/2023\/10\/Empack-News-4.png 1920w, https:\/\/easyfairsassets.com\/sites\/84\/2023\/10\/Empack-News-4-300x23.png 300w, https:\/\/easyfairsassets.com\/sites\/84\/2023\/10\/Empack-News-4-1024x77.png 1024w, https:\/\/easyfairsassets.com\/sites\/84\/2023\/10\/Empack-News-4-768x58.png 768w, https:\/\/easyfairsassets.com\/sites\/84\/2023\/10\/Empack-News-4-1536x115.png 1536w\" sizes=\"(max-width: 1920px) 100vw, 1920px\" \/>\t\t\t\t\t\t\t\t<\/a>\n\t\t\t\t\t\t\t\t\t\t\t\t\t\t\t<\/div>\n\t\t\t\t<\/div>\n\t\t\t\t\t<\/div>\n\t\t<\/div>\n\t\t\t\t<div class=\"elementor-column elementor-col-50 elementor-top-column elementor-element elementor-element-28f5464\" data-id=\"28f5464\" data-element_type=\"column\">\n\t\t\t<div class=\"elementor-widget-wrap elementor-element-populated\">\n\t\t\t\t\t\t<div class=\"elementor-element elementor-element-2afa884 elementor-widget elementor-widget-global elementor-global-80917 elementor-widget-shortcode\" data-id=\"2afa884\" data-element_type=\"widget\" data-widget_type=\"shortcode.default\">\n\t\t\t\t<div class=\"elementor-widget-container\">\n\t\t\t\t\t\t\t<div class=\"elementor-shortcode\"><\/div>\n\t\t\t\t\t\t<\/div>\n\t\t\t\t<\/div>\n\t\t\t\t<div class=\"elementor-element elementor-element-71d664d elementor-invisible elementor-widget elementor-widget-heading\" data-id=\"71d664d\" data-element_type=\"widget\" data-settings=\"{&quot;_animation&quot;:&quot;fadeIn&quot;}\" data-widget_type=\"heading.default\">\n\t\t\t\t<div class=\"elementor-widget-container\">\n\t\t\t\t\t<p class=\"elementor-heading-title elementor-size-default\">Suscr\u00edbete a nuestra newsletter<\/p>\t\t\t\t<\/div>\n\t\t\t\t<\/div>\n\t\t\t\t<div class=\"elementor-element elementor-element-af5282a elementor-widget__width-inherit elementor-hidden-phone elementor-button-align-stretch elementor-widget elementor-widget-form\" data-id=\"af5282a\" data-element_type=\"widget\" data-settings=\"{&quot;button_width&quot;:&quot;25&quot;,&quot;step_next_label&quot;:&quot;Next&quot;,&quot;step_previous_label&quot;:&quot;Previous&quot;,&quot;step_type&quot;:&quot;number_text&quot;,&quot;step_icon_shape&quot;:&quot;circle&quot;}\" data-widget_type=\"form.default\">\n\t\t\t\t<div class=\"elementor-widget-container\">\n\t\t\t\t\t\t\t<form class=\"elementor-form\" method=\"post\" name=\"Newsletter\" aria-label=\"Newsletter\">\n\t\t\t<input type=\"hidden\" name=\"post_id\" value=\"140365\"\/>\n\t\t\t<input type=\"hidden\" name=\"form_id\" value=\"af5282a\"\/>\n\t\t\t<input type=\"hidden\" name=\"referer_title\" value=\"\" \/>\n\n\t\t\t\n\t\t\t<div class=\"elementor-form-fields-wrapper elementor-labels-\">\n\t\t\t\t\t\t\t\t<div class=\"elementor-field-type-text elementor-field-group elementor-column elementor-field-group-FirstName elementor-col-100\">\n\t\t\t\t\t\t\t\t\t\t\t\t<label for=\"form-field-FirstName\" class=\"elementor-field-label elementor-screen-only\">\n\t\t\t\t\t\t\t\tNombre\t\t\t\t\t\t\t<\/label>\n\t\t\t\t\t\t\t\t\t\t\t\t\t\t<input size=\"1\" type=\"text\" name=\"form_fields[FirstName]\" id=\"form-field-FirstName\" class=\"elementor-field elementor-size-sm  elementor-field-textual\" placeholder=\"Nombre\">\n\t\t\t\t\t\t\t\t\t\t\t<\/div>\n\t\t\t\t\t\t\t\t<div class=\"elementor-field-type-text elementor-field-group elementor-column elementor-field-group-LastName elementor-col-100\">\n\t\t\t\t\t\t\t\t\t\t\t\t<label for=\"form-field-LastName\" class=\"elementor-field-label elementor-screen-only\">\n\t\t\t\t\t\t\t\tApellido\t\t\t\t\t\t\t<\/label>\n\t\t\t\t\t\t\t\t\t\t\t\t\t\t<input size=\"1\" type=\"text\" name=\"form_fields[LastName]\" id=\"form-field-LastName\" class=\"elementor-field elementor-size-sm  elementor-field-textual\" placeholder=\"Apellido\">\n\t\t\t\t\t\t\t\t\t\t\t<\/div>\n\t\t\t\t\t\t\t\t<div class=\"elementor-field-type-email elementor-field-group elementor-column elementor-field-group-Email elementor-col-100 elementor-field-required\">\n\t\t\t\t\t\t\t\t\t\t\t\t<label for=\"form-field-Email\" class=\"elementor-field-label elementor-screen-only\">\n\t\t\t\t\t\t\t\tEmail\t\t\t\t\t\t\t<\/label>\n\t\t\t\t\t\t\t\t\t\t\t\t\t\t<input size=\"1\" type=\"email\" name=\"form_fields[Email]\" id=\"form-field-Email\" class=\"elementor-field elementor-size-sm  elementor-field-textual\" placeholder=\"Email\" required=\"required\">\n\t\t\t\t\t\t\t\t\t\t\t<\/div>\n\t\t\t\t\t\t\t\t<div class=\"elementor-field-type-recaptcha_v3 elementor-field-group elementor-column elementor-field-group-field_688d276 elementor-col-100 recaptcha_v3-inline\">\n\t\t\t\t\t<div class=\"elementor-field\" id=\"form-field-field_688d276\"><div class=\"elementor-g-recaptcha\" data-sitekey=\"6LcL8JEeAAAAAHGKxhMF822nWuJyvUyd4lk7Rb4s\" data-type=\"v3\" data-action=\"Form\" data-badge=\"inline\" data-size=\"invisible\"><\/div><\/div>\t\t\t\t<\/div>\n\t\t\t\t\t\t\t\t<div class=\"elementor-field-group elementor-column elementor-field-type-submit elementor-col-25 e-form__buttons\">\n\t\t\t\t\t<button class=\"elementor-button elementor-size-md\" type=\"submit\">\n\t\t\t\t\t\t<span class=\"elementor-button-content-wrapper\">\n\t\t\t\t\t\t\t\t\t\t\t\t\t\t\t\t\t\t\t\t\t\t<span class=\"elementor-button-text\">Enviar<\/span>\n\t\t\t\t\t\t\t\t\t\t\t\t\t<\/span>\n\t\t\t\t\t<\/button>\n\t\t\t\t<\/div>\n\t\t\t<\/div>\n\t\t<\/form>\n\t\t\t\t\t\t<\/div>\n\t\t\t\t<\/div>\n\t\t\t\t<div class=\"elementor-element elementor-element-ddb89d9 elementor-grid-1 elementor-posts--thumbnail-none elementor-grid-tablet-1 elementor-grid-mobile-1 elementor-widget elementor-widget-posts\" data-id=\"ddb89d9\" data-element_type=\"widget\" data-settings=\"{&quot;classic_columns&quot;:&quot;1&quot;,&quot;classic_row_gap&quot;:{&quot;unit&quot;:&quot;px&quot;,&quot;size&quot;:&quot;23&quot;,&quot;sizes&quot;:[]},&quot;classic_columns_tablet&quot;:&quot;1&quot;,&quot;_animation&quot;:&quot;none&quot;,&quot;classic_columns_mobile&quot;:&quot;1&quot;,&quot;classic_row_gap_tablet&quot;:{&quot;unit&quot;:&quot;px&quot;,&quot;size&quot;:&quot;&quot;,&quot;sizes&quot;:[]},&quot;classic_row_gap_mobile&quot;:{&quot;unit&quot;:&quot;px&quot;,&quot;size&quot;:&quot;&quot;,&quot;sizes&quot;:[]}}\" data-widget_type=\"posts.classic\">\n\t\t\t\t<div class=\"elementor-widget-container\">\n\t\t\t\t\t\t\t<div class=\"elementor-posts-container elementor-posts elementor-posts--skin-classic elementor-grid\" role=\"list\">\n\t\t\t\t<article class=\"elementor-post elementor-grid-item post-210375 post type-post status-publish format-standard has-post-thumbnail hentry category-ia-trazabilidad-seguridad category-logistica-intralogistica-almacenamiento category-sin-categorizar\" role=\"listitem\">\n\t\t\t\t<div class=\"elementor-post__text\">\n\t\t\t\t<h3 class=\"elementor-post__title\">\n\t\t\t<a href=\"https:\/\/www.logisticsautomationmadrid.com\/es\/2026\/04\/28\/ia-generativa-para-mejorar-la-planificacion-de-la-supply-chain\/\" >\n\t\t\t\tIA generativa para mejorar la planificaci\u00f3n de la supply chain\t\t\t<\/a>\n\t\t<\/h3>\n\t\t\t\t<div class=\"elementor-post__excerpt\">\n\t\t\t<p>Por Jos\u00e9 Luis Morato, Senior M\u00e1nager de Miebach Consulting Hay una imagen que me encuentro demasiado a menudo: un equipo de planificaci\u00f3n que ha hecho<\/p>\n\t\t<\/div>\n\t\t\n\t\t<a class=\"elementor-post__read-more\" href=\"https:\/\/www.logisticsautomationmadrid.com\/es\/2026\/04\/28\/ia-generativa-para-mejorar-la-planificacion-de-la-supply-chain\/\" aria-label=\"Read more about IA generativa para mejorar la planificaci\u00f3n de la supply chain\" tabindex=\"-1\" >\n\t\t\tRead More \u00bb\t\t<\/a>\n\n\t\t\t\t<\/div>\n\t\t\t\t<\/article>\n\t\t\t\t<article class=\"elementor-post elementor-grid-item post-210292 post type-post status-publish format-standard has-post-thumbnail hentry category-blog category-logistica-intralogistica-almacenamiento category-sin-categorizar\" role=\"listitem\">\n\t\t\t\t<div class=\"elementor-post__text\">\n\t\t\t\t<h3 class=\"elementor-post__title\">\n\t\t\t<a href=\"https:\/\/www.logisticsautomationmadrid.com\/es\/2026\/04\/09\/geopolitica-resiliencia-y-red-por-que-la-supply-chain-ya-no-es-solo-eficiencia\/\" >\n\t\t\t\tGeopol\u00edtica, resiliencia y red: por qu\u00e9 la supply chain ya no es solo eficiencia\t\t\t<\/a>\n\t\t<\/h3>\n\t\t\t\t<div class=\"elementor-post__excerpt\">\n\t\t\t<p>Por Jos\u00e9 Luis Morato, Senior M\u00e1nager de Miebach Consulting La supply chain global actual ya no se parece a la que muchos aprendimos a optimizar.<\/p>\n\t\t<\/div>\n\t\t\n\t\t<a class=\"elementor-post__read-more\" href=\"https:\/\/www.logisticsautomationmadrid.com\/es\/2026\/04\/09\/geopolitica-resiliencia-y-red-por-que-la-supply-chain-ya-no-es-solo-eficiencia\/\" aria-label=\"Read more about Geopol\u00edtica, resiliencia y red: por qu\u00e9 la supply chain ya no es solo eficiencia\" tabindex=\"-1\" >\n\t\t\tRead More \u00bb\t\t<\/a>\n\n\t\t\t\t<\/div>\n\t\t\t\t<\/article>\n\t\t\t\t<article class=\"elementor-post elementor-grid-item post-210276 post type-post status-publish format-standard has-post-thumbnail hentry category-blog category-ia-trazabilidad-seguridad category-logistica-intralogistica-almacenamiento category-logtalent category-robotica-automatizacion category-sostenibilidad-greenlogistics category-transport-delivery tag-16-de-febrero tag-16-febrero tag-dia-logistica tag-dia-mundial-de-la-logistica tag-dia-mundial-logistica tag-espana tag-ferias tag-internacionalizacion tag-logistica tag-logistics-automation tag-punto-de-encuentro tag-referentes\" role=\"listitem\">\n\t\t\t\t<div class=\"elementor-post__text\">\n\t\t\t\t<h3 class=\"elementor-post__title\">\n\t\t\t<a href=\"https:\/\/www.logisticsautomationmadrid.com\/es\/2026\/04\/09\/sistemas-hibridos-automatizacion-y-robotica-en-intralogistica\/\" >\n\t\t\t\tSistemas h\u00edbridos: automatizaci\u00f3n y rob\u00f3tica en intralog\u00edstica\t\t\t<\/a>\n\t\t<\/h3>\n\t\t\t\t<div class=\"elementor-post__excerpt\">\n\t\t\t<p>La revoluci\u00f3n de los sistemas h\u00edbridos en intralog\u00edstica La\u00a0intralog\u00edstica\u00a0atraviesa una transformaci\u00f3n profunda gracias a los\u00a0sistemas h\u00edbridos\u00a0que integran\u00a0automatizaci\u00f3n tradicional,\u00a0rob\u00f3tica\u00a0e\u00a0inteligencia artificial. Estos modelos combinan robots m\u00f3viles aut\u00f3nomos<\/p>\n\t\t<\/div>\n\t\t\n\t\t<a class=\"elementor-post__read-more\" href=\"https:\/\/www.logisticsautomationmadrid.com\/es\/2026\/04\/09\/sistemas-hibridos-automatizacion-y-robotica-en-intralogistica\/\" aria-label=\"Read more about Sistemas h\u00edbridos: automatizaci\u00f3n y rob\u00f3tica en intralog\u00edstica\" tabindex=\"-1\" >\n\t\t\tRead More \u00bb\t\t<\/a>\n\n\t\t\t\t<\/div>\n\t\t\t\t<\/article>\n\t\t\t\t<article class=\"elementor-post elementor-grid-item post-210266 post type-post status-publish format-standard has-post-thumbnail hentry category-blog category-ia-trazabilidad-seguridad category-logistica-intralogistica-almacenamiento category-logtalent category-robotica-automatizacion category-sostenibilidad-greenlogistics category-transport-delivery tag-16-de-febrero tag-16-febrero tag-dia-logistica tag-dia-mundial-de-la-logistica tag-dia-mundial-logistica tag-espana tag-ferias tag-internacionalizacion tag-logistica tag-logistics-automation tag-punto-de-encuentro tag-referentes\" role=\"listitem\">\n\t\t\t\t<div class=\"elementor-post__text\">\n\t\t\t\t<h3 class=\"elementor-post__title\">\n\t\t\t<a href=\"https:\/\/www.logisticsautomationmadrid.com\/es\/2026\/04\/08\/el-transporte-advierte-del-riesgo-de-desabastecimiento-y-perdida-de-rentabilidad-ante-la-implantacion-de-las-44-toneladas\/\" >\n\t\t\t\tEl transporte advierte del riesgo de desabastecimiento y p\u00e9rdida de rentabilidad ante la implantaci\u00f3n de las 44 toneladas\t\t\t<\/a>\n\t\t<\/h3>\n\t\t\t\t<div class=\"elementor-post__excerpt\">\n\t\t\t<p>La jornada celebrada en Gij\u00f3n, organizada por la patronal asturiana,\u00a0ASETRA, en colaboraci\u00f3n con CETM, ha puesto de manifiesto la preocupaci\u00f3n generalizada del sector del\u00a0transporte de<\/p>\n\t\t<\/div>\n\t\t\n\t\t<a class=\"elementor-post__read-more\" href=\"https:\/\/www.logisticsautomationmadrid.com\/es\/2026\/04\/08\/el-transporte-advierte-del-riesgo-de-desabastecimiento-y-perdida-de-rentabilidad-ante-la-implantacion-de-las-44-toneladas\/\" aria-label=\"Read more about El transporte advierte del riesgo de desabastecimiento y p\u00e9rdida de rentabilidad ante la implantaci\u00f3n de las 44 toneladas\" tabindex=\"-1\" >\n\t\t\tRead More \u00bb\t\t<\/a>\n\n\t\t\t\t<\/div>\n\t\t\t\t<\/article>\n\t\t\t\t<\/div>\n\t\t\n\t\t\t\t\t\t<\/div>\n\t\t\t\t<\/div>\n\t\t\t\t<div class=\"elementor-element elementor-element-142798d6 elementor-widget-divider--view-line elementor-widget elementor-widget-divider\" data-id=\"142798d6\" data-element_type=\"widget\" data-widget_type=\"divider.default\">\n\t\t\t\t<div class=\"elementor-widget-container\">\n\t\t\t\t\t\t\t<div class=\"elementor-divider\">\n\t\t\t<span class=\"elementor-divider-separator\">\n\t\t\t\t\t\t<\/span>\n\t\t<\/div>\n\t\t\t\t\t\t<\/div>\n\t\t\t\t<\/div>\n\t\t\t\t\t<\/div>\n\t\t<\/div>\n\t\t\t\t\t<\/div>\n\t\t<\/section>\n\t\t\t\t<section class=\"elementor-section elementor-top-section elementor-element elementor-element-49136ec elementor-section-full_width elementor-section-height-default elementor-section-height-default\" data-id=\"49136ec\" data-element_type=\"section\">\n\t\t\t\t\t\t<div class=\"elementor-container elementor-column-gap-default\">\n\t\t\t\t\t<div class=\"elementor-column elementor-col-100 elementor-top-column elementor-element elementor-element-4a08fcbd\" data-id=\"4a08fcbd\" data-element_type=\"column\">\n\t\t\t<div class=\"elementor-widget-wrap elementor-element-populated\">\n\t\t\t\t\t\t<div class=\"elementor-element elementor-element-6c1ef897 elementor-widget-divider--view-line elementor-widget elementor-widget-divider\" data-id=\"6c1ef897\" data-element_type=\"widget\" data-widget_type=\"divider.default\">\n\t\t\t\t<div class=\"elementor-widget-container\">\n\t\t\t\t\t\t\t<div class=\"elementor-divider\">\n\t\t\t<span class=\"elementor-divider-separator\">\n\t\t\t\t\t\t<\/span>\n\t\t<\/div>\n\t\t\t\t\t\t<\/div>\n\t\t\t\t<\/div>\n\t\t\t\t<div class=\"elementor-element elementor-element-67dafb1c elementor-widget elementor-widget-text-editor\" data-id=\"67dafb1c\" data-element_type=\"widget\" data-widget_type=\"text-editor.default\">\n\t\t\t\t<div class=\"elementor-widget-container\">\n\t\t\t\t\t\t\t\t\t<p><span style=\"vertical-align: inherit\"><span style=\"vertical-align: inherit\"><span style=\"vertical-align: inherit\"><span style=\"vertical-align: inherit\"><span style=\"vertical-align: inherit\"><span style=\"vertical-align: inherit\">Share this article<\/span><\/span><\/span><\/span><\/span><\/span><\/p>\t\t\t\t\t\t\t\t<\/div>\n\t\t\t\t<\/div>\n\t\t\t\t<div class=\"elementor-element elementor-element-b207622 elementor-share-buttons--view-icon elementor-share-buttons--skin-flat elementor-share-buttons--shape-circle elementor-share-buttons--color-custom elementor-grid-0 elementor-widget elementor-widget-global elementor-global-111270 elementor-widget-share-buttons\" data-id=\"b207622\" data-element_type=\"widget\" data-widget_type=\"share-buttons.default\">\n\t\t\t\t<div class=\"elementor-widget-container\">\n\t\t\t\t\t\t\t<div class=\"elementor-grid\" role=\"list\">\n\t\t\t\t\t\t\t\t<div class=\"elementor-grid-item\" role=\"listitem\">\n\t\t\t\t\t\t<div class=\"elementor-share-btn elementor-share-btn_facebook\" role=\"button\" tabindex=\"0\" aria-label=\"Share on facebook\">\n\t\t\t\t\t\t\t\t\t\t\t\t\t\t\t<span class=\"elementor-share-btn__icon\">\n\t\t\t\t\t\t\t\t<i class=\"fab fa-facebook\" aria-hidden=\"true\"><\/i>\t\t\t\t\t\t\t<\/span>\n\t\t\t\t\t\t\t\t\t\t\t\t\t\t\t\t\t\t\t\t<\/div>\n\t\t\t\t\t<\/div>\n\t\t\t\t\t\t\t\t\t<div class=\"elementor-grid-item\" role=\"listitem\">\n\t\t\t\t\t\t<div class=\"elementor-share-btn elementor-share-btn_twitter\" role=\"button\" tabindex=\"0\" aria-label=\"Share on twitter\">\n\t\t\t\t\t\t\t\t\t\t\t\t\t\t\t<span class=\"elementor-share-btn__icon\">\n\t\t\t\t\t\t\t\t<i class=\"fab fa-twitter\" aria-hidden=\"true\"><\/i>\t\t\t\t\t\t\t<\/span>\n\t\t\t\t\t\t\t\t\t\t\t\t\t\t\t\t\t\t\t\t<\/div>\n\t\t\t\t\t<\/div>\n\t\t\t\t\t\t\t\t\t<div class=\"elementor-grid-item\" role=\"listitem\">\n\t\t\t\t\t\t<div class=\"elementor-share-btn elementor-share-btn_linkedin\" role=\"button\" tabindex=\"0\" aria-label=\"Share on linkedin\">\n\t\t\t\t\t\t\t\t\t\t\t\t\t\t\t<span class=\"elementor-share-btn__icon\">\n\t\t\t\t\t\t\t\t<i class=\"fab fa-linkedin\" aria-hidden=\"true\"><\/i>\t\t\t\t\t\t\t<\/span>\n\t\t\t\t\t\t\t\t\t\t\t\t\t\t\t\t\t\t\t\t<\/div>\n\t\t\t\t\t<\/div>\n\t\t\t\t\t\t<\/div>\n\t\t\t\t\t\t<\/div>\n\t\t\t\t<\/div>\n\t\t\t\t\t<\/div>\n\t\t<\/div>\n\t\t\t\t\t<\/div>\n\t\t<\/section>\n\t\t\t\t<\/div>\n\t\t","protected":false},"excerpt":{"rendered":"<p>T&amp;D:&nbsp;Cu\u00e9ntanos Rut Garc\u00eda, \u00bfqu\u00e9 es Marcotran y cu\u00e1l es tu d\u00eda a d\u00eda como responsable de Marketing, Comunicaci\u00f3n y Responsabilidad Social Corporativa? Rut:&nbsp;Marcotran es un operador log\u00edstico internacional con presencia en m\u00e1s de 40 pa\u00edses, conm\u00e1s de 1.600 empleados y m\u00e1s de 2.400 veh\u00edculos. Esta dimensi\u00f3n hace quevivamos en constante cambio, tanto por normativas como [&hellip;]<\/p>\n","protected":false},"author":927,"featured_media":140389,"comment_status":"closed","ping_status":"open","sticky":false,"template":"","format":"standard","meta":{"_seopress_robots_primary_cat":"none","_seopress_titles_title":"Especial Transport &amp; Delivery con Marcotran","_seopress_titles_desc":"Especial Transport &amp; Delivery con Marcotran","_seopress_robots_index":"","footnotes":""},"categories":[1330],"tags":[2478,2329,674],"edition":[],"class_list":["post-140365","post","type-post","status-publish","format-standard","has-post-thumbnail","hentry","category-transport-delivery","tag-especial-transport-delivery-con-marcotrans","tag-td","tag-transporte"],"_links":{"self":[{"href":"https:\/\/www.logisticsautomationmadrid.com\/es\/wp-json\/wp\/v2\/posts\/140365","targetHints":{"allow":["GET"]}}],"collection":[{"href":"https:\/\/www.logisticsautomationmadrid.com\/es\/wp-json\/wp\/v2\/posts"}],"about":[{"href":"https:\/\/www.logisticsautomationmadrid.com\/es\/wp-json\/wp\/v2\/types\/post"}],"author":[{"embeddable":true,"href":"https:\/\/www.logisticsautomationmadrid.com\/es\/wp-json\/wp\/v2\/users\/927"}],"replies":[{"embeddable":true,"href":"https:\/\/www.logisticsautomationmadrid.com\/es\/wp-json\/wp\/v2\/comments?post=140365"}],"version-history":[{"count":5,"href":"https:\/\/www.logisticsautomationmadrid.com\/es\/wp-json\/wp\/v2\/posts\/140365\/revisions"}],"predecessor-version":[{"id":140965,"href":"https:\/\/www.logisticsautomationmadrid.com\/es\/wp-json\/wp\/v2\/posts\/140365\/revisions\/140965"}],"wp:featuredmedia":[{"embeddable":true,"href":"https:\/\/www.logisticsautomationmadrid.com\/es\/wp-json\/wp\/v2\/media\/140389"}],"wp:attachment":[{"href":"https:\/\/www.logisticsautomationmadrid.com\/es\/wp-json\/wp\/v2\/media?parent=140365"}],"wp:term":[{"taxonomy":"category","embeddable":true,"href":"https:\/\/www.logisticsautomationmadrid.com\/es\/wp-json\/wp\/v2\/categories?post=140365"},{"taxonomy":"post_tag","embeddable":true,"href":"https:\/\/www.logisticsautomationmadrid.com\/es\/wp-json\/wp\/v2\/tags?post=140365"},{"taxonomy":"edition","embeddable":true,"href":"https:\/\/www.logisticsautomationmadrid.com\/es\/wp-json\/wp\/v2\/edition?post=140365"}],"curies":[{"name":"wp","href":"https:\/\/api.w.org\/{rel}","templated":true}]}}