{"id":143541,"date":"2024-06-26T17:39:36","date_gmt":"2024-06-26T15:39:36","guid":{"rendered":"https:\/\/www.logisticsautomationmadrid.com\/?p=143541"},"modified":"2024-06-26T17:40:59","modified_gmt":"2024-06-26T15:40:59","slug":"empack-y-logistics-automation-madrid-calientan-motores-y-abren-el-registro-para-profesionales","status":"publish","type":"post","link":"https:\/\/www.logisticsautomationmadrid.com\/es\/2024\/06\/26\/empack-y-logistics-automation-madrid-calientan-motores-y-abren-el-registro-para-profesionales\/","title":{"rendered":"EMPACK Y LOGISTICS &amp; AUTOMATION MADRID CALIENTAN MOTORES Y ABREN EL REGISTRO PARA PROFESIONALES"},"content":{"rendered":"\t\t<div data-elementor-type=\"wp-post\" data-elementor-id=\"143541\" class=\"elementor elementor-143541\" data-elementor-post-type=\"post\">\n\t\t\t\t\t\t<section class=\"elementor-section elementor-top-section elementor-element elementor-element-0d9c4a1 elementor-section-stretched elementor-section-boxed elementor-section-height-default elementor-section-height-default\" data-id=\"0d9c4a1\" data-element_type=\"section\" data-settings=\"{&quot;background_background&quot;:&quot;classic&quot;,&quot;stretch_section&quot;:&quot;section-stretched&quot;}\">\n\t\t\t\t\t\t<div class=\"elementor-container elementor-column-gap-default\">\n\t\t\t\t\t<div class=\"elementor-column elementor-col-100 elementor-top-column elementor-element elementor-element-ac57cca\" data-id=\"ac57cca\" data-element_type=\"column\">\n\t\t\t<div class=\"elementor-widget-wrap elementor-element-populated\">\n\t\t\t\t\t\t<section class=\"elementor-section elementor-inner-section elementor-element elementor-element-8781f24 elementor-reverse-tablet elementor-reverse-mobile elementor-section-boxed elementor-section-height-default elementor-section-height-default\" data-id=\"8781f24\" data-element_type=\"section\" data-settings=\"{&quot;background_background&quot;:&quot;classic&quot;}\">\n\t\t\t\t\t\t<div class=\"elementor-container elementor-column-gap-wide\">\n\t\t\t\t\t<div class=\"elementor-column elementor-col-100 elementor-inner-column elementor-element elementor-element-9015fb7\" data-id=\"9015fb7\" data-element_type=\"column\" data-settings=\"{&quot;background_background&quot;:&quot;classic&quot;}\">\n\t\t\t<div class=\"elementor-widget-wrap elementor-element-populated\">\n\t\t\t\t\t\t<div class=\"elementor-element elementor-element-5d63bc9 elementor-widget elementor-widget-theme-post-title elementor-page-title elementor-widget-heading\" data-id=\"5d63bc9\" data-element_type=\"widget\" data-widget_type=\"theme-post-title.default\">\n\t\t\t\t<div class=\"elementor-widget-container\">\n\t\t\t\t\t<h1 class=\"elementor-heading-title elementor-size-default\">EMPACK Y LOGISTICS &amp; AUTOMATION MADRID CALIENTAN MOTORES Y ABREN EL REGISTRO PARA PROFESIONALES<\/h1>\t\t\t\t<\/div>\n\t\t\t\t<\/div>\n\t\t\t\t<div class=\"elementor-element elementor-element-57db44c elementor-align-left elementor-widget elementor-widget-post-info\" data-id=\"57db44c\" data-element_type=\"widget\" data-widget_type=\"post-info.default\">\n\t\t\t\t<div class=\"elementor-widget-container\">\n\t\t\t\t\t\t\t<ul class=\"elementor-inline-items elementor-icon-list-items elementor-post-info\">\n\t\t\t\t\t\t\t\t<li class=\"elementor-icon-list-item elementor-repeater-item-62990f6 elementor-inline-item\" itemprop=\"datePublished\">\n\t\t\t\t\t\t<a href=\"https:\/\/www.logisticsautomationmadrid.com\/es\/2024\/06\/26\/\">\n\t\t\t\t\t\t\t\t\t\t\t<span class=\"elementor-icon-list-icon\">\n\t\t\t\t\t\t\t\t<i aria-hidden=\"true\" class=\"fas fa-calendar\"><\/i>\t\t\t\t\t\t\t<\/span>\n\t\t\t\t\t\t\t\t\t<span class=\"elementor-icon-list-text elementor-post-info__item elementor-post-info__item--type-date\">\n\t\t\t\t\t\t\t\t\t\t<time>junio 26, 2024<\/time>\t\t\t\t\t<\/span>\n\t\t\t\t\t\t\t\t\t<\/a>\n\t\t\t\t<\/li>\n\t\t\t\t<\/ul>\n\t\t\t\t\t\t<\/div>\n\t\t\t\t<\/div>\n\t\t\t\t\t<\/div>\n\t\t<\/div>\n\t\t\t\t\t<\/div>\n\t\t<\/section>\n\t\t\t\t<section class=\"elementor-section elementor-inner-section elementor-element elementor-element-a0a9333 elementor-section-boxed elementor-section-height-default elementor-section-height-default\" data-id=\"a0a9333\" data-element_type=\"section\" data-settings=\"{&quot;background_background&quot;:&quot;classic&quot;}\">\n\t\t\t\t\t\t<div class=\"elementor-container elementor-column-gap-default\">\n\t\t\t\t\t<div class=\"elementor-column elementor-col-100 elementor-inner-column elementor-element elementor-element-d9003a5\" data-id=\"d9003a5\" data-element_type=\"column\">\n\t\t\t<div class=\"elementor-widget-wrap elementor-element-populated\">\n\t\t\t\t\t\t<div class=\"elementor-element elementor-element-b8fbe78 elementor-widget elementor-widget-text-editor\" data-id=\"b8fbe78\" data-element_type=\"widget\" data-widget_type=\"text-editor.default\">\n\t\t\t\t<div class=\"elementor-widget-container\">\n\t\t\t\t\t\t\t\t\t<ul><li><strong>Ambos eventos, referentes a nivel nacional para los sectores del packaging, la log\u00edstica y el transporte se celebrar\u00e1n de forma simult\u00e1nea los d\u00edas 27 y 28 de noviembre en los pabellones 5 y 7 de IFEMA.<\/strong><\/li><\/ul><ul><li><strong>M\u00e1s del 85% de las empresas expositoras ya est\u00e1n confirmadas, destacando en esta edici\u00f3n la incorporaci\u00f3n de un gran n\u00famero de nuevas firmas y la ampliaci\u00f3n del espacio expositivo en un 15% en comparaci\u00f3n con el pasado a\u00f1o.<\/strong><\/li><li><strong>Destaca, entre las novedades de esta edici\u00f3n, el lanzamiento de Logistic &amp; Industrial Build, un nuevo espacio dirigido en exclusiva a la edificaci\u00f3n log\u00edstica e industrial, que estar\u00e1 ubicado junto a Logistics &amp; Automation en el pabell\u00f3n 7.<\/strong><\/li><\/ul><p><strong>Madrid, 26 de junio de 2024.<\/strong>\u00a0Las nuevas ediciones de Empack y Logistics &amp; Automation, las ferias de referencia en los sectores del packaging, la log\u00edstica y el transporte en Espa\u00f1a organizadas por Easyfairs, ya han abierto su plazo de inscripci\u00f3n para los visitantes. Ambos eventos se celebrar\u00e1n de forma conjunta en IFEMA, en Madrid, los d\u00edas 27 y 28 de noviembre, y conformar\u00e1n un punto de encuentro perfecto para profesionales y empresas que buscan mantenerse a la vanguardia de las \u00faltimas novedades en la industria log\u00edstica, del transporte y del packaging, creando un entorno de trabajo colaborativo ideal.<\/p><p>Entre las novedades de la edici\u00f3n se encuentra Logistic &amp; Industrial Build, el nuevo espacio dirigido a la edificaci\u00f3n log\u00edstica e industrial, que dar\u00e1 respuesta a la creciente demanda de soluciones especializadas en la construcci\u00f3n de infraestructuras log\u00edsticas e industriales y que estar\u00e1 ubicado junto a Logistics &amp; Automation en el pabell\u00f3n 7.<\/p><p>La inscripci\u00f3n para los 3 eventos es gratuita y ya se puede hacer efectiva a trav\u00e9s de la web de\u00a0<a href=\"https:\/\/register.visitcloud.com\/survey\/0a9ohr42assqh?actioncode=EVER1\" data-cmp-ab=\"2\">Empack<\/a>, de\u00a0<a href=\"https:\/\/register.visitcloud.com\/survey\/20mnyija46s2v?actioncode=EVER1\" data-cmp-ab=\"2\">Logistics &amp; Automation<\/a>\u00a0o de\u00a0<a href=\"https:\/\/register.visitcloud.com\/survey\/07gg1sd7rfrfh?actioncode=EVER1\" data-cmp-ab=\"2\">Logistic &amp; Industrial Build<\/a>, siendo necesario un \u00fanico registro para acceder a las tres ferias. \u00a0<\/p><p>Los visitantes tendr\u00e1n acceso a los m\u00e1s de 23.000m2 de superficie expositiva total, un 15% m\u00e1s que en la pasada edici\u00f3n. De ellos, m\u00e1s del 85% est\u00e1 ya reservado. Igualmente, los visitantes podr\u00e1n disfrutar de un amplio programa de contenidos, que reunir\u00e1 en 8 salas de congreso a m\u00e1s de 250 ponentes expertos en packaging, log\u00edstica, transporte y edificaci\u00f3n log\u00edstica e industrial.<\/p><p>Adem\u00e1s, la programaci\u00f3n incluir\u00e1 la entrega de diferentes galardones, entre ellos, los Premios L\u00edderes de la Log\u00edstica, organizados por UNO Log\u00edstica y que reconocen a las mejores y m\u00e1s innovadoras pr\u00e1cticas en la log\u00edstica de las empresas y su aportaci\u00f3n en la competitividad empresarial. Tambi\u00e9n se llevar\u00e1 a cabo la III edici\u00f3n de los galardones Talento y Log\u00edstica de Foro de Log\u00edstica, que premian las buenas pr\u00e1cticas en gesti\u00f3n y desarrollo de talento dentro de las empresas del sector, y finalmente la III edici\u00f3n de los premios Truck Friendly Movement, organizados por ACE Cargadores y dirigido a las buenas pr\u00e1cticas en el transporte de mercanc\u00edas.<\/p><p>Como espacios novedosos de esta edici\u00f3n se incluyen tambi\u00e9n la nueva iniciativa en colaboraci\u00f3n con Aebrand (Asociaci\u00f3n Espa\u00f1ola de Branding) que permitir\u00e1 poner en valor el trabajo desarrollado por j\u00f3venes dise\u00f1adores, promoviendo as\u00ed el talento emergente en el sector del pacakging. Tambi\u00e9n, en el caso de Logistics &amp; Automation, se crear\u00e1 un nuevo espacio; Logistics LAB, que estar\u00e1 dedicado a la realizaci\u00f3n de workshops y talleres inmersivos, que proporcionar\u00e1n una experiencia interactiva y formativa sobre las \u00faltimas tendencias y tecnolog\u00edas en log\u00edstica.<\/p><blockquote><p><em>\u201cEn esta edici\u00f3n, Empack y Logistics &amp; Automation consolidan su posici\u00f3n como eventos clave en sus respectivos sectores, al tiempo que introducen innovaciones significativas que, sin duda, enriquecer\u00e1n la experiencia de participantes y asistentes por igual. Estamos seguros de que los visitantes encontrar\u00e1n en este encuentro un espacio perfecto para el networking, la colaboraci\u00f3n empresarial y el intercambio de ideas, impulsando as\u00ed el avance de ambos sectores. En este sentido, estamos profundamente agradecidos a nuestros socios, patrocinadores y expositores por su confianza y su continuo apoyo y compromiso para hacer de estas ferias un \u00e9xito a\u00f1o tras a\u00f1o\u201d<\/em>, ha destacado Oscar Barranco, director general de Easyfairs Iberia.\u00a0<\/p><\/blockquote><p><strong>Logistic &amp; Industrial Build, la gran novedad<\/strong><\/p><p>Lo m\u00e1s novedoso de la pr\u00f3xima edici\u00f3n de Empack y Logistics &amp; Automation es sin duda la incorporaci\u00f3n de Logistic &amp; Industrial Build, la \u00fanica feria en Espa\u00f1a dedicada espec\u00edficamente a la edificaci\u00f3n log\u00edstica e industrial. La celebraci\u00f3n de estos eventos de forma conjunta dar\u00e1 lugar a un espacio con grandes sinergias en el que los visitantes podr\u00e1n explorar una amplia gama de productos y servicios relacionados con la cadena de suministro; desde el embalaje, la automatizaci\u00f3n, la intralog\u00edstica y el transporte, hasta las \u00faltimas soluciones que est\u00e1n transformando la construcci\u00f3n de naves log\u00edsticas e industriales.<\/p><p>El p\u00fablico objetivo de esta feria abarca responsables de expansi\u00f3n, facility y asset managers, arquitectos, directores de operaciones o responsables de proyectos de infraestructura que est\u00e9n buscando nuevas soluciones constructivas, as\u00ed como socios comerciales para el desarrollo de nuevos proyectos. Algunas de las empresas que ya han confirmado su participaci\u00f3n en el evento son Panattoni, Newdock, Prologis, Cubic, AGR Integral, Indupavi, Angel Mir, Inkema, Magnoventa, Locabri o Tecna, a falta de futuras incorporaciones. Esta diversidad de expositores, unida a la existencia de espacios de congreso y networking durante el evento, garantiza una oferta completa y variada, atendiendo a todas las necesidades espec\u00edficas de la construcci\u00f3n log\u00edstica e industrial.\u00a0<\/p><p><strong>Sobre Empack y Logistics &amp; Automation<\/strong><\/p><p>Organizadas por Easyfairs, Empack y Logistics &amp; Automation son las ferias de referencia sobre innovaci\u00f3n en el packaging, log\u00edstica y transporte. La edici\u00f3n de 2023 bati\u00f3 todos los r\u00e9cords, registrando la asistencia de 10.644 visitantes \u00fanicos, un incremento del 6% respecto a la edici\u00f3n anterior, y generando 38.361 interacciones comerciales. M\u00e1s del 85% de las empresas expositoras ya est\u00e1n confirmadas para la edici\u00f3n de 2024, destacando en esta edici\u00f3n la incorporaci\u00f3n de un gran n\u00famero de nuevas firmas y la ampliaci\u00f3n del espacio expositivo en un 15% en comparaci\u00f3n con el pasado a\u00f1o.<\/p><p>En lo que respecta a Empack, cont\u00f3 con un total de 150 empresas expositoras del sector del packaging, con especial foco en aspectos como la automatizaci\u00f3n, la rob\u00f3tica y la sostenibilidad. Logistics &amp; Automation, por su parte, cont\u00f3 con m\u00e1s de 210 empresas expositoras relacionadas con \u00e1reas de la log\u00edstica y la automatizaci\u00f3n.<\/p><p><em>\u201cEn esta edici\u00f3n, Empack y Logistics &amp; Automation consolidan su posici\u00f3n como eventos clave en sus respectivos sectores, al tiempo que introducen innovaciones significativas que, sin duda, enriquecer\u00e1n la experiencia de participantes y asistentes por igual. Estamos seguros de que los visitantes encontrar\u00e1n en este encuentro un espacio perfecto para el networking, la colaboraci\u00f3n empresarial y el intercambio de ideas, impulsando as\u00ed el avance de ambos sectores. En este sentido, estamos profundamente agradecidos a nuestros socios, patrocinadores y expositores por su confianza y su continuo apoyo y compromiso para hacer de estas ferias un \u00e9xito a\u00f1o tras a\u00f1o\u201d<\/em>, ha destacado Oscar Barranco, director general de Easyfairs Iberia.\u00a0<\/p><p><strong>Sobre Easyfairs<\/strong><\/p><p>Easyfairs organiza eventos siendo puntos\u00a0<strong>de encuentro para las comunidades<\/strong>\u00a0que<strong>\u00a0deseen visitar el futuro.<\/strong><\/p><p>Actualmente organizamos 110 eventos presenciales en 12 pa\u00edses (Argelia, B\u00e9lgica, Finlandia, Francia, Alemania, Italia, Pa\u00edses Bajos, Portugal, Espa\u00f1a, Suecia, Suiza y Reino Unido) y gestionamos ocho recintos feriales en B\u00e9lgica, Holanda y Suecia (Amberes, Gante, Malinas-Bruselas Norte, Namur, Gorinchem, Hardenberg, Malm\u00f6 y Estocolmo).<\/p><p>Nos apasiona \u201cfacilitar\u201d la vida de nuestros clientes y aumentar el retorno de su inversi\u00f3n y de su tiempo a trav\u00e9s de nuestras f\u00f3rmulas integrales (all-in), tecnolog\u00eda avanzada y estrategia centrada en el cliente.\u00a0<strong>Nuestra oferta digital<\/strong>\u00a0<strong>adem\u00e1s brinda<\/strong>\u00a0a estas comunidades excelentes oportunidades\u00a0<strong>para establecer contactos de manera efectiva y hacer negocios durante<\/strong>\u00a0todo el a\u00f1o.\u00a0<\/p><p>El Grupo Easyfairs emplea a m\u00e1s de 800 talentos altamente comprometidos, implementa las mejores herramientas de marketing y tecnolog\u00eda y desarrolla marcas con un fuerte atractivo para nuestros stakeholders.<\/p><p>Por sexto a\u00f1o consecutivo, en 2024, Deloitte otorg\u00f3 nuevamente a Easyfairs el estatus de \u201cBest Managed Company\u201d.<\/p><p>Estamos orgullosos de figurar como el 11\u00ba organizador de ferias del mundo, seg\u00fan la clasificaci\u00f3n anual realizada por STAX Consulting.<\/p><p>Visita el futuro con Easyfairs y consulta m\u00e1s informaci\u00f3n en\u00a0<a href=\"http:\/\/www.easyfairsgroup.com\/\" data-cmp-ab=\"2\">www.easyfairsgroup.com<\/a><\/p>\t\t\t\t\t\t\t\t<\/div>\n\t\t\t\t<\/div>\n\t\t\t\t\t<\/div>\n\t\t<\/div>\n\t\t\t\t\t<\/div>\n\t\t<\/section>\n\t\t\t\t<section class=\"elementor-section elementor-inner-section elementor-element elementor-element-379e76a elementor-section-boxed elementor-section-height-default elementor-section-height-default\" data-id=\"379e76a\" data-element_type=\"section\" data-settings=\"{&quot;background_background&quot;:&quot;classic&quot;}\">\n\t\t\t\t\t\t<div class=\"elementor-container elementor-column-gap-wide\">\n\t\t\t\t\t<div class=\"elementor-column elementor-col-100 elementor-inner-column elementor-element elementor-element-5362b5b\" data-id=\"5362b5b\" data-element_type=\"column\" data-settings=\"{&quot;background_background&quot;:&quot;classic&quot;}\">\n\t\t\t<div class=\"elementor-widget-wrap elementor-element-populated\">\n\t\t\t\t\t\t<div class=\"elementor-element elementor-element-08e580d elementor-widget elementor-widget-heading\" data-id=\"08e580d\" data-element_type=\"widget\" data-widget_type=\"heading.default\">\n\t\t\t\t<div class=\"elementor-widget-container\">\n\t\t\t\t\t<p class=\"elementor-heading-title elementor-size-default\">Compartir<\/p>\t\t\t\t<\/div>\n\t\t\t\t<\/div>\n\t\t\t\t<div class=\"elementor-element elementor-element-707fd25 elementor-share-buttons--view-icon elementor-share-buttons--shape-circle elementor-share-buttons--color-custom elementor-share-buttons--skin-minimal elementor-grid-0 elementor-widget elementor-widget-share-buttons\" data-id=\"707fd25\" data-element_type=\"widget\" data-widget_type=\"share-buttons.default\">\n\t\t\t\t<div class=\"elementor-widget-container\">\n\t\t\t\t\t\t\t<div class=\"elementor-grid\" role=\"list\">\n\t\t\t\t\t\t\t\t<div class=\"elementor-grid-item\" role=\"listitem\">\n\t\t\t\t\t\t<div class=\"elementor-share-btn elementor-share-btn_email\" role=\"button\" tabindex=\"0\" aria-label=\"Share on email\">\n\t\t\t\t\t\t\t\t\t\t\t\t\t\t\t<span class=\"elementor-share-btn__icon\">\n\t\t\t\t\t\t\t\t<i class=\"fas fa-envelope\" aria-hidden=\"true\"><\/i>\t\t\t\t\t\t\t<\/span>\n\t\t\t\t\t\t\t\t\t\t\t\t\t\t\t\t\t\t\t\t<\/div>\n\t\t\t\t\t<\/div>\n\t\t\t\t\t\t\t\t\t<div class=\"elementor-grid-item\" role=\"listitem\">\n\t\t\t\t\t\t<div class=\"elementor-share-btn elementor-share-btn_twitter\" role=\"button\" tabindex=\"0\" aria-label=\"Share on twitter\">\n\t\t\t\t\t\t\t\t\t\t\t\t\t\t\t<span class=\"elementor-share-btn__icon\">\n\t\t\t\t\t\t\t\t<i class=\"fab fa-twitter\" aria-hidden=\"true\"><\/i>\t\t\t\t\t\t\t<\/span>\n\t\t\t\t\t\t\t\t\t\t\t\t\t\t\t\t\t\t\t\t<\/div>\n\t\t\t\t\t<\/div>\n\t\t\t\t\t\t\t\t\t<div class=\"elementor-grid-item\" role=\"listitem\">\n\t\t\t\t\t\t<div class=\"elementor-share-btn elementor-share-btn_linkedin\" role=\"button\" tabindex=\"0\" aria-label=\"Share on linkedin\">\n\t\t\t\t\t\t\t\t\t\t\t\t\t\t\t<span class=\"elementor-share-btn__icon\">\n\t\t\t\t\t\t\t\t<i class=\"fab fa-linkedin\" aria-hidden=\"true\"><\/i>\t\t\t\t\t\t\t<\/span>\n\t\t\t\t\t\t\t\t\t\t\t\t\t\t\t\t\t\t\t\t<\/div>\n\t\t\t\t\t<\/div>\n\t\t\t\t\t\t\t\t\t<div class=\"elementor-grid-item\" role=\"listitem\">\n\t\t\t\t\t\t<div class=\"elementor-share-btn elementor-share-btn_whatsapp\" role=\"button\" tabindex=\"0\" aria-label=\"Share on whatsapp\">\n\t\t\t\t\t\t\t\t\t\t\t\t\t\t\t<span class=\"elementor-share-btn__icon\">\n\t\t\t\t\t\t\t\t<i class=\"fab fa-whatsapp\" aria-hidden=\"true\"><\/i>\t\t\t\t\t\t\t<\/span>\n\t\t\t\t\t\t\t\t\t\t\t\t\t\t\t\t\t\t\t\t<\/div>\n\t\t\t\t\t<\/div>\n\t\t\t\t\t\t<\/div>\n\t\t\t\t\t\t<\/div>\n\t\t\t\t<\/div>\n\t\t\t\t\t<\/div>\n\t\t<\/div>\n\t\t\t\t\t<\/div>\n\t\t<\/section>\n\t\t\t\t\t<\/div>\n\t\t<\/div>\n\t\t\t\t\t<\/div>\n\t\t<\/section>\n\t\t\t\t<\/div>\n\t\t","protected":false},"excerpt":{"rendered":"<p>Ambos eventos, referentes a nivel nacional para los sectores del packaging, la log\u00edstica y el transporte se celebrar\u00e1n de forma simult\u00e1nea los d\u00edas 27 y 28 de noviembre en los pabellones 5 y 7 de IFEMA. M\u00e1s del 85% de las empresas expositoras ya est\u00e1n confirmadas, destacando en esta edici\u00f3n la incorporaci\u00f3n de un gran [&hellip;]<\/p>\n","protected":false},"author":927,"featured_media":0,"comment_status":"open","ping_status":"open","sticky":false,"template":"elementor_header_footer","format":"standard","meta":{"_seopress_robots_primary_cat":"none","_seopress_titles_title":"EEMPACK Y LOGISTICS &amp; AUTOMATION MADRID CALIENTAN MOTORES Y ABREN EL REGISTRO PARA PROFESIONALES","_seopress_titles_desc":"EMPACK Y LOGISTICS &amp; AUTOMATION MADRID CALIENTAN MOTORES Y ABREN EL REGISTRO PARA PROFESIONALES","_seopress_robots_index":"","footnotes":""},"categories":[343],"tags":[1981,852,955,2482,597],"edition":[],"class_list":["post-143541","post","type-post","status-publish","format-standard","hentry","category-notas-de-prensa","tag-easyfairs","tag-ferias","tag-industria","tag-motores","tag-sostenibilidad"],"_links":{"self":[{"href":"https:\/\/www.logisticsautomationmadrid.com\/es\/wp-json\/wp\/v2\/posts\/143541","targetHints":{"allow":["GET"]}}],"collection":[{"href":"https:\/\/www.logisticsautomationmadrid.com\/es\/wp-json\/wp\/v2\/posts"}],"about":[{"href":"https:\/\/www.logisticsautomationmadrid.com\/es\/wp-json\/wp\/v2\/types\/post"}],"author":[{"embeddable":true,"href":"https:\/\/www.logisticsautomationmadrid.com\/es\/wp-json\/wp\/v2\/users\/927"}],"replies":[{"embeddable":true,"href":"https:\/\/www.logisticsautomationmadrid.com\/es\/wp-json\/wp\/v2\/comments?post=143541"}],"version-history":[{"count":5,"href":"https:\/\/www.logisticsautomationmadrid.com\/es\/wp-json\/wp\/v2\/posts\/143541\/revisions"}],"predecessor-version":[{"id":143552,"href":"https:\/\/www.logisticsautomationmadrid.com\/es\/wp-json\/wp\/v2\/posts\/143541\/revisions\/143552"}],"wp:attachment":[{"href":"https:\/\/www.logisticsautomationmadrid.com\/es\/wp-json\/wp\/v2\/media?parent=143541"}],"wp:term":[{"taxonomy":"category","embeddable":true,"href":"https:\/\/www.logisticsautomationmadrid.com\/es\/wp-json\/wp\/v2\/categories?post=143541"},{"taxonomy":"post_tag","embeddable":true,"href":"https:\/\/www.logisticsautomationmadrid.com\/es\/wp-json\/wp\/v2\/tags?post=143541"},{"taxonomy":"edition","embeddable":true,"href":"https:\/\/www.logisticsautomationmadrid.com\/es\/wp-json\/wp\/v2\/edition?post=143541"}],"curies":[{"name":"wp","href":"https:\/\/api.w.org\/{rel}","templated":true}]}}