{"id":145127,"date":"2024-07-10T09:04:10","date_gmt":"2024-07-10T07:04:10","guid":{"rendered":"https:\/\/www.logisticsautomationmadrid.com\/?p=145127"},"modified":"2024-07-10T09:08:22","modified_gmt":"2024-07-10T07:08:22","slug":"apce-y-afe-culminan-con-exito-su-segundo-congreso-celebrado-del-3-al-6-de-julio-en-bec","status":"publish","type":"post","link":"https:\/\/www.logisticsautomationmadrid.com\/es\/2024\/07\/10\/apce-y-afe-culminan-con-exito-su-segundo-congreso-celebrado-del-3-al-6-de-julio-en-bec\/","title":{"rendered":"APCE y AFE culminan con \u00e9xito su segundo congreso celebrado del 3 al 6 de julio en BEC"},"content":{"rendered":"\t\t<div data-elementor-type=\"wp-post\" data-elementor-id=\"145127\" class=\"elementor elementor-145127\" data-elementor-post-type=\"post\">\n\t\t\t\t\t\t<section class=\"elementor-section elementor-top-section elementor-element elementor-element-0d9c4a1 elementor-section-stretched elementor-section-boxed elementor-section-height-default elementor-section-height-default\" data-id=\"0d9c4a1\" data-element_type=\"section\" data-settings=\"{&quot;background_background&quot;:&quot;classic&quot;,&quot;stretch_section&quot;:&quot;section-stretched&quot;}\">\n\t\t\t\t\t\t<div class=\"elementor-container elementor-column-gap-default\">\n\t\t\t\t\t<div class=\"elementor-column elementor-col-100 elementor-top-column elementor-element elementor-element-ac57cca\" data-id=\"ac57cca\" data-element_type=\"column\">\n\t\t\t<div class=\"elementor-widget-wrap elementor-element-populated\">\n\t\t\t\t\t\t<section class=\"elementor-section elementor-inner-section elementor-element elementor-element-8781f24 elementor-reverse-tablet elementor-reverse-mobile elementor-section-boxed elementor-section-height-default elementor-section-height-default\" data-id=\"8781f24\" data-element_type=\"section\" data-settings=\"{&quot;background_background&quot;:&quot;classic&quot;}\">\n\t\t\t\t\t\t<div class=\"elementor-container elementor-column-gap-wide\">\n\t\t\t\t\t<div class=\"elementor-column elementor-col-100 elementor-inner-column elementor-element elementor-element-9015fb7\" data-id=\"9015fb7\" data-element_type=\"column\" data-settings=\"{&quot;background_background&quot;:&quot;classic&quot;}\">\n\t\t\t<div class=\"elementor-widget-wrap elementor-element-populated\">\n\t\t\t\t\t\t<div class=\"elementor-element elementor-element-5d63bc9 elementor-widget elementor-widget-theme-post-title elementor-page-title elementor-widget-heading\" data-id=\"5d63bc9\" data-element_type=\"widget\" data-widget_type=\"theme-post-title.default\">\n\t\t\t\t<div class=\"elementor-widget-container\">\n\t\t\t\t\t<h1 class=\"elementor-heading-title elementor-size-default\">APCE y AFE culminan con \u00e9xito su segundo congreso celebrado del 3 al 6 de julio en BEC<\/h1>\t\t\t\t<\/div>\n\t\t\t\t<\/div>\n\t\t\t\t<div class=\"elementor-element elementor-element-57db44c elementor-align-left elementor-widget elementor-widget-post-info\" data-id=\"57db44c\" data-element_type=\"widget\" data-widget_type=\"post-info.default\">\n\t\t\t\t<div class=\"elementor-widget-container\">\n\t\t\t\t\t\t\t<ul class=\"elementor-inline-items elementor-icon-list-items elementor-post-info\">\n\t\t\t\t\t\t\t\t<li class=\"elementor-icon-list-item elementor-repeater-item-62990f6 elementor-inline-item\" itemprop=\"datePublished\">\n\t\t\t\t\t\t<a href=\"https:\/\/www.logisticsautomationmadrid.com\/es\/2024\/07\/10\/\">\n\t\t\t\t\t\t\t\t\t\t\t<span class=\"elementor-icon-list-icon\">\n\t\t\t\t\t\t\t\t<i aria-hidden=\"true\" class=\"fas fa-calendar\"><\/i>\t\t\t\t\t\t\t<\/span>\n\t\t\t\t\t\t\t\t\t<span class=\"elementor-icon-list-text elementor-post-info__item elementor-post-info__item--type-date\">\n\t\t\t\t\t\t\t\t\t\t<time>julio 10, 2024<\/time>\t\t\t\t\t<\/span>\n\t\t\t\t\t\t\t\t\t<\/a>\n\t\t\t\t<\/li>\n\t\t\t\t<\/ul>\n\t\t\t\t\t\t<\/div>\n\t\t\t\t<\/div>\n\t\t\t\t\t<\/div>\n\t\t<\/div>\n\t\t\t\t\t<\/div>\n\t\t<\/section>\n\t\t\t\t<section class=\"elementor-section elementor-inner-section elementor-element elementor-element-a0a9333 elementor-section-boxed elementor-section-height-default elementor-section-height-default\" data-id=\"a0a9333\" data-element_type=\"section\" data-settings=\"{&quot;background_background&quot;:&quot;classic&quot;}\">\n\t\t\t\t\t\t<div class=\"elementor-container elementor-column-gap-default\">\n\t\t\t\t\t<div class=\"elementor-column elementor-col-100 elementor-inner-column elementor-element elementor-element-d9003a5\" data-id=\"d9003a5\" data-element_type=\"column\">\n\t\t\t<div class=\"elementor-widget-wrap elementor-element-populated\">\n\t\t\t\t\t\t<div class=\"elementor-element elementor-element-b8fbe78 elementor-widget elementor-widget-text-editor\" data-id=\"b8fbe78\" data-element_type=\"widget\" data-widget_type=\"text-editor.default\">\n\t\t\t\t<div class=\"elementor-widget-container\">\n\t\t\t\t\t\t\t\t\t<p><strong>El segundo congreso conjunto de la Asociaci\u00f3n de Ferias Espa\u00f1olas (AFE) y de la Asociaci\u00f3n de Palacios de Congresos de Espa\u00f1a (APCE) finaliz\u00f3 el 6 de julio con un balance muy positivo y con un alto nivel de satisfacci\u00f3n de sus asistentes.<\/strong><\/p><p><br \/><strong>El evento, que ten\u00eda como claim \u201clegados que transforman\u201d, ha contado con ceca de 240 participantes, siendo su principal objetivo destacar el impacto positivo de los congresos y ferias comerciales.<\/strong><\/p><p><br \/>9 de julio de 2024.- El II Congreso conjunto AFE-APCE se ha celebrado del 3 al 6 de julio en las instalaciones de Bilbao Exhibition Centre. Organizado por la Asociaci\u00f3n de Ferias Espa\u00f1olas (AFE) y por la Asociaci\u00f3n de Palacios de Congresos de Espa\u00f1a (APCE), en colaboraci\u00f3n con BEC, ha congregado a alrededor de 240 participantes.<br \/>El II Congreso AFE-APCE, bajo el lema \u201cLegados que transforman; Congresos y ferias: el impacto m\u00e1s all\u00e1 del evento\u201d, ha reunido a representantes del sector ferial y de los palacios de congresos mayoritariamente de procedencia nacional, teniendo como meta crear sinergias, estimular el fortalecimiento del sector y desarrollar estrategias para lograr un mayor impacto econ\u00f3mico. El programa de contenidos inclu\u00eda temas fundamentales como son: el efecto econ\u00f3mico y social del MICE, lo que valoran los clientes al elegir un recinto o un palacio de congresos, la Inteligencia Artificial, la gesti\u00f3n integral del marketing, la gesti\u00f3n y retenci\u00f3n del talento, el liderazgo, la sostenibilidad o las compras y contrataciones como factor estrat\u00e9gico.<br \/>A modo de s\u00edntesis y balance del contenido formal del congreso, cabe se\u00f1alar lo siguiente:<br \/>o<br \/>Respecto al legado de los eventos, Oliver Wykes, COO de WindEurope, se centr\u00f3 en la importancia de la industria e\u00f3lica como sector sostenible y su enfoque en la formaci\u00f3n e innovaci\u00f3n para un futuro m\u00e1s verde.<br \/>o<br \/>Sobre el efecto econ\u00f3mico y social del MICE, \u00e9ste, adem\u00e1s de tener un impacto directo, indirecto e inducido durante los eventos, tambi\u00e9n transforma el destino a largo plazo.<br \/>o<br \/>Las mesas sobre \u201cqu\u00e9 valora un organizador de congresos para elegir un palacio de congresos\u201d y \u201cun organizador de ferias respecto a un recinto ferial\u201d, cabe decir que valoran la flexibilidad, la buena comunicaci\u00f3n y capacidad de transformar la experiencia del asistente que puedan ofrecer, as\u00ed como las infraestructuras o los costes. Pero adem\u00e1s se est\u00e1n incorporando poco a poco otros factores como la sostenibilidad.<br \/>o<br \/>Con relaci\u00f3n a la IA como factor de cambio disruptivo y oportunidad para el sector, se vio c\u00f3mo la inteligencia artificial presenta oportunidades disruptivas para el sector, mejorando la gesti\u00f3n de datos y optimizando procesos para la organizaci\u00f3n de eventos.<br \/>o<br \/>En el congreso se expusieron varios ejemplos de la utilizaci\u00f3n de la IA en ferias y congresos. La IA se podr\u00eda utilizar en ambos casos para mejorar la productividad, gestionar aforos, ofrecer asistentes virtuales y optimizar la organizaci\u00f3n y la seguridad.<br \/>o<br \/>Bajo el t\u00edtulo \u201cla gesti\u00f3n del marketing integral de una entidad deportiva\u201d, Jorge Garc\u00eda, director de marketing y Comercial del Valencia CF, destac\u00f3 la importancia de la gesti\u00f3n de los datos para la personalizaci\u00f3n e indic\u00f3 que la estrategia del club deportivo se basaba en tres pilares: el estilo de vida mediterr\u00e1neo, la academia como referente y el entretenimiento. Tambi\u00e9n ofreci\u00f3 claves para una buena gesti\u00f3n de los patrocinios.<\/p><p>o<br \/>Amparo Garc\u00eda, CEO de Zeus, habl\u00f3 sobre la importancia de la atracci\u00f3n, gesti\u00f3n y retenci\u00f3n del talento, aportando ejemplos de su empresa relacionados con las condiciones laborales singulares y la relaci\u00f3n e implicaci\u00f3n de los recursos humanos en la misma.<br \/>o<br \/>El panel sobre \u201cqu\u00e9 estamos haciendo en materia de sostenibilidad\u201d permiti\u00f3 ver que somos un sector concienciado, que estamos llevando a cabo m\u00faltiples acciones, aunque todav\u00eda falta mucho por hacer. Tanto APCE como AFE han creado comisiones de trabajo y se est\u00e1 avanzando en temas como la formaci\u00f3n en materia de sostenibilidad y la autoevaluaci\u00f3n, que nos ha de permitir dirigirnos a unos objetivos alcanzables y concretos.<br \/>o<br \/>Respecto a la mesa sobre \u201clas compras y contrataciones como factor estrat\u00e9gico\u201c, se puso de manifiesto su importancia en materia de competitividad para las organizaciones feriales y los palacios de congresos y para ofrecer buenos servicios a los clientes internos y externos. Se analizaron diferentes aspectos desde un enfoque jur\u00eddico en funci\u00f3n del perfil de la organizaci\u00f3n.<br \/>o<br \/>Pedro Pablo Ramos, formador especialista en desarrollo de personas, equipos y organizaciones, detall\u00f3 las claves del liderazgo para el buen funcionamiento de las empresas centr\u00e1ndolo en 7 conceptos clave.<br \/>o<br \/>Por \u00faltimo, Maitena Salinas, maestra de ceremonias del congreso, junto a Sylvia Andr\u00e9s, presidenta de APCE, y a Xabier Basa\u00f1ez, presidente de AFE, expusieron resumidamente las conclusiones m\u00e1s relevantes del evento, dando por cerrado el programa de conferencias y mesas redondas. El evento, adem\u00e1s, cont\u00f3 con espacios para el networking, la colaboraci\u00f3n y la generaci\u00f3n de negocio, as\u00ed como un destacado programa social en cada una de las jornadas, muy bien valorado por los asistentes: una visita guiada al estadio San Mam\u00e9s y c\u00f3ctel de bienvenida, visita guiada y cena oficial del congreso en el museo Guggenheim, paseo en barco por la zona centro de Bilbao, desde el puente del Ayuntamiento a la Ribera de Zorrotzaurre y cena en el caf\u00e9 Iru\u00f1a y, como actividad postcongreso, visita guiada al Puente Bizkaia, exhibici\u00f3n \u00abHerri Kirolak\u00bb en el Front\u00f3n Andra Mari de Algorta (Getxo) y almuerzo en el restaurante La Ola en la playa de Ereaga, asimismo en Getxo. En el marco de la cena oficial del congreso, en el museo Guggenheim, se hizo entrega de los premios de APCE y de AFE. El de APCE recay\u00f3 en AECOC (Asociaci\u00f3n Espa\u00f1ola de Codificaci\u00f3n Comercial), que fue recogido por su director de Desarrollo, Jordi Cuatrecasas. El de AFE fue otorgado al Grupo Marva, empresa que celebra este a\u00f1o su 70\u00ba Aniversario, cuyo galard\u00f3n fue recibido por sus consejeros delegados, Ignacio y Joaqu\u00edn Cabral. Ambas asociaciones entregaron asimismo una placa a Xabier Basa\u00f1ez, director general de BEC, en reconocimiento al trabajo de todo el equipo para el \u00e9xito del congreso y por la celebraci\u00f3n del 20\u00ba Aniversario de su actual recinto ferial. Relacionado con el claim del congreso, Legados que trasforman, destacar que se hizo una donaci\u00f3n de 2.000 euros, aportados voluntariamente por los congresistas y por APCE y AFE, destinados a la asociaci\u00f3n La Cuadri del Hospi, de padres de ni\u00f1os que han padecido un proceso oncol\u00f3gico en la Unidad de Oncolog\u00eda Infantil del Hospital Universitario de Cruces-Barakaldo. Patrocinios y apoyo institucional El evento estuvo patrocinado por diferentes empresas e instituciones. En la categor\u00eda Platino: ASC\u00c9NDER, BOSCH, FLUGE Audiovisuales, Grupo MARVA, Montoro OR, Ondoan, On Site, S.L. y Panasonic Connect. En la categor\u00eda Oro: AURMAN, BIDICO, Extreme Networks, IberStand, Grupo Iru\u00f1a, Master Silla, Premium y Telesonic. En la categor\u00eda de colaboradores: CONTRASTE, Grupo Alse, Grupo Intermedio, IDOM, ISS, Kaiku Caf\u00e9 Latte y Xeria. Los media partners del evento fueron el Grupo Punto MICE y Eventoplus. Y el congreso cont\u00f3 asimismo con varios patrocinadores institucionales: el Gobierno Vasco, la Diputaci\u00f3n Foral de Bizkaia, el Ayuntamiento de Bilbao, el Ayuntamiento de Barakaldo y la C\u00e1mara de Comercio de Bilbao. La informaci\u00f3n del congreso est\u00e1 disponible en el sitio web www.congresoafeapce.com incluyendo el programa de contenidos, las actividades paralelas, formas de participaci\u00f3n, patrocinios e informaci\u00f3n pr\u00e1ctica, entre otras.<\/p><p><br \/>La Asociaci\u00f3n de Palacios de Congresos de Espa\u00f1a (APCE) se fund\u00f3 en 1995 para poner en marcha acciones comunes encaminadas a poner en valor la figura de los Palacios de Congresos como espacio f\u00edsico y estructura organizativa, que act\u00faa como eje vertebrador del turismo de congresos y reuniones en Espa\u00f1a. Igualmente, busca permitir el intercambio de experiencias e ideas, as\u00ed como elaborar propuestas y acuerdos con las administraciones. En la actualidad forman parte de la Asociaci\u00f3n 33 Palacios de Congresos.<\/p><p><br \/>La Asociaci\u00f3n de Ferias Espa\u00f1olas (AFE) es una entidad sin \u00e1nimo de lucro que se constituy\u00f3 en 1964, cuenta actualmente con 39 miembros asociados y representa al sector ferial en Espa\u00f1a y a nivel internacional. En materia de actividad ferial, Espa\u00f1a se encuentra entre los principales pa\u00edses de Europa, junto con Alemania, Francia, Italia y Reino Unido.<\/p>\t\t\t\t\t\t\t\t<\/div>\n\t\t\t\t<\/div>\n\t\t\t\t\t<\/div>\n\t\t<\/div>\n\t\t\t\t\t<\/div>\n\t\t<\/section>\n\t\t\t\t<section class=\"elementor-section elementor-inner-section elementor-element elementor-element-379e76a elementor-section-boxed elementor-section-height-default elementor-section-height-default\" data-id=\"379e76a\" data-element_type=\"section\" data-settings=\"{&quot;background_background&quot;:&quot;classic&quot;}\">\n\t\t\t\t\t\t<div class=\"elementor-container elementor-column-gap-wide\">\n\t\t\t\t\t<div class=\"elementor-column elementor-col-100 elementor-inner-column elementor-element elementor-element-5362b5b\" data-id=\"5362b5b\" data-element_type=\"column\" data-settings=\"{&quot;background_background&quot;:&quot;classic&quot;}\">\n\t\t\t<div class=\"elementor-widget-wrap elementor-element-populated\">\n\t\t\t\t\t\t<div class=\"elementor-element elementor-element-08e580d elementor-widget elementor-widget-heading\" data-id=\"08e580d\" data-element_type=\"widget\" data-widget_type=\"heading.default\">\n\t\t\t\t<div class=\"elementor-widget-container\">\n\t\t\t\t\t<p class=\"elementor-heading-title elementor-size-default\">Compartir<\/p>\t\t\t\t<\/div>\n\t\t\t\t<\/div>\n\t\t\t\t<div class=\"elementor-element elementor-element-707fd25 elementor-share-buttons--view-icon elementor-share-buttons--shape-circle elementor-share-buttons--color-custom elementor-share-buttons--skin-minimal elementor-grid-0 elementor-widget elementor-widget-share-buttons\" data-id=\"707fd25\" data-element_type=\"widget\" data-widget_type=\"share-buttons.default\">\n\t\t\t\t<div class=\"elementor-widget-container\">\n\t\t\t\t\t\t\t<div class=\"elementor-grid\" role=\"list\">\n\t\t\t\t\t\t\t\t<div class=\"elementor-grid-item\" role=\"listitem\">\n\t\t\t\t\t\t<div class=\"elementor-share-btn elementor-share-btn_email\" role=\"button\" tabindex=\"0\" aria-label=\"Share on email\">\n\t\t\t\t\t\t\t\t\t\t\t\t\t\t\t<span class=\"elementor-share-btn__icon\">\n\t\t\t\t\t\t\t\t<i class=\"fas fa-envelope\" aria-hidden=\"true\"><\/i>\t\t\t\t\t\t\t<\/span>\n\t\t\t\t\t\t\t\t\t\t\t\t\t\t\t\t\t\t\t\t<\/div>\n\t\t\t\t\t<\/div>\n\t\t\t\t\t\t\t\t\t<div class=\"elementor-grid-item\" role=\"listitem\">\n\t\t\t\t\t\t<div class=\"elementor-share-btn elementor-share-btn_twitter\" role=\"button\" tabindex=\"0\" aria-label=\"Share on twitter\">\n\t\t\t\t\t\t\t\t\t\t\t\t\t\t\t<span class=\"elementor-share-btn__icon\">\n\t\t\t\t\t\t\t\t<i class=\"fab fa-twitter\" aria-hidden=\"true\"><\/i>\t\t\t\t\t\t\t<\/span>\n\t\t\t\t\t\t\t\t\t\t\t\t\t\t\t\t\t\t\t\t<\/div>\n\t\t\t\t\t<\/div>\n\t\t\t\t\t\t\t\t\t<div class=\"elementor-grid-item\" role=\"listitem\">\n\t\t\t\t\t\t<div class=\"elementor-share-btn elementor-share-btn_linkedin\" role=\"button\" tabindex=\"0\" aria-label=\"Share on linkedin\">\n\t\t\t\t\t\t\t\t\t\t\t\t\t\t\t<span class=\"elementor-share-btn__icon\">\n\t\t\t\t\t\t\t\t<i class=\"fab fa-linkedin\" aria-hidden=\"true\"><\/i>\t\t\t\t\t\t\t<\/span>\n\t\t\t\t\t\t\t\t\t\t\t\t\t\t\t\t\t\t\t\t<\/div>\n\t\t\t\t\t<\/div>\n\t\t\t\t\t\t\t\t\t<div class=\"elementor-grid-item\" role=\"listitem\">\n\t\t\t\t\t\t<div class=\"elementor-share-btn elementor-share-btn_whatsapp\" role=\"button\" tabindex=\"0\" aria-label=\"Share on whatsapp\">\n\t\t\t\t\t\t\t\t\t\t\t\t\t\t\t<span class=\"elementor-share-btn__icon\">\n\t\t\t\t\t\t\t\t<i class=\"fab fa-whatsapp\" aria-hidden=\"true\"><\/i>\t\t\t\t\t\t\t<\/span>\n\t\t\t\t\t\t\t\t\t\t\t\t\t\t\t\t\t\t\t\t<\/div>\n\t\t\t\t\t<\/div>\n\t\t\t\t\t\t<\/div>\n\t\t\t\t\t\t<\/div>\n\t\t\t\t<\/div>\n\t\t\t\t\t<\/div>\n\t\t<\/div>\n\t\t\t\t\t<\/div>\n\t\t<\/section>\n\t\t\t\t\t<\/div>\n\t\t<\/div>\n\t\t\t\t\t<\/div>\n\t\t<\/section>\n\t\t\t\t<\/div>\n\t\t","protected":false},"excerpt":{"rendered":"<p>El segundo congreso conjunto de la Asociaci\u00f3n de Ferias Espa\u00f1olas (AFE) y de la Asociaci\u00f3n de Palacios de Congresos de Espa\u00f1a (APCE) finaliz\u00f3 el 6 de julio con un balance muy positivo y con un alto nivel de satisfacci\u00f3n de sus asistentes. El evento, que ten\u00eda como claim \u201clegados que transforman\u201d, ha contado con ceca [&hellip;]<\/p>\n","protected":false},"author":135,"featured_media":0,"comment_status":"open","ping_status":"open","sticky":false,"template":"elementor_header_footer","format":"standard","meta":{"_seopress_robots_primary_cat":"none","_seopress_titles_title":"APCE y AFE culminan con \u00e9xito su segundo congreso celebrado del 3 al 6 de julio en BEC","_seopress_titles_desc":"El II Congreso AFE-APCE, bajo el lema \u201cLegados que transforman; Congresos y ferias: el impacto m\u00e1s all\u00e1 del evento\u201d, ha reunido a...","_seopress_robots_index":"","footnotes":""},"categories":[343],"tags":[1934,1004,1981,852,955],"edition":[],"class_list":["post-145127","post","type-post","status-publish","format-standard","hentry","category-notas-de-prensa","tag-bec","tag-congreso","tag-easyfairs","tag-ferias","tag-industria"],"_links":{"self":[{"href":"https:\/\/www.logisticsautomationmadrid.com\/es\/wp-json\/wp\/v2\/posts\/145127","targetHints":{"allow":["GET"]}}],"collection":[{"href":"https:\/\/www.logisticsautomationmadrid.com\/es\/wp-json\/wp\/v2\/posts"}],"about":[{"href":"https:\/\/www.logisticsautomationmadrid.com\/es\/wp-json\/wp\/v2\/types\/post"}],"author":[{"embeddable":true,"href":"https:\/\/www.logisticsautomationmadrid.com\/es\/wp-json\/wp\/v2\/users\/135"}],"replies":[{"embeddable":true,"href":"https:\/\/www.logisticsautomationmadrid.com\/es\/wp-json\/wp\/v2\/comments?post=145127"}],"version-history":[{"count":5,"href":"https:\/\/www.logisticsautomationmadrid.com\/es\/wp-json\/wp\/v2\/posts\/145127\/revisions"}],"predecessor-version":[{"id":145142,"href":"https:\/\/www.logisticsautomationmadrid.com\/es\/wp-json\/wp\/v2\/posts\/145127\/revisions\/145142"}],"wp:attachment":[{"href":"https:\/\/www.logisticsautomationmadrid.com\/es\/wp-json\/wp\/v2\/media?parent=145127"}],"wp:term":[{"taxonomy":"category","embeddable":true,"href":"https:\/\/www.logisticsautomationmadrid.com\/es\/wp-json\/wp\/v2\/categories?post=145127"},{"taxonomy":"post_tag","embeddable":true,"href":"https:\/\/www.logisticsautomationmadrid.com\/es\/wp-json\/wp\/v2\/tags?post=145127"},{"taxonomy":"edition","embeddable":true,"href":"https:\/\/www.logisticsautomationmadrid.com\/es\/wp-json\/wp\/v2\/edition?post=145127"}],"curies":[{"name":"wp","href":"https:\/\/api.w.org\/{rel}","templated":true}]}}