{"id":149831,"date":"2024-09-04T12:59:50","date_gmt":"2024-09-04T10:59:50","guid":{"rendered":"https:\/\/www.logisticsautomationmadrid.com\/?p=149831"},"modified":"2024-09-04T13:09:38","modified_gmt":"2024-09-04T11:09:38","slug":"logistics-automation-acogera-la-v-edicion-de-los-premios-lideres-de-la-logistica-organizados-junto-a-uno","status":"publish","type":"post","link":"https:\/\/www.logisticsautomationmadrid.com\/es\/2024\/09\/04\/logistics-automation-acogera-la-v-edicion-de-los-premios-lideres-de-la-logistica-organizados-junto-a-uno\/","title":{"rendered":"LOGISTICS &amp; AUTOMATION ACOGER\u00c1 LA V EDICI\u00d3N DE LOS PREMIOS L\u00cdDERES DE LA LOG\u00cdSTICA, ORGANIZADOS JUNTO A UNO"},"content":{"rendered":"\t\t<div data-elementor-type=\"wp-post\" data-elementor-id=\"149831\" class=\"elementor elementor-149831\" data-elementor-post-type=\"post\">\n\t\t\t\t\t\t<section class=\"elementor-section elementor-top-section elementor-element elementor-element-0d9c4a1 elementor-section-stretched elementor-section-boxed elementor-section-height-default elementor-section-height-default\" data-id=\"0d9c4a1\" data-element_type=\"section\" data-settings=\"{&quot;background_background&quot;:&quot;classic&quot;,&quot;stretch_section&quot;:&quot;section-stretched&quot;}\">\n\t\t\t\t\t\t<div class=\"elementor-container elementor-column-gap-default\">\n\t\t\t\t\t<div class=\"elementor-column elementor-col-100 elementor-top-column elementor-element elementor-element-ac57cca\" data-id=\"ac57cca\" data-element_type=\"column\">\n\t\t\t<div class=\"elementor-widget-wrap elementor-element-populated\">\n\t\t\t\t\t\t<section class=\"elementor-section elementor-inner-section elementor-element elementor-element-8781f24 elementor-reverse-tablet elementor-reverse-mobile elementor-section-boxed elementor-section-height-default elementor-section-height-default\" data-id=\"8781f24\" data-element_type=\"section\" data-settings=\"{&quot;background_background&quot;:&quot;classic&quot;}\">\n\t\t\t\t\t\t<div class=\"elementor-container elementor-column-gap-wide\">\n\t\t\t\t\t<div class=\"elementor-column elementor-col-100 elementor-inner-column elementor-element elementor-element-9015fb7\" data-id=\"9015fb7\" data-element_type=\"column\" data-settings=\"{&quot;background_background&quot;:&quot;classic&quot;}\">\n\t\t\t<div class=\"elementor-widget-wrap elementor-element-populated\">\n\t\t\t\t\t\t<div class=\"elementor-element elementor-element-5d63bc9 elementor-widget elementor-widget-theme-post-title elementor-page-title elementor-widget-heading\" data-id=\"5d63bc9\" data-element_type=\"widget\" data-widget_type=\"theme-post-title.default\">\n\t\t\t\t<div class=\"elementor-widget-container\">\n\t\t\t\t\t<h1 class=\"elementor-heading-title elementor-size-default\">LOGISTICS &amp; AUTOMATION ACOGER\u00c1 LA V EDICI\u00d3N DE LOS PREMIOS L\u00cdDERES DE LA LOG\u00cdSTICA, ORGANIZADOS JUNTO A UNO<\/h1>\t\t\t\t<\/div>\n\t\t\t\t<\/div>\n\t\t\t\t<div class=\"elementor-element elementor-element-57db44c elementor-align-left elementor-widget elementor-widget-post-info\" data-id=\"57db44c\" data-element_type=\"widget\" data-widget_type=\"post-info.default\">\n\t\t\t\t<div class=\"elementor-widget-container\">\n\t\t\t\t\t\t\t<ul class=\"elementor-inline-items elementor-icon-list-items elementor-post-info\">\n\t\t\t\t\t\t\t\t<li class=\"elementor-icon-list-item elementor-repeater-item-62990f6 elementor-inline-item\" itemprop=\"datePublished\">\n\t\t\t\t\t\t<a href=\"https:\/\/www.logisticsautomationmadrid.com\/es\/2024\/09\/04\/\">\n\t\t\t\t\t\t\t\t\t\t\t<span class=\"elementor-icon-list-icon\">\n\t\t\t\t\t\t\t\t<i aria-hidden=\"true\" class=\"fas fa-calendar\"><\/i>\t\t\t\t\t\t\t<\/span>\n\t\t\t\t\t\t\t\t\t<span class=\"elementor-icon-list-text elementor-post-info__item elementor-post-info__item--type-date\">\n\t\t\t\t\t\t\t\t\t\t<time>septiembre 4, 2024<\/time>\t\t\t\t\t<\/span>\n\t\t\t\t\t\t\t\t\t<\/a>\n\t\t\t\t<\/li>\n\t\t\t\t<\/ul>\n\t\t\t\t\t\t<\/div>\n\t\t\t\t<\/div>\n\t\t\t\t\t<\/div>\n\t\t<\/div>\n\t\t\t\t\t<\/div>\n\t\t<\/section>\n\t\t\t\t<section class=\"elementor-section elementor-inner-section elementor-element elementor-element-a0a9333 elementor-section-boxed elementor-section-height-default elementor-section-height-default\" data-id=\"a0a9333\" data-element_type=\"section\" data-settings=\"{&quot;background_background&quot;:&quot;classic&quot;}\">\n\t\t\t\t\t\t<div class=\"elementor-container elementor-column-gap-default\">\n\t\t\t\t\t<div class=\"elementor-column elementor-col-100 elementor-inner-column elementor-element elementor-element-d9003a5\" data-id=\"d9003a5\" data-element_type=\"column\">\n\t\t\t<div class=\"elementor-widget-wrap elementor-element-populated\">\n\t\t\t\t\t\t<div class=\"elementor-element elementor-element-b8fbe78 elementor-widget elementor-widget-text-editor\" data-id=\"b8fbe78\" data-element_type=\"widget\" data-widget_type=\"text-editor.default\">\n\t\t\t\t<div class=\"elementor-widget-container\">\n\t\t\t\t\t\t\t\t\t<ul><li><strong>Las 7 categor\u00edas de los premios destacan <\/strong><strong>las dimensiones m\u00e1s relevantes del sector, <\/strong><strong>poniendo en valor<\/strong><strong> la capacidad transformadora e innovadora de la log\u00edstica,<\/strong><strong> as\u00ed como su<\/strong><strong> esfuerzo en <\/strong><strong>sostenibilidad, emprendimiento <\/strong><strong>e internacionalizaci\u00f3n<\/strong><strong>, entre otras.<\/strong><\/li><li><strong>El plazo de presentaci\u00f3n de las candidaturas estar\u00e1 abierto hasta el 18 de octubre de 2024, con un jurado compuesto por miembros de la Junta Directiva de UNO, que integra a los CEOs de las empresas m\u00e1s renombradas del sector. <\/strong><\/li><li><strong>Estos premios tambi\u00e9n buscan promover el reconocimiento social, econ\u00f3mico y sectorial de la actividad log\u00edstica y del transporte en el marco de la econom\u00eda del pa\u00eds. <\/strong><\/li><\/ul><p>\u00a0<\/p><p><strong>4 de septiembre de 2024.<\/strong><\/p><p>Logistics &amp; Automation, la feria l\u00edder en log\u00edstica e intralog\u00edstica en Espa\u00f1a, organizada por Easyfairs, ha renovado su acuerdo colaborativo con UNO, la Organizaci\u00f3n Empresarial de Log\u00edstica y Transporte en Espa\u00f1a. A trav\u00e9s de esta alianza, ambas entidades organizar\u00e1n la V Edici\u00f3n de los Premios L\u00cdDERES de la Log\u00edstica, cuya ceremonia de entrega se llevar\u00e1 a cabo el 27 de noviembre a las 12:30h en el pabell\u00f3n 7 de IFEMA, en Madrid. Estos reconocidos galardones, que nuevamente contar\u00e1n con Mercedes-Benz Espa\u00f1a como patrocinador oficial, premian las mejores y m\u00e1s innovadoras pr\u00e1cticas en la log\u00edstica de empresas y reconocen su aportaci\u00f3n a la competitividad empresarial. Adem\u00e1s, buscan promover el reconocimiento social, econ\u00f3mico y sectorial de la actividad log\u00edstica y del transporte en el marco de la econom\u00eda del pa\u00eds.<\/p><p><strong>Oscar Barranco, director general de Easyfairs Iberia<\/strong>, valora la renovaci\u00f3n de este acuerdo y la posibilidad de organizar estos premios un a\u00f1o m\u00e1s de manera conjunta: <em>\u201cEstos galardones se han convertido en todo un referente en la industria, algo que no habr\u00eda sido posible sin la colaboraci\u00f3n de nuestro socio estrat\u00e9gico UNO. Por ello, estamos muy contentos de poder seguir celebrando juntos los logros de todas aquellas empresas que est\u00e1n marcando la diferencia y liderando el camino hacia un futuro m\u00e1s eficiente y tecnol\u00f3gico en la log\u00edstica\u201d. \u00a0<\/em><\/p><p><em>\u201cEstos premios, unidos a la celebraci\u00f3n de la feria Logistics &amp; Automation, son el altavoz perfecto para dar a conocer las \u00faltimas tendencias en innovaci\u00f3n y automatizaci\u00f3n log\u00edstica, al tiempo que crean espacios ideales para el networking entre profesionales y empresas que persiguen el mismo objetivo\u201d<\/em>, ha a\u00f1adido Oscar.<\/p><p>Por su parte, el<strong> presidente de UNO, Francisco Aranda<\/strong>, ha mostrado su satisfacci\u00f3n por la renovaci\u00f3n, por quinto a\u00f1o consecutivo, de este acuerdo con Logistics &amp; Automation: <em>\u201cSe trata de una alianza estrat\u00e9gica para nuestra Organizaci\u00f3n, pues esta feria constituye uno de los mejores escenarios posibles en los que reconocer las mejores y m\u00e1s innovadoras pr\u00e1cticas de las empresas que utilizan la log\u00edstica como palanca de competitividad, eficiencia, innovaci\u00f3n y desarrollo econ\u00f3mico\u201d. <\/em><\/p><p><em>\u201cLos Premios UNO son ya una cita ineludible en el calendario log\u00edstico anual, pues congregan a una amplia red de profesionales de primer nivel, que comparten el objetivo de impulsar la competitividad de nuestra actividad esencial. Adem\u00e1s, permiten fomentar el networking, establecer sinergias y multiplicar las oportunidades de negocio. Estoy convencido de que seguiremos cosechando \u00e9xitos dentro de esta feria, y contribuyendo conjuntamente a seguir impulsando el desarrollo de la log\u00edstica y el transporte en nuestro pa\u00eds\u201d,<\/em> ha concluido Aranda.<\/p><p><strong>Candidaturas a los Premios L\u00cdDERES de la Log\u00edstica 2024<\/strong><\/p><p>La V edici\u00f3n de los Premios L\u00cdDERES de la Log\u00edstica constar\u00e1 de un total de siete categor\u00edas, que abarcan las principales \u00e1reas de la industria y reconocen el esfuerzo de empresas y organizaciones log\u00edsticas en cada una:<\/p><ul><li><strong>Mercedes-Benz Log\u00edstica Sostenible:<\/strong> reconoce aquellos proyectos e iniciativas corporativas que tengan en su ADN una marcada estrategia a favor de la sostenibilidad y el cuidado medioambiental.<\/li><\/ul><p>\u00a0<\/p><ul><li><strong>Innovaci\u00f3n y emprendimiento log\u00edstico:<\/strong> valora aquellas iniciativas que est\u00e1n a la vanguardia de la innovaci\u00f3n y permiten impulsar la competitividad empresarial, liderar el cambio dentro del sector y mejorar la sociedad en su conjunto mediante la implantaci\u00f3n de soluciones innovadoras.<\/li><\/ul><p>\u00a0<\/p><ul><li><strong>Digitalizaci\u00f3n empresarial:<\/strong> se dirige a empresas cargadoras, fabricantes o distribuidoras que hayan sido capaces de optimizar su efectividad y eficiencia en log\u00edstica a trav\u00e9s de proyectos de digitalizaci\u00f3n log\u00edstica que se ajusten a las nuevas necesidades del mercado y a la cadena de suministro global.<\/li><\/ul><p>\u00a0<\/p><ul><li><strong>Internacionalizaci\u00f3n log\u00edstica:<\/strong> reconoce a las empresas con proyectos de referencia dentro del comercio exterior que, adicionalmente, permiten reactivar la econom\u00eda nacional e impulsar la Marca Espa\u00f1a.\u00a0<\/li><\/ul><p>\u00a0<\/p><ul><li><strong>Profesional Log\u00edstico del A\u00f1o:<\/strong> persigue reconocer las buenas pr\u00e1cticas de aquellos profesionales del sector que, con su trayectoria, dedicaci\u00f3n y compromiso, contribuyen a impulsar la competitividad de la log\u00edstica y el transporte, a fomentar su papel como servicio esencial y a visibilizar su importancia como palanca imprescindible para el desarrollo social y el crecimiento econ\u00f3mico de nuestro pa\u00eds.<\/li><\/ul><p>\u00a0<\/p><ul><li><strong>Comunicaci\u00f3n log\u00edstica: <\/strong>valora aquellos medios generalistas o especializados que permitan la divulgaci\u00f3n de los valores que el sector de la log\u00edstica aporta a la econom\u00eda.<\/li><\/ul><p>\u00a0<\/p><ul><li><strong>Premio Especial de la Log\u00edstica 2024:<\/strong> busca reconocer aquellas compa\u00f1\u00edas, personas o instituciones que sirven de ejemplo e inspiraci\u00f3n para el resto de actores, marcando la diferencia dentro de la sociedad, aportando soluciones reales, liderando el cambio, convirtiendo la crisis en oportunidad y superando las barreras surgidas en el marco de la pandemia.<\/li><\/ul><p><strong>\u00a0<\/strong><\/p><p><strong>Plazos de presentaci\u00f3n de candidaturas y fallo<\/strong><\/p><p>Para todos aquellas empresas, instituciones y profesionales que deseen presentar su candidatura a los Premios L\u00cdDERES de la Log\u00edstica 2024, podr\u00e1n acceder al procedimiento de inscripci\u00f3n a trav\u00e9s de la web de <a href=\"https:\/\/unologistica.org\/evento\/premios-lideres-de-la-logistica-2024\/\">UNO Log\u00edstica<\/a>.<\/p><p>El plazo de presentaci\u00f3n de las candidaturas permanecer\u00e1 abierto hasta el 18 de octubre, y el jurado de los premios estar\u00e1 compuesto por miembros de la Junta Directiva de UNO, la cual integra a los CEOs de las m\u00e1s renombradas empresas del sector. Respecto al fallo, \u00e9ste se har\u00e1 p\u00fablico el 27 de noviembre, durante la celebraci\u00f3n de la Logistics &amp; Automation, en un acto que tendr\u00e1 lugar de 12:30h a 14:30h en la sala Supply Chain<\/p><p><strong>\u00a0<\/strong><\/p><p><strong>Sobre Easyfairs <\/strong><\/p><p>Easyfairs organiza eventos siendo puntos <strong>de encuentro para las comunidades<\/strong> que<strong> deseen visitar el futuro.<\/strong><\/p><p>Actualmente organizamos 110 eventos presenciales en 12 pa\u00edses (Argelia, B\u00e9lgica, Finlandia, Francia, Alemania, Italia, Pa\u00edses Bajos, Portugal, Espa\u00f1a, Suecia, Suiza y Reino Unido) y gestionamos ocho recintos feriales en B\u00e9lgica, Holanda y Suecia (Amberes, Gante, Malinas-Bruselas Norte, Namur, Gorinchem, Hardenberg, Malm\u00f6 y Estocolmo).<\/p><p>Nos apasiona \u00abfacilitar\u00bb la vida de nuestros clientes y aumentar el retorno de su inversi\u00f3n y de su tiempo a trav\u00e9s de nuestras f\u00f3rmulas integrales (all-in), tecnolog\u00eda avanzada y estrategia centrada en el cliente. <strong>Nuestra oferta digital<\/strong> <strong>adem\u00e1s brinda<\/strong> a estas comunidades excelentes oportunidades <strong>para establecer contactos de manera efectiva y hacer negocios durante<\/strong> todo el a\u00f1o.\u00a0<\/p><p>El Grupo Easyfairs emplea a m\u00e1s de 800 talentos altamente comprometidos, implementa las mejores herramientas de marketing y tecnolog\u00eda y desarrolla marcas con un fuerte atractivo para nuestros stakeholders.<\/p><p>Por sexto a\u00f1o consecutivo, en 2024, Deloitte otorg\u00f3 nuevamente a Easyfairs el estatus de \u201cBest Managed Company\u201d.<\/p><p>Estamos orgullosos de figurar como el 11\u00ba organizador de ferias del mundo, seg\u00fan la clasificaci\u00f3n anual realizada por STAX Consulting.<\/p><p>Visita el futuro con Easyfairs y consulta m\u00e1s informaci\u00f3n en <a href=\"http:\/\/www.easyfairsgroup.com\">www.easyfairsgroup.com<\/a><\/p><p>\u00a0<\/p><p><strong>Sobre UNO<\/strong><\/p><p>UNO es la organizaci\u00f3n empresarial de los operadores de log\u00edstica y transporte, un sector que representa el 6% del PIB. Este \u00e1mbito de actividad gestiona m\u00e1s de 500 millones de env\u00edos anuales, lo que supone 5 millones de toneladas al a\u00f1o y da empleo a m\u00e1s de 950.000 trabajadores. UNO agrupa a las empresas que dise\u00f1an, organizan, gestionan y controlan los procesos de una o varias fases de la cadena de suministro.<\/p><p><strong>Para realizar el registro a las ferias: <\/strong><\/p><p>Registro Logistics &amp; Automation:<\/p><p><a href=\"https:\/\/register.visitcloud.com\/survey\/20mnyija46s2v?actioncode=EVER1\">https:\/\/register.visitcloud.com\/survey\/20mnyija46s2v?actioncode=EVER1<\/a><\/p>\t\t\t\t\t\t\t\t<\/div>\n\t\t\t\t<\/div>\n\t\t\t\t\t<\/div>\n\t\t<\/div>\n\t\t\t\t\t<\/div>\n\t\t<\/section>\n\t\t\t\t<section class=\"elementor-section elementor-inner-section elementor-element elementor-element-379e76a elementor-section-boxed elementor-section-height-default elementor-section-height-default\" data-id=\"379e76a\" data-element_type=\"section\" data-settings=\"{&quot;background_background&quot;:&quot;classic&quot;}\">\n\t\t\t\t\t\t<div class=\"elementor-container elementor-column-gap-wide\">\n\t\t\t\t\t<div class=\"elementor-column elementor-col-100 elementor-inner-column elementor-element elementor-element-5362b5b\" data-id=\"5362b5b\" data-element_type=\"column\" data-settings=\"{&quot;background_background&quot;:&quot;classic&quot;}\">\n\t\t\t<div class=\"elementor-widget-wrap elementor-element-populated\">\n\t\t\t\t\t\t<div class=\"elementor-element elementor-element-08e580d elementor-widget elementor-widget-heading\" data-id=\"08e580d\" data-element_type=\"widget\" data-widget_type=\"heading.default\">\n\t\t\t\t<div class=\"elementor-widget-container\">\n\t\t\t\t\t<p class=\"elementor-heading-title elementor-size-default\">Compartir<\/p>\t\t\t\t<\/div>\n\t\t\t\t<\/div>\n\t\t\t\t<div class=\"elementor-element elementor-element-707fd25 elementor-share-buttons--view-icon elementor-share-buttons--shape-circle elementor-share-buttons--color-custom elementor-share-buttons--skin-minimal elementor-grid-0 elementor-widget elementor-widget-share-buttons\" data-id=\"707fd25\" data-element_type=\"widget\" data-widget_type=\"share-buttons.default\">\n\t\t\t\t<div class=\"elementor-widget-container\">\n\t\t\t\t\t\t\t<div class=\"elementor-grid\" role=\"list\">\n\t\t\t\t\t\t\t\t<div class=\"elementor-grid-item\" role=\"listitem\">\n\t\t\t\t\t\t<div class=\"elementor-share-btn elementor-share-btn_email\" role=\"button\" tabindex=\"0\" aria-label=\"Share on email\">\n\t\t\t\t\t\t\t\t\t\t\t\t\t\t\t<span class=\"elementor-share-btn__icon\">\n\t\t\t\t\t\t\t\t<i class=\"fas fa-envelope\" aria-hidden=\"true\"><\/i>\t\t\t\t\t\t\t<\/span>\n\t\t\t\t\t\t\t\t\t\t\t\t\t\t\t\t\t\t\t\t<\/div>\n\t\t\t\t\t<\/div>\n\t\t\t\t\t\t\t\t\t<div class=\"elementor-grid-item\" role=\"listitem\">\n\t\t\t\t\t\t<div class=\"elementor-share-btn elementor-share-btn_twitter\" role=\"button\" tabindex=\"0\" aria-label=\"Share on twitter\">\n\t\t\t\t\t\t\t\t\t\t\t\t\t\t\t<span class=\"elementor-share-btn__icon\">\n\t\t\t\t\t\t\t\t<i class=\"fab fa-twitter\" aria-hidden=\"true\"><\/i>\t\t\t\t\t\t\t<\/span>\n\t\t\t\t\t\t\t\t\t\t\t\t\t\t\t\t\t\t\t\t<\/div>\n\t\t\t\t\t<\/div>\n\t\t\t\t\t\t\t\t\t<div class=\"elementor-grid-item\" role=\"listitem\">\n\t\t\t\t\t\t<div class=\"elementor-share-btn elementor-share-btn_linkedin\" role=\"button\" tabindex=\"0\" aria-label=\"Share on linkedin\">\n\t\t\t\t\t\t\t\t\t\t\t\t\t\t\t<span class=\"elementor-share-btn__icon\">\n\t\t\t\t\t\t\t\t<i class=\"fab fa-linkedin\" aria-hidden=\"true\"><\/i>\t\t\t\t\t\t\t<\/span>\n\t\t\t\t\t\t\t\t\t\t\t\t\t\t\t\t\t\t\t\t<\/div>\n\t\t\t\t\t<\/div>\n\t\t\t\t\t\t\t\t\t<div class=\"elementor-grid-item\" role=\"listitem\">\n\t\t\t\t\t\t<div class=\"elementor-share-btn elementor-share-btn_whatsapp\" role=\"button\" tabindex=\"0\" aria-label=\"Share on whatsapp\">\n\t\t\t\t\t\t\t\t\t\t\t\t\t\t\t<span class=\"elementor-share-btn__icon\">\n\t\t\t\t\t\t\t\t<i class=\"fab fa-whatsapp\" aria-hidden=\"true\"><\/i>\t\t\t\t\t\t\t<\/span>\n\t\t\t\t\t\t\t\t\t\t\t\t\t\t\t\t\t\t\t\t<\/div>\n\t\t\t\t\t<\/div>\n\t\t\t\t\t\t<\/div>\n\t\t\t\t\t\t<\/div>\n\t\t\t\t<\/div>\n\t\t\t\t\t<\/div>\n\t\t<\/div>\n\t\t\t\t\t<\/div>\n\t\t<\/section>\n\t\t\t\t\t<\/div>\n\t\t<\/div>\n\t\t\t\t\t<\/div>\n\t\t<\/section>\n\t\t\t\t<\/div>\n\t\t","protected":false},"excerpt":{"rendered":"<p>Las 7 categor\u00edas de los premios destacan las dimensiones m\u00e1s relevantes del sector, poniendo en valor la capacidad transformadora e innovadora de la log\u00edstica, as\u00ed como su esfuerzo en sostenibilidad, emprendimiento e internacionalizaci\u00f3n, entre otras. El plazo de presentaci\u00f3n de las candidaturas estar\u00e1 abierto hasta el 18 de octubre de 2024, con un jurado compuesto [&hellip;]<\/p>\n","protected":false},"author":927,"featured_media":0,"comment_status":"open","ping_status":"open","sticky":false,"template":"elementor_header_footer","format":"standard","meta":{"_seopress_robots_primary_cat":"none","_seopress_titles_title":"LOGISTICS &amp; AUTOMATION ACOGER\u00c1 LA V EDICI\u00d3N DE LOS PREMIOS L\u00cdDERES DE LA LOG\u00cdSTICA, ORGANIZADOS JUNTO A UNO","_seopress_titles_desc":"Las 7 categor\u00edas de los premios destacan las dimensiones m\u00e1s relevantes del sector, poniendo en valor la capacidad transformadora e innovadora de la log\u00edstica, as\u00ed como su esfuerzo en sostenibilidad, emprendimiento e internacionalizaci\u00f3n, entre otras","_seopress_robots_index":"","footnotes":""},"categories":[343],"tags":[1986,697,1095,2212,1094],"edition":[],"class_list":["post-149831","post","type-post","status-publish","format-standard","hentry","category-notas-de-prensa","tag-entrega","tag-logistics-automation","tag-premios","tag-premios-lideres-de-la-logistica","tag-uno"],"_links":{"self":[{"href":"https:\/\/www.logisticsautomationmadrid.com\/es\/wp-json\/wp\/v2\/posts\/149831","targetHints":{"allow":["GET"]}}],"collection":[{"href":"https:\/\/www.logisticsautomationmadrid.com\/es\/wp-json\/wp\/v2\/posts"}],"about":[{"href":"https:\/\/www.logisticsautomationmadrid.com\/es\/wp-json\/wp\/v2\/types\/post"}],"author":[{"embeddable":true,"href":"https:\/\/www.logisticsautomationmadrid.com\/es\/wp-json\/wp\/v2\/users\/927"}],"replies":[{"embeddable":true,"href":"https:\/\/www.logisticsautomationmadrid.com\/es\/wp-json\/wp\/v2\/comments?post=149831"}],"version-history":[{"count":5,"href":"https:\/\/www.logisticsautomationmadrid.com\/es\/wp-json\/wp\/v2\/posts\/149831\/revisions"}],"predecessor-version":[{"id":149839,"href":"https:\/\/www.logisticsautomationmadrid.com\/es\/wp-json\/wp\/v2\/posts\/149831\/revisions\/149839"}],"wp:attachment":[{"href":"https:\/\/www.logisticsautomationmadrid.com\/es\/wp-json\/wp\/v2\/media?parent=149831"}],"wp:term":[{"taxonomy":"category","embeddable":true,"href":"https:\/\/www.logisticsautomationmadrid.com\/es\/wp-json\/wp\/v2\/categories?post=149831"},{"taxonomy":"post_tag","embeddable":true,"href":"https:\/\/www.logisticsautomationmadrid.com\/es\/wp-json\/wp\/v2\/tags?post=149831"},{"taxonomy":"edition","embeddable":true,"href":"https:\/\/www.logisticsautomationmadrid.com\/es\/wp-json\/wp\/v2\/edition?post=149831"}],"curies":[{"name":"wp","href":"https:\/\/api.w.org\/{rel}","templated":true}]}}