{"id":15039,"date":"2021-04-06T17:02:34","date_gmt":"2021-04-06T15:02:34","guid":{"rendered":"https:\/\/www.logisticsautomationmadrid.com\/?p=15039"},"modified":"2022-02-14T12:45:14","modified_gmt":"2022-02-14T11:45:14","slug":"un-cafe-con-arnau-peris-director-ejecutivo-de-slimstock","status":"publish","type":"post","link":"https:\/\/www.logisticsautomationmadrid.com\/es\/2021\/04\/06\/un-cafe-con-arnau-peris-director-ejecutivo-de-slimstock\/","title":{"rendered":"\u201cUn caf\u00e9 con\u2026\u201d ARNAU PERIS, Director Ejecutivo de Slimstock"},"content":{"rendered":"\t\t<div data-elementor-type=\"wp-post\" data-elementor-id=\"15039\" class=\"elementor elementor-15039\" data-elementor-post-type=\"post\">\n\t\t\t\t\t\t<section class=\"elementor-section elementor-top-section elementor-element elementor-element-71165a61 elementor-section-boxed elementor-section-height-default elementor-section-height-default\" data-id=\"71165a61\" data-element_type=\"section\">\n\t\t\t\t\t\t<div class=\"elementor-container elementor-column-gap-default\">\n\t\t\t\t\t<div class=\"elementor-column elementor-col-50 elementor-top-column elementor-element elementor-element-365ebd54\" data-id=\"365ebd54\" data-element_type=\"column\">\n\t\t\t<div class=\"elementor-widget-wrap elementor-element-populated\">\n\t\t\t\t\t\t<div class=\"elementor-element elementor-element-08b1280 elementor-invisible elementor-widget elementor-widget-heading\" data-id=\"08b1280\" data-element_type=\"widget\" data-settings=\"{&quot;_animation&quot;:&quot;fadeIn&quot;}\" data-widget_type=\"heading.default\">\n\t\t\t\t<div class=\"elementor-widget-container\">\n\t\t\t\t\t<h1 class=\"elementor-heading-title elementor-size-default\">\u201cUn caf\u00e9 con\u2026\u201d ARNAU PERIS, Director Ejecutivo de Slimstock<\/h1>\t\t\t\t<\/div>\n\t\t\t\t<\/div>\n\t\t\t\t<div class=\"elementor-element elementor-element-74bbbca elementor-widget elementor-widget-image\" data-id=\"74bbbca\" data-element_type=\"widget\" data-widget_type=\"image.default\">\n\t\t\t\t<div class=\"elementor-widget-container\">\n\t\t\t\t\t\t\t\t\t\t\t\t<figure class=\"wp-caption\">\n\t\t\t\t\t\t\t\t\t\t<img fetchpriority=\"high\" decoding=\"async\" width=\"567\" height=\"229\" src=\"https:\/\/easyfairsassets.com\/sites\/84\/2021\/04\/arnau-con-logo.png\" class=\"attachment-large size-large wp-image-15045\" alt=\"\" srcset=\"https:\/\/easyfairsassets.com\/sites\/84\/2021\/04\/arnau-con-logo.png 567w, https:\/\/easyfairsassets.com\/sites\/84\/2021\/04\/arnau-con-logo-300x121.png 300w\" sizes=\"(max-width: 567px) 100vw, 567px\" \/>\t\t\t\t\t\t\t\t\t\t\t<figcaption class=\"widget-image-caption wp-caption-text\">Arnau Peris, Director Ejecutivo de Slimstock<\/figcaption>\n\t\t\t\t\t\t\t\t\t\t<\/figure>\n\t\t\t\t\t\t\t\t\t<\/div>\n\t\t\t\t<\/div>\n\t\t\t\t<div class=\"elementor-element elementor-element-dc6181a elementor-widget elementor-widget-text-editor\" data-id=\"dc6181a\" data-element_type=\"widget\" data-settings=\"{&quot;_animation&quot;:&quot;none&quot;}\" data-widget_type=\"text-editor.default\">\n\t\t\t\t<div class=\"elementor-widget-container\">\n\t\t\t\t\t\t\t\t\t<div class=\"col-xs-12 col-lg-offset-2 col-lg-8\"><div class=\"intro__box\"><section id=\"e4668\" class=\"b-column-content -pad-top-default -pad-bottom-default section-block\"><div class=\"custom__wrapper\"><div class=\"column-content__wrapper animate-in-bottom js-visible\" data-sr-id=\"0\"><div data-gy=\"g\"><div class=\"typ\" data-gy=\"cm-8\"><p><strong>Logistics Madrid: Echando la vista atr\u00e1s un a\u00f1o, \u00bfNotas que el sector log\u00edstico ha cambiado radicalmente debido al cambio de h\u00e1bitos de consumo de la pandemia? \u00bfQu\u00e9 avances ves que se han desarrollado?<br \/><\/strong><\/p><p>Arnau Peris: <strong>Bajo mi punto de vista, el sector log\u00edstico ha sido uno de los grandes protagonistas de la pandemia<\/strong> y, como todos los sectores, evidentemente, tambi\u00e9n ha sufrido cambios. Se podr\u00eda decir que <strong>la situaci\u00f3n<\/strong> de estr\u00e9s a la que se ha visto sometida <strong>ha evidenciado algunos problemas o carencias que ya ven\u00edan existiendo.<\/strong> En sectores esenciales, por ejemplo, la disponibilidad del producto cobr\u00f3 mucha m\u00e1s relevancia, provocando que muchas empresas vieron afectadas sus cadenas de suministro por falta de robustez.<\/p><p>Un gran avance debido a la pandemia lo hemos experimentado en el e-commerce. Si bien es cierto que la gran mayor\u00eda de las empresas ten\u00eda prevista la implantaci\u00f3n de la venta online, el COVID-19 ha forzado esta transici\u00f3n de manera impensable. <strong>Es importante, pero, tener en cuenta que vender por internet no es tan f\u00e1cil como parece y puede tener un gran impacto en los niveles de stock, su distribuci\u00f3n y su preparaci\u00f3n.<\/strong><\/p><p>Tambi\u00e9n se ha evidenciado un cambio m\u00e1s general en las empresas, ahora m\u00e1s dispuestas a invertir en gestionar de forma eficiente sus cadenas de suministro. El efecto de la demanda ha sido m\u00e1s notorio que nunca y <strong>aquellas empresas que ya dispon\u00edan de sistemas avanzados de gesti\u00f3n de la cadena de suministro han podido responder con mayor agilidad a la situaci\u00f3n y, por consiguiente, han salido m\u00e1s beneficiadas de ella.<\/strong><\/p><\/div><\/div><\/div><\/div><\/section><\/div><\/div>\t\t\t\t\t\t\t\t<\/div>\n\t\t\t\t<\/div>\n\t\t\t\t<div class=\"elementor-element elementor-element-d144592 elementor-widget elementor-widget-text-editor\" data-id=\"d144592\" data-element_type=\"widget\" data-settings=\"{&quot;_animation&quot;:&quot;none&quot;}\" data-widget_type=\"text-editor.default\">\n\t\t\t\t<div class=\"elementor-widget-container\">\n\t\t\t\t\t\t\t\t\t<div class=\"col-xs-12 col-lg-offset-2 col-lg-8\"><div class=\"intro__box\"><section id=\"e4668\" class=\"b-column-content -pad-top-default -pad-bottom-default section-block\"><div class=\"custom__wrapper\"><div class=\"column-content__wrapper animate-in-bottom js-visible\" data-sr-id=\"0\"><div data-gy=\"g\"><div class=\"typ\" data-gy=\"cm-8\"><p><strong>LM:\u00a0 Y ahora mirando al futuro, \u00bfCu\u00e1les son los retos que crees que a\u00fan quedan por afrontar? \u00bfQu\u00e9 rumbo crees que tomar\u00e1 el futuro del sector? <br \/><\/strong><\/p><p>AP: <strong>El mayor reto que tiene el sector es predecir cual va a ser el modelo de consumo que se acabar\u00e1 implantado una vez hayamos superado esta crisis sanitaria<\/strong>. Parece l\u00f3gico que la tendencia va hacia un incremento de la venta online, pero, <strong>en mi opini\u00f3n, la gente querr\u00e1 vivir de nuevo la experiencia de la compra f\u00edsica<\/strong>. Volver a salir, ver y tocar el producto. Recuperar esta rutina de la cual ha estado apartada durante meses.<br \/>Pienso que la tendencia va hacia un modelo h\u00edbrido. <strong>Las empresas deben estar preparadas para ofrecer una experiencia completa online y presencial y focalizarse en el servicio al cliente<\/strong>. De hecho, hace ya a\u00f1os que los debates del sector se centran en poner al cliente en el centro de la gesti\u00f3n. Y, ahora, se le a\u00f1ade entender qu\u00e9 necesita y en qu\u00e9 momento.<br \/><br \/>Por otro lado, tenemos la necesidad de dar un paso adelante en tecnolog\u00eda, para que esta siempre vaya por delante de las personas. <strong>Las empresas deber\u00edan invertir en tecnolog\u00eda aplicada directa<\/strong>, aquella que les aporte beneficios a corto plazo, pero con una mirada puesta a medio y largo plazo. Con conocimiento del sector, puedo decir que <strong>nosotros hemos notado un incremento en las empresas que quieren invertir en la implantaci\u00f3n de sistemas tecnol\u00f3gicos punteros<\/strong> para obtener soluciones r\u00e1pidas, eficaces y que les permitan aumentar su competitividad.<\/p><\/div><\/div><\/div><\/div><\/section><\/div><\/div>\t\t\t\t\t\t\t\t<\/div>\n\t\t\t\t<\/div>\n\t\t\t\t<div class=\"elementor-element elementor-element-f3f9056 elementor-widget elementor-widget-text-editor\" data-id=\"f3f9056\" data-element_type=\"widget\" data-settings=\"{&quot;_animation&quot;:&quot;none&quot;}\" data-widget_type=\"text-editor.default\">\n\t\t\t\t<div class=\"elementor-widget-container\">\n\t\t\t\t\t\t\t\t\t<div class=\"col-xs-12 col-lg-offset-2 col-lg-8\"><div class=\"intro__box\"><section id=\"e4668\" class=\"b-column-content -pad-top-default -pad-bottom-default section-block\"><div class=\"custom__wrapper\"><div class=\"column-content__wrapper animate-in-bottom js-visible\" data-sr-id=\"0\"><div data-gy=\"g\"><div class=\"typ\" data-gy=\"cm-8\"><p><strong>LM: De la respuesta del sector al COVID-19 \u00bfEn qu\u00e9 aspectos crees que se ha respondido bien y qu\u00e9 cosas creen que se podr\u00edan haber hecho mejor<br \/><\/strong><\/p><p>AP: En mi opini\u00f3n, el sector ha respondido incluso mejor de lo que se pod\u00eda esperar. Esta ha sido una situaci\u00f3n nueva para todos, y las empresas han tenido que hacer verdaderos malabares para adaptarse a ella y poder sobrevivir. Debemos tener en cuenta que cada comunidad aut\u00f3noma ha gestionado el COVID-19 seg\u00fan su criterio y que, al ser una situaci\u00f3n de incertidumbre tan desconocida, hemos estado viviendo cambios constantes d\u00eda a d\u00eda. Esto <strong>ha forzado a las empresas a adaptar continuamente sus modelos log\u00edsticos para seguir adelante. Un reto may\u00fasculo.<br \/><\/strong><br \/>Hablando con nuestros clientes durante este \u00faltimo a\u00f1o, se refer\u00edan a los trabajadores de sus empresas como los aut\u00e9nticos protagonistas de esta situaci\u00f3n. En varias ocasiones han comentado que su empresa ha podido seguir adelante e, incluso m\u00e1s reforzada, gracias a la gran gesti\u00f3n de su personal, que se ha dejado la piel en ello. Y eso es de admirar y nunca deber\u00edamos olvidarlo.<br \/><br \/>Como todo en la vida, evidentemente hay cosas que se podr\u00edan haber hecho mejor, pero debemos centrarnos en valorar los esfuerzos realizados y comprender que todo lo conseguido tiene un enorme valor para las empresas y para el conjunto de la ciudadan\u00eda.<\/p><\/div><\/div><\/div><\/div><\/section><\/div><\/div>\t\t\t\t\t\t\t\t<\/div>\n\t\t\t\t<\/div>\n\t\t\t\t<div class=\"elementor-element elementor-element-23c58fb elementor-widget elementor-widget-text-editor\" data-id=\"23c58fb\" data-element_type=\"widget\" data-settings=\"{&quot;_animation&quot;:&quot;none&quot;}\" data-widget_type=\"text-editor.default\">\n\t\t\t\t<div class=\"elementor-widget-container\">\n\t\t\t\t\t\t\t\t\t<div class=\"col-xs-12 col-lg-offset-2 col-lg-8\"><div class=\"intro__box\"><section id=\"e4668\" class=\"b-column-content -pad-top-default -pad-bottom-default section-block\"><div class=\"custom__wrapper\"><div class=\"column-content__wrapper animate-in-bottom js-visible\" data-sr-id=\"0\"><div data-gy=\"g\"><div class=\"typ\" data-gy=\"cm-8\"><p><strong>LM: \u00bfC\u00f3mo es ahora tu d\u00eda a d\u00eda en Slimstock? \u00bfCu\u00e1les son tus preocupaciones y d\u00f3nde crees que reside la clave del futuro del sector? <br \/><\/strong><\/p><p>AP: Nuestro d\u00eda a d\u00eda en Slimstock no ha cambiado demasiado. Hemos podido seguir dando soporte a nuestros clientes y ayudando a aquellas empresas que lo necesitaban, sobre todo en la fase m\u00e1s cruda de la pandemia, con servicios complementarios. Tambi\u00e9n adaptamos nuestros servicios para facilitar a las empresas la implantaci\u00f3n de proyectos. Es muy gratificante ver como empresas de todo tipo ven en nuestro software, Slim4, la soluci\u00f3n a muchos de sus problemas. De hecho, <strong>durante este 2021 hemos notado un incremento de la demanda de nuestros servicios, sobre todo por parte de PYMES<\/strong>, las cuales apuestan por la implantaci\u00f3n de nuestra soluci\u00f3n con el objetivo de saber hasta d\u00f3nde pueden llegar.<\/p><p>Estamos muy ilusionados, ya que en nuestra hoja de ruta tenemos grandes nuevas funcionalidades relacionadas con la IA y la gesti\u00f3n colaborativa que permitir\u00e1n que Slim4, ya una de las soluciones m\u00e1s potentes e intuitivas del mercado, se convierta en la herramienta vertebradora de las cadenas de suministro de cualquier empresa.<\/p><p>Nosotros operamos en Espa\u00f1a y Portugal, y mi preocupaci\u00f3n se centra, sobre todo, en la recuperaci\u00f3n del mercado espa\u00f1ol. Me preocupa pensar que nos espera una larga recuperaci\u00f3n econ\u00f3mica, aunque me gusta ser positivo y confiar en que pronto podremos salir de esta crisis.<\/p><\/div><\/div><\/div><\/div><\/section><\/div><\/div>\t\t\t\t\t\t\t\t<\/div>\n\t\t\t\t<\/div>\n\t\t\t\t\t<\/div>\n\t\t<\/div>\n\t\t\t\t<div class=\"elementor-column elementor-col-50 elementor-top-column elementor-element elementor-element-28f5464\" data-id=\"28f5464\" data-element_type=\"column\">\n\t\t\t<div class=\"elementor-widget-wrap elementor-element-populated\">\n\t\t\t\t\t\t<div class=\"elementor-element elementor-element-ddb89d9 elementor-grid-1 elementor-posts--thumbnail-none elementor-grid-tablet-1 elementor-grid-mobile-1 elementor-widget elementor-widget-posts\" data-id=\"ddb89d9\" data-element_type=\"widget\" data-settings=\"{&quot;classic_columns&quot;:&quot;1&quot;,&quot;classic_row_gap&quot;:{&quot;unit&quot;:&quot;px&quot;,&quot;size&quot;:&quot;23&quot;,&quot;sizes&quot;:[]},&quot;classic_columns_tablet&quot;:&quot;1&quot;,&quot;_animation&quot;:&quot;none&quot;,&quot;classic_columns_mobile&quot;:&quot;1&quot;,&quot;classic_row_gap_tablet&quot;:{&quot;unit&quot;:&quot;px&quot;,&quot;size&quot;:&quot;&quot;,&quot;sizes&quot;:[]},&quot;classic_row_gap_mobile&quot;:{&quot;unit&quot;:&quot;px&quot;,&quot;size&quot;:&quot;&quot;,&quot;sizes&quot;:[]}}\" data-widget_type=\"posts.classic\">\n\t\t\t\t<div class=\"elementor-widget-container\">\n\t\t\t\t\t\t\t<div class=\"elementor-posts-container elementor-posts elementor-posts--skin-classic elementor-grid\" role=\"list\">\n\t\t\t\t<article class=\"elementor-post elementor-grid-item post-210375 post type-post status-publish format-standard has-post-thumbnail hentry category-ia-trazabilidad-seguridad category-logistica-intralogistica-almacenamiento category-sin-categorizar\" role=\"listitem\">\n\t\t\t\t<div class=\"elementor-post__text\">\n\t\t\t\t<h3 class=\"elementor-post__title\">\n\t\t\t<a href=\"https:\/\/www.logisticsautomationmadrid.com\/es\/2026\/04\/28\/ia-generativa-para-mejorar-la-planificacion-de-la-supply-chain\/\" >\n\t\t\t\tIA generativa para mejorar la planificaci\u00f3n de la supply chain\t\t\t<\/a>\n\t\t<\/h3>\n\t\t\t\t<div class=\"elementor-post__excerpt\">\n\t\t\t<p>Por Jos\u00e9 Luis Morato, Senior M\u00e1nager de Miebach Consulting Hay una imagen que me encuentro demasiado a menudo: un equipo de planificaci\u00f3n que ha hecho<\/p>\n\t\t<\/div>\n\t\t\n\t\t<a class=\"elementor-post__read-more\" href=\"https:\/\/www.logisticsautomationmadrid.com\/es\/2026\/04\/28\/ia-generativa-para-mejorar-la-planificacion-de-la-supply-chain\/\" aria-label=\"Read more about IA generativa para mejorar la planificaci\u00f3n de la supply chain\" tabindex=\"-1\" >\n\t\t\tRead More \u00bb\t\t<\/a>\n\n\t\t\t\t<\/div>\n\t\t\t\t<\/article>\n\t\t\t\t<article class=\"elementor-post elementor-grid-item post-210292 post type-post status-publish format-standard has-post-thumbnail hentry category-blog category-logistica-intralogistica-almacenamiento category-sin-categorizar\" role=\"listitem\">\n\t\t\t\t<div class=\"elementor-post__text\">\n\t\t\t\t<h3 class=\"elementor-post__title\">\n\t\t\t<a href=\"https:\/\/www.logisticsautomationmadrid.com\/es\/2026\/04\/09\/geopolitica-resiliencia-y-red-por-que-la-supply-chain-ya-no-es-solo-eficiencia\/\" >\n\t\t\t\tGeopol\u00edtica, resiliencia y red: por qu\u00e9 la supply chain ya no es solo eficiencia\t\t\t<\/a>\n\t\t<\/h3>\n\t\t\t\t<div class=\"elementor-post__excerpt\">\n\t\t\t<p>Por Jos\u00e9 Luis Morato, Senior M\u00e1nager de Miebach Consulting La supply chain global actual ya no se parece a la que muchos aprendimos a optimizar.<\/p>\n\t\t<\/div>\n\t\t\n\t\t<a class=\"elementor-post__read-more\" href=\"https:\/\/www.logisticsautomationmadrid.com\/es\/2026\/04\/09\/geopolitica-resiliencia-y-red-por-que-la-supply-chain-ya-no-es-solo-eficiencia\/\" aria-label=\"Read more about Geopol\u00edtica, resiliencia y red: por qu\u00e9 la supply chain ya no es solo eficiencia\" tabindex=\"-1\" >\n\t\t\tRead More \u00bb\t\t<\/a>\n\n\t\t\t\t<\/div>\n\t\t\t\t<\/article>\n\t\t\t\t<article class=\"elementor-post elementor-grid-item post-210276 post type-post status-publish format-standard has-post-thumbnail hentry category-blog category-ia-trazabilidad-seguridad category-logistica-intralogistica-almacenamiento category-logtalent category-robotica-automatizacion category-sostenibilidad-greenlogistics category-transport-delivery tag-16-de-febrero tag-16-febrero tag-dia-logistica tag-dia-mundial-de-la-logistica tag-dia-mundial-logistica tag-espana tag-ferias tag-internacionalizacion tag-logistica tag-logistics-automation tag-punto-de-encuentro tag-referentes\" role=\"listitem\">\n\t\t\t\t<div class=\"elementor-post__text\">\n\t\t\t\t<h3 class=\"elementor-post__title\">\n\t\t\t<a href=\"https:\/\/www.logisticsautomationmadrid.com\/es\/2026\/04\/09\/sistemas-hibridos-automatizacion-y-robotica-en-intralogistica\/\" >\n\t\t\t\tSistemas h\u00edbridos: automatizaci\u00f3n y rob\u00f3tica en intralog\u00edstica\t\t\t<\/a>\n\t\t<\/h3>\n\t\t\t\t<div class=\"elementor-post__excerpt\">\n\t\t\t<p>La revoluci\u00f3n de los sistemas h\u00edbridos en intralog\u00edstica La\u00a0intralog\u00edstica\u00a0atraviesa una transformaci\u00f3n profunda gracias a los\u00a0sistemas h\u00edbridos\u00a0que integran\u00a0automatizaci\u00f3n tradicional,\u00a0rob\u00f3tica\u00a0e\u00a0inteligencia artificial. Estos modelos combinan robots m\u00f3viles aut\u00f3nomos<\/p>\n\t\t<\/div>\n\t\t\n\t\t<a class=\"elementor-post__read-more\" href=\"https:\/\/www.logisticsautomationmadrid.com\/es\/2026\/04\/09\/sistemas-hibridos-automatizacion-y-robotica-en-intralogistica\/\" aria-label=\"Read more about Sistemas h\u00edbridos: automatizaci\u00f3n y rob\u00f3tica en intralog\u00edstica\" tabindex=\"-1\" >\n\t\t\tRead More \u00bb\t\t<\/a>\n\n\t\t\t\t<\/div>\n\t\t\t\t<\/article>\n\t\t\t\t<article class=\"elementor-post elementor-grid-item post-210266 post type-post status-publish format-standard has-post-thumbnail hentry category-blog category-ia-trazabilidad-seguridad category-logistica-intralogistica-almacenamiento category-logtalent category-robotica-automatizacion category-sostenibilidad-greenlogistics category-transport-delivery tag-16-de-febrero tag-16-febrero tag-dia-logistica tag-dia-mundial-de-la-logistica tag-dia-mundial-logistica tag-espana tag-ferias tag-internacionalizacion tag-logistica tag-logistics-automation tag-punto-de-encuentro tag-referentes\" role=\"listitem\">\n\t\t\t\t<div class=\"elementor-post__text\">\n\t\t\t\t<h3 class=\"elementor-post__title\">\n\t\t\t<a href=\"https:\/\/www.logisticsautomationmadrid.com\/es\/2026\/04\/08\/el-transporte-advierte-del-riesgo-de-desabastecimiento-y-perdida-de-rentabilidad-ante-la-implantacion-de-las-44-toneladas\/\" >\n\t\t\t\tEl transporte advierte del riesgo de desabastecimiento y p\u00e9rdida de rentabilidad ante la implantaci\u00f3n de las 44 toneladas\t\t\t<\/a>\n\t\t<\/h3>\n\t\t\t\t<div class=\"elementor-post__excerpt\">\n\t\t\t<p>La jornada celebrada en Gij\u00f3n, organizada por la patronal asturiana,\u00a0ASETRA, en colaboraci\u00f3n con CETM, ha puesto de manifiesto la preocupaci\u00f3n generalizada del sector del\u00a0transporte de<\/p>\n\t\t<\/div>\n\t\t\n\t\t<a class=\"elementor-post__read-more\" href=\"https:\/\/www.logisticsautomationmadrid.com\/es\/2026\/04\/08\/el-transporte-advierte-del-riesgo-de-desabastecimiento-y-perdida-de-rentabilidad-ante-la-implantacion-de-las-44-toneladas\/\" aria-label=\"Read more about El transporte advierte del riesgo de desabastecimiento y p\u00e9rdida de rentabilidad ante la implantaci\u00f3n de las 44 toneladas\" tabindex=\"-1\" >\n\t\t\tRead More \u00bb\t\t<\/a>\n\n\t\t\t\t<\/div>\n\t\t\t\t<\/article>\n\t\t\t\t<\/div>\n\t\t\n\t\t\t\t\t\t<\/div>\n\t\t\t\t<\/div>\n\t\t\t\t<div class=\"elementor-element elementor-element-142798d6 elementor-widget-divider--view-line elementor-widget elementor-widget-divider\" data-id=\"142798d6\" data-element_type=\"widget\" data-widget_type=\"divider.default\">\n\t\t\t\t<div class=\"elementor-widget-container\">\n\t\t\t\t\t\t\t<div class=\"elementor-divider\">\n\t\t\t<span class=\"elementor-divider-separator\">\n\t\t\t\t\t\t<\/span>\n\t\t<\/div>\n\t\t\t\t\t\t<\/div>\n\t\t\t\t<\/div>\n\t\t\t\t\t<\/div>\n\t\t<\/div>\n\t\t\t\t\t<\/div>\n\t\t<\/section>\n\t\t\t\t<section class=\"elementor-section elementor-top-section elementor-element elementor-element-49136ec elementor-section-full_width elementor-section-height-default elementor-section-height-default\" data-id=\"49136ec\" data-element_type=\"section\">\n\t\t\t\t\t\t<div class=\"elementor-container elementor-column-gap-default\">\n\t\t\t\t\t<div class=\"elementor-column elementor-col-100 elementor-top-column elementor-element elementor-element-4a08fcbd\" data-id=\"4a08fcbd\" data-element_type=\"column\">\n\t\t\t<div class=\"elementor-widget-wrap elementor-element-populated\">\n\t\t\t\t\t\t<div class=\"elementor-element elementor-element-6c1ef897 elementor-widget-divider--view-line elementor-widget elementor-widget-divider\" data-id=\"6c1ef897\" data-element_type=\"widget\" data-widget_type=\"divider.default\">\n\t\t\t\t<div class=\"elementor-widget-container\">\n\t\t\t\t\t\t\t<div class=\"elementor-divider\">\n\t\t\t<span class=\"elementor-divider-separator\">\n\t\t\t\t\t\t<\/span>\n\t\t<\/div>\n\t\t\t\t\t\t<\/div>\n\t\t\t\t<\/div>\n\t\t\t\t<div class=\"elementor-element elementor-element-67dafb1c elementor-widget elementor-widget-text-editor\" data-id=\"67dafb1c\" data-element_type=\"widget\" data-widget_type=\"text-editor.default\">\n\t\t\t\t<div class=\"elementor-widget-container\">\n\t\t\t\t\t\t\t\t\t<p><span style=\"vertical-align: inherit\"><span style=\"vertical-align: inherit\"><span style=\"vertical-align: inherit\"><span style=\"vertical-align: inherit\"><span style=\"vertical-align: inherit\"><span style=\"vertical-align: inherit\">Share this article<\/span><\/span><\/span><\/span><\/span><\/span><\/p>\t\t\t\t\t\t\t\t<\/div>\n\t\t\t\t<\/div>\n\t\t\t\t<div class=\"elementor-element elementor-element-6683c88d elementor-shape-circle elementor-grid-0 e-grid-align-center elementor-widget elementor-widget-social-icons\" data-id=\"6683c88d\" data-element_type=\"widget\" data-widget_type=\"social-icons.default\">\n\t\t\t\t<div class=\"elementor-widget-container\">\n\t\t\t\t\t\t\t<div class=\"elementor-social-icons-wrapper elementor-grid\" role=\"list\">\n\t\t\t\t\t\t\t<span class=\"elementor-grid-item\" role=\"listitem\">\n\t\t\t\t\t<a class=\"elementor-icon elementor-social-icon elementor-social-icon-facebook-f elementor-repeater-item-3bftaoh\" href=\"https:\/\/www.facebook.com\/LogisticsMadrid\/\" target=\"_blank\">\n\t\t\t\t\t\t<span class=\"elementor-screen-only\">Facebook-f<\/span>\n\t\t\t\t\t\t<i aria-hidden=\"true\" class=\"fab fa-facebook-f\"><\/i>\t\t\t\t\t<\/a>\n\t\t\t\t<\/span>\n\t\t\t\t\t\t\t<span class=\"elementor-grid-item\" role=\"listitem\">\n\t\t\t\t\t<a class=\"elementor-icon elementor-social-icon elementor-social-icon-twitter elementor-repeater-item-pc69ffs\" href=\"https:\/\/twitter.com\/logisticsiberia?lang=es\" target=\"_blank\">\n\t\t\t\t\t\t<span class=\"elementor-screen-only\">Twitter<\/span>\n\t\t\t\t\t\t<i aria-hidden=\"true\" class=\"fab fa-twitter\"><\/i>\t\t\t\t\t<\/a>\n\t\t\t\t<\/span>\n\t\t\t\t\t\t\t<span class=\"elementor-grid-item\" role=\"listitem\">\n\t\t\t\t\t<a class=\"elementor-icon elementor-social-icon elementor-social-icon-linkedin elementor-repeater-item-44fb767\" href=\"https:\/\/www.linkedin.com\/company\/logistics-madrid\/\" target=\"_blank\">\n\t\t\t\t\t\t<span class=\"elementor-screen-only\">Linkedin<\/span>\n\t\t\t\t\t\t<i aria-hidden=\"true\" class=\"fab fa-linkedin\"><\/i>\t\t\t\t\t<\/a>\n\t\t\t\t<\/span>\n\t\t\t\t\t<\/div>\n\t\t\t\t\t\t<\/div>\n\t\t\t\t<\/div>\n\t\t\t\t\t<\/div>\n\t\t<\/div>\n\t\t\t\t\t<\/div>\n\t\t<\/section>\n\t\t\t\t<\/div>\n\t\t","protected":false},"excerpt":{"rendered":"<p>Arnau Peris, Director Ejecutivo de Slimstock Logistics Madrid: Echando la vista atr\u00e1s un a\u00f1o, \u00bfNotas que el sector log\u00edstico ha cambiado radicalmente debido al cambio de h\u00e1bitos de consumo de la pandemia? \u00bfQu\u00e9 avances ves que se han desarrollado? Arnau Peris: Bajo mi punto de vista, el sector log\u00edstico ha sido uno de los grandes [&hellip;]<\/p>\n","protected":false},"author":1,"featured_media":15042,"comment_status":"open","ping_status":"open","sticky":false,"template":"","format":"standard","meta":{"_seopress_robots_primary_cat":"none","_seopress_titles_title":"","_seopress_titles_desc":"","_seopress_robots_index":"","footnotes":""},"categories":[341,909],"tags":[786,790,789,787,788],"edition":[],"class_list":["post-15039","post","type-post","status-publish","format-standard","has-post-thumbnail","hentry","category-blog","category-un-cafe-con","tag-arnau","tag-cafe","tag-entrevista","tag-peris","tag-slimstock"],"_links":{"self":[{"href":"https:\/\/www.logisticsautomationmadrid.com\/es\/wp-json\/wp\/v2\/posts\/15039","targetHints":{"allow":["GET"]}}],"collection":[{"href":"https:\/\/www.logisticsautomationmadrid.com\/es\/wp-json\/wp\/v2\/posts"}],"about":[{"href":"https:\/\/www.logisticsautomationmadrid.com\/es\/wp-json\/wp\/v2\/types\/post"}],"author":[{"embeddable":true,"href":"https:\/\/www.logisticsautomationmadrid.com\/es\/wp-json\/wp\/v2\/users\/1"}],"replies":[{"embeddable":true,"href":"https:\/\/www.logisticsautomationmadrid.com\/es\/wp-json\/wp\/v2\/comments?post=15039"}],"version-history":[{"count":0,"href":"https:\/\/www.logisticsautomationmadrid.com\/es\/wp-json\/wp\/v2\/posts\/15039\/revisions"}],"wp:featuredmedia":[{"embeddable":true,"href":"https:\/\/www.logisticsautomationmadrid.com\/es\/wp-json\/wp\/v2\/media\/15042"}],"wp:attachment":[{"href":"https:\/\/www.logisticsautomationmadrid.com\/es\/wp-json\/wp\/v2\/media?parent=15039"}],"wp:term":[{"taxonomy":"category","embeddable":true,"href":"https:\/\/www.logisticsautomationmadrid.com\/es\/wp-json\/wp\/v2\/categories?post=15039"},{"taxonomy":"post_tag","embeddable":true,"href":"https:\/\/www.logisticsautomationmadrid.com\/es\/wp-json\/wp\/v2\/tags?post=15039"},{"taxonomy":"edition","embeddable":true,"href":"https:\/\/www.logisticsautomationmadrid.com\/es\/wp-json\/wp\/v2\/edition?post=15039"}],"curies":[{"name":"wp","href":"https:\/\/api.w.org\/{rel}","templated":true}]}}