{"id":157502,"date":"2024-10-22T08:42:36","date_gmt":"2024-10-22T06:42:36","guid":{"rendered":"https:\/\/www.logisticsautomationmadrid.com\/?p=157502"},"modified":"2024-10-22T08:44:22","modified_gmt":"2024-10-22T06:44:22","slug":"j-j-delgado-y-leopoldo-torralba-encabezan-el-avance-del-programa-de-congresos-la-revolucion-de-la-ia-y-el-impacto-de-las-tendencias-economicas-protagonistas-en-empack-logistics-automation-y-log","status":"publish","type":"post","link":"https:\/\/www.logisticsautomationmadrid.com\/es\/2024\/10\/22\/j-j-delgado-y-leopoldo-torralba-encabezan-el-avance-del-programa-de-congresos-la-revolucion-de-la-ia-y-el-impacto-de-las-tendencias-economicas-protagonistas-en-empack-logistics-automation-y-log\/","title":{"rendered":"J. J. Delgado y Leopoldo Torralba encabezan el avance del programa de congresos. La revoluci\u00f3n de la IA y el impacto de las tendencias econ\u00f3micas, protagonistas en Empack, Logistics &#038; Automation y Logistic &#038; Industrial Build"},"content":{"rendered":"\t\t<div data-elementor-type=\"wp-post\" data-elementor-id=\"157502\" class=\"elementor elementor-157502\" data-elementor-post-type=\"post\">\n\t\t\t\t\t\t<section class=\"elementor-section elementor-top-section elementor-element elementor-element-0d9c4a1 elementor-section-stretched elementor-section-boxed elementor-section-height-default elementor-section-height-default\" data-id=\"0d9c4a1\" data-element_type=\"section\" data-settings=\"{&quot;background_background&quot;:&quot;classic&quot;,&quot;stretch_section&quot;:&quot;section-stretched&quot;}\">\n\t\t\t\t\t\t<div class=\"elementor-container elementor-column-gap-default\">\n\t\t\t\t\t<div class=\"elementor-column elementor-col-100 elementor-top-column elementor-element elementor-element-ac57cca\" data-id=\"ac57cca\" data-element_type=\"column\">\n\t\t\t<div class=\"elementor-widget-wrap elementor-element-populated\">\n\t\t\t\t\t\t<section class=\"elementor-section elementor-inner-section elementor-element elementor-element-8781f24 elementor-reverse-tablet elementor-reverse-mobile elementor-section-boxed elementor-section-height-default elementor-section-height-default\" data-id=\"8781f24\" data-element_type=\"section\" data-settings=\"{&quot;background_background&quot;:&quot;classic&quot;}\">\n\t\t\t\t\t\t<div class=\"elementor-container elementor-column-gap-wide\">\n\t\t\t\t\t<div class=\"elementor-column elementor-col-100 elementor-inner-column elementor-element elementor-element-9015fb7\" data-id=\"9015fb7\" data-element_type=\"column\" data-settings=\"{&quot;background_background&quot;:&quot;classic&quot;}\">\n\t\t\t<div class=\"elementor-widget-wrap elementor-element-populated\">\n\t\t\t\t\t\t<div class=\"elementor-element elementor-element-5d63bc9 elementor-widget elementor-widget-theme-post-title elementor-page-title elementor-widget-heading\" data-id=\"5d63bc9\" data-element_type=\"widget\" data-widget_type=\"theme-post-title.default\">\n\t\t\t\t<div class=\"elementor-widget-container\">\n\t\t\t\t\t<h1 class=\"elementor-heading-title elementor-size-default\">J. J. Delgado y Leopoldo Torralba encabezan el avance del programa de congresos. La revoluci\u00f3n de la IA y el impacto de las tendencias econ\u00f3micas, protagonistas en Empack, Logistics &#038; Automation y Logistic &#038; Industrial Build<\/h1>\t\t\t\t<\/div>\n\t\t\t\t<\/div>\n\t\t\t\t<div class=\"elementor-element elementor-element-57db44c elementor-align-left elementor-widget elementor-widget-post-info\" data-id=\"57db44c\" data-element_type=\"widget\" data-widget_type=\"post-info.default\">\n\t\t\t\t<div class=\"elementor-widget-container\">\n\t\t\t\t\t\t\t<ul class=\"elementor-inline-items elementor-icon-list-items elementor-post-info\">\n\t\t\t\t\t\t\t\t<li class=\"elementor-icon-list-item elementor-repeater-item-62990f6 elementor-inline-item\" itemprop=\"datePublished\">\n\t\t\t\t\t\t<a href=\"https:\/\/www.logisticsautomationmadrid.com\/es\/2024\/10\/22\/\">\n\t\t\t\t\t\t\t\t\t\t\t<span class=\"elementor-icon-list-icon\">\n\t\t\t\t\t\t\t\t<i aria-hidden=\"true\" class=\"fas fa-calendar\"><\/i>\t\t\t\t\t\t\t<\/span>\n\t\t\t\t\t\t\t\t\t<span class=\"elementor-icon-list-text elementor-post-info__item elementor-post-info__item--type-date\">\n\t\t\t\t\t\t\t\t\t\t<time>octubre 22, 2024<\/time>\t\t\t\t\t<\/span>\n\t\t\t\t\t\t\t\t\t<\/a>\n\t\t\t\t<\/li>\n\t\t\t\t<\/ul>\n\t\t\t\t\t\t<\/div>\n\t\t\t\t<\/div>\n\t\t\t\t\t<\/div>\n\t\t<\/div>\n\t\t\t\t\t<\/div>\n\t\t<\/section>\n\t\t\t\t<section class=\"elementor-section elementor-inner-section elementor-element elementor-element-a0a9333 elementor-section-boxed elementor-section-height-default elementor-section-height-default\" data-id=\"a0a9333\" data-element_type=\"section\" data-settings=\"{&quot;background_background&quot;:&quot;classic&quot;}\">\n\t\t\t\t\t\t<div class=\"elementor-container elementor-column-gap-default\">\n\t\t\t\t\t<div class=\"elementor-column elementor-col-100 elementor-inner-column elementor-element elementor-element-d9003a5\" data-id=\"d9003a5\" data-element_type=\"column\">\n\t\t\t<div class=\"elementor-widget-wrap elementor-element-populated\">\n\t\t\t\t\t\t<div class=\"elementor-element elementor-element-b8fbe78 elementor-widget elementor-widget-text-editor\" data-id=\"b8fbe78\" data-element_type=\"widget\" data-widget_type=\"text-editor.default\">\n\t\t\t\t<div class=\"elementor-widget-container\">\n\t\t\t\t\t\t\t\t\t<ul><li><strong>Estas ferias organizadas por Easyfairs reunir\u00e1n durante los d\u00edas 27 y 28 de noviembre a los principales agentes y expertos del sector del packaging, la log\u00edstica y la edificaci\u00f3n log\u00edstica e industrial en IFEMA, Feria de Madrid.<\/strong><\/li><\/ul><p><strong>\u00a0<\/strong><\/p><ul><li><strong>Adem\u00e1s de la extensa oferta expositiva, el evento contar\u00e1 con m\u00e1s de 80 horas de contenidos, 250 ponentes y 7 salas de congreso simultaneas. <\/strong><\/li><\/ul><p><strong>\u00a0<\/strong><\/p><ul><li><strong> J. Delgado, General Manager de Move Estrella Galicia Digital, analizar\u00e1 la IA aplicada al mundo empresarial y compartir\u00e1 estrategias sobre su aplicaci\u00f3n en distintos \u00e1mbitos de negocio.<\/strong><\/li><\/ul><p><strong>\u00a0<\/strong><\/p><ul><li><strong>Leopoldo Torralba, Deputy Chief Economist en Arcano Research, abordar\u00e1 el impacto de la econom\u00eda global y las megatendencias en el sector inmobiliario y log\u00edstico en el marco de Logistics &amp; Industrial Build, el nuevo espacio lanzado junto a Logistics &amp; Automation.<\/strong><\/li><\/ul><p><strong>\u00a0<\/strong><\/p><p><strong>Madrid, 21 de octubre de 2024.<\/strong> A muy pocas semanas de su arranque, Empack, Logistics &amp; Automation y la primera edici\u00f3n de Logistic &amp; Industrial Build, ferias organizadas por Easyfairs en IFEMA (Madrid), se preparan para ofrecer a los profesionales del packaging, la log\u00edstica, el transporte y la edificaci\u00f3n log\u00edstica e industrial, una oportunidad \u00fanica para conocer las \u00faltimas innovaciones de su sector, de la mano de sus cerca de 400 empresas expositoras y de un extenso programa de conferencias, encabezado por J. J. Delgado y Leopoldo Torralba como Keynote Speakers.<\/p><p>En total, ser\u00e1n m\u00e1s de 250 las voces especializadas, distribuidas en 7 salas de congreso, las que brindar\u00e1n a los asistentes la posibilidad de acceder a conferencias, paneles de expertos y mesas redondas sobre las tendencias m\u00e1s actuales, los desaf\u00edos emergentes y las mejores pr\u00e1cticas que est\u00e1n transformando la industria. Este contenido formativo no solo proporcionar\u00e1 valiosas oportunidades de aprendizaje, sino que tambi\u00e9n fomentar\u00e1 el networking y el intercambio de ideas entre l\u00edderes y profesionales del sector.<\/p><p><strong>Keynote Sessions: revoluci\u00f3n de la IA empresarial y claves financieras\u00a0 <\/strong><\/p><p>Entrando en detalle, la Sala Empack contar\u00e1 con la ponencia estelar de J. J. Delgado, experto en marketing digital, ex director de Amazon Marketing Services para el sur de Europa y actual General Manager de Move Estrella Galicia Digital. Durante su intervenci\u00f3n, desarrollar\u00e1 el tema de la IA aplicada al mundo empresarial e industrial, brindando su visi\u00f3n sobre c\u00f3mo los nuevos paradigmas digitales est\u00e1n transformando el comportamiento del consumidor y revolucionando los modelos de negocio tradicionales. Con experiencia en eventos de gran magnitud como Black Friday y los populares Prime Days, Delgado compartir\u00e1 sus estrategias para conectar emocionalmente con los clientes, optimizar el customer journey y enfrentar los distintos desaf\u00edos del mercado digital.<\/p><p>Por su parte, Leopoldo Torralba, Deputy Chief Economist en Arcano Research, ofrecer\u00e1 la ponencia de apertura de la Sala Logistic &amp; Industrial Build. Economista y analista de referencia en el sector inmobiliario y log\u00edstico, abordar\u00e1 la situaci\u00f3n econ\u00f3mica actual en su conferencia titulada \u201cMarket Update: hacia las bajadas de tipos de inter\u00e9s y su impacto en el sector inmobiliario y log\u00edstico\u201d. Asimismo, tratar\u00e1 las tendencias inflacionarias y la ca\u00edda de los tipos de inter\u00e9s, explorando c\u00f3mo las megatendencias estructurales est\u00e1n redefiniendo el sector, adem\u00e1s de analizar los focos geopol\u00edticos que contin\u00faan generando incertidumbre en el panorama global.<\/p><p>Oscar Barranco, director general de Easyfairs Iberia ha destacado: <em>\u201cEl programa de congresos de esta pr\u00f3xima edici\u00f3n es muestra del compromiso de Easyfairs por ofrecer contenidos de la m\u00e1s alta calidad y a la vanguardia de las \u00faltimas tendencias<\/em>. <em>Contar con el conocimiento profundo y el enfoque innovador de ponentes de la talla de J. J. Delgado y Leopoldo Torralba es un privilegio y ser\u00e1 un enorme valor a\u00f1adido para los profesionales que nos visiten\u201d.<\/em><\/p><p>En lo referente a la zona expositiva, la edici\u00f3n 2024 ocupar\u00e1 un total de 23.000 m\u00b2, lo que supone un crecimiento del 15% respecto a la edici\u00f3n anterior. La incorporaci\u00f3n de nuevas empresas expositoras, unido al lanzamiento de Logistic &amp; Industrial Build como \u00fanica feria dedicada en exclusiva a la edificaci\u00f3n log\u00edstica e industrial, son reflejo de la expansi\u00f3n y la importancia que han ganado estos eventos dentro del sector y dan lugar a un espacio con grandes sinergias, para que los visitantes puedan, en pocas horas, explorar una amplia gama de productos y servicios relacionados con toda su cadena de suministro.<\/p><p>El listado de expositores, el avance del programa de congreso y el registro gratuito para profesionales est\u00e1n disponibles en las webs de <a href=\"https:\/\/register.visitcloud.com\/survey\/0a9ohr42assqh?actioncode=EVER1\">Empack<\/a>, <a href=\"https:\/\/register.visitcloud.com\/survey\/20mnyija46s2v?actioncode=EVER1\">Logistic &amp; Automation<\/a> y <a href=\"https:\/\/register.visitcloud.com\/survey\/07gg1sd7rfrfh?actioncode=EVER1\">Logistic &amp; Industrial Build.<\/a><\/p><p>\u00a0<\/p>\t\t\t\t\t\t\t\t<\/div>\n\t\t\t\t<\/div>\n\t\t\t\t<div class=\"elementor-element elementor-element-e9df89f elementor-widget elementor-widget-text-editor\" data-id=\"e9df89f\" data-element_type=\"widget\" data-widget_type=\"text-editor.default\">\n\t\t\t\t<div class=\"elementor-widget-container\">\n\t\t\t\t\t\t\t\t\t<p><strong>Sobre Easyfairs <\/strong><\/p><p>Easyfairs organiza eventos siendo puntos <strong>de encuentro para las comunidades<\/strong> que<strong> deseen visitar el futuro.<\/strong><\/p><p>Actualmente organizamos 110 eventos presenciales en 12 pa\u00edses (Argelia, B\u00e9lgica, Finlandia, Francia, Alemania, Italia, Pa\u00edses Bajos, Portugal, Espa\u00f1a, Suecia, Suiza y Reino Unido) y gestionamos ocho recintos feriales en B\u00e9lgica, Holanda y Suecia (Amberes, Gante, Malinas-Bruselas Norte, Namur, Gorinchem, Hardenberg, Malm\u00f6 y Estocolmo).<\/p><p>Nos apasiona \u00abfacilitar\u00bb la vida de nuestros clientes y aumentar el retorno de su inversi\u00f3n y de su tiempo a trav\u00e9s de nuestras f\u00f3rmulas integrales (all-in), tecnolog\u00eda avanzada y estrategia centrada en el cliente. <strong>Nuestra oferta digital<\/strong> <strong>adem\u00e1s brinda<\/strong> a estas comunidades excelentes oportunidades <strong>para establecer contactos de manera efectiva y hacer negocios durante<\/strong> todo el a\u00f1o.\u00a0<\/p><p>El Grupo Easyfairs emplea a 820 talentos altamente comprometidos, implementa las mejores herramientas de marketing y tecnolog\u00eda y desarrolla marcas con un fuerte atractivo para nuestros stakeholders.<\/p><p>Por sexto a\u00f1o consecutivo, en 2024, Deloitte otorg\u00f3 nuevamente a Easyfairs el estatus de \u201cBest Managed Company\u201d.<\/p><p>Estamos orgullosos de figurar como uno de los 20 principales organizadores feriales del mundo, seg\u00fan la clasificaci\u00f3n anual realizada por STAX Consulting.<\/p><p>Visita el futuro con Easyfairs y consulta m\u00e1s informaci\u00f3n en <a href=\"http:\/\/www.easyfairsgroup.com\">www.easyfairsgroup.com<\/a>.<\/p>\t\t\t\t\t\t\t\t<\/div>\n\t\t\t\t<\/div>\n\t\t\t\t\t<\/div>\n\t\t<\/div>\n\t\t\t\t\t<\/div>\n\t\t<\/section>\n\t\t\t\t<section class=\"elementor-section elementor-inner-section elementor-element elementor-element-379e76a elementor-section-boxed elementor-section-height-default elementor-section-height-default\" data-id=\"379e76a\" data-element_type=\"section\" data-settings=\"{&quot;background_background&quot;:&quot;classic&quot;}\">\n\t\t\t\t\t\t<div class=\"elementor-container elementor-column-gap-wide\">\n\t\t\t\t\t<div class=\"elementor-column elementor-col-100 elementor-inner-column elementor-element elementor-element-5362b5b\" data-id=\"5362b5b\" data-element_type=\"column\" data-settings=\"{&quot;background_background&quot;:&quot;classic&quot;}\">\n\t\t\t<div class=\"elementor-widget-wrap elementor-element-populated\">\n\t\t\t\t\t\t<div class=\"elementor-element elementor-element-08e580d elementor-widget elementor-widget-heading\" data-id=\"08e580d\" data-element_type=\"widget\" data-widget_type=\"heading.default\">\n\t\t\t\t<div class=\"elementor-widget-container\">\n\t\t\t\t\t<p class=\"elementor-heading-title elementor-size-default\">Compartir<\/p>\t\t\t\t<\/div>\n\t\t\t\t<\/div>\n\t\t\t\t<div class=\"elementor-element elementor-element-707fd25 elementor-share-buttons--view-icon elementor-share-buttons--shape-circle elementor-share-buttons--color-custom elementor-share-buttons--skin-minimal elementor-grid-0 elementor-widget elementor-widget-share-buttons\" data-id=\"707fd25\" data-element_type=\"widget\" data-widget_type=\"share-buttons.default\">\n\t\t\t\t<div class=\"elementor-widget-container\">\n\t\t\t\t\t\t\t<div class=\"elementor-grid\" role=\"list\">\n\t\t\t\t\t\t\t\t<div class=\"elementor-grid-item\" role=\"listitem\">\n\t\t\t\t\t\t<div class=\"elementor-share-btn elementor-share-btn_email\" role=\"button\" tabindex=\"0\" aria-label=\"Share on email\">\n\t\t\t\t\t\t\t\t\t\t\t\t\t\t\t<span class=\"elementor-share-btn__icon\">\n\t\t\t\t\t\t\t\t<i class=\"fas fa-envelope\" aria-hidden=\"true\"><\/i>\t\t\t\t\t\t\t<\/span>\n\t\t\t\t\t\t\t\t\t\t\t\t\t\t\t\t\t\t\t\t<\/div>\n\t\t\t\t\t<\/div>\n\t\t\t\t\t\t\t\t\t<div class=\"elementor-grid-item\" role=\"listitem\">\n\t\t\t\t\t\t<div class=\"elementor-share-btn elementor-share-btn_twitter\" role=\"button\" tabindex=\"0\" aria-label=\"Share on twitter\">\n\t\t\t\t\t\t\t\t\t\t\t\t\t\t\t<span class=\"elementor-share-btn__icon\">\n\t\t\t\t\t\t\t\t<i class=\"fab fa-twitter\" aria-hidden=\"true\"><\/i>\t\t\t\t\t\t\t<\/span>\n\t\t\t\t\t\t\t\t\t\t\t\t\t\t\t\t\t\t\t\t<\/div>\n\t\t\t\t\t<\/div>\n\t\t\t\t\t\t\t\t\t<div class=\"elementor-grid-item\" role=\"listitem\">\n\t\t\t\t\t\t<div class=\"elementor-share-btn elementor-share-btn_linkedin\" role=\"button\" tabindex=\"0\" aria-label=\"Share on linkedin\">\n\t\t\t\t\t\t\t\t\t\t\t\t\t\t\t<span class=\"elementor-share-btn__icon\">\n\t\t\t\t\t\t\t\t<i class=\"fab fa-linkedin\" aria-hidden=\"true\"><\/i>\t\t\t\t\t\t\t<\/span>\n\t\t\t\t\t\t\t\t\t\t\t\t\t\t\t\t\t\t\t\t<\/div>\n\t\t\t\t\t<\/div>\n\t\t\t\t\t\t\t\t\t<div class=\"elementor-grid-item\" role=\"listitem\">\n\t\t\t\t\t\t<div class=\"elementor-share-btn elementor-share-btn_whatsapp\" role=\"button\" tabindex=\"0\" aria-label=\"Share on whatsapp\">\n\t\t\t\t\t\t\t\t\t\t\t\t\t\t\t<span class=\"elementor-share-btn__icon\">\n\t\t\t\t\t\t\t\t<i class=\"fab fa-whatsapp\" aria-hidden=\"true\"><\/i>\t\t\t\t\t\t\t<\/span>\n\t\t\t\t\t\t\t\t\t\t\t\t\t\t\t\t\t\t\t\t<\/div>\n\t\t\t\t\t<\/div>\n\t\t\t\t\t\t<\/div>\n\t\t\t\t\t\t<\/div>\n\t\t\t\t<\/div>\n\t\t\t\t\t<\/div>\n\t\t<\/div>\n\t\t\t\t\t<\/div>\n\t\t<\/section>\n\t\t\t\t\t<\/div>\n\t\t<\/div>\n\t\t\t\t\t<\/div>\n\t\t<\/section>\n\t\t\t\t<\/div>\n\t\t","protected":false},"excerpt":{"rendered":"<p>Estas ferias organizadas por Easyfairs reunir\u00e1n durante los d\u00edas 27 y 28 de noviembre a los principales agentes y expertos del sector del packaging, la log\u00edstica y la edificaci\u00f3n log\u00edstica e industrial en IFEMA, Feria de Madrid. &nbsp; Adem\u00e1s de la extensa oferta expositiva, el evento contar\u00e1 con m\u00e1s de 80 horas de contenidos, 250 [&hellip;]<\/p>\n","protected":false},"author":135,"featured_media":0,"comment_status":"open","ping_status":"open","sticky":false,"template":"elementor_header_footer","format":"standard","meta":{"_seopress_robots_primary_cat":"none","_seopress_titles_title":"J. J. Delgado y Leopoldo Torralba encabezan el avance del programa de congresos.","_seopress_titles_desc":"La revoluci\u00f3n de la IA y el impacto de las tendencias econ\u00f3micas, protagonistas en Empack, Logistics &amp; Automation y Logistic &amp; Industrial Build","_seopress_robots_index":"","footnotes":""},"categories":[343],"tags":[2633,695,1220,2632,2631,697,425],"edition":[],"class_list":["post-157502","post","type-post","status-publish","format-standard","hentry","category-notas-de-prensa","tag-companias","tag-empack","tag-estudio","tag-implementacion","tag-jornada","tag-logistics-automation","tag-reduccion"],"_links":{"self":[{"href":"https:\/\/www.logisticsautomationmadrid.com\/es\/wp-json\/wp\/v2\/posts\/157502","targetHints":{"allow":["GET"]}}],"collection":[{"href":"https:\/\/www.logisticsautomationmadrid.com\/es\/wp-json\/wp\/v2\/posts"}],"about":[{"href":"https:\/\/www.logisticsautomationmadrid.com\/es\/wp-json\/wp\/v2\/types\/post"}],"author":[{"embeddable":true,"href":"https:\/\/www.logisticsautomationmadrid.com\/es\/wp-json\/wp\/v2\/users\/135"}],"replies":[{"embeddable":true,"href":"https:\/\/www.logisticsautomationmadrid.com\/es\/wp-json\/wp\/v2\/comments?post=157502"}],"version-history":[{"count":5,"href":"https:\/\/www.logisticsautomationmadrid.com\/es\/wp-json\/wp\/v2\/posts\/157502\/revisions"}],"predecessor-version":[{"id":157510,"href":"https:\/\/www.logisticsautomationmadrid.com\/es\/wp-json\/wp\/v2\/posts\/157502\/revisions\/157510"}],"wp:attachment":[{"href":"https:\/\/www.logisticsautomationmadrid.com\/es\/wp-json\/wp\/v2\/media?parent=157502"}],"wp:term":[{"taxonomy":"category","embeddable":true,"href":"https:\/\/www.logisticsautomationmadrid.com\/es\/wp-json\/wp\/v2\/categories?post=157502"},{"taxonomy":"post_tag","embeddable":true,"href":"https:\/\/www.logisticsautomationmadrid.com\/es\/wp-json\/wp\/v2\/tags?post=157502"},{"taxonomy":"edition","embeddable":true,"href":"https:\/\/www.logisticsautomationmadrid.com\/es\/wp-json\/wp\/v2\/edition?post=157502"}],"curies":[{"name":"wp","href":"https:\/\/api.w.org\/{rel}","templated":true}]}}