{"id":170756,"date":"2024-11-19T12:32:13","date_gmt":"2024-11-19T11:32:13","guid":{"rendered":"https:\/\/www.logisticsautomationmadrid.com\/?p=170756"},"modified":"2024-11-19T12:42:46","modified_gmt":"2024-11-19T11:42:46","slug":"mas-de-250-expertos-formaran-parte-del-programa-de-conferencias-de-empack-logistics-automation-y-logistic-industrial-build","status":"publish","type":"post","link":"https:\/\/www.logisticsautomationmadrid.com\/es\/2024\/11\/19\/mas-de-250-expertos-formaran-parte-del-programa-de-conferencias-de-empack-logistics-automation-y-logistic-industrial-build\/","title":{"rendered":"M\u00e1s de 250 expertos formar\u00e1n parte del programa de conferencias de Empack, Logistics &amp; Automation y Logistic &amp; Industrial Build\u00a0"},"content":{"rendered":"\t\t<div data-elementor-type=\"wp-post\" data-elementor-id=\"170756\" class=\"elementor elementor-170756\" data-elementor-post-type=\"post\">\n\t\t\t\t\t\t<section class=\"elementor-section elementor-top-section elementor-element elementor-element-0d9c4a1 elementor-section-stretched elementor-section-boxed elementor-section-height-default elementor-section-height-default\" data-id=\"0d9c4a1\" data-element_type=\"section\" data-settings=\"{&quot;background_background&quot;:&quot;classic&quot;,&quot;stretch_section&quot;:&quot;section-stretched&quot;}\">\n\t\t\t\t\t\t<div class=\"elementor-container elementor-column-gap-default\">\n\t\t\t\t\t<div class=\"elementor-column elementor-col-100 elementor-top-column elementor-element elementor-element-ac57cca\" data-id=\"ac57cca\" data-element_type=\"column\">\n\t\t\t<div class=\"elementor-widget-wrap elementor-element-populated\">\n\t\t\t\t\t\t<section class=\"elementor-section elementor-inner-section elementor-element elementor-element-8781f24 elementor-reverse-tablet elementor-reverse-mobile elementor-section-boxed elementor-section-height-default elementor-section-height-default\" data-id=\"8781f24\" data-element_type=\"section\" data-settings=\"{&quot;background_background&quot;:&quot;classic&quot;}\">\n\t\t\t\t\t\t<div class=\"elementor-container elementor-column-gap-wide\">\n\t\t\t\t\t<div class=\"elementor-column elementor-col-100 elementor-inner-column elementor-element elementor-element-9015fb7\" data-id=\"9015fb7\" data-element_type=\"column\" data-settings=\"{&quot;background_background&quot;:&quot;classic&quot;}\">\n\t\t\t<div class=\"elementor-widget-wrap elementor-element-populated\">\n\t\t\t\t\t\t<div class=\"elementor-element elementor-element-5d63bc9 elementor-widget elementor-widget-theme-post-title elementor-page-title elementor-widget-heading\" data-id=\"5d63bc9\" data-element_type=\"widget\" data-widget_type=\"theme-post-title.default\">\n\t\t\t\t<div class=\"elementor-widget-container\">\n\t\t\t\t\t<h1 class=\"elementor-heading-title elementor-size-default\">M\u00e1s de 250 expertos formar\u00e1n parte del programa de conferencias de Empack, Logistics &amp; Automation y Logistic &amp; Industrial Build\u00a0<\/h1>\t\t\t\t<\/div>\n\t\t\t\t<\/div>\n\t\t\t\t<div class=\"elementor-element elementor-element-57db44c elementor-align-left elementor-widget elementor-widget-post-info\" data-id=\"57db44c\" data-element_type=\"widget\" data-widget_type=\"post-info.default\">\n\t\t\t\t<div class=\"elementor-widget-container\">\n\t\t\t\t\t\t\t<ul class=\"elementor-inline-items elementor-icon-list-items elementor-post-info\">\n\t\t\t\t\t\t\t\t<li class=\"elementor-icon-list-item elementor-repeater-item-62990f6 elementor-inline-item\" itemprop=\"datePublished\">\n\t\t\t\t\t\t<a href=\"https:\/\/www.logisticsautomationmadrid.com\/es\/2024\/11\/19\/\">\n\t\t\t\t\t\t\t\t\t\t\t<span class=\"elementor-icon-list-icon\">\n\t\t\t\t\t\t\t\t<i aria-hidden=\"true\" class=\"fas fa-calendar\"><\/i>\t\t\t\t\t\t\t<\/span>\n\t\t\t\t\t\t\t\t\t<span class=\"elementor-icon-list-text elementor-post-info__item elementor-post-info__item--type-date\">\n\t\t\t\t\t\t\t\t\t\t<time>noviembre 19, 2024<\/time>\t\t\t\t\t<\/span>\n\t\t\t\t\t\t\t\t\t<\/a>\n\t\t\t\t<\/li>\n\t\t\t\t<\/ul>\n\t\t\t\t\t\t<\/div>\n\t\t\t\t<\/div>\n\t\t\t\t\t<\/div>\n\t\t<\/div>\n\t\t\t\t\t<\/div>\n\t\t<\/section>\n\t\t\t\t<section class=\"elementor-section elementor-inner-section elementor-element elementor-element-a0a9333 elementor-section-boxed elementor-section-height-default elementor-section-height-default\" data-id=\"a0a9333\" data-element_type=\"section\" data-settings=\"{&quot;background_background&quot;:&quot;classic&quot;}\">\n\t\t\t\t\t\t<div class=\"elementor-container elementor-column-gap-default\">\n\t\t\t\t\t<div class=\"elementor-column elementor-col-100 elementor-inner-column elementor-element elementor-element-d9003a5\" data-id=\"d9003a5\" data-element_type=\"column\">\n\t\t\t<div class=\"elementor-widget-wrap elementor-element-populated\">\n\t\t\t\t\t\t<div class=\"elementor-element elementor-element-b8fbe78 elementor-widget elementor-widget-text-editor\" data-id=\"b8fbe78\" data-element_type=\"widget\" data-widget_type=\"text-editor.default\">\n\t\t\t\t<div class=\"elementor-widget-container\">\n\t\t\t\t\t\t\t\t\t<ul><li><strong>Los d\u00edas 27 y 28 de noviembre, los asistentes a las ferias podr\u00e1n disfrutar de un extenso programa de ponencias y actividades, con JJ Delgado y Leopoldo Torralba como keynote speakers de la edici\u00f3n.\u00a0<\/strong><\/li><li><strong>Los eventos ofrecer\u00e1n un total de siete salas de congreso en las que se abordar\u00e1n temas clave como la IA, la sostenibilidad y la automatizaci\u00f3n, incluyendo un espacio espec\u00edfico para Logistic &amp; Industrial Build.\u00a0<\/strong><\/li><li><strong>Se entregar\u00e1n galardones como los Premios L\u00edderes de la Log\u00edstica o los Premios Truck Friendly Movement y habr\u00e1 oportunidades de networking en un espacio compartido por m\u00e1s de 400 empresas.\u00a0<\/strong><\/li><\/ul><p>\u00a0<\/p><p><strong>Madrid, 19 de noviembre de 2024<\/strong>. Cada vez falta menos para el comienzo de las ferias Empack y Logistics &amp; Automation, as\u00ed como de la primera edici\u00f3n de Logistic &amp; Industrial Build, que se celebrar\u00e1n los pr\u00f3ximos 27 y 28 de noviembre en IFEMA (Madrid). Organizados por Easyfairs, estos eventos constituyen un punto de encuentro ideal para todos aquellos profesionales del packaging, la log\u00edstica, el transporte y la edificaci\u00f3n log\u00edstica e industrial que quieran conocer las \u00faltimas innovaciones en su sector. Como cada a\u00f1o, uno de los principales atractivos de estos eventos es su amplio programa de actividades, que contar\u00e1 con m\u00e1s de 250 ponentes distribuidos en siete salas de congreso, entre los que destacan JJ Delgado y Leopoldo Torralba, los keynote speakers de esta edici\u00f3n.\u00a0<\/p><p>Durante estos dos d\u00edas, los asistentes de Empack podr\u00e1n acceder a un extenso planning repartido en dos espacios, la sala Empack patrocinada por Sealed Air y la Sala Pentawards. Asimismo, Logistics &amp; Automation se dirigir\u00e1 al sector de la log\u00edstica y el transporte con cuatro salas especializadas: la Sala Supply Chain patrocinada por Vanderlande la Sala del Foro Tecnol\u00f3gico patrocinada por BITO, la Sala Logistic Lab patrocinada por GXO yla Sala Transport &amp; DeliveryAdicionalmente, la feria Logistic &amp; Industrial Build, que este a\u00f1o celebra su primera edici\u00f3n, dispondr\u00e1 de un espacio propio de congreso, en este caso patrocinado por Prosistemas, en el que tendr\u00e1n cabida diversas tem\u00e1ticas relacionadas con la construcci\u00f3n de infraestructuras log\u00edsticas e industriales, un sector clave para el desarrollo econ\u00f3mico y la eficiencia operativa de las empresas.\u00a0\u00a0<\/p><p>De forma complementaria, los visitantes tendr\u00e1n la posibilidad de disfrutar de diferentes galardones, entre los que destacan los Premios L\u00edderes de la Log\u00edstica, los Premios Truck Friendly Movement,los Premios Talento &amp; Log\u00edstica y los premios a la sostenibilidad adem\u00e1s de un espacio de networking con m\u00e1s de 400 empresas expositoras.\u00a0 \u00a0<\/p><p><strong>Empack, dise\u00f1o de packaging sostenible e innovador\u00a0\u00a0<\/strong><\/p><p>Como feria anual l\u00edder del sector, esta nueva edici\u00f3n de Empack incluir\u00e1 la participaci\u00f3n de un reconocido grupo de profesionales, que participar\u00e1n en diferentes mesas redondas y ponencias repartidas en los siguientes espacios:\u00a0<\/p><ul><li>La Sala Empack ofrecer\u00e1 varias charlas relacionadas con los nuevos retos legislativos y oportunidades que traer\u00e1 consigo la aprobaci\u00f3n del Reglamento Europeo de Envases y Residuos de Envase, la innovaci\u00f3n tecnol\u00f3gica, el papel de los materiales en la econom\u00eda circular del futuro, as\u00ed como el etiquetado y la trazabilidad de los envases, entre otros temas. Dichos paneles contar\u00e1n con algunas de las principales empresas del sector como Hero, Ecoembes, Grupo Unex, AINIA, Knauf, Puratos y Food for Joe.<\/li><\/ul><p>\u00a0<\/p><p>Para enriquecer la experiencia, los visitantes podr\u00e1n asistir a la ponencia de <strong>JJ Delgado<\/strong>, experto en marketing digital y General Manager de Move Estrella Galicia Digital, quien desarrollar\u00e1 las distintas aplicaciones de la IA en el mundo empresarial e industrial, y compartir\u00e1 diversas estrategias para conectar emocionalmente con los clientes, optimizar el customer journey y enfrentar los distintos desaf\u00edos de un mercado digital en constante evoluci\u00f3n.\u00a0\u00a0<\/p><ul><li>La Sala Pentawards, por su parte, ser\u00e1 el espacio de reconocimiento para las mejores pr\u00e1cticas en el dise\u00f1o de envases, con un enfoque especial en la presentaci\u00f3n del caso de \u00e9xito \u2018El papel y el embellecimiento del etiquetado\u2019, ganador de los PENTAWARDS 2024 al mejor uso en este campo.\u00a0 \u00a0<\/li><\/ul><p>\u00a0<\/p><p>Adicionalmente, todas las empresas interesadas en mantenerse a la vanguardia de <strong>las \u00faltimas tendencias en ecodise\u00f1o, la medici\u00f3n de la huella de carbono, la impresi\u00f3n digital o el branding en el envasado<\/strong>, podr\u00e1n disfrutar de una variedad de ponencias y mesas redondas de la mano de expertos de AEBRAND, Batllegroup, THE GB FOODS, Suntory Global Spirits,Agencia Kids,TSMGO y otras compa\u00f1\u00edas. Por \u00faltimo, esta sala acoger\u00e1 tambi\u00e9n la primera influsesi\u00f3n la tarde del segundo d\u00eda, de la mano de la influencer Julia Carri\u00f3n de trama 22 comentando tendencias y novedades en packaging.\u00a0<\/p><p><strong>Logistics &amp; Automation: tecnolog\u00eda y resiliencia en la cadena de suministro\u00a0<\/strong><\/p><p>Por su parte, Logistics &amp; Automation contar\u00e1 con cuatro salas especializadas repletas de charlas y mesas redondas con destacados expertos:\u00a0<\/p><ul><li>La Sala <strong>Transport &amp; Delivery<\/strong> abordar\u00e1 temas clave para el sector log\u00edstico como los efectos de la crisis en el Mar Rojo desde la perspectiva de navieras, las distintas energ\u00edas y combustibles renovables como el HVO, el biometano o el hidr\u00f3geno, y la log\u00edstica urbana para la distribuci\u00f3n de \u00faltima milla. Adem\u00e1s, tendr\u00e1 lugar la entrega de los Premios Truck Friendly Movement, organizados por ACE Cargadores, y la presentaci\u00f3n de la Plataforma SIMPLE, impulsada por ADIF, Puertos del Estado y el Ministerio de Transportes, que promover\u00e1 una gesti\u00f3n digitalizada e integrada para los distintos modelos de transporte. Este espacio reunir\u00e1 tambi\u00e9n a diferentes portavoces como Javier Garc\u00eda, subdirector comercial de ADIF; Leticia \u00c1lvarez, directora de Cuentas Estrat\u00e9gicas de Google; o Almudena D\u00edaz, directora de Planificaci\u00f3n Estrat\u00e9gica y Recursos de Logista Freight.\u00a0\u00a0<\/li><li>La <strong>Sala del Foro Tecnol\u00f3gico<\/strong> ser\u00e1 el lugar de referencia para la implementaci\u00f3n de \u00faltima tecnolog\u00eda aplicada a la log\u00edstica, incluyendo el uso de big data y anal\u00edtica avanzada, robotizaci\u00f3n, IA, integraci\u00f3n de WMS y TMS y los gemelos digitales. De forma paralela, tendr\u00e1n gran protagonismo el desarrollo de las soft skills o la creaci\u00f3n de cadenas de suministro resilientes en el contexto de volatilidad de nuestros d\u00edas. Otro de los platos fuertes del Foro ser\u00e1 la celebraci\u00f3n del II Encuentro de Excelencia Operacional en el sector farma organizado por Global Lean, que contar\u00e1 con el apoyo de responsables de CEL, Megalabs, Logista Pharma y Leterago Global.\u00a0<\/li><li>Por su parte, <strong>la Sala Supply Chain<\/strong> acoger\u00e1 la ceremonia inaugural seguida de la entrega de Premios L\u00edderes de la Log\u00edstica de la mano de UNO Log\u00edstica, partner estrat\u00e9gico del evento. Adem\u00e1s, se presentar\u00e1n estrategias innovadoras para optimizar las cadenas de suministro, vitales para crear oportunidades de crecimiento y ventajas competitivas en un mercado global, todo ello a trav\u00e9s de mesas redondas y ponencias de la mano de empresas como Miebach, Catalonia Logistics o CEL. Por su parte, Ram\u00f3n Garc\u00eda, director general de CEL, y Paula Pe\u00f1a, Expert Sector Consultant Manager de NTT Data, dar\u00e1n a conocer los resultados del IV Estudio Log\u00edstica del e-commerce.\u00a0\u00a0<\/li><li>El mayor atractivo de la <strong>Sala Logistics Labs<\/strong> ser\u00e1 la ejecuci\u00f3n por primera vez de talleres pr\u00e1cticos sobre log\u00edstica de la mano de ICIL. Por otro lado, el segundo d\u00eda se organizar\u00e1\u00a0 la Jornada Foro de Log\u00edstica, que incluir\u00e1 la entrega de los Premios Talento &amp; Log\u00edstica, as\u00ed como mesas redondas sobre el impulso del talento mediante la IA y la tecnolog\u00eda, el futuro del trabajo y los nuevos liderazgos, o la innovaci\u00f3n vista desde el prisma del emprendimiento. Por su parte, Mhart y MIM Group incidir\u00e1n en la automatizaci\u00f3n de los centros de distribuci\u00f3n y la gesti\u00f3n y an\u00e1lisis de informaci\u00f3n en tiempo real, respectivamente.\u00a0\u00a0<\/li><\/ul><p>\u00a0<\/p><p><strong>Logistic &amp; Industrial Build, una mirada hacia la actualidad y las nuevas tendencias\u00a0<\/strong><\/p><p>La ponencia de apertura de Logistic &amp; Industrial Build correr\u00e1 a cargo de Leopoldo Torralba, Deputy Chief Economist en Arcano Research, en la que hablar\u00e1 sobre la situaci\u00f3n econ\u00f3mica actual, las \u00faltimas tendencias inflacionarias y la consolidaci\u00f3n en la ca\u00edda de los tipos de inter\u00e9s. Otro de los temas centrales de su intervenci\u00f3n ser\u00e1 la evoluci\u00f3n de los mercados inmobiliarios, junto con un an\u00e1lisis detallado de los focos geopol\u00edticos que siguen generando cierta inestabilidad.\u00a0\u00a0<\/p><p>Posteriormente, voces expertas de diversos organismos p\u00fablicos debatir\u00e1n sobre. los retos y oportunidades del mencionado sector, en la rehabilitaci\u00f3n e industrializaci\u00f3n de las edificaciones log\u00edsticas y en el Reglamento de Protecci\u00f3n contra Incendios. Estos paneles albergar\u00e1n la participaci\u00f3n de responsables de Appunle, P3 Logistics Park, Goodman Espa\u00f1a, Sando Construcci\u00f3n, Prologis, Newdock, Panattoni, Svam Arquitectos y Consultores, Grupo Ciare y Mayoral Moda Infantil, entre otros.<\/p><p>Tanto el listado de expositores como el avance del programa de congreso y el registro gratuito para profesionales est\u00e1n disponibles en las webs de Empack, Logistic &amp; Automation y Logistic &amp; Industrial Build.\u00a0<\/p>\t\t\t\t\t\t\t\t<\/div>\n\t\t\t\t<\/div>\n\t\t\t\t<div class=\"elementor-element elementor-element-e9df89f elementor-widget elementor-widget-text-editor\" data-id=\"e9df89f\" data-element_type=\"widget\" data-widget_type=\"text-editor.default\">\n\t\t\t\t<div class=\"elementor-widget-container\">\n\t\t\t\t\t\t\t\t\t<p><strong>Sobre Easyfairs <\/strong><\/p><p>Easyfairs organiza eventos siendo puntos <strong>de encuentro para las comunidades<\/strong> que<strong> deseen visitar el futuro.<\/strong><\/p><p>Actualmente organizamos 110 eventos presenciales en 12 pa\u00edses (Argelia, B\u00e9lgica, Finlandia, Francia, Alemania, Italia, Pa\u00edses Bajos, Portugal, Espa\u00f1a, Suecia, Suiza y Reino Unido) y gestionamos ocho recintos feriales en B\u00e9lgica, Holanda y Suecia (Amberes, Gante, Malinas-Bruselas Norte, Namur, Gorinchem, Hardenberg, Malm\u00f6 y Estocolmo).<\/p><p>Nos apasiona \u00abfacilitar\u00bb la vida de nuestros clientes y aumentar el retorno de su inversi\u00f3n y de su tiempo a trav\u00e9s de nuestras f\u00f3rmulas integrales (all-in), tecnolog\u00eda avanzada y estrategia centrada en el cliente. <strong>Nuestra oferta digital<\/strong> <strong>adem\u00e1s brinda<\/strong> a estas comunidades excelentes oportunidades <strong>para establecer contactos de manera efectiva y hacer negocios durante<\/strong> todo el a\u00f1o.\u00a0<\/p><p>El Grupo Easyfairs emplea a 820 talentos altamente comprometidos, implementa las mejores herramientas de marketing y tecnolog\u00eda y desarrolla marcas con un fuerte atractivo para nuestros stakeholders.<\/p><p>Por sexto a\u00f1o consecutivo, en 2024, Deloitte otorg\u00f3 nuevamente a Easyfairs el estatus de \u201cBest Managed Company\u201d.<\/p><p>Estamos orgullosos de figurar como uno de los 20 principales organizadores feriales del mundo, seg\u00fan la clasificaci\u00f3n anual realizada por STAX Consulting.<\/p><p>Visita el futuro con Easyfairs y consulta m\u00e1s informaci\u00f3n en <a href=\"http:\/\/www.easyfairsgroup.com\">www.easyfairsgroup.com<\/a>.<\/p>\t\t\t\t\t\t\t\t<\/div>\n\t\t\t\t<\/div>\n\t\t\t\t\t<\/div>\n\t\t<\/div>\n\t\t\t\t\t<\/div>\n\t\t<\/section>\n\t\t\t\t<section class=\"elementor-section elementor-inner-section elementor-element elementor-element-379e76a elementor-section-boxed elementor-section-height-default elementor-section-height-default\" data-id=\"379e76a\" data-element_type=\"section\" data-settings=\"{&quot;background_background&quot;:&quot;classic&quot;}\">\n\t\t\t\t\t\t<div class=\"elementor-container elementor-column-gap-wide\">\n\t\t\t\t\t<div class=\"elementor-column elementor-col-100 elementor-inner-column elementor-element elementor-element-5362b5b\" data-id=\"5362b5b\" data-element_type=\"column\" data-settings=\"{&quot;background_background&quot;:&quot;classic&quot;}\">\n\t\t\t<div class=\"elementor-widget-wrap elementor-element-populated\">\n\t\t\t\t\t\t<div class=\"elementor-element elementor-element-08e580d elementor-widget elementor-widget-heading\" data-id=\"08e580d\" data-element_type=\"widget\" data-widget_type=\"heading.default\">\n\t\t\t\t<div class=\"elementor-widget-container\">\n\t\t\t\t\t<p class=\"elementor-heading-title elementor-size-default\">Compartir<\/p>\t\t\t\t<\/div>\n\t\t\t\t<\/div>\n\t\t\t\t<div class=\"elementor-element elementor-element-707fd25 elementor-share-buttons--view-icon elementor-share-buttons--shape-circle elementor-share-buttons--color-custom elementor-share-buttons--skin-minimal elementor-grid-0 elementor-widget elementor-widget-share-buttons\" data-id=\"707fd25\" data-element_type=\"widget\" data-widget_type=\"share-buttons.default\">\n\t\t\t\t<div class=\"elementor-widget-container\">\n\t\t\t\t\t\t\t<div class=\"elementor-grid\" role=\"list\">\n\t\t\t\t\t\t\t\t<div class=\"elementor-grid-item\" role=\"listitem\">\n\t\t\t\t\t\t<div class=\"elementor-share-btn elementor-share-btn_email\" role=\"button\" tabindex=\"0\" aria-label=\"Share on email\">\n\t\t\t\t\t\t\t\t\t\t\t\t\t\t\t<span class=\"elementor-share-btn__icon\">\n\t\t\t\t\t\t\t\t<i class=\"fas fa-envelope\" aria-hidden=\"true\"><\/i>\t\t\t\t\t\t\t<\/span>\n\t\t\t\t\t\t\t\t\t\t\t\t\t\t\t\t\t\t\t\t<\/div>\n\t\t\t\t\t<\/div>\n\t\t\t\t\t\t\t\t\t<div class=\"elementor-grid-item\" role=\"listitem\">\n\t\t\t\t\t\t<div class=\"elementor-share-btn elementor-share-btn_twitter\" role=\"button\" tabindex=\"0\" aria-label=\"Share on twitter\">\n\t\t\t\t\t\t\t\t\t\t\t\t\t\t\t<span class=\"elementor-share-btn__icon\">\n\t\t\t\t\t\t\t\t<i class=\"fab fa-twitter\" aria-hidden=\"true\"><\/i>\t\t\t\t\t\t\t<\/span>\n\t\t\t\t\t\t\t\t\t\t\t\t\t\t\t\t\t\t\t\t<\/div>\n\t\t\t\t\t<\/div>\n\t\t\t\t\t\t\t\t\t<div class=\"elementor-grid-item\" role=\"listitem\">\n\t\t\t\t\t\t<div class=\"elementor-share-btn elementor-share-btn_linkedin\" role=\"button\" tabindex=\"0\" aria-label=\"Share on linkedin\">\n\t\t\t\t\t\t\t\t\t\t\t\t\t\t\t<span class=\"elementor-share-btn__icon\">\n\t\t\t\t\t\t\t\t<i class=\"fab fa-linkedin\" aria-hidden=\"true\"><\/i>\t\t\t\t\t\t\t<\/span>\n\t\t\t\t\t\t\t\t\t\t\t\t\t\t\t\t\t\t\t\t<\/div>\n\t\t\t\t\t<\/div>\n\t\t\t\t\t\t\t\t\t<div class=\"elementor-grid-item\" role=\"listitem\">\n\t\t\t\t\t\t<div class=\"elementor-share-btn elementor-share-btn_whatsapp\" role=\"button\" tabindex=\"0\" aria-label=\"Share on whatsapp\">\n\t\t\t\t\t\t\t\t\t\t\t\t\t\t\t<span class=\"elementor-share-btn__icon\">\n\t\t\t\t\t\t\t\t<i class=\"fab fa-whatsapp\" aria-hidden=\"true\"><\/i>\t\t\t\t\t\t\t<\/span>\n\t\t\t\t\t\t\t\t\t\t\t\t\t\t\t\t\t\t\t\t<\/div>\n\t\t\t\t\t<\/div>\n\t\t\t\t\t\t<\/div>\n\t\t\t\t\t\t<\/div>\n\t\t\t\t<\/div>\n\t\t\t\t\t<\/div>\n\t\t<\/div>\n\t\t\t\t\t<\/div>\n\t\t<\/section>\n\t\t\t\t\t<\/div>\n\t\t<\/div>\n\t\t\t\t\t<\/div>\n\t\t<\/section>\n\t\t\t\t<\/div>\n\t\t","protected":false},"excerpt":{"rendered":"<p>Los d\u00edas 27 y 28 de noviembre, los asistentes a las ferias podr\u00e1n disfrutar de un extenso programa de ponencias y actividades, con JJ Delgado y Leopoldo Torralba como keynote speakers de la edici\u00f3n.&nbsp; Los eventos ofrecer\u00e1n un total de siete salas de congreso en las que se abordar\u00e1n temas clave como la IA, la [&hellip;]<\/p>\n","protected":false},"author":992,"featured_media":0,"comment_status":"open","ping_status":"open","sticky":false,"template":"elementor_header_footer","format":"standard","meta":{"_seopress_robots_primary_cat":"none","_seopress_titles_title":"Programa de conferencias de Empack, L&amp;A y LIB ","_seopress_titles_desc":"M\u00e1s de 250 expertos formar\u00e1n parte del programa de conferencias de Empack, Logistics &amp; Automation y Logistic &amp; Industrial Build ","_seopress_robots_index":"","footnotes":""},"categories":[343],"tags":[695,1201,2381,697,2664],"edition":[],"class_list":["post-170756","post","type-post","status-publish","format-standard","hentry","category-notas-de-prensa","tag-empack","tag-expertos","tag-lib","tag-logistics-automation","tag-programa-conferencias"],"_links":{"self":[{"href":"https:\/\/www.logisticsautomationmadrid.com\/es\/wp-json\/wp\/v2\/posts\/170756","targetHints":{"allow":["GET"]}}],"collection":[{"href":"https:\/\/www.logisticsautomationmadrid.com\/es\/wp-json\/wp\/v2\/posts"}],"about":[{"href":"https:\/\/www.logisticsautomationmadrid.com\/es\/wp-json\/wp\/v2\/types\/post"}],"author":[{"embeddable":true,"href":"https:\/\/www.logisticsautomationmadrid.com\/es\/wp-json\/wp\/v2\/users\/992"}],"replies":[{"embeddable":true,"href":"https:\/\/www.logisticsautomationmadrid.com\/es\/wp-json\/wp\/v2\/comments?post=170756"}],"version-history":[{"count":5,"href":"https:\/\/www.logisticsautomationmadrid.com\/es\/wp-json\/wp\/v2\/posts\/170756\/revisions"}],"predecessor-version":[{"id":170804,"href":"https:\/\/www.logisticsautomationmadrid.com\/es\/wp-json\/wp\/v2\/posts\/170756\/revisions\/170804"}],"wp:attachment":[{"href":"https:\/\/www.logisticsautomationmadrid.com\/es\/wp-json\/wp\/v2\/media?parent=170756"}],"wp:term":[{"taxonomy":"category","embeddable":true,"href":"https:\/\/www.logisticsautomationmadrid.com\/es\/wp-json\/wp\/v2\/categories?post=170756"},{"taxonomy":"post_tag","embeddable":true,"href":"https:\/\/www.logisticsautomationmadrid.com\/es\/wp-json\/wp\/v2\/tags?post=170756"},{"taxonomy":"edition","embeddable":true,"href":"https:\/\/www.logisticsautomationmadrid.com\/es\/wp-json\/wp\/v2\/edition?post=170756"}],"curies":[{"name":"wp","href":"https:\/\/api.w.org\/{rel}","templated":true}]}}