{"id":172717,"date":"2024-12-02T16:13:37","date_gmt":"2024-12-02T15:13:37","guid":{"rendered":"https:\/\/www.logisticsautomationmadrid.com\/?p=172717"},"modified":"2025-05-21T09:43:25","modified_gmt":"2025-05-21T07:43:25","slug":"mas-de-11-600-visitantes-unicos-en-la-edicion-2024-de-empack-logistics-automation-y-logistic-industrial-build","status":"publish","type":"post","link":"https:\/\/www.logisticsautomationmadrid.com\/es\/2024\/12\/02\/mas-de-11-600-visitantes-unicos-en-la-edicion-2024-de-empack-logistics-automation-y-logistic-industrial-build\/","title":{"rendered":"M\u00e1s de 11.600 visitantes \u00fanicos en la edici\u00f3n 2024 de Empack, Logistics &amp; Automation y Logistic &amp; Industrial Build"},"content":{"rendered":"\t\t<div data-elementor-type=\"wp-post\" data-elementor-id=\"172717\" class=\"elementor elementor-172717\" data-elementor-post-type=\"post\">\n\t\t\t\t\t\t<section class=\"elementor-section elementor-top-section elementor-element elementor-element-0d9c4a1 elementor-section-stretched elementor-section-boxed elementor-section-height-default elementor-section-height-default\" data-id=\"0d9c4a1\" data-element_type=\"section\" data-settings=\"{&quot;background_background&quot;:&quot;classic&quot;,&quot;stretch_section&quot;:&quot;section-stretched&quot;}\">\n\t\t\t\t\t\t<div class=\"elementor-container elementor-column-gap-default\">\n\t\t\t\t\t<div class=\"elementor-column elementor-col-100 elementor-top-column elementor-element elementor-element-ac57cca\" data-id=\"ac57cca\" data-element_type=\"column\">\n\t\t\t<div class=\"elementor-widget-wrap elementor-element-populated\">\n\t\t\t\t\t\t<section class=\"elementor-section elementor-inner-section elementor-element elementor-element-8781f24 elementor-reverse-tablet elementor-reverse-mobile elementor-section-boxed elementor-section-height-default elementor-section-height-default\" data-id=\"8781f24\" data-element_type=\"section\" data-settings=\"{&quot;background_background&quot;:&quot;classic&quot;}\">\n\t\t\t\t\t\t<div class=\"elementor-container elementor-column-gap-wide\">\n\t\t\t\t\t<div class=\"elementor-column elementor-col-100 elementor-inner-column elementor-element elementor-element-9015fb7\" data-id=\"9015fb7\" data-element_type=\"column\" data-settings=\"{&quot;background_background&quot;:&quot;classic&quot;}\">\n\t\t\t<div class=\"elementor-widget-wrap elementor-element-populated\">\n\t\t\t\t\t\t<div class=\"elementor-element elementor-element-5d63bc9 elementor-widget elementor-widget-theme-post-title elementor-page-title elementor-widget-heading\" data-id=\"5d63bc9\" data-element_type=\"widget\" data-widget_type=\"theme-post-title.default\">\n\t\t\t\t<div class=\"elementor-widget-container\">\n\t\t\t\t\t<h1 class=\"elementor-heading-title elementor-size-default\">M\u00e1s de 11.600 visitantes \u00fanicos en la edici\u00f3n 2024 de Empack, Logistics &amp; Automation y Logistic &amp; Industrial Build<\/h1>\t\t\t\t<\/div>\n\t\t\t\t<\/div>\n\t\t\t\t<div class=\"elementor-element elementor-element-57db44c elementor-align-left elementor-widget elementor-widget-post-info\" data-id=\"57db44c\" data-element_type=\"widget\" data-widget_type=\"post-info.default\">\n\t\t\t\t<div class=\"elementor-widget-container\">\n\t\t\t\t\t\t\t<ul class=\"elementor-inline-items elementor-icon-list-items elementor-post-info\">\n\t\t\t\t\t\t\t\t<li class=\"elementor-icon-list-item elementor-repeater-item-62990f6 elementor-inline-item\" itemprop=\"datePublished\">\n\t\t\t\t\t\t<a href=\"https:\/\/www.logisticsautomationmadrid.com\/es\/2024\/12\/02\/\">\n\t\t\t\t\t\t\t\t\t\t\t<span class=\"elementor-icon-list-icon\">\n\t\t\t\t\t\t\t\t<i aria-hidden=\"true\" class=\"fas fa-calendar\"><\/i>\t\t\t\t\t\t\t<\/span>\n\t\t\t\t\t\t\t\t\t<span class=\"elementor-icon-list-text elementor-post-info__item elementor-post-info__item--type-date\">\n\t\t\t\t\t\t\t\t\t\t<time>diciembre 2, 2024<\/time>\t\t\t\t\t<\/span>\n\t\t\t\t\t\t\t\t\t<\/a>\n\t\t\t\t<\/li>\n\t\t\t\t<\/ul>\n\t\t\t\t\t\t<\/div>\n\t\t\t\t<\/div>\n\t\t\t\t\t<\/div>\n\t\t<\/div>\n\t\t\t\t\t<\/div>\n\t\t<\/section>\n\t\t\t\t<section class=\"elementor-section elementor-inner-section elementor-element elementor-element-a0a9333 elementor-section-boxed elementor-section-height-default elementor-section-height-default\" data-id=\"a0a9333\" data-element_type=\"section\" data-settings=\"{&quot;background_background&quot;:&quot;classic&quot;}\">\n\t\t\t\t\t\t<div class=\"elementor-container elementor-column-gap-default\">\n\t\t\t\t\t<div class=\"elementor-column elementor-col-100 elementor-inner-column elementor-element elementor-element-d9003a5\" data-id=\"d9003a5\" data-element_type=\"column\">\n\t\t\t<div class=\"elementor-widget-wrap elementor-element-populated\">\n\t\t\t\t\t\t<div class=\"elementor-element elementor-element-b8fbe78 elementor-widget elementor-widget-text-editor\" data-id=\"b8fbe78\" data-element_type=\"widget\" data-widget_type=\"text-editor.default\">\n\t\t\t\t<div class=\"elementor-widget-container\">\n\t\t\t\t\t\t\t\t\t<p><strong>\u2022 Con m\u00e1s de 400 empresas expositoras y 80 horas de contenido, las tres ferias han sido escenario de las \u00faltimas tendencias en packaging, log\u00edstica y edificaci\u00f3n industrial, impulsando la competitividad del sector.<\/strong><\/p><p><strong>\u2022 \u201cEl alto nivel de participaci\u00f3n y la calidad de los debates y actividades desarrollados son reflejo de nuestro apoyo a todos los profesionales que lideren la evoluci\u00f3n de estas industrias hacia un futuro m\u00e1s innovador, eficiente y sostenible\u201d, ha afirmado Oscar Barranco, director general de Easyfairs Iberia.<\/strong><\/p><p><strong>\u2022 La pr\u00f3xima edici\u00f3n se celebrar\u00e1 los d\u00edas 15 y 16 de octubre de 2025, consolidando a estos eventos como referentes en sus sectores.<\/strong><\/p><p><strong>Madrid, 29 de noviembre de 2024.<\/strong> Las ferias <a href=\"https:\/\/www.empackmadrid.com\/es\/\">Empack<\/a>, <a href=\"https:\/\/www.logisticsautomationmadrid.com\/es\/\">Logistics &amp; Automation<\/a> y la reci\u00e9n incorporada <a href=\"https:\/\/www.logisticindustrialbuildmadrid.com\/\">Logistic &amp; Industrial Build<\/a> han cerrado con gran \u00e9xito su edici\u00f3n 2024. Durante los dos d\u00edas de celebraci\u00f3n en el recinto de IFEMA Madrid, estas citas clave para los sectores del packaging, la log\u00edstica y la edificaci\u00f3n industrial han reafirmado su posici\u00f3n como referentes en sus respectivas \u00e1reas, superando las cifras de participaci\u00f3n de a\u00f1os anteriores. En concreto, m\u00e1s de 11.600 visitantes \u00fanicos y m\u00e1s de 400 empresas expositoras han participado en las ferias, registr\u00e1ndose 41.053 interacciones comerciales.<\/p><p>La convergencia de las tres ferias ha permitido abordar los retos clave de la industria desde una perspectiva integrada, destacando la colaboraci\u00f3n p\u00fablico-privada, la sostenibilidad y la transformaci\u00f3n digital como los grandes ejes tem\u00e1ticos. \u201c<em>Esta edici\u00f3n ha sido un claro reflejo de la vitalidad de los sectores del packaging, la log\u00edstica y la edificaci\u00f3n industrial. El alto nivel de participaci\u00f3n y la calidad de los debates y actividades desarrollados demuestran que una vez m\u00e1s apoyamos a los profesionales para que lideren la evoluci\u00f3n de estas industrias hacia un futuro m\u00e1s innovador, eficiente y sostenible<\/em>\u201d, ha afirmado <strong>Oscar Barranco<\/strong>, director general de Easyfairs Iberia, empresa organizadora de estas ferias profesionales.<\/p><p><strong><u>Empack: el futuro del packaging sostenible<\/u><\/strong><\/p><p>En su 15\u00aa edici\u00f3n, Empack ha reunido a 150 empresas especializadas en soluciones de embalaje, etiquetado y rob\u00f3tica aplicada, con un enfoque particular en la sostenibilidad. Entre las actividades destacadas, se encuentran la Isla de las Soluciones y la Pentawards Conference, donde se han abordado las tendencias globales del dise\u00f1o de packaging. Por otro lado, en la sala Empack se ha reunido talleres y mesas redondas de la mano de las empresas punteras de la industria como son Hero, Lidl o Puratos, entre otros.<\/p><p>Como Keynote Speaker, Empack ha contado con <strong>JJ Delgado<\/strong>, experto en marketing digital y General Manager de Move Estrella Galicia. \u201c<em>Estamos viviendo un cambio de paradigma en el mundo de los negocios, tanto digitales como tradicionales, impulsado por tecnolog\u00edas disruptivas, especialmente la inteligencia artificial generativa. Esta tecnolog\u00eda no solo abre oportunidades en eficiencia, productividad y engagement con los consumidores, sino que tambi\u00e9n act\u00faa como trampol\u00edn para otras innovaciones como drones, impresi\u00f3n 3D y codificaci\u00f3n simplificada. Nos adentramos en una nueva econom\u00eda donde los trabajos rutinarios ser\u00e1n automatizados, liberando tiempo para que los trabajadores se enfoquen en aportar un mayor valor diferencial<\/em>\u201d, ha asegurado.<\/p><p><strong><u>Logistics &amp; Automation, epicentro de la innovaci\u00f3n log\u00edstica<\/u><\/strong><\/p><p>Por su parte, la 14\u00aa edici\u00f3n de Logistics &amp; Automation ha contado con la participaci\u00f3n de 215 empresas relacionadas con la \u00faltima milla, la gesti\u00f3n de flotas y almacenes, intralog\u00edstica, trazabilidad y la automatizaci\u00f3n y rob\u00f3tica. Los asistentes han podido presenciar un extenso programa que incluye los Premios L\u00edderes de la Log\u00edstica, el II Encuentro de Excelencia Operacional y las mesas redondas dedicadas a la sostenibilidad y digitalizaci\u00f3n de la cadena de suministro.<\/p><p>Seg\u00fan ha afirmado <strong>Francisco Aranda<\/strong>, presidente de UNO Log\u00edstica: \u201c<em>Logistics &amp; Automation demuestra que nos hemos convertido en un sector tecnol\u00f3gico. Visitando los diferentes stands se pon\u00eda de manifiesto que, en su mayor\u00eda, se habla de automatizaci\u00f3n, tecnolog\u00eda y nuevos procesos. Esto es competitividad pura. Estamos en primera l\u00ednea en la econom\u00eda, en la generaci\u00f3n de empleo \u2014el 85% de este empleo es indefinido\u2014 y como un sector inversor<\/em>\u201d.<\/p><p><strong><u>Innovaci\u00f3n en la edificaci\u00f3n log\u00edstica en Logistic &amp; Industrial Build<\/u><\/strong><\/p><p>El estreno de Logistic &amp; Industrial Build ha sido otro de los grandes atractivos de esta edici\u00f3n. Con 30 expositores especializados, esta nueva feria ha congregado a grandes l\u00edderes de la industrial, como Panattoni, Newdock, Prologis, Merlin Properties, DHL, CBRE, Planifica Madrid, Scanell, M&amp;G, DHL, Nuveen o Sando, entre otros, en torno a los temas m\u00e1s candentes del sector, como los retos hacia la edificaci\u00f3n sostenible, el nuevo Reglamento contra Incendios, o las estrategias de inversi\u00f3n inmobiliaria.<\/p><p>Adem\u00e1s, ha contado con la I Jornada de Inversi\u00f3n Inmolog\u00edstica, organizada por ACTE y con <strong>Leopoldo Torralba<\/strong>, Deputy Chief Economist en Arcano Research, como Keynote Speaker. \u201c<em>El sector log\u00edstico est\u00e1 muy influido por los avances tecnol\u00f3gicos, benefici\u00e1ndose de implementaciones como los algoritmos para la gesti\u00f3n de inventarios, la rob\u00f3tica, los drones para los repartos o los camiones aut\u00f3nomos que cada vez son m\u00e1s populares en Estados Unidos. Todos estos temas van a afectar a la log\u00edstica, aumentando su eficiencia<\/em>\u201d, ha afirmado durante su intervenci\u00f3n.<\/p><p><strong><u>Un punto de encuentro estrat\u00e9gico<\/u><\/strong><\/p><p>En total, las tres ferias han acogido m\u00e1s de 80 horas de contenidos, incluyendo conferencias y mesas redondas, con m\u00e1s de 250 ponentes expertos que han ofrecido a los asistentes una visi\u00f3n integral de las tendencias y desaf\u00edos a los que se enfrentan estos sectores. Asimismo, se ha facilitado un espacio \u00fanico para el networking, reforzando relaciones comerciales y abriendo nuevas oportunidades de colaboraci\u00f3n.<\/p><p>\u201c<em>Estamos muy contentos con el \u00e9xito de esta edici\u00f3n, que ha consolidado a Empack, Logistics &amp; Automation y Logistic &amp; Industrial Build como puntos de encuentro clave para sus respectivos sectores. Con este balance tan positivo, nos complace anunciar que la pr\u00f3xima edici\u00f3n tendr\u00e1 lugar los d\u00edas 15 y 16 de octubre de 2025, de nuevo en IFEMA, con un 78% de la superficie expositiva ya reservada. Ser\u00e1 una oportunidad \u00fanica para seguir impulsando la innovaci\u00f3n, la sostenibilidad y la competitividad en la industria\u201d<\/em>, ha concluido <strong>Oscar Barranco<\/strong>.<\/p>\t\t\t\t\t\t\t\t<\/div>\n\t\t\t\t<\/div>\n\t\t\t\t<div class=\"elementor-element elementor-element-e9df89f elementor-widget elementor-widget-text-editor\" data-id=\"e9df89f\" data-element_type=\"widget\" data-widget_type=\"text-editor.default\">\n\t\t\t\t<div class=\"elementor-widget-container\">\n\t\t\t\t\t\t\t\t\t<p><strong>Sobre Easyfairs <\/strong><\/p><p>Easyfairs organiza eventos siendo puntos <strong>de encuentro para las comunidades<\/strong> que<strong> deseen visitar el futuro.<\/strong><\/p><p>Actualmente organizamos 110 eventos presenciales en 12 pa\u00edses (Argelia, B\u00e9lgica, Finlandia, Francia, Alemania, Italia, Pa\u00edses Bajos, Portugal, Espa\u00f1a, Suecia, Suiza y Reino Unido) y gestionamos ocho recintos feriales en B\u00e9lgica, Holanda y Suecia (Amberes, Gante, Malinas-Bruselas Norte, Namur, Gorinchem, Hardenberg, Malm\u00f6 y Estocolmo).<\/p><p>Nos apasiona \u00abfacilitar\u00bb la vida de nuestros clientes y aumentar el retorno de su inversi\u00f3n y de su tiempo a trav\u00e9s de nuestras f\u00f3rmulas integrales (all-in), tecnolog\u00eda avanzada y estrategia centrada en el cliente. <strong>Nuestra oferta digital<\/strong> <strong>adem\u00e1s brinda<\/strong> a estas comunidades excelentes oportunidades <strong>para establecer contactos de manera efectiva y hacer negocios durante<\/strong> todo el a\u00f1o.\u00a0<\/p><p>El Grupo Easyfairs emplea a 820 talentos altamente comprometidos, implementa las mejores herramientas de marketing y tecnolog\u00eda y desarrolla marcas con un fuerte atractivo para nuestros stakeholders.<\/p><p>Por sexto a\u00f1o consecutivo, en 2024, Deloitte otorg\u00f3 nuevamente a Easyfairs el estatus de \u201cBest Managed Company\u201d.<\/p><p>Estamos orgullosos de figurar como uno de los 20 principales organizadores feriales del mundo, seg\u00fan la clasificaci\u00f3n anual realizada por STAX Consulting.<\/p><p>Visita el futuro con Easyfairs y consulta m\u00e1s informaci\u00f3n en <a href=\"http:\/\/www.easyfairsgroup.com\">www.easyfairsgroup.com<\/a>.<\/p>\t\t\t\t\t\t\t\t<\/div>\n\t\t\t\t<\/div>\n\t\t\t\t\t<\/div>\n\t\t<\/div>\n\t\t\t\t\t<\/div>\n\t\t<\/section>\n\t\t\t\t<section class=\"elementor-section elementor-inner-section elementor-element elementor-element-379e76a elementor-section-boxed elementor-section-height-default elementor-section-height-default\" data-id=\"379e76a\" data-element_type=\"section\" data-settings=\"{&quot;background_background&quot;:&quot;classic&quot;}\">\n\t\t\t\t\t\t<div class=\"elementor-container elementor-column-gap-wide\">\n\t\t\t\t\t<div class=\"elementor-column elementor-col-100 elementor-inner-column elementor-element elementor-element-5362b5b\" data-id=\"5362b5b\" data-element_type=\"column\" data-settings=\"{&quot;background_background&quot;:&quot;classic&quot;}\">\n\t\t\t<div class=\"elementor-widget-wrap elementor-element-populated\">\n\t\t\t\t\t\t<div class=\"elementor-element elementor-element-08e580d elementor-widget elementor-widget-heading\" data-id=\"08e580d\" data-element_type=\"widget\" data-widget_type=\"heading.default\">\n\t\t\t\t<div class=\"elementor-widget-container\">\n\t\t\t\t\t<p class=\"elementor-heading-title elementor-size-default\">Compartir<\/p>\t\t\t\t<\/div>\n\t\t\t\t<\/div>\n\t\t\t\t<div class=\"elementor-element elementor-element-707fd25 elementor-share-buttons--view-icon elementor-share-buttons--shape-circle elementor-share-buttons--color-custom elementor-share-buttons--skin-minimal elementor-grid-0 elementor-widget elementor-widget-share-buttons\" data-id=\"707fd25\" data-element_type=\"widget\" data-widget_type=\"share-buttons.default\">\n\t\t\t\t<div class=\"elementor-widget-container\">\n\t\t\t\t\t\t\t<div class=\"elementor-grid\" role=\"list\">\n\t\t\t\t\t\t\t\t<div class=\"elementor-grid-item\" role=\"listitem\">\n\t\t\t\t\t\t<div class=\"elementor-share-btn elementor-share-btn_email\" role=\"button\" tabindex=\"0\" aria-label=\"Share on email\">\n\t\t\t\t\t\t\t\t\t\t\t\t\t\t\t<span class=\"elementor-share-btn__icon\">\n\t\t\t\t\t\t\t\t<i class=\"fas fa-envelope\" aria-hidden=\"true\"><\/i>\t\t\t\t\t\t\t<\/span>\n\t\t\t\t\t\t\t\t\t\t\t\t\t\t\t\t\t\t\t\t<\/div>\n\t\t\t\t\t<\/div>\n\t\t\t\t\t\t\t\t\t<div class=\"elementor-grid-item\" role=\"listitem\">\n\t\t\t\t\t\t<div class=\"elementor-share-btn elementor-share-btn_twitter\" role=\"button\" tabindex=\"0\" aria-label=\"Share on twitter\">\n\t\t\t\t\t\t\t\t\t\t\t\t\t\t\t<span class=\"elementor-share-btn__icon\">\n\t\t\t\t\t\t\t\t<i class=\"fab fa-twitter\" aria-hidden=\"true\"><\/i>\t\t\t\t\t\t\t<\/span>\n\t\t\t\t\t\t\t\t\t\t\t\t\t\t\t\t\t\t\t\t<\/div>\n\t\t\t\t\t<\/div>\n\t\t\t\t\t\t\t\t\t<div class=\"elementor-grid-item\" role=\"listitem\">\n\t\t\t\t\t\t<div class=\"elementor-share-btn elementor-share-btn_linkedin\" role=\"button\" tabindex=\"0\" aria-label=\"Share on linkedin\">\n\t\t\t\t\t\t\t\t\t\t\t\t\t\t\t<span class=\"elementor-share-btn__icon\">\n\t\t\t\t\t\t\t\t<i class=\"fab fa-linkedin\" aria-hidden=\"true\"><\/i>\t\t\t\t\t\t\t<\/span>\n\t\t\t\t\t\t\t\t\t\t\t\t\t\t\t\t\t\t\t\t<\/div>\n\t\t\t\t\t<\/div>\n\t\t\t\t\t\t\t\t\t<div class=\"elementor-grid-item\" role=\"listitem\">\n\t\t\t\t\t\t<div class=\"elementor-share-btn elementor-share-btn_whatsapp\" role=\"button\" tabindex=\"0\" aria-label=\"Share on whatsapp\">\n\t\t\t\t\t\t\t\t\t\t\t\t\t\t\t<span class=\"elementor-share-btn__icon\">\n\t\t\t\t\t\t\t\t<i class=\"fab fa-whatsapp\" aria-hidden=\"true\"><\/i>\t\t\t\t\t\t\t<\/span>\n\t\t\t\t\t\t\t\t\t\t\t\t\t\t\t\t\t\t\t\t<\/div>\n\t\t\t\t\t<\/div>\n\t\t\t\t\t\t<\/div>\n\t\t\t\t\t\t<\/div>\n\t\t\t\t<\/div>\n\t\t\t\t\t<\/div>\n\t\t<\/div>\n\t\t\t\t\t<\/div>\n\t\t<\/section>\n\t\t\t\t\t<\/div>\n\t\t<\/div>\n\t\t\t\t\t<\/div>\n\t\t<\/section>\n\t\t\t\t<\/div>\n\t\t","protected":false},"excerpt":{"rendered":"<p>\u2022 Con m\u00e1s de 400 empresas expositoras y 80 horas de contenido, las tres ferias han sido escenario de las \u00faltimas tendencias en packaging, log\u00edstica y edificaci\u00f3n industrial, impulsando la competitividad del sector. \u2022 \u201cEl alto nivel de participaci\u00f3n y la calidad de los debates y actividades desarrollados son reflejo de nuestro apoyo a todos [&hellip;]<\/p>\n","protected":false},"author":135,"featured_media":0,"comment_status":"open","ping_status":"open","sticky":false,"template":"elementor_header_footer","format":"standard","meta":{"_seopress_robots_primary_cat":"none","_seopress_titles_title":"M\u00e1s de 11.600 visitantes \u00fanicos en la edici\u00f3n 2024 de Empack, Logistics &amp; Automation y Logistic &amp; Industrial Build","_seopress_titles_desc":"Descubre el encuentro de m\u00e1s de 250 expertos presentando las \u00faltimas tendencias en un programa de conferencias de vanguardia. \u00a1\u00danete en octubre 2025!","_seopress_robots_index":"","footnotes":""},"categories":[343],"tags":[695,2381,697],"edition":[],"class_list":["post-172717","post","type-post","status-publish","format-standard","hentry","category-notas-de-prensa","tag-empack","tag-lib","tag-logistics-automation"],"_links":{"self":[{"href":"https:\/\/www.logisticsautomationmadrid.com\/es\/wp-json\/wp\/v2\/posts\/172717","targetHints":{"allow":["GET"]}}],"collection":[{"href":"https:\/\/www.logisticsautomationmadrid.com\/es\/wp-json\/wp\/v2\/posts"}],"about":[{"href":"https:\/\/www.logisticsautomationmadrid.com\/es\/wp-json\/wp\/v2\/types\/post"}],"author":[{"embeddable":true,"href":"https:\/\/www.logisticsautomationmadrid.com\/es\/wp-json\/wp\/v2\/users\/135"}],"replies":[{"embeddable":true,"href":"https:\/\/www.logisticsautomationmadrid.com\/es\/wp-json\/wp\/v2\/comments?post=172717"}],"version-history":[{"count":5,"href":"https:\/\/www.logisticsautomationmadrid.com\/es\/wp-json\/wp\/v2\/posts\/172717\/revisions"}],"predecessor-version":[{"id":184710,"href":"https:\/\/www.logisticsautomationmadrid.com\/es\/wp-json\/wp\/v2\/posts\/172717\/revisions\/184710"}],"wp:attachment":[{"href":"https:\/\/www.logisticsautomationmadrid.com\/es\/wp-json\/wp\/v2\/media?parent=172717"}],"wp:term":[{"taxonomy":"category","embeddable":true,"href":"https:\/\/www.logisticsautomationmadrid.com\/es\/wp-json\/wp\/v2\/categories?post=172717"},{"taxonomy":"post_tag","embeddable":true,"href":"https:\/\/www.logisticsautomationmadrid.com\/es\/wp-json\/wp\/v2\/tags?post=172717"},{"taxonomy":"edition","embeddable":true,"href":"https:\/\/www.logisticsautomationmadrid.com\/es\/wp-json\/wp\/v2\/edition?post=172717"}],"curies":[{"name":"wp","href":"https:\/\/api.w.org\/{rel}","templated":true}]}}