{"id":172728,"date":"2024-12-02T17:33:02","date_gmt":"2024-12-02T16:33:02","guid":{"rendered":"https:\/\/www.logisticsautomationmadrid.com\/?p=172728"},"modified":"2024-12-02T18:06:58","modified_gmt":"2024-12-02T17:06:58","slug":"un-cafe-con-jj-delgado-keynote-speaker-empack-y-la-2024","status":"publish","type":"post","link":"https:\/\/www.logisticsautomationmadrid.com\/es\/2024\/12\/02\/un-cafe-con-jj-delgado-keynote-speaker-empack-y-la-2024\/","title":{"rendered":"Un caf\u00e9 con\u2026 JJ Delgado, Keynote Speaker Empack y L&#038;A 2024"},"content":{"rendered":"\t\t<div data-elementor-type=\"wp-post\" data-elementor-id=\"172728\" class=\"elementor elementor-172728\" data-elementor-post-type=\"post\">\n\t\t\t\t\t\t<section class=\"elementor-section elementor-top-section elementor-element elementor-element-71165a61 elementor-section-boxed elementor-section-height-default elementor-section-height-default\" data-id=\"71165a61\" data-element_type=\"section\">\n\t\t\t\t\t\t<div class=\"elementor-container elementor-column-gap-default\">\n\t\t\t\t\t<div class=\"elementor-column elementor-col-50 elementor-top-column elementor-element elementor-element-365ebd54\" data-id=\"365ebd54\" data-element_type=\"column\">\n\t\t\t<div class=\"elementor-widget-wrap elementor-element-populated\">\n\t\t\t\t\t\t<div class=\"elementor-element elementor-element-08b1280 elementor-invisible elementor-widget elementor-widget-heading\" data-id=\"08b1280\" data-element_type=\"widget\" data-settings=\"{&quot;_animation&quot;:&quot;fadeIn&quot;}\" data-widget_type=\"heading.default\">\n\t\t\t\t<div class=\"elementor-widget-container\">\n\t\t\t\t\t<h1 class=\"elementor-heading-title elementor-size-default\">Un caf\u00e9 con\u2026 JJ Delgado, Keynote Speaker Empack y L&#038;A 2024<\/h1>\t\t\t\t<\/div>\n\t\t\t\t<\/div>\n\t\t\t\t<div class=\"elementor-element elementor-element-dc6181a elementor-widget elementor-widget-text-editor\" data-id=\"dc6181a\" data-element_type=\"widget\" data-settings=\"{&quot;_animation&quot;:&quot;none&quot;}\" data-widget_type=\"text-editor.default\">\n\t\t\t\t<div class=\"elementor-widget-container\">\n\t\t\t\t\t\t\t\t\t<p><strong>L&amp;A: Para comenzar, cu\u00e9ntanos qui\u00e9n es JJ Delgado y c\u00f3mo es su d\u00eda a d\u00eda.<\/strong><br \/><strong>JJ:<\/strong> Mi d\u00eda a d\u00eda siempre empieza con algo que hago solo para m\u00ed. Creo que es importante comenzar la jornada cuid\u00e1ndote, dedic\u00e1ndote un momento antes de sumergirte en las responsabilidades del trabajo. Por eso me levanto temprano, a las 6 de la ma\u00f1ana, y voy al gimnasio. Es mi manera de recargar pilas y sentir que arranco el d\u00eda con buen pie. Adem\u00e1s, es un tema de sensaciones: empezar el d\u00eda haciendo algo para uno mismo te pone en el estado mental adecuado para afrontar lo que venga.<br \/>No soy de los que creen que levantarse y ponerse a trabajar directamente sea sano. Necesitamos balance, y dedicar tiempo a tu bienestar, ya sea f\u00edsico o mental, es clave. Cuando salgo del gimnasio, ya estoy activado, enfocado y listo para entrar en \u00abmodo trabajo\u00bb.<br \/>El resto del d\u00eda puede ser bastante intenso: reuniones, brainstorming con equipos de diferentes funciones, o colaborando en proyectos que me apasionan. Pero siempre intento mantener ese equilibrio entre ser productivo y disfrutar del proceso. Al final, liderar con \u00e9xito no es solo cumplir con los objetivos, tambi\u00e9n es sentirte bien mientras lo haces. Y para eso, empezar el d\u00eda con intenci\u00f3n es fundamental.<\/p>\t\t\t\t\t\t\t\t<\/div>\n\t\t\t\t<\/div>\n\t\t\t\t<div class=\"elementor-element elementor-element-fc3f954 elementor-widget elementor-widget-text-editor\" data-id=\"fc3f954\" data-element_type=\"widget\" data-settings=\"{&quot;_animation&quot;:&quot;none&quot;}\" data-widget_type=\"text-editor.default\">\n\t\t\t\t<div class=\"elementor-widget-container\">\n\t\t\t\t\t\t\t\t\t<p><strong>L&amp;A: Tras a\u00f1os de experiencia, \u00bfQu\u00e9 proyectos dentro de tu trayectoria profesional te han supuesto un mayor reto o cu\u00e1l recuerdas especialmente y por qu\u00e9?<\/strong><br \/><strong>JJ:<\/strong> El principal reto, sin duda, siempre son las personas. Los proyectos, los n\u00fameros, los procesos\u2026 todo eso, aunque pueda ser complejo, al final es cuesti\u00f3n de trabajo, estrategia y dedicaci\u00f3n. Pero gestionar personas, especialmente en contextos de alta presi\u00f3n o en equipos con personalidades fuertes, es otro nivel. Ah\u00ed est\u00e1 la verdadera complejidad: c\u00f3mo motivar a directivos, manejar expectativas y, sobre todo, resolver conflictos sin que el barco pierda rumbo.<br \/>Recuerdo especialmente mi etapa en Amazon, liderando equipos en un entorno tan din\u00e1mico como exigente. Est\u00e1bamos en pleno crecimiento y hab\u00eda una presi\u00f3n constante por innovar y ofrecer resultados extraordinarios. Lo que m\u00e1s marc\u00f3 esa experiencia no fueron las cifras r\u00e9cord que alcanzamos (que, claro, siempre quedan en la memoria), sino la forma en la que logramos alinear a personas con estilos de liderazgo y personalidades muy diferentes. Convencer a todos de remar en la misma direcci\u00f3n, respetando las diferencias, fue un desaf\u00edo diario.<br \/>Es un aprendizaje continuo. Cada persona es un mundo, y entender c\u00f3mo conectar con cada una, c\u00f3mo inspirarlas y ayudarlas a dar lo mejor de s\u00ed mismas, es lo que realmente hace que un proyecto destaque. Al final, los grandes resultados siempre vienen de equipos cohesionados.<\/p><p><strong>L&amp;A: Ahora que ya hemos cerrado la \u00faltima edici\u00f3n, cu\u00e9ntanos \u00bfQu\u00e9 tal fue la KEYNOTE SESSION que desarrollaste en Empack y Logistics&amp;Automation Madrid y qu\u00e9 te pareci\u00f3 este espacio para los profesionales del packaging y la log\u00edstica?<\/strong><br \/><strong>JJ:<\/strong> Una imagen dice m\u00e1s que mil palabras y un video m\u00e1s que mil im\u00e1genes, pero la energ\u00eda que se genera en un evento presencial siempre es \u00fanica. La \u00faltima edici\u00f3n de <strong>Empack y Logistics&amp;Automation Madrid<\/strong> fue, sin duda, un claro ejemplo de esto. La experiencia de estar en un espacio lleno de profesionales apasionados por su sector, compartiendo ideas, retos y visiones, es algo que no se puede replicar de manera digital.<br \/>La keynote que desarroll\u00e9 fue un momento especial, no solo por el contenido que compart\u00ed, sino por el feedback inmediato y las conversaciones que surgieron despu\u00e9s. Hablar de c\u00f3mo la tecnolog\u00eda y la innovaci\u00f3n est\u00e1n transformando el sector del packaging y la log\u00edstica me permiti\u00f3 conectar con un p\u00fablico que est\u00e1 realmente comprometido con adaptarse al futuro. Lo que m\u00e1s me impact\u00f3 fue la calidad de las preguntas y el inter\u00e9s genuino por buscar soluciones que no solo sean eficientes, sino sostenibles y humanas.<br \/>Este foro es un espacio grandioso para crecer como profesionales, pero tambi\u00e9n para construir relaciones, aprender del futuro del sector y entender c\u00f3mo podemos seguir a\u00f1adiendo valor. Si algo queda claro tras un evento como este, es que la colaboraci\u00f3n y el aprendizaje continuo son las claves para mantenerse relevante en un mundo tan din\u00e1mico como el nuestro.<\/p><p><strong>L&amp;A: Seg\u00fan tu punto de vista JJ, \u00bfC\u00f3mo crees que la IA est\u00e1 transformando la forma en que las empresas interact\u00faan con sus clientes y optimizan sus operaciones?<\/strong><br \/><strong>JJ:<\/strong> Estamos en medio de un aut\u00e9ntico tsunami de inteligencia artificial, pero m\u00e1s all\u00e1 de eso, lo que realmente vivimos es una revoluci\u00f3n tecnol\u00f3gica y digital que engloba m\u00faltiples tecnolog\u00edas disruptivas. La IA, junto con la automatizaci\u00f3n, la rob\u00f3tica, los drones y la impresi\u00f3n 3D, est\u00e1 redefiniendo no solo la forma en que las empresas interact\u00faan con sus clientes, sino tambi\u00e9n c\u00f3mo optimizan sus operaciones internas. Y lo m\u00e1s emocionante de todo esto es que el acceso a estas tecnolog\u00edas est\u00e1 alcanzando un coste marginal, lo que democratiza su uso.<br \/>En cuanto a la interacci\u00f3n con los clientes, la IA est\u00e1 llevando la personalizaci\u00f3n a niveles nunca antes vistos. Las empresas ahora tienen la capacidad de entender profundamente a sus consumidores, anticipar sus necesidades y ofrecer experiencias hiperpersonalizadas en tiempo real. Esto no solo mejora la satisfacci\u00f3n del cliente, sino que tambi\u00e9n crea v\u00ednculos emocionales m\u00e1s fuertes con las marcas.<br \/>En operaciones, la IA est\u00e1 transformando procesos completos: desde la cadena de suministro, optimizando inventarios y reduciendo tiempos de entrega, hasta \u00e1reas como la log\u00edstica, donde los datos predictivos permiten una precisi\u00f3n incre\u00edble. Pero lo m\u00e1s importante es que las empresas est\u00e1n empezando a entender que estas tecnolog\u00edas no son el destino final, sino herramientas para fortalecer su prop\u00f3sito y conectar mejor con las personas.<br \/>Esta revoluci\u00f3n no es solo tecnol\u00f3gica; es cultural. El desaf\u00edo no est\u00e1 en implementar IA, sino en utilizarla de forma \u00e9tica y estrat\u00e9gica para aportar un valor real y sostenible.<\/p><p><strong>L&amp;A<\/strong>:<strong> Y, por \u00faltimo, \u00bfQu\u00e9 estrategias utilizas para mantenerte actualizado y seguir desarrollando tus habilidades en un campo tan din\u00e1mico como la IA? Quiz\u00e1 sirva de inspiraci\u00f3n para los j\u00f3venes talentos que se est\u00e1n incorporando al mundo laboral.<\/strong><br \/><strong>JJ:<\/strong> Creo firmemente en el autoaprendizaje. Vivimos en la era de la informaci\u00f3n y el conocimiento, donde el acceso a contenido de calidad est\u00e1 al alcance de todos, y muchas veces, a un coste muy bajo. Para m\u00ed, mantenerse actualizado en un campo tan din\u00e1mico como la inteligencia artificial o cualquier otra tecnolog\u00eda disruptiva no es solo una estrategia, es un estilo de vida.<br \/>Aprovecho al m\u00e1ximo los recursos digitales: desde videos educativos en plataformas como YouTube, hasta seguir a l\u00edderes de opini\u00f3n y profesionales clave en redes como LinkedIn y X (antes Twitter). La clave est\u00e1 en filtrar bien la informaci\u00f3n, identificar fuentes confiables y enfocarte en contenido que realmente aporte valor. Tambi\u00e9n soy un firme defensor de las formaciones online. Hoy en d\u00eda, hay cursos incre\u00edblemente completos y accesibles que te permiten especializarte en lo que necesitas aprender, a tu ritmo y desde cualquier lugar.<br \/>Otra estrategia que utilizo es rodearme de personas que me desaf\u00eden intelectualmente. Conversar con equipos multidisciplinarios, asistir a foros y eventos, e incluso participar como mentor en proyectos de innovaci\u00f3n, no solo me ayuda a compartir conocimiento, sino a aprender continuamente.<br \/>A los j\u00f3venes talentos, les dir\u00eda: nunca dejen de ser curiosos. El aprendizaje es un proceso constante, y en este mundo tan r\u00e1pido, los que se adaptan y se reinventan siempre estar\u00e1n un paso adelante. \u00a1El conocimiento es el activo m\u00e1s poderoso que puedes tener!<\/p>\t\t\t\t\t\t\t\t<\/div>\n\t\t\t\t<\/div>\n\t\t\t\t<div class=\"elementor-element elementor-element-6167689 elementor-widget elementor-widget-image\" data-id=\"6167689\" data-element_type=\"widget\" data-widget_type=\"image.default\">\n\t\t\t\t<div class=\"elementor-widget-container\">\n\t\t\t\t\t\t\t\t\t\t\t\t\t\t\t\t<a href=\"http:\/\/app.gleanin.com\/share\/c\/16145\/s\/251551\">\n\t\t\t\t\t\t\t<img fetchpriority=\"high\" decoding=\"async\" width=\"1920\" height=\"144\" src=\"https:\/\/easyfairsassets.com\/sites\/84\/2023\/10\/Empack-News-3.png\" class=\"attachment-2048x2048 size-2048x2048 wp-image-121705\" alt=\"banner newsletter compartir\" srcset=\"https:\/\/easyfairsassets.com\/sites\/84\/2023\/10\/Empack-News-3.png 1920w, https:\/\/easyfairsassets.com\/sites\/84\/2023\/10\/Empack-News-3-300x23.png 300w, https:\/\/easyfairsassets.com\/sites\/84\/2023\/10\/Empack-News-3-1024x77.png 1024w, https:\/\/easyfairsassets.com\/sites\/84\/2023\/10\/Empack-News-3-768x58.png 768w, https:\/\/easyfairsassets.com\/sites\/84\/2023\/10\/Empack-News-3-1536x115.png 1536w\" sizes=\"(max-width: 1920px) 100vw, 1920px\" \/>\t\t\t\t\t\t\t\t<\/a>\n\t\t\t\t\t\t\t\t\t\t\t\t\t\t\t<\/div>\n\t\t\t\t<\/div>\n\t\t\t\t<div class=\"elementor-element elementor-element-c2047f5 elementor-widget elementor-widget-image\" data-id=\"c2047f5\" data-element_type=\"widget\" data-widget_type=\"image.default\">\n\t\t\t\t<div class=\"elementor-widget-container\">\n\t\t\t\t\t\t\t\t\t\t\t\t\t\t\t\t<a href=\"https:\/\/www.logisticsautomationmadrid.com\/es\/medios\/suscribete-a-la-newsletter\/?actioncode=GLEA1\">\n\t\t\t\t\t\t\t<img decoding=\"async\" width=\"1920\" height=\"144\" src=\"https:\/\/easyfairsassets.com\/sites\/84\/2023\/10\/Empack-News-4.png\" class=\"attachment-2048x2048 size-2048x2048 wp-image-121707\" alt=\"newsletter banner web\" srcset=\"https:\/\/easyfairsassets.com\/sites\/84\/2023\/10\/Empack-News-4.png 1920w, https:\/\/easyfairsassets.com\/sites\/84\/2023\/10\/Empack-News-4-300x23.png 300w, https:\/\/easyfairsassets.com\/sites\/84\/2023\/10\/Empack-News-4-1024x77.png 1024w, https:\/\/easyfairsassets.com\/sites\/84\/2023\/10\/Empack-News-4-768x58.png 768w, https:\/\/easyfairsassets.com\/sites\/84\/2023\/10\/Empack-News-4-1536x115.png 1536w\" sizes=\"(max-width: 1920px) 100vw, 1920px\" \/>\t\t\t\t\t\t\t\t<\/a>\n\t\t\t\t\t\t\t\t\t\t\t\t\t\t\t<\/div>\n\t\t\t\t<\/div>\n\t\t\t\t\t<\/div>\n\t\t<\/div>\n\t\t\t\t<div class=\"elementor-column elementor-col-50 elementor-top-column elementor-element elementor-element-28f5464\" data-id=\"28f5464\" data-element_type=\"column\">\n\t\t\t<div class=\"elementor-widget-wrap elementor-element-populated\">\n\t\t\t\t\t\t<div class=\"elementor-element elementor-element-2afa884 elementor-widget elementor-widget-global elementor-global-80917 elementor-widget-shortcode\" data-id=\"2afa884\" data-element_type=\"widget\" data-widget_type=\"shortcode.default\">\n\t\t\t\t<div class=\"elementor-widget-container\">\n\t\t\t\t\t\t\t<div class=\"elementor-shortcode\"><\/div>\n\t\t\t\t\t\t<\/div>\n\t\t\t\t<\/div>\n\t\t\t\t<div class=\"elementor-element elementor-element-71d664d elementor-invisible elementor-widget elementor-widget-heading\" data-id=\"71d664d\" data-element_type=\"widget\" data-settings=\"{&quot;_animation&quot;:&quot;fadeIn&quot;}\" data-widget_type=\"heading.default\">\n\t\t\t\t<div class=\"elementor-widget-container\">\n\t\t\t\t\t<p class=\"elementor-heading-title elementor-size-default\">Suscr\u00edbete a nuestra newsletter<\/p>\t\t\t\t<\/div>\n\t\t\t\t<\/div>\n\t\t\t\t<div class=\"elementor-element elementor-element-af5282a elementor-widget__width-inherit elementor-hidden-phone elementor-button-align-stretch elementor-widget elementor-widget-form\" data-id=\"af5282a\" data-element_type=\"widget\" data-settings=\"{&quot;button_width&quot;:&quot;25&quot;,&quot;step_next_label&quot;:&quot;Next&quot;,&quot;step_previous_label&quot;:&quot;Previous&quot;,&quot;step_type&quot;:&quot;number_text&quot;,&quot;step_icon_shape&quot;:&quot;circle&quot;}\" data-widget_type=\"form.default\">\n\t\t\t\t<div class=\"elementor-widget-container\">\n\t\t\t\t\t\t\t<form class=\"elementor-form\" method=\"post\" name=\"Newsletter\" aria-label=\"Newsletter\">\n\t\t\t<input type=\"hidden\" name=\"post_id\" value=\"172728\"\/>\n\t\t\t<input type=\"hidden\" name=\"form_id\" value=\"af5282a\"\/>\n\t\t\t<input type=\"hidden\" name=\"referer_title\" value=\"\" \/>\n\n\t\t\t\n\t\t\t<div class=\"elementor-form-fields-wrapper elementor-labels-\">\n\t\t\t\t\t\t\t\t<div class=\"elementor-field-type-text elementor-field-group elementor-column elementor-field-group-FirstName elementor-col-100\">\n\t\t\t\t\t\t\t\t\t\t\t\t<label for=\"form-field-FirstName\" class=\"elementor-field-label elementor-screen-only\">\n\t\t\t\t\t\t\t\tNombre\t\t\t\t\t\t\t<\/label>\n\t\t\t\t\t\t\t\t\t\t\t\t\t\t<input size=\"1\" type=\"text\" name=\"form_fields[FirstName]\" id=\"form-field-FirstName\" class=\"elementor-field elementor-size-sm  elementor-field-textual\" placeholder=\"Nombre\">\n\t\t\t\t\t\t\t\t\t\t\t<\/div>\n\t\t\t\t\t\t\t\t<div class=\"elementor-field-type-text elementor-field-group elementor-column elementor-field-group-LastName elementor-col-100\">\n\t\t\t\t\t\t\t\t\t\t\t\t<label for=\"form-field-LastName\" class=\"elementor-field-label elementor-screen-only\">\n\t\t\t\t\t\t\t\tApellido\t\t\t\t\t\t\t<\/label>\n\t\t\t\t\t\t\t\t\t\t\t\t\t\t<input size=\"1\" type=\"text\" name=\"form_fields[LastName]\" id=\"form-field-LastName\" class=\"elementor-field elementor-size-sm  elementor-field-textual\" placeholder=\"Apellido\">\n\t\t\t\t\t\t\t\t\t\t\t<\/div>\n\t\t\t\t\t\t\t\t<div class=\"elementor-field-type-email elementor-field-group elementor-column elementor-field-group-Email elementor-col-100 elementor-field-required\">\n\t\t\t\t\t\t\t\t\t\t\t\t<label for=\"form-field-Email\" class=\"elementor-field-label elementor-screen-only\">\n\t\t\t\t\t\t\t\tEmail\t\t\t\t\t\t\t<\/label>\n\t\t\t\t\t\t\t\t\t\t\t\t\t\t<input size=\"1\" type=\"email\" name=\"form_fields[Email]\" id=\"form-field-Email\" class=\"elementor-field elementor-size-sm  elementor-field-textual\" placeholder=\"Email\" required=\"required\">\n\t\t\t\t\t\t\t\t\t\t\t<\/div>\n\t\t\t\t\t\t\t\t<div class=\"elementor-field-type-recaptcha_v3 elementor-field-group elementor-column elementor-field-group-field_688d276 elementor-col-100 recaptcha_v3-inline\">\n\t\t\t\t\t<div class=\"elementor-field\" id=\"form-field-field_688d276\"><div class=\"elementor-g-recaptcha\" data-sitekey=\"6LcL8JEeAAAAAHGKxhMF822nWuJyvUyd4lk7Rb4s\" data-type=\"v3\" data-action=\"Form\" data-badge=\"inline\" data-size=\"invisible\"><\/div><\/div>\t\t\t\t<\/div>\n\t\t\t\t\t\t\t\t<div class=\"elementor-field-group elementor-column elementor-field-type-submit elementor-col-25 e-form__buttons\">\n\t\t\t\t\t<button class=\"elementor-button elementor-size-md\" type=\"submit\">\n\t\t\t\t\t\t<span class=\"elementor-button-content-wrapper\">\n\t\t\t\t\t\t\t\t\t\t\t\t\t\t\t\t\t\t\t\t\t\t<span class=\"elementor-button-text\">Enviar<\/span>\n\t\t\t\t\t\t\t\t\t\t\t\t\t<\/span>\n\t\t\t\t\t<\/button>\n\t\t\t\t<\/div>\n\t\t\t<\/div>\n\t\t<\/form>\n\t\t\t\t\t\t<\/div>\n\t\t\t\t<\/div>\n\t\t\t\t<div class=\"elementor-element elementor-element-ddb89d9 elementor-grid-1 elementor-posts--thumbnail-none elementor-grid-tablet-1 elementor-grid-mobile-1 elementor-widget elementor-widget-posts\" data-id=\"ddb89d9\" data-element_type=\"widget\" data-settings=\"{&quot;classic_columns&quot;:&quot;1&quot;,&quot;classic_row_gap&quot;:{&quot;unit&quot;:&quot;px&quot;,&quot;size&quot;:&quot;23&quot;,&quot;sizes&quot;:[]},&quot;classic_columns_tablet&quot;:&quot;1&quot;,&quot;_animation&quot;:&quot;none&quot;,&quot;classic_columns_mobile&quot;:&quot;1&quot;,&quot;classic_row_gap_tablet&quot;:{&quot;unit&quot;:&quot;px&quot;,&quot;size&quot;:&quot;&quot;,&quot;sizes&quot;:[]},&quot;classic_row_gap_mobile&quot;:{&quot;unit&quot;:&quot;px&quot;,&quot;size&quot;:&quot;&quot;,&quot;sizes&quot;:[]}}\" data-widget_type=\"posts.classic\">\n\t\t\t\t<div class=\"elementor-widget-container\">\n\t\t\t\t\t\t\t<div class=\"elementor-posts-container elementor-posts elementor-posts--skin-classic elementor-grid\" role=\"list\">\n\t\t\t\t<article class=\"elementor-post elementor-grid-item post-210375 post type-post status-publish format-standard has-post-thumbnail hentry category-ia-trazabilidad-seguridad category-logistica-intralogistica-almacenamiento category-sin-categorizar\" role=\"listitem\">\n\t\t\t\t<div class=\"elementor-post__text\">\n\t\t\t\t<h3 class=\"elementor-post__title\">\n\t\t\t<a href=\"https:\/\/www.logisticsautomationmadrid.com\/es\/2026\/04\/28\/ia-generativa-para-mejorar-la-planificacion-de-la-supply-chain\/\" >\n\t\t\t\tIA generativa para mejorar la planificaci\u00f3n de la supply chain\t\t\t<\/a>\n\t\t<\/h3>\n\t\t\t\t<div class=\"elementor-post__excerpt\">\n\t\t\t<p>Por Jos\u00e9 Luis Morato, Senior M\u00e1nager de Miebach Consulting Hay una imagen que me encuentro demasiado a menudo: un equipo de planificaci\u00f3n que ha hecho<\/p>\n\t\t<\/div>\n\t\t\n\t\t<a class=\"elementor-post__read-more\" href=\"https:\/\/www.logisticsautomationmadrid.com\/es\/2026\/04\/28\/ia-generativa-para-mejorar-la-planificacion-de-la-supply-chain\/\" aria-label=\"Read more about IA generativa para mejorar la planificaci\u00f3n de la supply chain\" tabindex=\"-1\" >\n\t\t\tRead More \u00bb\t\t<\/a>\n\n\t\t\t\t<\/div>\n\t\t\t\t<\/article>\n\t\t\t\t<article class=\"elementor-post elementor-grid-item post-210292 post type-post status-publish format-standard has-post-thumbnail hentry category-blog category-logistica-intralogistica-almacenamiento category-sin-categorizar\" role=\"listitem\">\n\t\t\t\t<div class=\"elementor-post__text\">\n\t\t\t\t<h3 class=\"elementor-post__title\">\n\t\t\t<a href=\"https:\/\/www.logisticsautomationmadrid.com\/es\/2026\/04\/09\/geopolitica-resiliencia-y-red-por-que-la-supply-chain-ya-no-es-solo-eficiencia\/\" >\n\t\t\t\tGeopol\u00edtica, resiliencia y red: por qu\u00e9 la supply chain ya no es solo eficiencia\t\t\t<\/a>\n\t\t<\/h3>\n\t\t\t\t<div class=\"elementor-post__excerpt\">\n\t\t\t<p>Por Jos\u00e9 Luis Morato, Senior M\u00e1nager de Miebach Consulting La supply chain global actual ya no se parece a la que muchos aprendimos a optimizar.<\/p>\n\t\t<\/div>\n\t\t\n\t\t<a class=\"elementor-post__read-more\" href=\"https:\/\/www.logisticsautomationmadrid.com\/es\/2026\/04\/09\/geopolitica-resiliencia-y-red-por-que-la-supply-chain-ya-no-es-solo-eficiencia\/\" aria-label=\"Read more about Geopol\u00edtica, resiliencia y red: por qu\u00e9 la supply chain ya no es solo eficiencia\" tabindex=\"-1\" >\n\t\t\tRead More \u00bb\t\t<\/a>\n\n\t\t\t\t<\/div>\n\t\t\t\t<\/article>\n\t\t\t\t<article class=\"elementor-post elementor-grid-item post-210276 post type-post status-publish format-standard has-post-thumbnail hentry category-blog category-ia-trazabilidad-seguridad category-logistica-intralogistica-almacenamiento category-logtalent category-robotica-automatizacion category-sostenibilidad-greenlogistics category-transport-delivery tag-16-de-febrero tag-16-febrero tag-dia-logistica tag-dia-mundial-de-la-logistica tag-dia-mundial-logistica tag-espana tag-ferias tag-internacionalizacion tag-logistica tag-logistics-automation tag-punto-de-encuentro tag-referentes\" role=\"listitem\">\n\t\t\t\t<div class=\"elementor-post__text\">\n\t\t\t\t<h3 class=\"elementor-post__title\">\n\t\t\t<a href=\"https:\/\/www.logisticsautomationmadrid.com\/es\/2026\/04\/09\/sistemas-hibridos-automatizacion-y-robotica-en-intralogistica\/\" >\n\t\t\t\tSistemas h\u00edbridos: automatizaci\u00f3n y rob\u00f3tica en intralog\u00edstica\t\t\t<\/a>\n\t\t<\/h3>\n\t\t\t\t<div class=\"elementor-post__excerpt\">\n\t\t\t<p>La revoluci\u00f3n de los sistemas h\u00edbridos en intralog\u00edstica La\u00a0intralog\u00edstica\u00a0atraviesa una transformaci\u00f3n profunda gracias a los\u00a0sistemas h\u00edbridos\u00a0que integran\u00a0automatizaci\u00f3n tradicional,\u00a0rob\u00f3tica\u00a0e\u00a0inteligencia artificial. Estos modelos combinan robots m\u00f3viles aut\u00f3nomos<\/p>\n\t\t<\/div>\n\t\t\n\t\t<a class=\"elementor-post__read-more\" href=\"https:\/\/www.logisticsautomationmadrid.com\/es\/2026\/04\/09\/sistemas-hibridos-automatizacion-y-robotica-en-intralogistica\/\" aria-label=\"Read more about Sistemas h\u00edbridos: automatizaci\u00f3n y rob\u00f3tica en intralog\u00edstica\" tabindex=\"-1\" >\n\t\t\tRead More \u00bb\t\t<\/a>\n\n\t\t\t\t<\/div>\n\t\t\t\t<\/article>\n\t\t\t\t<article class=\"elementor-post elementor-grid-item post-210266 post type-post status-publish format-standard has-post-thumbnail hentry category-blog category-ia-trazabilidad-seguridad category-logistica-intralogistica-almacenamiento category-logtalent category-robotica-automatizacion category-sostenibilidad-greenlogistics category-transport-delivery tag-16-de-febrero tag-16-febrero tag-dia-logistica tag-dia-mundial-de-la-logistica tag-dia-mundial-logistica tag-espana tag-ferias tag-internacionalizacion tag-logistica tag-logistics-automation tag-punto-de-encuentro tag-referentes\" role=\"listitem\">\n\t\t\t\t<div class=\"elementor-post__text\">\n\t\t\t\t<h3 class=\"elementor-post__title\">\n\t\t\t<a href=\"https:\/\/www.logisticsautomationmadrid.com\/es\/2026\/04\/08\/el-transporte-advierte-del-riesgo-de-desabastecimiento-y-perdida-de-rentabilidad-ante-la-implantacion-de-las-44-toneladas\/\" >\n\t\t\t\tEl transporte advierte del riesgo de desabastecimiento y p\u00e9rdida de rentabilidad ante la implantaci\u00f3n de las 44 toneladas\t\t\t<\/a>\n\t\t<\/h3>\n\t\t\t\t<div class=\"elementor-post__excerpt\">\n\t\t\t<p>La jornada celebrada en Gij\u00f3n, organizada por la patronal asturiana,\u00a0ASETRA, en colaboraci\u00f3n con CETM, ha puesto de manifiesto la preocupaci\u00f3n generalizada del sector del\u00a0transporte de<\/p>\n\t\t<\/div>\n\t\t\n\t\t<a class=\"elementor-post__read-more\" href=\"https:\/\/www.logisticsautomationmadrid.com\/es\/2026\/04\/08\/el-transporte-advierte-del-riesgo-de-desabastecimiento-y-perdida-de-rentabilidad-ante-la-implantacion-de-las-44-toneladas\/\" aria-label=\"Read more about El transporte advierte del riesgo de desabastecimiento y p\u00e9rdida de rentabilidad ante la implantaci\u00f3n de las 44 toneladas\" tabindex=\"-1\" >\n\t\t\tRead More \u00bb\t\t<\/a>\n\n\t\t\t\t<\/div>\n\t\t\t\t<\/article>\n\t\t\t\t<\/div>\n\t\t\n\t\t\t\t\t\t<\/div>\n\t\t\t\t<\/div>\n\t\t\t\t<div class=\"elementor-element elementor-element-142798d6 elementor-widget-divider--view-line elementor-widget elementor-widget-divider\" data-id=\"142798d6\" data-element_type=\"widget\" data-widget_type=\"divider.default\">\n\t\t\t\t<div class=\"elementor-widget-container\">\n\t\t\t\t\t\t\t<div class=\"elementor-divider\">\n\t\t\t<span class=\"elementor-divider-separator\">\n\t\t\t\t\t\t<\/span>\n\t\t<\/div>\n\t\t\t\t\t\t<\/div>\n\t\t\t\t<\/div>\n\t\t\t\t\t<\/div>\n\t\t<\/div>\n\t\t\t\t\t<\/div>\n\t\t<\/section>\n\t\t\t\t<section class=\"elementor-section elementor-top-section elementor-element elementor-element-49136ec elementor-section-full_width elementor-section-height-default elementor-section-height-default\" data-id=\"49136ec\" data-element_type=\"section\">\n\t\t\t\t\t\t<div class=\"elementor-container elementor-column-gap-default\">\n\t\t\t\t\t<div class=\"elementor-column elementor-col-100 elementor-top-column elementor-element elementor-element-4a08fcbd\" data-id=\"4a08fcbd\" data-element_type=\"column\">\n\t\t\t<div class=\"elementor-widget-wrap elementor-element-populated\">\n\t\t\t\t\t\t<div class=\"elementor-element elementor-element-6c1ef897 elementor-widget-divider--view-line elementor-widget elementor-widget-divider\" data-id=\"6c1ef897\" data-element_type=\"widget\" data-widget_type=\"divider.default\">\n\t\t\t\t<div class=\"elementor-widget-container\">\n\t\t\t\t\t\t\t<div class=\"elementor-divider\">\n\t\t\t<span class=\"elementor-divider-separator\">\n\t\t\t\t\t\t<\/span>\n\t\t<\/div>\n\t\t\t\t\t\t<\/div>\n\t\t\t\t<\/div>\n\t\t\t\t<div class=\"elementor-element elementor-element-67dafb1c elementor-widget elementor-widget-text-editor\" data-id=\"67dafb1c\" data-element_type=\"widget\" data-widget_type=\"text-editor.default\">\n\t\t\t\t<div class=\"elementor-widget-container\">\n\t\t\t\t\t\t\t\t\t<p><span style=\"vertical-align: inherit\"><span style=\"vertical-align: inherit\"><span style=\"vertical-align: inherit\"><span style=\"vertical-align: inherit\"><span style=\"vertical-align: inherit\"><span style=\"vertical-align: inherit\">Share this article<\/span><\/span><\/span><\/span><\/span><\/span><\/p>\t\t\t\t\t\t\t\t<\/div>\n\t\t\t\t<\/div>\n\t\t\t\t<div class=\"elementor-element elementor-element-b207622 elementor-share-buttons--view-icon elementor-share-buttons--skin-flat elementor-share-buttons--shape-circle elementor-share-buttons--color-custom elementor-grid-0 elementor-widget elementor-widget-global elementor-global-111270 elementor-widget-share-buttons\" data-id=\"b207622\" data-element_type=\"widget\" data-widget_type=\"share-buttons.default\">\n\t\t\t\t<div class=\"elementor-widget-container\">\n\t\t\t\t\t\t\t<div class=\"elementor-grid\" role=\"list\">\n\t\t\t\t\t\t\t\t<div class=\"elementor-grid-item\" role=\"listitem\">\n\t\t\t\t\t\t<div class=\"elementor-share-btn elementor-share-btn_facebook\" role=\"button\" tabindex=\"0\" aria-label=\"Share on facebook\">\n\t\t\t\t\t\t\t\t\t\t\t\t\t\t\t<span class=\"elementor-share-btn__icon\">\n\t\t\t\t\t\t\t\t<i class=\"fab fa-facebook\" aria-hidden=\"true\"><\/i>\t\t\t\t\t\t\t<\/span>\n\t\t\t\t\t\t\t\t\t\t\t\t\t\t\t\t\t\t\t\t<\/div>\n\t\t\t\t\t<\/div>\n\t\t\t\t\t\t\t\t\t<div class=\"elementor-grid-item\" role=\"listitem\">\n\t\t\t\t\t\t<div class=\"elementor-share-btn elementor-share-btn_twitter\" role=\"button\" tabindex=\"0\" aria-label=\"Share on twitter\">\n\t\t\t\t\t\t\t\t\t\t\t\t\t\t\t<span class=\"elementor-share-btn__icon\">\n\t\t\t\t\t\t\t\t<i class=\"fab fa-twitter\" aria-hidden=\"true\"><\/i>\t\t\t\t\t\t\t<\/span>\n\t\t\t\t\t\t\t\t\t\t\t\t\t\t\t\t\t\t\t\t<\/div>\n\t\t\t\t\t<\/div>\n\t\t\t\t\t\t\t\t\t<div class=\"elementor-grid-item\" role=\"listitem\">\n\t\t\t\t\t\t<div class=\"elementor-share-btn elementor-share-btn_linkedin\" role=\"button\" tabindex=\"0\" aria-label=\"Share on linkedin\">\n\t\t\t\t\t\t\t\t\t\t\t\t\t\t\t<span class=\"elementor-share-btn__icon\">\n\t\t\t\t\t\t\t\t<i class=\"fab fa-linkedin\" aria-hidden=\"true\"><\/i>\t\t\t\t\t\t\t<\/span>\n\t\t\t\t\t\t\t\t\t\t\t\t\t\t\t\t\t\t\t\t<\/div>\n\t\t\t\t\t<\/div>\n\t\t\t\t\t\t<\/div>\n\t\t\t\t\t\t<\/div>\n\t\t\t\t<\/div>\n\t\t\t\t\t<\/div>\n\t\t<\/div>\n\t\t\t\t\t<\/div>\n\t\t<\/section>\n\t\t\t\t<\/div>\n\t\t","protected":false},"excerpt":{"rendered":"<p>L&amp;A: Para comenzar, cu\u00e9ntanos qui\u00e9n es JJ Delgado y c\u00f3mo es su d\u00eda a d\u00eda. JJ: Mi d\u00eda a d\u00eda siempre empieza con algo que hago solo para m\u00ed. Creo que es importante comenzar la jornada cuid\u00e1ndote, dedic\u00e1ndote un momento antes de sumergirte en las responsabilidades del trabajo. Por eso me levanto temprano, a las [&hellip;]<\/p>\n","protected":false},"author":992,"featured_media":172732,"comment_status":"closed","ping_status":"open","sticky":false,"template":"","format":"standard","meta":{"_seopress_robots_primary_cat":"none","_seopress_titles_title":"Un caf\u00e9 con\u2026 JJ Delgado, Keynote Speaker Empack y L&amp;A 2024","_seopress_titles_desc":"Un caf\u00e9 con\u2026 JJ Delgado, Keynote Speaker Empack y L&amp;A 2024","_seopress_robots_index":"","footnotes":""},"categories":[909],"tags":[789,2666,2667],"edition":[],"class_list":["post-172728","post","type-post","status-publish","format-standard","has-post-thumbnail","hentry","category-un-cafe-con","tag-entrevista","tag-jj-delgado","tag-keynote"],"_links":{"self":[{"href":"https:\/\/www.logisticsautomationmadrid.com\/es\/wp-json\/wp\/v2\/posts\/172728","targetHints":{"allow":["GET"]}}],"collection":[{"href":"https:\/\/www.logisticsautomationmadrid.com\/es\/wp-json\/wp\/v2\/posts"}],"about":[{"href":"https:\/\/www.logisticsautomationmadrid.com\/es\/wp-json\/wp\/v2\/types\/post"}],"author":[{"embeddable":true,"href":"https:\/\/www.logisticsautomationmadrid.com\/es\/wp-json\/wp\/v2\/users\/992"}],"replies":[{"embeddable":true,"href":"https:\/\/www.logisticsautomationmadrid.com\/es\/wp-json\/wp\/v2\/comments?post=172728"}],"version-history":[{"count":5,"href":"https:\/\/www.logisticsautomationmadrid.com\/es\/wp-json\/wp\/v2\/posts\/172728\/revisions"}],"predecessor-version":[{"id":172739,"href":"https:\/\/www.logisticsautomationmadrid.com\/es\/wp-json\/wp\/v2\/posts\/172728\/revisions\/172739"}],"wp:featuredmedia":[{"embeddable":true,"href":"https:\/\/www.logisticsautomationmadrid.com\/es\/wp-json\/wp\/v2\/media\/172732"}],"wp:attachment":[{"href":"https:\/\/www.logisticsautomationmadrid.com\/es\/wp-json\/wp\/v2\/media?parent=172728"}],"wp:term":[{"taxonomy":"category","embeddable":true,"href":"https:\/\/www.logisticsautomationmadrid.com\/es\/wp-json\/wp\/v2\/categories?post=172728"},{"taxonomy":"post_tag","embeddable":true,"href":"https:\/\/www.logisticsautomationmadrid.com\/es\/wp-json\/wp\/v2\/tags?post=172728"},{"taxonomy":"edition","embeddable":true,"href":"https:\/\/www.logisticsautomationmadrid.com\/es\/wp-json\/wp\/v2\/edition?post=172728"}],"curies":[{"name":"wp","href":"https:\/\/api.w.org\/{rel}","templated":true}]}}