{"id":173399,"date":"2024-12-27T14:25:22","date_gmt":"2024-12-27T13:25:22","guid":{"rendered":"https:\/\/www.logisticsautomationmadrid.com\/?p=173399"},"modified":"2024-12-27T14:27:32","modified_gmt":"2024-12-27T13:27:32","slug":"un-cafe-con-andrea-martinez-vela-dpto-idi-en-vicky-foods","status":"publish","type":"post","link":"https:\/\/www.logisticsautomationmadrid.com\/es\/2024\/12\/27\/un-cafe-con-andrea-martinez-vela-dpto-idi-en-vicky-foods\/","title":{"rendered":"Un caf\u00e9 con\u2026 Andrea Mart\u00ednez Vela, dpto. I+D+I en Vicky Foods"},"content":{"rendered":"\t\t<div data-elementor-type=\"wp-post\" data-elementor-id=\"173399\" class=\"elementor elementor-173399\" data-elementor-post-type=\"post\">\n\t\t\t\t\t\t<section class=\"elementor-section elementor-top-section elementor-element elementor-element-71165a61 elementor-section-boxed elementor-section-height-default elementor-section-height-default\" data-id=\"71165a61\" data-element_type=\"section\">\n\t\t\t\t\t\t<div class=\"elementor-container elementor-column-gap-default\">\n\t\t\t\t\t<div class=\"elementor-column elementor-col-50 elementor-top-column elementor-element elementor-element-365ebd54\" data-id=\"365ebd54\" data-element_type=\"column\">\n\t\t\t<div class=\"elementor-widget-wrap elementor-element-populated\">\n\t\t\t\t\t\t<div class=\"elementor-element elementor-element-08b1280 elementor-invisible elementor-widget elementor-widget-heading\" data-id=\"08b1280\" data-element_type=\"widget\" data-settings=\"{&quot;_animation&quot;:&quot;fadeIn&quot;}\" data-widget_type=\"heading.default\">\n\t\t\t\t<div class=\"elementor-widget-container\">\n\t\t\t\t\t<h1 class=\"elementor-heading-title elementor-size-default\">Un caf\u00e9 con\u2026 Andrea Mart\u00ednez Vela, dpto. I+D+I en Vicky Foods<\/h1>\t\t\t\t<\/div>\n\t\t\t\t<\/div>\n\t\t\t\t<div class=\"elementor-element elementor-element-dc6181a elementor-widget elementor-widget-text-editor\" data-id=\"dc6181a\" data-element_type=\"widget\" data-settings=\"{&quot;_animation&quot;:&quot;none&quot;}\" data-widget_type=\"text-editor.default\">\n\t\t\t\t<div class=\"elementor-widget-container\">\n\t\t\t\t\t\t\t\t\t<p>Graduada en qu\u00edmica con una destacada trayectoria en diversos campos, incluyendo el aseguramiento de la calidad y la investigaci\u00f3n. Actualmente,\u00a0 desempe\u00f1o a su roll como\u00a0<strong>responsable de envases sostenibles en Vicky Foods<\/strong>, donde lidera el control y caracterizaci\u00f3n de materiales para envases alimentarios, as\u00ed como el desarrollo de nuevos materiales sostenibles.<\/p><p>Anteriormente, estuvo trabajado en la\u00a0<strong>Fundaci\u00f3n de Investigaci\u00f3n del Hospital General Universitario de Valencia<\/strong>, donde realiz\u00f3 investigaciones pioneras en s\u00edntesis y caracterizaci\u00f3n de biotintas para Bioimpresi\u00f3n 3D, y an\u00e1lisis de la toxicidad de materiales. Adem\u00e1s, presenta una amplia experiencia en investigaci\u00f3n qu\u00edmica en instituciones como\u00a0<strong>AIMPLAS<\/strong>\u00a0(Instituto Tecnol\u00f3gico del Pl\u00e1stico) y otras instituciones de renombre, donde llev\u00f3 a cabo proyectos de investigaci\u00f3n innovadores y domin\u00f3 una variedad de t\u00e9cnicas anal\u00edticas.<\/p><p>Cuenta con una s\u00f3lida formaci\u00f3n acad\u00e9mica, incluyendo un Grado en Qu\u00edmica, un M\u00e1ster en Qu\u00edmica Forense y un M\u00e1ster en An\u00e1lisis Cl\u00ednico, respaldados por una amplia formaci\u00f3n adicional en \u00e1reas relevantes como la caracterizaci\u00f3n de materiales aptos para el contacto alimentario o la trazabilidad y evaluaci\u00f3n del reciclado pl\u00e1stico.<\/p><p><strong>L&amp;A: <\/strong><strong>Andrea,<\/strong>\u00a0<strong>cu\u00e9ntanos un poco tu experiencia en i+D+i y como es un d\u00eda para ti en Vicky Foods<\/strong><\/p><p><strong>Andrea:\u00a0<\/strong>Tengo experiencia en I+D+i en varios sectores. Empec\u00e9 mi carrera laboral en investigaci\u00f3n en el campo de la descarbonizaci\u00f3n, desarrollando varios proyectos centrados en la recogida de CO<sub>2<\/sub>\u00a0para que no llegara a la atm\u00f3sfera y as\u00ed poder ayudar en la disminuci\u00f3n de la contaminaci\u00f3n, tanto de grandes industrias como de la combusti\u00f3n de los coches; en proyectos para dar uso a este CO<sub>2\u00a0<\/sub>recolectado, como por ejemplo el desarrollo de una reacci\u00f3n para la obtenci\u00f3n de poliuretanos sin isocianatos a partir del di\u00f3xido de carbono y fuentes naturales\u2026<\/p><p>Posteriormente colabor\u00e9 en investigaciones centradas en el campo de la salud, trabajando en proyectos para la s\u00edntesis y obtenci\u00f3n de nuevas biotintas fotocurables en las longitudes de onda del espectro visible, para su futuro uso en impresoras 3D, junto con c\u00e9lulas, con la esperanza de poder imprimir \u00f3rganos o tejidos y poder utilizarlos en trasplantes por ejemplo, mejorando as\u00ed la sanidad y reduciendo los tiempos de espera.<\/p><p>Desde hace un a\u00f1o, empec\u00e9 a trabajar en Vicky Foods en el departamento de calidad en la empresa dedicada a gestionar los envases del grupo,\u00a0<strong>Vicky Foods Packaging Factory<\/strong>. Lo primero que hago cuando llego por las ma\u00f1anas es comprobar todas las entradas que tenemos de materia prima, recojo muestras de cada una de ellas y las analizo para saber si el material se puede utilizar y cumple con nuestras especificaciones, o si por lo contrario hay que devolverlo al proveedor. Revisamos todas las l\u00edneas de producci\u00f3n, que los trabajadores est\u00e9n cumpliendo con las normas establecidas por el grupo, que no hayan tenido problemas y si los ha habido los registramos e intentamos solucionarlos, y posteriormente se plantean acciones correctivas y acciones preventivas para que no se vuelvan a presentar. Tambi\u00e9n se revisan y registran las reclamaciones de los clientes y siempre que sea posible, nos desplazamos hasta las instalaciones de los clientes para revisar las producciones con los materiales de envasado problem\u00e1ticos y poder ver in situ donde est\u00e1n los fallos. Adem\u00e1s siempre tenemos reuniones ya sean internas con distintos departamentos para velar por el correcto funcionamiento del grupo, o externas, con distintos clientes, proveedores, centros tecnol\u00f3gicos, para desarrollar diversas l\u00edneas de trabajo, ya sean desarrollo de nuevos materiales, mejora de los materiales actuales, actualizaci\u00f3n de nueva normativa, etc.<\/p>\t\t\t\t\t\t\t\t<\/div>\n\t\t\t\t<\/div>\n\t\t\t\t<div class=\"elementor-element elementor-element-fc3f954 elementor-widget elementor-widget-text-editor\" data-id=\"fc3f954\" data-element_type=\"widget\" data-settings=\"{&quot;_animation&quot;:&quot;none&quot;}\" data-widget_type=\"text-editor.default\">\n\t\t\t\t<div class=\"elementor-widget-container\">\n\t\t\t\t\t\t\t\t\t<p><strong>l&amp;A: Tras a\u00f1os de experiencia en este \u00e1mbito, \u00bfQu\u00e9 proyectos te han supuesto un mayor reto o cu\u00e1les recuerdas especialmente y por qu\u00e9?<\/strong><\/p><p><strong>Andrea:\u00a0<\/strong>Algunos de los proyectos que nos han supuesto un mayor reto ha sido el cambio de envases multimaterial a envases monomaterial, puesto que conseguir las mismas caracter\u00edsticas que te aportaba un envase donde utilizabas distintos materiales para conseguir una mayor vida \u00fatil del alimento por ejemplo, y obtener esta misma vida \u00fatil con un envase fabricado todo con el mismo tipo de material no ha sido tarea f\u00e1cil. Se han tenido que desarrollar distintos recubrimientos o sintetizar los materiales a\u00f1adiendo distintas mol\u00e9culas, disposiciones espaciales, para conseguir obtener propiedades que de por si no posee ese material. Actualmente seguimos trabajando en el desarrollo de un envase Pouch monomaterial, que soporte las altas temperaturas del autoclave y que tenga unas buenas condiciones de sellado, adem\u00e1s de ajustar las m\u00e1quinas de producci\u00f3n al formato que tendr\u00e1 el nuevo envase, todo esto unido al hecho de que estos envases son tambi\u00e9n consumidos por los ni\u00f1os y la legislaci\u00f3n acerca de la alimentaci\u00f3n infantil es m\u00e1s restrictiva.<\/p><p>A parte, un proyecto que recuerdo especialmente fue cuando decidimos innovar y hacer el cambio a materiales biodegradables, tras meses de estudio, pruebas y diversos cambios tanto de formato como en las l\u00edneas de producci\u00f3n conseguimos lanzar al mercado alimentos envasados con materiales biodegradables. Poco tiempo despu\u00e9s tuvimos que retirar estos envases porque no tuvieron una buena acogida por parte del consumidor, uno de los problemas principales era la apariencia de este nuevo envase, que ya no era tan transparente como el envase original y no se ve\u00eda tan bien el alimento de su interior. Debo comentar tambi\u00e9n que actualmente se han desarrollado diversos proyectos para conseguir, en materiales biodegradables y compostables. la apariencia f\u00edsica del material original.<\/p><p><strong>L&amp;A: \u00bfPodr\u00edas decirnos 2 retos que maneja hoy en d\u00eda la industria alimentaria en el \u00e1mbito de los envases sostenibles y la calidad de los mismos?<\/strong><\/p><p><strong>Andrea:\u00a0<\/strong>Actualmente, a ra\u00edz de la presentaci\u00f3n y aprobaci\u00f3n del Reglamento Europeo sobre envases y residuos de envases, y de la entrada en vigor en Espa\u00f1a en enero del 2025 del Real Decreto 1055\/2022 de envases y residuos de envases, hay una gran inversi\u00f3n en investigaci\u00f3n en el campo de los envases. Uno de los mayores retos est\u00e1 siendo la incorporaci\u00f3n de material reciclado en los envases destinados al uso alimentario. El principal problema esta siendo la obtenci\u00f3n de suficiente material reciclado de calidad, a un precio razonable, para poder incorporar de seguido en los envases destinados a las producciones de la industria alimentaria, por lo que se est\u00e1n desarrollando l\u00edneas para mejorar la reciclabilidad de los envases, l\u00edneas para analizar y asegurar que este material reciclado es apto para el contacto alimentario, l\u00edneas para aumentar la cantidad de material que se recicla, etc.<\/p><p>En este \u00e1mbito, otro reto que tambi\u00e9n se est\u00e1 planteando hoy en d\u00eda, es la eliminaci\u00f3n de las tintas de los materiales de envasado para mejorar su reciclabilidad. Las tintas, ya sea por su composici\u00f3n, que sometidas a altas temperaturas pueden liberar sustancias t\u00f3xicas, o debido a su color, pues los colores oscuros no se consiguen separar en las plantas de reciclaje, disminuyen la reciclabilidad de los envases. En este aspecto, se est\u00e1n desarrollando nuevas tecnolog\u00edas para conseguir eliminar las tintas y poder reciclar un material de mayor calidad.<\/p><p><strong>L&amp;A: \u00bfCu\u00e1les crees que son las mayores ventajas de contar con ferias como Empack y L&amp;A para la industria de la alimentaci\u00f3n y la visibilidad de la investigaci\u00f3n en este sector en concreto?<\/strong><\/p><p><strong>Andrea:\u00a0<\/strong>Creo que una de las mayores ventajas que tienen este tipo de ferias es la visibilidad que se le da al sector, en un par de d\u00edas eres capaz de actualizarte y poner al d\u00eda sobre las tendencias, las investigaciones y hacia donde est\u00e1 yendo el mercado, siempre vuelves con nuevas ideas que probar o implantar y varios proyectos que te gustar\u00eda intentar desarrollar. Otra de las ventajas es que resulta m\u00e1s f\u00e1cil conocer gente del sector a nivel nacional e incluso internacional, favoreciendo as\u00ed las relaciones, las colaboraciones, los proyectos\u2026<\/p><p>Es muy importante dar visibilidad a la investigaci\u00f3n, y este tipo de feria sirve para poder relacionar investigadores con empresa y as\u00ed poder poner en pr\u00e1ctica todo lo estudiado y desarrollado. Muchas veces durante el d\u00eda a d\u00eda es complicado sacar tiempo para ponerte al d\u00eda de todas las investigaciones, por lo que de esta forma en poco tiempo puedes conocer estudios y casos de \u00e9xito de primera mano.<\/p><p><strong>L&amp;A: Y, por \u00faltimo, Las nuevas generaciones vienen pisando fuerte, \u00bfQu\u00e9 consejos les dar\u00edas a quienes se plantean comenzar su andadura en el mundo de la investigaci\u00f3n en general, y en la industria alimentaria en particular?<\/strong><\/p><p><strong>Andrea:\u00a0<\/strong>Mi consejo ser\u00eda que no se rindan, que las cosas que valen la pena no son f\u00e1ciles de conseguir, pero que con trabajo, esfuerzo y compromiso, las cosas acaban saliendo, y aunque no se obtenga el resultado esperado siempre acaba saliendo una nueva oportunidad. Que no crean que ya est\u00e1 todo inventado, el mundo est\u00e1 en constante cambio y, necesitamos seguir creciendo, innovando y aprendiendo, como personas y como sociedad.<\/p><p>La investigaci\u00f3n muchas veces puede resultar frustrante, pero muchas otras resulta apasionante. Es muy importante saber gestionar tus sentimientos, tener paciencia y no querer adelantarte a lo que aun est\u00e1 por llegar. Tienes que fallar muchas veces para conseguir lo esperado, y una de las cosas m\u00e1s importantes, por lo menos lo ha sido para m\u00ed, ha sido disfrutar de todo el camino recorrido, de cuando las cosas iban bien, y de cuando no han ido tan bien, celebra cualquier logro por peque\u00f1o que te parezca y aprende de todas las situaciones, de todo te puedes llevar un aprendizaje. Disfruta cuando las cosas te salen como quieres y aprende cuando no van tan bien.<\/p>\t\t\t\t\t\t\t\t<\/div>\n\t\t\t\t<\/div>\n\t\t\t\t<div class=\"elementor-element elementor-element-6167689 elementor-widget elementor-widget-image\" data-id=\"6167689\" data-element_type=\"widget\" data-widget_type=\"image.default\">\n\t\t\t\t<div class=\"elementor-widget-container\">\n\t\t\t\t\t\t\t\t\t\t\t\t\t\t\t\t<a href=\"http:\/\/app.gleanin.com\/share\/c\/16145\/s\/251551\">\n\t\t\t\t\t\t\t<img fetchpriority=\"high\" decoding=\"async\" width=\"1920\" height=\"144\" src=\"https:\/\/easyfairsassets.com\/sites\/84\/2023\/10\/Empack-News-3.png\" class=\"attachment-2048x2048 size-2048x2048 wp-image-121705\" alt=\"banner newsletter compartir\" srcset=\"https:\/\/easyfairsassets.com\/sites\/84\/2023\/10\/Empack-News-3.png 1920w, https:\/\/easyfairsassets.com\/sites\/84\/2023\/10\/Empack-News-3-300x23.png 300w, https:\/\/easyfairsassets.com\/sites\/84\/2023\/10\/Empack-News-3-1024x77.png 1024w, https:\/\/easyfairsassets.com\/sites\/84\/2023\/10\/Empack-News-3-768x58.png 768w, https:\/\/easyfairsassets.com\/sites\/84\/2023\/10\/Empack-News-3-1536x115.png 1536w\" sizes=\"(max-width: 1920px) 100vw, 1920px\" \/>\t\t\t\t\t\t\t\t<\/a>\n\t\t\t\t\t\t\t\t\t\t\t\t\t\t\t<\/div>\n\t\t\t\t<\/div>\n\t\t\t\t<div class=\"elementor-element elementor-element-c2047f5 elementor-widget elementor-widget-image\" data-id=\"c2047f5\" data-element_type=\"widget\" data-widget_type=\"image.default\">\n\t\t\t\t<div class=\"elementor-widget-container\">\n\t\t\t\t\t\t\t\t\t\t\t\t\t\t\t\t<a href=\"https:\/\/www.logisticsautomationmadrid.com\/es\/medios\/suscribete-a-la-newsletter\/?actioncode=GLEA1\">\n\t\t\t\t\t\t\t<img decoding=\"async\" width=\"1920\" height=\"144\" src=\"https:\/\/easyfairsassets.com\/sites\/84\/2023\/10\/Empack-News-4.png\" class=\"attachment-2048x2048 size-2048x2048 wp-image-121707\" alt=\"newsletter banner web\" srcset=\"https:\/\/easyfairsassets.com\/sites\/84\/2023\/10\/Empack-News-4.png 1920w, https:\/\/easyfairsassets.com\/sites\/84\/2023\/10\/Empack-News-4-300x23.png 300w, https:\/\/easyfairsassets.com\/sites\/84\/2023\/10\/Empack-News-4-1024x77.png 1024w, https:\/\/easyfairsassets.com\/sites\/84\/2023\/10\/Empack-News-4-768x58.png 768w, https:\/\/easyfairsassets.com\/sites\/84\/2023\/10\/Empack-News-4-1536x115.png 1536w\" sizes=\"(max-width: 1920px) 100vw, 1920px\" \/>\t\t\t\t\t\t\t\t<\/a>\n\t\t\t\t\t\t\t\t\t\t\t\t\t\t\t<\/div>\n\t\t\t\t<\/div>\n\t\t\t\t\t<\/div>\n\t\t<\/div>\n\t\t\t\t<div class=\"elementor-column elementor-col-50 elementor-top-column elementor-element elementor-element-28f5464\" data-id=\"28f5464\" data-element_type=\"column\">\n\t\t\t<div class=\"elementor-widget-wrap elementor-element-populated\">\n\t\t\t\t\t\t<div class=\"elementor-element elementor-element-2afa884 elementor-widget elementor-widget-global elementor-global-80917 elementor-widget-shortcode\" data-id=\"2afa884\" data-element_type=\"widget\" data-widget_type=\"shortcode.default\">\n\t\t\t\t<div class=\"elementor-widget-container\">\n\t\t\t\t\t\t\t<div class=\"elementor-shortcode\"><\/div>\n\t\t\t\t\t\t<\/div>\n\t\t\t\t<\/div>\n\t\t\t\t<div class=\"elementor-element elementor-element-71d664d elementor-invisible elementor-widget elementor-widget-heading\" data-id=\"71d664d\" data-element_type=\"widget\" data-settings=\"{&quot;_animation&quot;:&quot;fadeIn&quot;}\" data-widget_type=\"heading.default\">\n\t\t\t\t<div class=\"elementor-widget-container\">\n\t\t\t\t\t<p class=\"elementor-heading-title elementor-size-default\">Suscr\u00edbete a nuestra newsletter<\/p>\t\t\t\t<\/div>\n\t\t\t\t<\/div>\n\t\t\t\t<div class=\"elementor-element elementor-element-af5282a elementor-widget__width-inherit elementor-hidden-phone elementor-button-align-stretch elementor-widget elementor-widget-form\" data-id=\"af5282a\" data-element_type=\"widget\" data-settings=\"{&quot;button_width&quot;:&quot;25&quot;,&quot;step_next_label&quot;:&quot;Next&quot;,&quot;step_previous_label&quot;:&quot;Previous&quot;,&quot;step_type&quot;:&quot;number_text&quot;,&quot;step_icon_shape&quot;:&quot;circle&quot;}\" data-widget_type=\"form.default\">\n\t\t\t\t<div class=\"elementor-widget-container\">\n\t\t\t\t\t\t\t<form class=\"elementor-form\" method=\"post\" name=\"Newsletter\" aria-label=\"Newsletter\">\n\t\t\t<input type=\"hidden\" name=\"post_id\" value=\"173399\"\/>\n\t\t\t<input type=\"hidden\" name=\"form_id\" value=\"af5282a\"\/>\n\t\t\t<input type=\"hidden\" name=\"referer_title\" value=\"\" \/>\n\n\t\t\t\n\t\t\t<div class=\"elementor-form-fields-wrapper elementor-labels-\">\n\t\t\t\t\t\t\t\t<div class=\"elementor-field-type-text elementor-field-group elementor-column elementor-field-group-FirstName elementor-col-100\">\n\t\t\t\t\t\t\t\t\t\t\t\t<label for=\"form-field-FirstName\" class=\"elementor-field-label elementor-screen-only\">\n\t\t\t\t\t\t\t\tNombre\t\t\t\t\t\t\t<\/label>\n\t\t\t\t\t\t\t\t\t\t\t\t\t\t<input size=\"1\" type=\"text\" name=\"form_fields[FirstName]\" id=\"form-field-FirstName\" class=\"elementor-field elementor-size-sm  elementor-field-textual\" placeholder=\"Nombre\">\n\t\t\t\t\t\t\t\t\t\t\t<\/div>\n\t\t\t\t\t\t\t\t<div class=\"elementor-field-type-text elementor-field-group elementor-column elementor-field-group-LastName elementor-col-100\">\n\t\t\t\t\t\t\t\t\t\t\t\t<label for=\"form-field-LastName\" class=\"elementor-field-label elementor-screen-only\">\n\t\t\t\t\t\t\t\tApellido\t\t\t\t\t\t\t<\/label>\n\t\t\t\t\t\t\t\t\t\t\t\t\t\t<input size=\"1\" type=\"text\" name=\"form_fields[LastName]\" id=\"form-field-LastName\" class=\"elementor-field elementor-size-sm  elementor-field-textual\" placeholder=\"Apellido\">\n\t\t\t\t\t\t\t\t\t\t\t<\/div>\n\t\t\t\t\t\t\t\t<div class=\"elementor-field-type-email elementor-field-group elementor-column elementor-field-group-Email elementor-col-100 elementor-field-required\">\n\t\t\t\t\t\t\t\t\t\t\t\t<label for=\"form-field-Email\" class=\"elementor-field-label elementor-screen-only\">\n\t\t\t\t\t\t\t\tEmail\t\t\t\t\t\t\t<\/label>\n\t\t\t\t\t\t\t\t\t\t\t\t\t\t<input size=\"1\" type=\"email\" name=\"form_fields[Email]\" id=\"form-field-Email\" class=\"elementor-field elementor-size-sm  elementor-field-textual\" placeholder=\"Email\" required=\"required\">\n\t\t\t\t\t\t\t\t\t\t\t<\/div>\n\t\t\t\t\t\t\t\t<div class=\"elementor-field-type-recaptcha_v3 elementor-field-group elementor-column elementor-field-group-field_688d276 elementor-col-100 recaptcha_v3-inline\">\n\t\t\t\t\t<div class=\"elementor-field\" id=\"form-field-field_688d276\"><div class=\"elementor-g-recaptcha\" data-sitekey=\"6LcL8JEeAAAAAHGKxhMF822nWuJyvUyd4lk7Rb4s\" data-type=\"v3\" data-action=\"Form\" data-badge=\"inline\" data-size=\"invisible\"><\/div><\/div>\t\t\t\t<\/div>\n\t\t\t\t\t\t\t\t<div class=\"elementor-field-group elementor-column elementor-field-type-submit elementor-col-25 e-form__buttons\">\n\t\t\t\t\t<button class=\"elementor-button elementor-size-md\" type=\"submit\">\n\t\t\t\t\t\t<span class=\"elementor-button-content-wrapper\">\n\t\t\t\t\t\t\t\t\t\t\t\t\t\t\t\t\t\t\t\t\t\t<span class=\"elementor-button-text\">Enviar<\/span>\n\t\t\t\t\t\t\t\t\t\t\t\t\t<\/span>\n\t\t\t\t\t<\/button>\n\t\t\t\t<\/div>\n\t\t\t<\/div>\n\t\t<\/form>\n\t\t\t\t\t\t<\/div>\n\t\t\t\t<\/div>\n\t\t\t\t<div class=\"elementor-element elementor-element-ddb89d9 elementor-grid-1 elementor-posts--thumbnail-none elementor-grid-tablet-1 elementor-grid-mobile-1 elementor-widget elementor-widget-posts\" data-id=\"ddb89d9\" data-element_type=\"widget\" data-settings=\"{&quot;classic_columns&quot;:&quot;1&quot;,&quot;classic_row_gap&quot;:{&quot;unit&quot;:&quot;px&quot;,&quot;size&quot;:&quot;23&quot;,&quot;sizes&quot;:[]},&quot;classic_columns_tablet&quot;:&quot;1&quot;,&quot;_animation&quot;:&quot;none&quot;,&quot;classic_columns_mobile&quot;:&quot;1&quot;,&quot;classic_row_gap_tablet&quot;:{&quot;unit&quot;:&quot;px&quot;,&quot;size&quot;:&quot;&quot;,&quot;sizes&quot;:[]},&quot;classic_row_gap_mobile&quot;:{&quot;unit&quot;:&quot;px&quot;,&quot;size&quot;:&quot;&quot;,&quot;sizes&quot;:[]}}\" data-widget_type=\"posts.classic\">\n\t\t\t\t<div class=\"elementor-widget-container\">\n\t\t\t\t\t\t\t<div class=\"elementor-posts-container elementor-posts elementor-posts--skin-classic elementor-grid\" role=\"list\">\n\t\t\t\t<article class=\"elementor-post elementor-grid-item post-210375 post type-post status-publish format-standard has-post-thumbnail hentry category-ia-trazabilidad-seguridad category-logistica-intralogistica-almacenamiento category-sin-categorizar\" role=\"listitem\">\n\t\t\t\t<div class=\"elementor-post__text\">\n\t\t\t\t<h3 class=\"elementor-post__title\">\n\t\t\t<a href=\"https:\/\/www.logisticsautomationmadrid.com\/es\/2026\/04\/28\/ia-generativa-para-mejorar-la-planificacion-de-la-supply-chain\/\" >\n\t\t\t\tIA generativa para mejorar la planificaci\u00f3n de la supply chain\t\t\t<\/a>\n\t\t<\/h3>\n\t\t\t\t<div class=\"elementor-post__excerpt\">\n\t\t\t<p>Por Jos\u00e9 Luis Morato, Senior M\u00e1nager de Miebach Consulting Hay una imagen que me encuentro demasiado a menudo: un equipo de planificaci\u00f3n que ha hecho<\/p>\n\t\t<\/div>\n\t\t\n\t\t<a class=\"elementor-post__read-more\" href=\"https:\/\/www.logisticsautomationmadrid.com\/es\/2026\/04\/28\/ia-generativa-para-mejorar-la-planificacion-de-la-supply-chain\/\" aria-label=\"Read more about IA generativa para mejorar la planificaci\u00f3n de la supply chain\" tabindex=\"-1\" >\n\t\t\tRead More \u00bb\t\t<\/a>\n\n\t\t\t\t<\/div>\n\t\t\t\t<\/article>\n\t\t\t\t<article class=\"elementor-post elementor-grid-item post-210292 post type-post status-publish format-standard has-post-thumbnail hentry category-blog category-logistica-intralogistica-almacenamiento category-sin-categorizar\" role=\"listitem\">\n\t\t\t\t<div class=\"elementor-post__text\">\n\t\t\t\t<h3 class=\"elementor-post__title\">\n\t\t\t<a href=\"https:\/\/www.logisticsautomationmadrid.com\/es\/2026\/04\/09\/geopolitica-resiliencia-y-red-por-que-la-supply-chain-ya-no-es-solo-eficiencia\/\" >\n\t\t\t\tGeopol\u00edtica, resiliencia y red: por qu\u00e9 la supply chain ya no es solo eficiencia\t\t\t<\/a>\n\t\t<\/h3>\n\t\t\t\t<div class=\"elementor-post__excerpt\">\n\t\t\t<p>Por Jos\u00e9 Luis Morato, Senior M\u00e1nager de Miebach Consulting La supply chain global actual ya no se parece a la que muchos aprendimos a optimizar.<\/p>\n\t\t<\/div>\n\t\t\n\t\t<a class=\"elementor-post__read-more\" href=\"https:\/\/www.logisticsautomationmadrid.com\/es\/2026\/04\/09\/geopolitica-resiliencia-y-red-por-que-la-supply-chain-ya-no-es-solo-eficiencia\/\" aria-label=\"Read more about Geopol\u00edtica, resiliencia y red: por qu\u00e9 la supply chain ya no es solo eficiencia\" tabindex=\"-1\" >\n\t\t\tRead More \u00bb\t\t<\/a>\n\n\t\t\t\t<\/div>\n\t\t\t\t<\/article>\n\t\t\t\t<article class=\"elementor-post elementor-grid-item post-210276 post type-post status-publish format-standard has-post-thumbnail hentry category-blog category-ia-trazabilidad-seguridad category-logistica-intralogistica-almacenamiento category-logtalent category-robotica-automatizacion category-sostenibilidad-greenlogistics category-transport-delivery tag-16-de-febrero tag-16-febrero tag-dia-logistica tag-dia-mundial-de-la-logistica tag-dia-mundial-logistica tag-espana tag-ferias tag-internacionalizacion tag-logistica tag-logistics-automation tag-punto-de-encuentro tag-referentes\" role=\"listitem\">\n\t\t\t\t<div class=\"elementor-post__text\">\n\t\t\t\t<h3 class=\"elementor-post__title\">\n\t\t\t<a href=\"https:\/\/www.logisticsautomationmadrid.com\/es\/2026\/04\/09\/sistemas-hibridos-automatizacion-y-robotica-en-intralogistica\/\" >\n\t\t\t\tSistemas h\u00edbridos: automatizaci\u00f3n y rob\u00f3tica en intralog\u00edstica\t\t\t<\/a>\n\t\t<\/h3>\n\t\t\t\t<div class=\"elementor-post__excerpt\">\n\t\t\t<p>La revoluci\u00f3n de los sistemas h\u00edbridos en intralog\u00edstica La\u00a0intralog\u00edstica\u00a0atraviesa una transformaci\u00f3n profunda gracias a los\u00a0sistemas h\u00edbridos\u00a0que integran\u00a0automatizaci\u00f3n tradicional,\u00a0rob\u00f3tica\u00a0e\u00a0inteligencia artificial. Estos modelos combinan robots m\u00f3viles aut\u00f3nomos<\/p>\n\t\t<\/div>\n\t\t\n\t\t<a class=\"elementor-post__read-more\" href=\"https:\/\/www.logisticsautomationmadrid.com\/es\/2026\/04\/09\/sistemas-hibridos-automatizacion-y-robotica-en-intralogistica\/\" aria-label=\"Read more about Sistemas h\u00edbridos: automatizaci\u00f3n y rob\u00f3tica en intralog\u00edstica\" tabindex=\"-1\" >\n\t\t\tRead More \u00bb\t\t<\/a>\n\n\t\t\t\t<\/div>\n\t\t\t\t<\/article>\n\t\t\t\t<article class=\"elementor-post elementor-grid-item post-210266 post type-post status-publish format-standard has-post-thumbnail hentry category-blog category-ia-trazabilidad-seguridad category-logistica-intralogistica-almacenamiento category-logtalent category-robotica-automatizacion category-sostenibilidad-greenlogistics category-transport-delivery tag-16-de-febrero tag-16-febrero tag-dia-logistica tag-dia-mundial-de-la-logistica tag-dia-mundial-logistica tag-espana tag-ferias tag-internacionalizacion tag-logistica tag-logistics-automation tag-punto-de-encuentro tag-referentes\" role=\"listitem\">\n\t\t\t\t<div class=\"elementor-post__text\">\n\t\t\t\t<h3 class=\"elementor-post__title\">\n\t\t\t<a href=\"https:\/\/www.logisticsautomationmadrid.com\/es\/2026\/04\/08\/el-transporte-advierte-del-riesgo-de-desabastecimiento-y-perdida-de-rentabilidad-ante-la-implantacion-de-las-44-toneladas\/\" >\n\t\t\t\tEl transporte advierte del riesgo de desabastecimiento y p\u00e9rdida de rentabilidad ante la implantaci\u00f3n de las 44 toneladas\t\t\t<\/a>\n\t\t<\/h3>\n\t\t\t\t<div class=\"elementor-post__excerpt\">\n\t\t\t<p>La jornada celebrada en Gij\u00f3n, organizada por la patronal asturiana,\u00a0ASETRA, en colaboraci\u00f3n con CETM, ha puesto de manifiesto la preocupaci\u00f3n generalizada del sector del\u00a0transporte de<\/p>\n\t\t<\/div>\n\t\t\n\t\t<a class=\"elementor-post__read-more\" href=\"https:\/\/www.logisticsautomationmadrid.com\/es\/2026\/04\/08\/el-transporte-advierte-del-riesgo-de-desabastecimiento-y-perdida-de-rentabilidad-ante-la-implantacion-de-las-44-toneladas\/\" aria-label=\"Read more about El transporte advierte del riesgo de desabastecimiento y p\u00e9rdida de rentabilidad ante la implantaci\u00f3n de las 44 toneladas\" tabindex=\"-1\" >\n\t\t\tRead More \u00bb\t\t<\/a>\n\n\t\t\t\t<\/div>\n\t\t\t\t<\/article>\n\t\t\t\t<\/div>\n\t\t\n\t\t\t\t\t\t<\/div>\n\t\t\t\t<\/div>\n\t\t\t\t<div class=\"elementor-element elementor-element-142798d6 elementor-widget-divider--view-line elementor-widget elementor-widget-divider\" data-id=\"142798d6\" data-element_type=\"widget\" data-widget_type=\"divider.default\">\n\t\t\t\t<div class=\"elementor-widget-container\">\n\t\t\t\t\t\t\t<div class=\"elementor-divider\">\n\t\t\t<span class=\"elementor-divider-separator\">\n\t\t\t\t\t\t<\/span>\n\t\t<\/div>\n\t\t\t\t\t\t<\/div>\n\t\t\t\t<\/div>\n\t\t\t\t\t<\/div>\n\t\t<\/div>\n\t\t\t\t\t<\/div>\n\t\t<\/section>\n\t\t\t\t<section class=\"elementor-section elementor-top-section elementor-element elementor-element-49136ec elementor-section-full_width elementor-section-height-default elementor-section-height-default\" data-id=\"49136ec\" data-element_type=\"section\">\n\t\t\t\t\t\t<div class=\"elementor-container elementor-column-gap-default\">\n\t\t\t\t\t<div class=\"elementor-column elementor-col-100 elementor-top-column elementor-element elementor-element-4a08fcbd\" data-id=\"4a08fcbd\" data-element_type=\"column\">\n\t\t\t<div class=\"elementor-widget-wrap elementor-element-populated\">\n\t\t\t\t\t\t<div class=\"elementor-element elementor-element-6c1ef897 elementor-widget-divider--view-line elementor-widget elementor-widget-divider\" data-id=\"6c1ef897\" data-element_type=\"widget\" data-widget_type=\"divider.default\">\n\t\t\t\t<div class=\"elementor-widget-container\">\n\t\t\t\t\t\t\t<div class=\"elementor-divider\">\n\t\t\t<span class=\"elementor-divider-separator\">\n\t\t\t\t\t\t<\/span>\n\t\t<\/div>\n\t\t\t\t\t\t<\/div>\n\t\t\t\t<\/div>\n\t\t\t\t<div class=\"elementor-element elementor-element-67dafb1c elementor-widget elementor-widget-text-editor\" data-id=\"67dafb1c\" data-element_type=\"widget\" data-widget_type=\"text-editor.default\">\n\t\t\t\t<div class=\"elementor-widget-container\">\n\t\t\t\t\t\t\t\t\t<p><span style=\"vertical-align: inherit\"><span style=\"vertical-align: inherit\"><span style=\"vertical-align: inherit\"><span style=\"vertical-align: inherit\"><span style=\"vertical-align: inherit\"><span style=\"vertical-align: inherit\">Share this article<\/span><\/span><\/span><\/span><\/span><\/span><\/p>\t\t\t\t\t\t\t\t<\/div>\n\t\t\t\t<\/div>\n\t\t\t\t<div class=\"elementor-element elementor-element-b207622 elementor-share-buttons--view-icon elementor-share-buttons--skin-flat elementor-share-buttons--shape-circle elementor-share-buttons--color-custom elementor-grid-0 elementor-widget elementor-widget-global elementor-global-111270 elementor-widget-share-buttons\" data-id=\"b207622\" data-element_type=\"widget\" data-widget_type=\"share-buttons.default\">\n\t\t\t\t<div class=\"elementor-widget-container\">\n\t\t\t\t\t\t\t<div class=\"elementor-grid\" role=\"list\">\n\t\t\t\t\t\t\t\t<div class=\"elementor-grid-item\" role=\"listitem\">\n\t\t\t\t\t\t<div class=\"elementor-share-btn elementor-share-btn_facebook\" role=\"button\" tabindex=\"0\" aria-label=\"Share on facebook\">\n\t\t\t\t\t\t\t\t\t\t\t\t\t\t\t<span class=\"elementor-share-btn__icon\">\n\t\t\t\t\t\t\t\t<i class=\"fab fa-facebook\" aria-hidden=\"true\"><\/i>\t\t\t\t\t\t\t<\/span>\n\t\t\t\t\t\t\t\t\t\t\t\t\t\t\t\t\t\t\t\t<\/div>\n\t\t\t\t\t<\/div>\n\t\t\t\t\t\t\t\t\t<div class=\"elementor-grid-item\" role=\"listitem\">\n\t\t\t\t\t\t<div class=\"elementor-share-btn elementor-share-btn_twitter\" role=\"button\" tabindex=\"0\" aria-label=\"Share on twitter\">\n\t\t\t\t\t\t\t\t\t\t\t\t\t\t\t<span class=\"elementor-share-btn__icon\">\n\t\t\t\t\t\t\t\t<i class=\"fab fa-twitter\" aria-hidden=\"true\"><\/i>\t\t\t\t\t\t\t<\/span>\n\t\t\t\t\t\t\t\t\t\t\t\t\t\t\t\t\t\t\t\t<\/div>\n\t\t\t\t\t<\/div>\n\t\t\t\t\t\t\t\t\t<div class=\"elementor-grid-item\" role=\"listitem\">\n\t\t\t\t\t\t<div class=\"elementor-share-btn elementor-share-btn_linkedin\" role=\"button\" tabindex=\"0\" aria-label=\"Share on linkedin\">\n\t\t\t\t\t\t\t\t\t\t\t\t\t\t\t<span class=\"elementor-share-btn__icon\">\n\t\t\t\t\t\t\t\t<i class=\"fab fa-linkedin\" aria-hidden=\"true\"><\/i>\t\t\t\t\t\t\t<\/span>\n\t\t\t\t\t\t\t\t\t\t\t\t\t\t\t\t\t\t\t\t<\/div>\n\t\t\t\t\t<\/div>\n\t\t\t\t\t\t<\/div>\n\t\t\t\t\t\t<\/div>\n\t\t\t\t<\/div>\n\t\t\t\t\t<\/div>\n\t\t<\/div>\n\t\t\t\t\t<\/div>\n\t\t<\/section>\n\t\t\t\t<\/div>\n\t\t","protected":false},"excerpt":{"rendered":"<p>Graduada en qu\u00edmica con una destacada trayectoria en diversos campos, incluyendo el aseguramiento de la calidad y la investigaci\u00f3n. Actualmente,\u00a0 desempe\u00f1o a su roll como\u00a0responsable de envases sostenibles en Vicky Foods, donde lidera el control y caracterizaci\u00f3n de materiales para envases alimentarios, as\u00ed como el desarrollo de nuevos materiales sostenibles. Anteriormente, estuvo trabajado en la\u00a0Fundaci\u00f3n [&hellip;]<\/p>\n","protected":false},"author":135,"featured_media":173402,"comment_status":"closed","ping_status":"open","sticky":false,"template":"","format":"standard","meta":{"_seopress_robots_primary_cat":"none","_seopress_titles_title":"Un caf\u00e9 con\u2026 Andrea Mart\u00ednez Vela, dpto. I+D+I en Vicky Foods","_seopress_titles_desc":"Un caf\u00e9 con\u2026 Andrea Mart\u00ednez Vela, dpto. I+D+I en Vicky Foods","_seopress_robots_index":"","footnotes":""},"categories":[909],"tags":[789,2666,2667],"edition":[],"class_list":["post-173399","post","type-post","status-publish","format-standard","has-post-thumbnail","hentry","category-un-cafe-con","tag-entrevista","tag-jj-delgado","tag-keynote"],"_links":{"self":[{"href":"https:\/\/www.logisticsautomationmadrid.com\/es\/wp-json\/wp\/v2\/posts\/173399","targetHints":{"allow":["GET"]}}],"collection":[{"href":"https:\/\/www.logisticsautomationmadrid.com\/es\/wp-json\/wp\/v2\/posts"}],"about":[{"href":"https:\/\/www.logisticsautomationmadrid.com\/es\/wp-json\/wp\/v2\/types\/post"}],"author":[{"embeddable":true,"href":"https:\/\/www.logisticsautomationmadrid.com\/es\/wp-json\/wp\/v2\/users\/135"}],"replies":[{"embeddable":true,"href":"https:\/\/www.logisticsautomationmadrid.com\/es\/wp-json\/wp\/v2\/comments?post=173399"}],"version-history":[{"count":5,"href":"https:\/\/www.logisticsautomationmadrid.com\/es\/wp-json\/wp\/v2\/posts\/173399\/revisions"}],"predecessor-version":[{"id":173408,"href":"https:\/\/www.logisticsautomationmadrid.com\/es\/wp-json\/wp\/v2\/posts\/173399\/revisions\/173408"}],"wp:featuredmedia":[{"embeddable":true,"href":"https:\/\/www.logisticsautomationmadrid.com\/es\/wp-json\/wp\/v2\/media\/173402"}],"wp:attachment":[{"href":"https:\/\/www.logisticsautomationmadrid.com\/es\/wp-json\/wp\/v2\/media?parent=173399"}],"wp:term":[{"taxonomy":"category","embeddable":true,"href":"https:\/\/www.logisticsautomationmadrid.com\/es\/wp-json\/wp\/v2\/categories?post=173399"},{"taxonomy":"post_tag","embeddable":true,"href":"https:\/\/www.logisticsautomationmadrid.com\/es\/wp-json\/wp\/v2\/tags?post=173399"},{"taxonomy":"edition","embeddable":true,"href":"https:\/\/www.logisticsautomationmadrid.com\/es\/wp-json\/wp\/v2\/edition?post=173399"}],"curies":[{"name":"wp","href":"https:\/\/api.w.org\/{rel}","templated":true}]}}