{"id":184658,"date":"2025-05-21T09:18:47","date_gmt":"2025-05-21T07:18:47","guid":{"rendered":"https:\/\/www.logisticsautomationmadrid.com\/?p=184658"},"modified":"2025-05-21T10:37:04","modified_gmt":"2025-05-21T08:37:04","slug":"empack-logistics-automation-y-logistic-industrial-build-abren-el-periodo-de-registro-consolidandose-como-encuentros-clave-y-continuando-su-crecimiento-ano-tras-ano","status":"publish","type":"post","link":"https:\/\/www.logisticsautomationmadrid.com\/es\/2025\/05\/21\/empack-logistics-automation-y-logistic-industrial-build-abren-el-periodo-de-registro-consolidandose-como-encuentros-clave-y-continuando-su-crecimiento-ano-tras-ano\/","title":{"rendered":"Empack, Logistics &#038; Automation y Logistic &#038; Industrial Build abren el periodo de registro, consolid\u00e1ndose como encuentros clave y continuando su crecimiento a\u00f1o tras a\u00f1o"},"content":{"rendered":"\t\t<div data-elementor-type=\"wp-post\" data-elementor-id=\"184658\" class=\"elementor elementor-184658\" data-elementor-post-type=\"post\">\n\t\t\t\t\t\t<section class=\"elementor-section elementor-top-section elementor-element elementor-element-0d9c4a1 elementor-section-stretched elementor-section-boxed elementor-section-height-default elementor-section-height-default\" data-id=\"0d9c4a1\" data-element_type=\"section\" data-settings=\"{&quot;background_background&quot;:&quot;classic&quot;,&quot;stretch_section&quot;:&quot;section-stretched&quot;}\">\n\t\t\t\t\t\t<div class=\"elementor-container elementor-column-gap-default\">\n\t\t\t\t\t<div class=\"elementor-column elementor-col-100 elementor-top-column elementor-element elementor-element-ac57cca\" data-id=\"ac57cca\" data-element_type=\"column\">\n\t\t\t<div class=\"elementor-widget-wrap elementor-element-populated\">\n\t\t\t\t\t\t<section class=\"elementor-section elementor-inner-section elementor-element elementor-element-8781f24 elementor-reverse-tablet elementor-reverse-mobile elementor-section-boxed elementor-section-height-default elementor-section-height-default\" data-id=\"8781f24\" data-element_type=\"section\" data-settings=\"{&quot;background_background&quot;:&quot;classic&quot;}\">\n\t\t\t\t\t\t<div class=\"elementor-container elementor-column-gap-wide\">\n\t\t\t\t\t<div class=\"elementor-column elementor-col-100 elementor-inner-column elementor-element elementor-element-9015fb7\" data-id=\"9015fb7\" data-element_type=\"column\" data-settings=\"{&quot;background_background&quot;:&quot;classic&quot;}\">\n\t\t\t<div class=\"elementor-widget-wrap elementor-element-populated\">\n\t\t\t\t\t\t<div class=\"elementor-element elementor-element-5d63bc9 elementor-widget elementor-widget-theme-post-title elementor-page-title elementor-widget-heading\" data-id=\"5d63bc9\" data-element_type=\"widget\" data-widget_type=\"theme-post-title.default\">\n\t\t\t\t<div class=\"elementor-widget-container\">\n\t\t\t\t\t<h1 class=\"elementor-heading-title elementor-size-default\">Empack, Logistics &#038; Automation y Logistic &#038; Industrial Build abren el periodo de registro, consolid\u00e1ndose como encuentros clave y continuando su crecimiento a\u00f1o tras a\u00f1o<\/h1>\t\t\t\t<\/div>\n\t\t\t\t<\/div>\n\t\t\t\t<div class=\"elementor-element elementor-element-57db44c elementor-align-left elementor-widget elementor-widget-post-info\" data-id=\"57db44c\" data-element_type=\"widget\" data-widget_type=\"post-info.default\">\n\t\t\t\t<div class=\"elementor-widget-container\">\n\t\t\t\t\t\t\t<ul class=\"elementor-inline-items elementor-icon-list-items elementor-post-info\">\n\t\t\t\t\t\t\t\t<li class=\"elementor-icon-list-item elementor-repeater-item-62990f6 elementor-inline-item\" itemprop=\"datePublished\">\n\t\t\t\t\t\t<a href=\"https:\/\/www.logisticsautomationmadrid.com\/es\/2025\/05\/21\/\">\n\t\t\t\t\t\t\t\t\t\t\t<span class=\"elementor-icon-list-icon\">\n\t\t\t\t\t\t\t\t<i aria-hidden=\"true\" class=\"fas fa-calendar\"><\/i>\t\t\t\t\t\t\t<\/span>\n\t\t\t\t\t\t\t\t\t<span class=\"elementor-icon-list-text elementor-post-info__item elementor-post-info__item--type-date\">\n\t\t\t\t\t\t\t\t\t\t<time>mayo 21, 2025<\/time>\t\t\t\t\t<\/span>\n\t\t\t\t\t\t\t\t\t<\/a>\n\t\t\t\t<\/li>\n\t\t\t\t<\/ul>\n\t\t\t\t\t\t<\/div>\n\t\t\t\t<\/div>\n\t\t\t\t\t<\/div>\n\t\t<\/div>\n\t\t\t\t\t<\/div>\n\t\t<\/section>\n\t\t\t\t<section class=\"elementor-section elementor-inner-section elementor-element elementor-element-a0a9333 elementor-section-boxed elementor-section-height-default elementor-section-height-default\" data-id=\"a0a9333\" data-element_type=\"section\" data-settings=\"{&quot;background_background&quot;:&quot;classic&quot;}\">\n\t\t\t\t\t\t<div class=\"elementor-container elementor-column-gap-default\">\n\t\t\t\t\t<div class=\"elementor-column elementor-col-100 elementor-inner-column elementor-element elementor-element-d9003a5\" data-id=\"d9003a5\" data-element_type=\"column\">\n\t\t\t<div class=\"elementor-widget-wrap elementor-element-populated\">\n\t\t\t\t\t\t<div class=\"elementor-element elementor-element-b8fbe78 elementor-widget elementor-widget-text-editor\" data-id=\"b8fbe78\" data-element_type=\"widget\" data-widget_type=\"text-editor.default\">\n\t\t\t\t<div class=\"elementor-widget-container\">\n\t\t\t\t\t\t\t\t\t<ul><li data-leveltext=\"\uf0b7\" data-font=\"Symbol\" data-listid=\"1\" data-list-defn-props=\"{&quot;335552541&quot;:1,&quot;335559685&quot;:720,&quot;335559991&quot;:360,&quot;469769226&quot;:&quot;Symbol&quot;,&quot;469769242&quot;:[8226],&quot;469777803&quot;:&quot;left&quot;,&quot;469777804&quot;:&quot;\uf0b7&quot;,&quot;469777815&quot;:&quot;hybridMultilevel&quot;}\" aria-setsize=\"-1\" data-aria-posinset=\"1\" data-aria-level=\"1\"><b><span data-contrast=\"auto\">Logistics &amp; Automation incorpora como novedad este a\u00f1o experiencias inmersivas y \u00e1reas dedicadas a la inteligencia artificial y la realidad virtual.<\/span><\/b><\/li><\/ul><ul><li data-leveltext=\"\uf0b7\" data-font=\"Symbol\" data-listid=\"1\" data-list-defn-props=\"{&quot;335552541&quot;:1,&quot;335559685&quot;:720,&quot;335559991&quot;:360,&quot;469769226&quot;:&quot;Symbol&quot;,&quot;469769242&quot;:[8226],&quot;469777803&quot;:&quot;left&quot;,&quot;469777804&quot;:&quot;\uf0b7&quot;,&quot;469777815&quot;:&quot;hybridMultilevel&quot;}\" aria-setsize=\"-1\" data-aria-posinset=\"2\" data-aria-level=\"1\"><b><span data-contrast=\"auto\">En su segunda edici\u00f3n, Logistic &amp; Industrial Build espera un crecimiento del 50% en el espacio expositivo e incorporaci\u00f3n de nuevas empresas. <\/span><\/b><span data-ccp-props=\"{&quot;201341983&quot;:0,&quot;335551550&quot;:6,&quot;335551620&quot;:6,&quot;335559740&quot;:276}\">\u00a0<\/span><\/li><li data-leveltext=\"\uf0b7\" data-font=\"Symbol\" data-listid=\"1\" data-list-defn-props=\"{&quot;335552541&quot;:1,&quot;335559685&quot;:720,&quot;335559991&quot;:360,&quot;469769226&quot;:&quot;Symbol&quot;,&quot;469769242&quot;:[8226],&quot;469777803&quot;:&quot;left&quot;,&quot;469777804&quot;:&quot;\uf0b7&quot;,&quot;469777815&quot;:&quot;hybridMultilevel&quot;}\" aria-setsize=\"-1\" data-aria-posinset=\"3\" data-aria-level=\"1\"><b><span data-contrast=\"auto\">Empack apostar\u00e1 por II a\u00f1o consecutivo por darle protagonismo al dise\u00f1o de packaging mediante la renovada \u201cIsla del dise\u00f1o\u201d<\/span><\/b><span data-ccp-props=\"{&quot;201341983&quot;:0,&quot;335551550&quot;:6,&quot;335551620&quot;:6,&quot;335559740&quot;:276}\">\u00a0<\/span><\/li><\/ul>\t\t\t\t\t\t\t\t<\/div>\n\t\t\t\t<\/div>\n\t\t\t\t<div class=\"elementor-element elementor-element-b8fed4e elementor-widget elementor-widget-image\" data-id=\"b8fed4e\" data-element_type=\"widget\" data-widget_type=\"image.default\">\n\t\t\t\t<div class=\"elementor-widget-container\">\n\t\t\t\t\t\t\t\t\t\t\t\t\t\t\t<img fetchpriority=\"high\" decoding=\"async\" width=\"768\" height=\"512\" src=\"https:\/\/easyfairsassets.com\/sites\/84\/2024\/12\/LOG-768x512.jpeg\" class=\"attachment-medium_large size-medium_large wp-image-173026\" alt=\"LOG 24\" srcset=\"https:\/\/easyfairsassets.com\/sites\/84\/2024\/12\/LOG-768x512.jpeg 768w, https:\/\/easyfairsassets.com\/sites\/84\/2024\/12\/LOG-300x200.jpeg 300w, https:\/\/easyfairsassets.com\/sites\/84\/2024\/12\/LOG-1024x682.jpeg 1024w, https:\/\/easyfairsassets.com\/sites\/84\/2024\/12\/LOG-1536x1023.jpeg 1536w, https:\/\/easyfairsassets.com\/sites\/84\/2024\/12\/LOG.jpeg 1600w\" sizes=\"(max-width: 768px) 100vw, 768px\" \/>\t\t\t\t\t\t\t\t\t\t\t\t\t\t\t<\/div>\n\t\t\t\t<\/div>\n\t\t\t\t<div class=\"elementor-element elementor-element-0fd250f elementor-widget elementor-widget-text-editor\" data-id=\"0fd250f\" data-element_type=\"widget\" data-widget_type=\"text-editor.default\">\n\t\t\t\t<div class=\"elementor-widget-container\">\n\t\t\t\t\t\t\t\t\t<p><b><span data-contrast=\"none\">Madrid, 21 de mayo de 2025.<\/span><\/b><span data-contrast=\"auto\"> Easyfairs anuncia la apertura de registro para\u202f<\/span><b><span data-contrast=\"auto\">Empack, Logistics &amp; Automation y Logistic &amp; Industrial Build Madrid 2025<\/span><\/b><span data-contrast=\"auto\">, los eventos de referencia en innovaci\u00f3n para packaging, log\u00edstica, transporte e inmolog\u00edstica, que se celebrar\u00e1n los d\u00edas\u202f<\/span><b><span data-contrast=\"auto\">15 y 16 de octubre <\/span><\/b><span data-contrast=\"auto\">en los pabellones 8 y 10 de<\/span><b><span data-contrast=\"auto\"> IFEMA Madrid<\/span><\/b><span data-contrast=\"auto\">. La\u202f<\/span><b><span data-contrast=\"auto\">inscripci\u00f3n para los tres eventos es gratuita para profesionales y ya est\u00e1 disponible<\/span><\/b><span data-contrast=\"auto\">\u202fa trav\u00e9s de las webs oficiales: <\/span><a href=\"https:\/\/www.empackmadrid.com\/es\/?actioncode=EVER1\"><span data-contrast=\"none\">Empack Madrid<\/span><\/a><span data-contrast=\"auto\">, de <\/span><a href=\"https:\/\/www.logisticsautomationmadrid.com\/es\/?actioncode=EVER1\"><span data-contrast=\"none\">Logistics &amp; Automation Madrid<\/span><\/a><span data-contrast=\"auto\"> o de <\/span><a href=\"https:\/\/www.logisticindustrialbuildmadrid.com\/?actioncode=EVER1\"><span data-contrast=\"none\">Logistic &amp; Industrial Build<\/span><\/a><span data-contrast=\"auto\">; con un \u00fanico registro los visitantes podr\u00e1n acceder a cualquiera de las 3 ferias.\u00a0<\/span><span data-ccp-props=\"{&quot;335551550&quot;:6,&quot;335551620&quot;:6}\">\u00a0<\/span><\/p><p><span data-contrast=\"auto\">Este a\u00f1o, los visitantes tendr\u00e1n acceso a m\u00e1s de <\/span><b><span data-contrast=\"auto\">24.000m2 de superficie expositiva<\/span><\/b><span data-contrast=\"auto\">, 1.000m2 m\u00e1s que la pasada edici\u00f3n, lo que reafirma que a\u00f1o tras a\u00f1o, estas ferias siguen creciendo y consolid\u00e1ndose como encuentros clave y de referencia para los profesionales de estos sectores. Adem\u00e1s, destacar que, a estas alturas, m\u00e1s del <\/span><b><span data-contrast=\"auto\">90% del espacio ya est\u00e1 reservado<\/span><\/b><span data-contrast=\"auto\">.<\/span><span data-ccp-props=\"{&quot;335551550&quot;:6,&quot;335551620&quot;:6}\">\u00a0<\/span><\/p><p><span data-contrast=\"auto\">Igualmente, los asistentes podr\u00e1n disfrutar de un amplio programa de contenidos, que reunir\u00e1 en <\/span><b><span data-contrast=\"auto\">7 salas de congreso<\/span><\/b><span data-contrast=\"auto\"> a m\u00e1s de <\/span><b><span data-contrast=\"auto\">200 ponentes expertos<\/span><\/b><span data-contrast=\"auto\"> en packaging, log\u00edstica, transporte y edificaci\u00f3n log\u00edstica e industrial.<\/span><span data-ccp-props=\"{&quot;335551550&quot;:6,&quot;335551620&quot;:6}\">\u00a0<\/span><\/p><p><span style=\"text-decoration: underline;\"><b>Creatividad, dise\u00f1o y tecnolog\u00eda: los ejes de esta edici\u00f3n<\/b>\u00a0<\/span><\/p><p><b><span data-contrast=\"auto\">Logistics &amp; Automation<\/span><\/b><span data-contrast=\"auto\"> se presenta este a\u00f1o bajo el nuevo claim \u201c<\/span><i><span data-contrast=\"auto\">El arte de la log\u00edstica<\/span><\/i><span data-contrast=\"auto\">\u201d, que impregnar\u00e1 distintos espacios y acciones especiales del evento, generando un paralelismo entre la precisi\u00f3n operativa y la sensibilidad del arte. Esta propuesta se ver\u00e1 reforzada con una nueva \u00e1rea dedicada a la Inteligencia Artificial, as\u00ed como un nuevo espacio interactivo: <\/span><b><span data-contrast=\"auto\">Inmersive Logistics Area<\/span><\/b><span data-contrast=\"auto\">, donde los asistentes podr\u00e1n explorar de forma inmersiva las \u00faltimas tecnolog\u00edas aplicadas a la log\u00edstica de la mano de dos empresas relacionadas con este sector. Adem\u00e1s, un a\u00f1o m\u00e1s, el evento acoger\u00e1 la entrega de los <\/span><b><span data-contrast=\"auto\">Premios L\u00edderes de la Log\u00edstica<\/span><\/b><span data-contrast=\"auto\">, organizados por UNO Log\u00edstica, que reconocen las mejores e innovadoras pr\u00e1cticas del sector y su contribuci\u00f3n a la competitividad empresarial.<\/span><span data-ccp-props=\"{&quot;335551550&quot;:6,&quot;335551620&quot;:6}\">\u00a0<\/span><\/p><p><span data-contrast=\"auto\">En paralelo, <\/span><b><span data-contrast=\"auto\">Empack<\/span><\/b><span data-contrast=\"auto\"> refuerza su apuesta por la creatividad y por II a\u00f1o consecutivo le da protagonismo al dise\u00f1o del packaging mediante la renovada <\/span><b><span data-contrast=\"auto\">\u201cIsla del dise\u00f1o\u201d<\/span><\/b><span data-contrast=\"auto\">, un espacio donde expertos del dise\u00f1o y el branding pueden compartir sus proyectos y colaborar con empresas que buscan soluciones innovadoras. Esta iniciativa pone en valor el packaging como herramienta estrat\u00e9gica de diferenciaci\u00f3n y como parte fundamental de la experiencia del consumidor.<\/span><span data-ccp-props=\"{&quot;335551550&quot;:6,&quot;335551620&quot;:6}\">\u00a0<\/span><\/p><p><span style=\"text-decoration: underline;\"><b>Logistics &amp; Industrial Build, punto de encuentro de la construcci\u00f3n log\u00edstica<\/b><\/span><span data-ccp-props=\"{&quot;335551550&quot;:6,&quot;335551620&quot;:6}\">\u00a0<\/span><\/p><p><span data-contrast=\"auto\">Tras el \u00e9xito de su primera edici\u00f3n en 2024, Logistic &amp; Industrial Build regresa con m\u00e1s impulso que nunca, reafirm\u00e1ndose como el \u00fanico evento en Espa\u00f1a enfocado exclusivamente en la edificaci\u00f3n log\u00edstica e industrial. Este a\u00f1o, el encuentro ampl\u00eda su espacio expositivo en un 50%, contando con la participaci\u00f3n de empresas l\u00edderes como Soprema, Luminia, Uretek y Sacine, entre otras, que se suman a un espacio dise\u00f1ado para atraer a perfiles estrat\u00e9gicos como responsables de expansi\u00f3n, asset managers, arquitectos y decisores de inversi\u00f3n. Este foro se consolida como la plataforma ideal para descubrir las \u00faltimas soluciones constructivas y tecnolog\u00edas aplicadas a naves log\u00edsticas, potenciando adem\u00e1s el networking y la colaboraci\u00f3n entre profesionales.\u00a0<\/span><span data-ccp-props=\"{&quot;335551550&quot;:6,&quot;335551620&quot;:6}\">\u00a0<\/span><\/p><p><i><span data-contrast=\"auto\">\u201cEmpack, Logistics &amp; Automation y Logistic &amp; Industrial Build volver\u00e1n a convertirse este a\u00f1o en el punto de encuentro imprescindible para los profesionales de la log\u00edstica, el transporte, el packaging y la edificaci\u00f3n industrial. En esta edici\u00f3n, damos un paso m\u00e1s con nuevas \u00e1reas tem\u00e1ticas, m\u00e1s tecnolog\u00eda, m\u00e1s espacio expositivo y una oferta de contenidos renovada, pensada para responder a los retos reales de la industria. Agradecemos profundamente la confianza de nuestros expositores, patrocinadores y colaboradores, y estamos convencidos de que esta edici\u00f3n volver\u00e1 a superar todas las expectativas\u201d<\/span><\/i><span data-contrast=\"auto\">, ha destacado Oscar Barranco, director general de Easyfairs Iberia.\u00a0\u00a0<\/span><span data-ccp-props=\"{&quot;335551550&quot;:6,&quot;335551620&quot;:6}\">\u00a0<\/span><\/p><p><span style=\"text-decoration: underline;\"><b>M\u00e1s de 11.600 visitantes \u00fanicos en 2024<\/b>\u00a0<\/span><\/p><p><span data-contrast=\"auto\">Organizadas por Easyfairs, Empack, Logistics &amp; Automation y la reci\u00e9n incorporada Logistic &amp; Industrial Build son las ferias de referencia en innovaci\u00f3n para los sectores del packaging, la log\u00edstica, el transporte y la edificaci\u00f3n industrial. La edici\u00f3n de 2024 super\u00f3 todos los registros anteriores con la asistencia de m\u00e1s de 11.600 visitantes \u00fanicos y m\u00e1s de 400 empresas expositoras, generando 41.053 interacciones comerciales.\u00a0<\/span><span data-ccp-props=\"{&quot;335551550&quot;:6,&quot;335551620&quot;:6}\">\u00a0<\/span><\/p><p><span data-contrast=\"auto\">Este crecimiento refleja la vitalidad de estas industrias y su apuesta decidida por la innovaci\u00f3n, la sostenibilidad y la transformaci\u00f3n digital. Una cita imprescindible para impulsar el networking de alto valor y descubrir las soluciones que marcar\u00e1n el futuro del sector.<\/span><\/p>\t\t\t\t\t\t\t\t<\/div>\n\t\t\t\t<\/div>\n\t\t\t\t<div class=\"elementor-element elementor-element-6ddee14 elementor-widget elementor-widget-image\" data-id=\"6ddee14\" data-element_type=\"widget\" data-widget_type=\"image.default\">\n\t\t\t\t<div class=\"elementor-widget-container\">\n\t\t\t\t\t\t\t\t\t\t\t\t\t\t\t<img decoding=\"async\" width=\"768\" height=\"512\" src=\"https:\/\/easyfairsassets.com\/sites\/84\/2020\/01\/Empack-y-Logistica-13-nov-jpg190-768x512.jpg\" class=\"attachment-medium_large size-medium_large wp-image-751\" alt=\"\" srcset=\"https:\/\/easyfairsassets.com\/sites\/84\/2020\/01\/Empack-y-Logistica-13-nov-jpg190-768x512.jpg 768w, https:\/\/easyfairsassets.com\/sites\/84\/2020\/01\/Empack-y-Logistica-13-nov-jpg190-300x200.jpg 300w, https:\/\/easyfairsassets.com\/sites\/84\/2020\/01\/Empack-y-Logistica-13-nov-jpg190-1024x683.jpg 1024w, https:\/\/easyfairsassets.com\/sites\/84\/2020\/01\/Empack-y-Logistica-13-nov-jpg190-1536x1024.jpg 1536w, https:\/\/easyfairsassets.com\/sites\/84\/2020\/01\/Empack-y-Logistica-13-nov-jpg190.jpg 1920w\" sizes=\"(max-width: 768px) 100vw, 768px\" \/>\t\t\t\t\t\t\t\t\t\t\t\t\t\t\t<\/div>\n\t\t\t\t<\/div>\n\t\t\t\t<div class=\"elementor-element elementor-element-e9df89f elementor-widget elementor-widget-text-editor\" data-id=\"e9df89f\" data-element_type=\"widget\" data-widget_type=\"text-editor.default\">\n\t\t\t\t<div class=\"elementor-widget-container\">\n\t\t\t\t\t\t\t\t\t<p><b><span data-contrast=\"none\">Sobre Easyfairs\u00a0<\/span><\/b><span data-ccp-props=\"{&quot;201341983&quot;:0,&quot;335551550&quot;:6,&quot;335551620&quot;:6,&quot;335559740&quot;:276}\">\u00a0<\/span><\/p><p><span data-contrast=\"auto\">Easyfairs organiza eventos siendo puntos <\/span><b><span data-contrast=\"auto\">de encuentro para las comunidades<\/span><\/b><span data-contrast=\"auto\"> que<\/span><b><span data-contrast=\"auto\"> deseen visitar el futuro.<\/span><\/b><span data-ccp-props=\"{&quot;201341983&quot;:0,&quot;335551550&quot;:6,&quot;335551620&quot;:6,&quot;335559740&quot;:276}\">\u00a0<\/span><\/p><p><span data-contrast=\"auto\">Actualmente organizamos 110 eventos presenciales en 12 pa\u00edses (Argelia, B\u00e9lgica, Finlandia, Francia, Alemania, Italia, Pa\u00edses Bajos, Portugal, Espa\u00f1a, Suecia, Suiza y Reino Unido) y gestionamos ocho recintos feriales en B\u00e9lgica, Holanda y Suecia (Amberes, Gante, Malinas-Bruselas Norte, Namur, Gorinchem, Hardenberg, Malm\u00f6 y Estocolmo).<\/span><span data-ccp-props=\"{&quot;201341983&quot;:0,&quot;335551550&quot;:6,&quot;335551620&quot;:6,&quot;335559740&quot;:276}\">\u00a0<\/span><\/p><p><span data-contrast=\"auto\">Nos apasiona \u00abfacilitar\u00bb la vida de nuestros clientes y aumentar el retorno de su inversi\u00f3n y de su tiempo a trav\u00e9s de nuestras f\u00f3rmulas integrales (all-in), tecnolog\u00eda avanzada y estrategia centrada en el cliente. <\/span><b><span data-contrast=\"auto\">Nuestra oferta digital<\/span><\/b> <b><span data-contrast=\"auto\">adem\u00e1s brinda<\/span><\/b><span data-contrast=\"auto\"> a estas comunidades excelentes oportunidades <\/span><b><span data-contrast=\"auto\">para establecer contactos de manera efectiva y hacer negocios durante<\/span><\/b><span data-contrast=\"auto\"> todo el a\u00f1o.\u00a0\u00a0<\/span><span data-ccp-props=\"{&quot;201341983&quot;:0,&quot;335551550&quot;:6,&quot;335551620&quot;:6,&quot;335559740&quot;:276}\">\u00a0<\/span><\/p><p><span data-contrast=\"auto\">El Grupo Easyfairs emplea a m\u00e1s de 800 talentos altamente comprometidos, implementa las mejores herramientas de marketing y tecnolog\u00eda y desarrolla marcas con un fuerte atractivo para nuestros stakeholders.<\/span><span data-ccp-props=\"{&quot;201341983&quot;:0,&quot;335551550&quot;:6,&quot;335551620&quot;:6,&quot;335559740&quot;:276}\">\u00a0<\/span><\/p><p><span data-contrast=\"auto\">Por sexto a\u00f1o consecutivo, en 2024, Deloitte otorg\u00f3 nuevamente a Easyfairs el estatus de \u201cBest Managed Company\u201d.<\/span><span data-ccp-props=\"{&quot;201341983&quot;:0,&quot;335551550&quot;:6,&quot;335551620&quot;:6,&quot;335559740&quot;:276}\">\u00a0<\/span><\/p><p><span data-contrast=\"auto\">Estamos orgullosos de figurar como el 11\u00ba organizador de ferias del mundo, seg\u00fan la clasificaci\u00f3n anual realizada por STAX Consulting.<\/span><span data-ccp-props=\"{&quot;201341983&quot;:0,&quot;335551550&quot;:6,&quot;335551620&quot;:6,&quot;335559740&quot;:276}\">\u00a0<\/span><\/p><p><span data-contrast=\"auto\">Visita el futuro con Easyfairs y consulta m\u00e1s informaci\u00f3n en <\/span><a href=\"http:\/\/www.easyfairsgroup.com\/\"><span data-contrast=\"none\">www.easyfairsgroup.com<\/span><\/a><span data-contrast=\"none\">.<\/span><span data-ccp-props=\"{&quot;201341983&quot;:0,&quot;335551550&quot;:6,&quot;335551620&quot;:6,&quot;335559740&quot;:276}\">\u00a0<\/span><\/p>\t\t\t\t\t\t\t\t<\/div>\n\t\t\t\t<\/div>\n\t\t\t\t\t<\/div>\n\t\t<\/div>\n\t\t\t\t\t<\/div>\n\t\t<\/section>\n\t\t\t\t<section class=\"elementor-section elementor-inner-section elementor-element elementor-element-379e76a elementor-section-boxed elementor-section-height-default elementor-section-height-default\" data-id=\"379e76a\" data-element_type=\"section\" data-settings=\"{&quot;background_background&quot;:&quot;classic&quot;}\">\n\t\t\t\t\t\t<div class=\"elementor-container elementor-column-gap-wide\">\n\t\t\t\t\t<div class=\"elementor-column elementor-col-100 elementor-inner-column elementor-element elementor-element-5362b5b\" data-id=\"5362b5b\" data-element_type=\"column\" data-settings=\"{&quot;background_background&quot;:&quot;classic&quot;}\">\n\t\t\t<div class=\"elementor-widget-wrap elementor-element-populated\">\n\t\t\t\t\t\t<div class=\"elementor-element elementor-element-08e580d elementor-widget elementor-widget-heading\" data-id=\"08e580d\" data-element_type=\"widget\" data-widget_type=\"heading.default\">\n\t\t\t\t<div class=\"elementor-widget-container\">\n\t\t\t\t\t<p class=\"elementor-heading-title elementor-size-default\">Compartir<\/p>\t\t\t\t<\/div>\n\t\t\t\t<\/div>\n\t\t\t\t<div class=\"elementor-element elementor-element-707fd25 elementor-share-buttons--view-icon elementor-share-buttons--shape-circle elementor-share-buttons--color-custom elementor-share-buttons--skin-minimal elementor-grid-0 elementor-widget elementor-widget-share-buttons\" data-id=\"707fd25\" data-element_type=\"widget\" data-widget_type=\"share-buttons.default\">\n\t\t\t\t<div class=\"elementor-widget-container\">\n\t\t\t\t\t\t\t<div class=\"elementor-grid\" role=\"list\">\n\t\t\t\t\t\t\t\t<div class=\"elementor-grid-item\" role=\"listitem\">\n\t\t\t\t\t\t<div class=\"elementor-share-btn elementor-share-btn_email\" role=\"button\" tabindex=\"0\" aria-label=\"Share on email\">\n\t\t\t\t\t\t\t\t\t\t\t\t\t\t\t<span class=\"elementor-share-btn__icon\">\n\t\t\t\t\t\t\t\t<i class=\"fas fa-envelope\" aria-hidden=\"true\"><\/i>\t\t\t\t\t\t\t<\/span>\n\t\t\t\t\t\t\t\t\t\t\t\t\t\t\t\t\t\t\t\t<\/div>\n\t\t\t\t\t<\/div>\n\t\t\t\t\t\t\t\t\t<div class=\"elementor-grid-item\" role=\"listitem\">\n\t\t\t\t\t\t<div class=\"elementor-share-btn elementor-share-btn_twitter\" role=\"button\" tabindex=\"0\" aria-label=\"Share on twitter\">\n\t\t\t\t\t\t\t\t\t\t\t\t\t\t\t<span class=\"elementor-share-btn__icon\">\n\t\t\t\t\t\t\t\t<i class=\"fab fa-twitter\" aria-hidden=\"true\"><\/i>\t\t\t\t\t\t\t<\/span>\n\t\t\t\t\t\t\t\t\t\t\t\t\t\t\t\t\t\t\t\t<\/div>\n\t\t\t\t\t<\/div>\n\t\t\t\t\t\t\t\t\t<div class=\"elementor-grid-item\" role=\"listitem\">\n\t\t\t\t\t\t<div class=\"elementor-share-btn elementor-share-btn_linkedin\" role=\"button\" tabindex=\"0\" aria-label=\"Share on linkedin\">\n\t\t\t\t\t\t\t\t\t\t\t\t\t\t\t<span class=\"elementor-share-btn__icon\">\n\t\t\t\t\t\t\t\t<i class=\"fab fa-linkedin\" aria-hidden=\"true\"><\/i>\t\t\t\t\t\t\t<\/span>\n\t\t\t\t\t\t\t\t\t\t\t\t\t\t\t\t\t\t\t\t<\/div>\n\t\t\t\t\t<\/div>\n\t\t\t\t\t\t\t\t\t<div class=\"elementor-grid-item\" role=\"listitem\">\n\t\t\t\t\t\t<div class=\"elementor-share-btn elementor-share-btn_whatsapp\" role=\"button\" tabindex=\"0\" aria-label=\"Share on whatsapp\">\n\t\t\t\t\t\t\t\t\t\t\t\t\t\t\t<span class=\"elementor-share-btn__icon\">\n\t\t\t\t\t\t\t\t<i class=\"fab fa-whatsapp\" aria-hidden=\"true\"><\/i>\t\t\t\t\t\t\t<\/span>\n\t\t\t\t\t\t\t\t\t\t\t\t\t\t\t\t\t\t\t\t<\/div>\n\t\t\t\t\t<\/div>\n\t\t\t\t\t\t<\/div>\n\t\t\t\t\t\t<\/div>\n\t\t\t\t<\/div>\n\t\t\t\t\t<\/div>\n\t\t<\/div>\n\t\t\t\t\t<\/div>\n\t\t<\/section>\n\t\t\t\t\t<\/div>\n\t\t<\/div>\n\t\t\t\t\t<\/div>\n\t\t<\/section>\n\t\t\t\t<\/div>\n\t\t","protected":false},"excerpt":{"rendered":"<p>Logistics &amp; Automation incorpora como novedad este a\u00f1o experiencias inmersivas y \u00e1reas dedicadas a la inteligencia artificial y la realidad virtual. En su segunda edici\u00f3n, Logistic &amp; Industrial Build espera un crecimiento del 50% en el espacio expositivo e incorporaci\u00f3n de nuevas empresas. &nbsp; Empack apostar\u00e1 por II a\u00f1o consecutivo por darle protagonismo al dise\u00f1o [&hellip;]<\/p>\n","protected":false},"author":85,"featured_media":0,"comment_status":"open","ping_status":"open","sticky":false,"template":"elementor_header_footer","format":"standard","meta":{"_seopress_robots_primary_cat":"none","_seopress_titles_title":"Empack, Logistics &amp; Automation y Logistic &amp; Industrial Build abren el periodo de registro, consolid\u00e1ndose como encuentros clave y continuando su crecimiento a\u00f1o tras a\u00f1o","_seopress_titles_desc":"Logistics &amp; Automation incorpora como novedad este a\u00f1o experiencias inmersivas y \u00e1reas dedicadas a la inteligencia artificial y la realidad virtual...","_seopress_robots_index":"","footnotes":""},"categories":[343],"tags":[695,2381,697],"edition":[],"class_list":["post-184658","post","type-post","status-publish","format-standard","hentry","category-notas-de-prensa","tag-empack","tag-lib","tag-logistics-automation"],"_links":{"self":[{"href":"https:\/\/www.logisticsautomationmadrid.com\/es\/wp-json\/wp\/v2\/posts\/184658","targetHints":{"allow":["GET"]}}],"collection":[{"href":"https:\/\/www.logisticsautomationmadrid.com\/es\/wp-json\/wp\/v2\/posts"}],"about":[{"href":"https:\/\/www.logisticsautomationmadrid.com\/es\/wp-json\/wp\/v2\/types\/post"}],"author":[{"embeddable":true,"href":"https:\/\/www.logisticsautomationmadrid.com\/es\/wp-json\/wp\/v2\/users\/85"}],"replies":[{"embeddable":true,"href":"https:\/\/www.logisticsautomationmadrid.com\/es\/wp-json\/wp\/v2\/comments?post=184658"}],"version-history":[{"count":5,"href":"https:\/\/www.logisticsautomationmadrid.com\/es\/wp-json\/wp\/v2\/posts\/184658\/revisions"}],"predecessor-version":[{"id":184721,"href":"https:\/\/www.logisticsautomationmadrid.com\/es\/wp-json\/wp\/v2\/posts\/184658\/revisions\/184721"}],"wp:attachment":[{"href":"https:\/\/www.logisticsautomationmadrid.com\/es\/wp-json\/wp\/v2\/media?parent=184658"}],"wp:term":[{"taxonomy":"category","embeddable":true,"href":"https:\/\/www.logisticsautomationmadrid.com\/es\/wp-json\/wp\/v2\/categories?post=184658"},{"taxonomy":"post_tag","embeddable":true,"href":"https:\/\/www.logisticsautomationmadrid.com\/es\/wp-json\/wp\/v2\/tags?post=184658"},{"taxonomy":"edition","embeddable":true,"href":"https:\/\/www.logisticsautomationmadrid.com\/es\/wp-json\/wp\/v2\/edition?post=184658"}],"curies":[{"name":"wp","href":"https:\/\/api.w.org\/{rel}","templated":true}]}}