{"id":186649,"date":"2025-06-09T13:46:00","date_gmt":"2025-06-09T11:46:00","guid":{"rendered":"https:\/\/www.logisticsautomationmadrid.com\/?p=186649"},"modified":"2025-06-10T09:49:15","modified_gmt":"2025-06-10T07:49:15","slug":"logistics-automation-acogera-la-vi-edicion-de-los-premios-lideres-de-la-logistica-organizados-junto-a-uno","status":"publish","type":"post","link":"https:\/\/www.logisticsautomationmadrid.com\/es\/2025\/06\/09\/logistics-automation-acogera-la-vi-edicion-de-los-premios-lideres-de-la-logistica-organizados-junto-a-uno\/","title":{"rendered":"LOGISTICS &amp; AUTOMATION ACOGER\u00c1 LA VI EDICI\u00d3N DE LOS PREMIOS L\u00cdDERES DE LA LOG\u00cdSTICA, ORGANIZADOS JUNTO A UNO"},"content":{"rendered":"\t\t<div data-elementor-type=\"wp-post\" data-elementor-id=\"186649\" class=\"elementor elementor-186649\" data-elementor-post-type=\"post\">\n\t\t\t\t\t\t<section class=\"elementor-section elementor-top-section elementor-element elementor-element-0d9c4a1 elementor-section-stretched elementor-section-boxed elementor-section-height-default elementor-section-height-default\" data-id=\"0d9c4a1\" data-element_type=\"section\" data-settings=\"{&quot;background_background&quot;:&quot;classic&quot;,&quot;stretch_section&quot;:&quot;section-stretched&quot;}\">\n\t\t\t\t\t\t<div class=\"elementor-container elementor-column-gap-default\">\n\t\t\t\t\t<div class=\"elementor-column elementor-col-100 elementor-top-column elementor-element elementor-element-ac57cca\" data-id=\"ac57cca\" data-element_type=\"column\">\n\t\t\t<div class=\"elementor-widget-wrap elementor-element-populated\">\n\t\t\t\t\t\t<section class=\"elementor-section elementor-inner-section elementor-element elementor-element-8781f24 elementor-reverse-tablet elementor-reverse-mobile elementor-section-boxed elementor-section-height-default elementor-section-height-default\" data-id=\"8781f24\" data-element_type=\"section\" data-settings=\"{&quot;background_background&quot;:&quot;classic&quot;}\">\n\t\t\t\t\t\t<div class=\"elementor-container elementor-column-gap-wide\">\n\t\t\t\t\t<div class=\"elementor-column elementor-col-100 elementor-inner-column elementor-element elementor-element-9015fb7\" data-id=\"9015fb7\" data-element_type=\"column\" data-settings=\"{&quot;background_background&quot;:&quot;classic&quot;}\">\n\t\t\t<div class=\"elementor-widget-wrap elementor-element-populated\">\n\t\t\t\t\t\t<div class=\"elementor-element elementor-element-5d63bc9 elementor-widget elementor-widget-theme-post-title elementor-page-title elementor-widget-heading\" data-id=\"5d63bc9\" data-element_type=\"widget\" data-widget_type=\"theme-post-title.default\">\n\t\t\t\t<div class=\"elementor-widget-container\">\n\t\t\t\t\t<h1 class=\"elementor-heading-title elementor-size-default\">LOGISTICS &amp; AUTOMATION ACOGER\u00c1 LA VI EDICI\u00d3N DE LOS PREMIOS L\u00cdDERES DE LA LOG\u00cdSTICA, ORGANIZADOS JUNTO A UNO<\/h1>\t\t\t\t<\/div>\n\t\t\t\t<\/div>\n\t\t\t\t<div class=\"elementor-element elementor-element-57db44c elementor-align-left elementor-widget elementor-widget-post-info\" data-id=\"57db44c\" data-element_type=\"widget\" data-widget_type=\"post-info.default\">\n\t\t\t\t<div class=\"elementor-widget-container\">\n\t\t\t\t\t\t\t<ul class=\"elementor-inline-items elementor-icon-list-items elementor-post-info\">\n\t\t\t\t\t\t\t\t<li class=\"elementor-icon-list-item elementor-repeater-item-62990f6 elementor-inline-item\" itemprop=\"datePublished\">\n\t\t\t\t\t\t<a href=\"https:\/\/www.logisticsautomationmadrid.com\/es\/2025\/06\/09\/\">\n\t\t\t\t\t\t\t\t\t\t\t<span class=\"elementor-icon-list-icon\">\n\t\t\t\t\t\t\t\t<i aria-hidden=\"true\" class=\"fas fa-calendar\"><\/i>\t\t\t\t\t\t\t<\/span>\n\t\t\t\t\t\t\t\t\t<span class=\"elementor-icon-list-text elementor-post-info__item elementor-post-info__item--type-date\">\n\t\t\t\t\t\t\t\t\t\t<time>junio 9, 2025<\/time>\t\t\t\t\t<\/span>\n\t\t\t\t\t\t\t\t\t<\/a>\n\t\t\t\t<\/li>\n\t\t\t\t<\/ul>\n\t\t\t\t\t\t<\/div>\n\t\t\t\t<\/div>\n\t\t\t\t\t<\/div>\n\t\t<\/div>\n\t\t\t\t\t<\/div>\n\t\t<\/section>\n\t\t\t\t<section class=\"elementor-section elementor-inner-section elementor-element elementor-element-a0a9333 elementor-section-boxed elementor-section-height-default elementor-section-height-default\" data-id=\"a0a9333\" data-element_type=\"section\" data-settings=\"{&quot;background_background&quot;:&quot;classic&quot;}\">\n\t\t\t\t\t\t<div class=\"elementor-container elementor-column-gap-default\">\n\t\t\t\t\t<div class=\"elementor-column elementor-col-100 elementor-inner-column elementor-element elementor-element-d9003a5\" data-id=\"d9003a5\" data-element_type=\"column\">\n\t\t\t<div class=\"elementor-widget-wrap elementor-element-populated\">\n\t\t\t\t\t\t<div class=\"elementor-element elementor-element-b8fbe78 elementor-widget elementor-widget-text-editor\" data-id=\"b8fbe78\" data-element_type=\"widget\" data-widget_type=\"text-editor.default\">\n\t\t\t\t<div class=\"elementor-widget-container\">\n\t\t\t\t\t\t\t\t\t<ul><li><p>Las siete categor\u00edas de los premios destacan las dimensiones m\u00e1s relevantes del sector, poniendo en valor la capacidad transformadora e innovadora de la log\u00edstica, as\u00ed como su esfuerzo en sostenibilidad, emprendimiento e internacionalizaci\u00f3n, entre otras.<\/p><\/li><li><p>El plazo para presentar candidaturas estar\u00e1 abierto hasta el 25 de agosto de 2025, y el jurado estar\u00e1 compuesto por miembros de la Junta Directiva de UNO, que integra a los CEOs de las empresas m\u00e1s renombradas del sector.<\/p><\/li><li><p>Estos galardones tambi\u00e9n buscan promover el reconocimiento social, econ\u00f3mico y sectorial de la actividad log\u00edstica y del transporte en el marco de la econom\u00eda del pa\u00eds.<\/p><\/li><\/ul>\t\t\t\t\t\t\t\t<\/div>\n\t\t\t\t<\/div>\n\t\t\t\t<div class=\"elementor-element elementor-element-b8fed4e elementor-widget elementor-widget-image\" data-id=\"b8fed4e\" data-element_type=\"widget\" data-widget_type=\"image.default\">\n\t\t\t\t<div class=\"elementor-widget-container\">\n\t\t\t\t\t\t\t\t\t\t\t\t\t\t\t<img fetchpriority=\"high\" decoding=\"async\" width=\"768\" height=\"512\" src=\"https:\/\/easyfairsassets.com\/sites\/84\/2025\/06\/Logistics24-006-768x512.jpg\" class=\"attachment-medium_large size-medium_large wp-image-186655\" alt=\"Logistics24-006\" srcset=\"https:\/\/easyfairsassets.com\/sites\/84\/2025\/06\/Logistics24-006-768x512.jpg 768w, https:\/\/easyfairsassets.com\/sites\/84\/2025\/06\/Logistics24-006-300x200.jpg 300w, https:\/\/easyfairsassets.com\/sites\/84\/2025\/06\/Logistics24-006-1024x683.jpg 1024w, https:\/\/easyfairsassets.com\/sites\/84\/2025\/06\/Logistics24-006-1536x1024.jpg 1536w, https:\/\/easyfairsassets.com\/sites\/84\/2025\/06\/Logistics24-006.jpg 1920w\" sizes=\"(max-width: 768px) 100vw, 768px\" \/>\t\t\t\t\t\t\t\t\t\t\t\t\t\t\t<\/div>\n\t\t\t\t<\/div>\n\t\t\t\t<div class=\"elementor-element elementor-element-0fd250f elementor-widget elementor-widget-text-editor\" data-id=\"0fd250f\" data-element_type=\"widget\" data-widget_type=\"text-editor.default\">\n\t\t\t\t<div class=\"elementor-widget-container\">\n\t\t\t\t\t\t\t\t\t<p><strong>Madrid, 10 de junio de 2025<\/strong>. Logistics &amp; Automation, la feria l\u00edder en log\u00edstica e intralog\u00edstica organizada por Easyfairs, y UNO, la Organizaci\u00f3n Empresarial de Log\u00edstica y Transporte de Espa\u00f1a, unen fuerzas un a\u00f1o m\u00e1s para celebrar la VI Edici\u00f3n de los \u2018Premios L\u00edderes de la Log\u00edstica\u2019. Estos galardones ponen en valor a aquellos proyectos y profesionales que impulsan la transformaci\u00f3n digital, la sostenibilidad y la internacionalizaci\u00f3n de la cadena de suministro.<\/p><p>Las candidaturas pueden presentarse ya hasta el 25 de agosto de 2025 a trav\u00e9s de la web de UNO Log\u00edstica. El jurado, compuesto por la Junta Directiva de UNO, integrada por CEOs de las principales empresas del sector, ser\u00e1 el encargado de elegir a los ganadores en las diferentes categor\u00edas.<\/p><p>M\u00e1s informaci\u00f3n en <a href=\"https:\/\/unologistica.org\/evento\/premios-lideres-de-la-logistica-2025\/\">UNO Log\u00edstica<\/a><\/p><p>El acto de entrega tendr\u00e1 lugar el 15 de octubre de 12:30h a 14:30h en el pabell\u00f3n 10 de IFEMA, en el marco de la feria Logistics &amp; Automation, y contar\u00e1 nuevamente con Mercedes-Benz Espa\u00f1a como patrocinador oficial.<\/p><p>Oscar Barranco, director general de Easyfairs Iberia, destaca el papel clave del sector: \u201c<em>Los Premios UNO se han convertido en una cita clave para el sector log\u00edstico. Son mucho m\u00e1s que unos premios: son un reconocimiento de los propios operadores a las empresas que apuestan por la log\u00edstica como motor de competitividad e innovaci\u00f3n. Con estos galardones queremos dar visibilidad al talento que est\u00e1 transformando el sector y poner en valor su papel en la econom\u00eda del pa\u00eds<\/em>\u201d.<\/p><p>Por su parte, Francisco Aranda, presidente de UNO, a\u00f1ade: \u201c<em>Esta alianza estrat\u00e9gica representa un paso firme en nuestro compromiso con la promoci\u00f3n de la log\u00edstica como motor de transformaci\u00f3n y crecimiento empresarial. Logistics &amp; Automation se ha consolidado como espacio de referencia imprescindible para el sector, donde conocer de primera mano los avances, innovaciones y tendencias que est\u00e1n definiendo el presente y el futuro de nuestra actividad<\/em>\u201d.<\/p><p>Los Premios UNO constituyen, en palabras de Aranda, \u201cuna de las citas m\u00e1s esperadas del a\u00f1o por todo el ecosistema log\u00edstico, en la que reconocemos el talento, las buenas pr\u00e1cticas, la excelencia operativa y la visi\u00f3n estrat\u00e9gica de empresas y profesionales que est\u00e1n marcando el rumbo de la log\u00edstica dentro y fuera del panorama nacional\u201d.<\/p><p>\u201cVolver a organizar estos premios en el marco de la feria nos permite seguir generando valor, fomentando el intercambio de conocimiento y visibilizando el papel clave que juega la log\u00edstica en la competitividad de nuestra econom\u00eda. Estoy convencido de que esta nueva edici\u00f3n volver\u00e1 a ser un \u00e9xito rotundo\u201d, concluye.<\/p>\t\t\t\t\t\t\t\t<\/div>\n\t\t\t\t<\/div>\n\t\t\t\t<div class=\"elementor-element elementor-element-6ddee14 elementor-widget elementor-widget-image\" data-id=\"6ddee14\" data-element_type=\"widget\" data-widget_type=\"image.default\">\n\t\t\t\t<div class=\"elementor-widget-container\">\n\t\t\t\t\t\t\t\t\t\t\t\t\t\t\t<img decoding=\"async\" width=\"800\" height=\"534\" src=\"https:\/\/easyfairsassets.com\/sites\/84\/2025\/06\/27N-salas-152-1024x683.jpg\" class=\"attachment-large size-large wp-image-186661\" alt=\"\" srcset=\"https:\/\/easyfairsassets.com\/sites\/84\/2025\/06\/27N-salas-152-1024x683.jpg 1024w, https:\/\/easyfairsassets.com\/sites\/84\/2025\/06\/27N-salas-152-300x200.jpg 300w, https:\/\/easyfairsassets.com\/sites\/84\/2025\/06\/27N-salas-152-768x512.jpg 768w, https:\/\/easyfairsassets.com\/sites\/84\/2025\/06\/27N-salas-152-1536x1024.jpg 1536w, https:\/\/easyfairsassets.com\/sites\/84\/2025\/06\/27N-salas-152.jpg 1920w\" sizes=\"(max-width: 800px) 100vw, 800px\" \/>\t\t\t\t\t\t\t\t\t\t\t\t\t\t\t<\/div>\n\t\t\t\t<\/div>\n\t\t\t\t<div class=\"elementor-element elementor-element-e9df89f elementor-widget elementor-widget-text-editor\" data-id=\"e9df89f\" data-element_type=\"widget\" data-widget_type=\"text-editor.default\">\n\t\t\t\t<div class=\"elementor-widget-container\">\n\t\t\t\t\t\t\t\t\t<p><strong>Candidaturas a los Premios L\u00cdDERES de la Log\u00edstica 2025<\/strong><\/p><p>La VI edici\u00f3n de los Premios L\u00cdDERES de la Log\u00edstica constar\u00e1 de un total de siete categor\u00edas, que abarcan las principales \u00e1reas de la industria y reconocen el esfuerzo de empresas, organizaciones y profesionales log\u00edsticos en cada una de ellas:<\/p><ul><li><span style=\"text-decoration: underline;\">Mercedes-Benz Log\u00edstica Sostenible<\/span>: reconoce aquellos proyectos e iniciativas corporativas que tengan en su ADN una marcada estrategia a favor de la sostenibilidad y el cuidado medioambiental.<\/li><li><span style=\"text-decoration: underline;\">Innovaci\u00f3n y emprendimiento log\u00edstico<\/span>: valora aquellas iniciativas que est\u00e1n a la vanguardia de la innovaci\u00f3n y permiten impulsar la competitividad empresarial, liderar el cambio dentro del sector y mejorar la sociedad en su conjunto mediante la implantaci\u00f3n de soluciones innovadoras.<\/li><li><span style=\"text-decoration: underline;\">Digitalizaci\u00f3n empresarial<\/span>: se dirige a empresas cargadoras, fabricantes o distribuidoras que hayan sido capaces de optimizar su efectividad y eficiencia en log\u00edstica a trav\u00e9s de proyectos de digitalizaci\u00f3n log\u00edstica que se ajusten a las nuevas necesidades del mercado y a la cadena de suministro global.<\/li><li><span style=\"text-decoration: underline;\">Internacionalizaci\u00f3n log\u00edstica<\/span>: reconoce a las empresas con proyectos de referencia dentro del comercio exterior que, adicionalmente, permiten reactivar la econom\u00eda nacional e impulsar la Marca Espa\u00f1a.<\/li><li><span style=\"text-decoration: underline;\">Profesional Log\u00edstico del A\u00f1o<\/span>: persigue reconocer las buenas pr\u00e1cticas de aquellos profesionales del sector que, con su trayectoria, dedicaci\u00f3n y compromiso, contribuyen a impulsar la competitividad de la log\u00edstica y el transporte, a fomentar su papel como servicio esencial y a visibilizar su importancia como palanca imprescindible para el desarrollo social y el crecimiento econ\u00f3mico de nuestro pa\u00eds.<\/li><li><span style=\"text-decoration: underline;\">Comunicaci\u00f3n log\u00edstica<\/span>: valora aquellos medios generalistas o especializados que permitan la divulgaci\u00f3n de los valores que el sector de la log\u00edstica aporta a la econom\u00eda.<\/li><li><span style=\"text-decoration: underline;\">Premio Especial de la Log\u00edstica 2025<\/span>: busca reconocer aquellas compa\u00f1\u00edas, personas o instituciones que en los \u00faltimos meses hayan servido de ejemplo e inspiraci\u00f3n para el resto de actores, marcando la diferencia dentro de la sociedad, aportando soluciones reales, liderando el cambio, convirtiendo las crisis en oportunidad, e impulsando medidas que mejoren la eficiencia del sector y la competitividad de la cadena de suministro.<\/li><\/ul>\t\t\t\t\t\t\t\t<\/div>\n\t\t\t\t<\/div>\n\t\t\t\t<div class=\"elementor-element elementor-element-43b383c elementor-widget elementor-widget-text-editor\" data-id=\"43b383c\" data-element_type=\"widget\" data-widget_type=\"text-editor.default\">\n\t\t\t\t<div class=\"elementor-widget-container\">\n\t\t\t\t\t\t\t\t\t<p><strong>Sobre Easyfairs <\/strong><\/p><p>Easyfairs organiza eventos siendo puntos <strong>de encuentro para las comunidades<\/strong> que<strong> deseen visitar el futuro.<\/strong><\/p><p>Actualmente organizamos 110 eventos presenciales en 12 pa\u00edses (Argelia, B\u00e9lgica, Finlandia, Francia, Alemania, Italia, Pa\u00edses Bajos, Portugal, Espa\u00f1a, Suecia, Suiza y Reino Unido) y gestionamos ocho recintos feriales en B\u00e9lgica, Holanda y Suecia (Amberes, Gante, Malinas-Bruselas Norte, Namur, Gorinchem, Hardenberg, Malm\u00f6 y Estocolmo).<\/p><p>Nos apasiona \u00abfacilitar\u00bb la vida de nuestros clientes y aumentar el retorno de su inversi\u00f3n y de su tiempo a trav\u00e9s de nuestras f\u00f3rmulas integrales (all-in), tecnolog\u00eda avanzada y estrategia centrada en el cliente. <strong>Nuestra oferta digital<\/strong> <strong>adem\u00e1s brinda<\/strong> a estas comunidades excelentes oportunidades <strong>para establecer contactos de manera efectiva y hacer negocios durante<\/strong> todo el a\u00f1o.\u00a0<\/p><p>El Grupo Easyfairs emplea a m\u00e1s de 800 talentos altamente comprometidos, implementa las mejores herramientas de marketing y tecnolog\u00eda y desarrolla marcas con un fuerte atractivo para nuestros stakeholders.<\/p><p>Por sexto a\u00f1o consecutivo, en 2024, Deloitte otorg\u00f3 nuevamente a Easyfairs el estatus de \u201cBest Managed Company\u201d.<\/p><p>Estamos orgullosos de figurar como el 11\u00ba organizador de ferias del mundo, seg\u00fan la clasificaci\u00f3n anual realizada por STAX Consulting.<\/p><p>Visita el futuro con Easyfairs y consulta m\u00e1s informaci\u00f3n en <a href=\"http:\/\/www.easyfairsgroup.com\">www.easyfairsgroup.com<\/a><u>.<\/u><\/p>\t\t\t\t\t\t\t\t<\/div>\n\t\t\t\t<\/div>\n\t\t\t\t\t<\/div>\n\t\t<\/div>\n\t\t\t\t\t<\/div>\n\t\t<\/section>\n\t\t\t\t<section class=\"elementor-section elementor-inner-section elementor-element elementor-element-379e76a elementor-section-boxed elementor-section-height-default elementor-section-height-default\" data-id=\"379e76a\" data-element_type=\"section\" data-settings=\"{&quot;background_background&quot;:&quot;classic&quot;}\">\n\t\t\t\t\t\t<div class=\"elementor-container elementor-column-gap-wide\">\n\t\t\t\t\t<div class=\"elementor-column elementor-col-100 elementor-inner-column elementor-element elementor-element-5362b5b\" data-id=\"5362b5b\" data-element_type=\"column\" data-settings=\"{&quot;background_background&quot;:&quot;classic&quot;}\">\n\t\t\t<div class=\"elementor-widget-wrap elementor-element-populated\">\n\t\t\t\t\t\t<div class=\"elementor-element elementor-element-08e580d elementor-widget elementor-widget-heading\" data-id=\"08e580d\" data-element_type=\"widget\" data-widget_type=\"heading.default\">\n\t\t\t\t<div class=\"elementor-widget-container\">\n\t\t\t\t\t<p class=\"elementor-heading-title elementor-size-default\">Compartir<\/p>\t\t\t\t<\/div>\n\t\t\t\t<\/div>\n\t\t\t\t<div class=\"elementor-element elementor-element-707fd25 elementor-share-buttons--view-icon elementor-share-buttons--shape-circle elementor-share-buttons--color-custom elementor-share-buttons--skin-minimal elementor-grid-0 elementor-widget elementor-widget-share-buttons\" data-id=\"707fd25\" data-element_type=\"widget\" data-widget_type=\"share-buttons.default\">\n\t\t\t\t<div class=\"elementor-widget-container\">\n\t\t\t\t\t\t\t<div class=\"elementor-grid\" role=\"list\">\n\t\t\t\t\t\t\t\t<div class=\"elementor-grid-item\" role=\"listitem\">\n\t\t\t\t\t\t<div class=\"elementor-share-btn elementor-share-btn_email\" role=\"button\" tabindex=\"0\" aria-label=\"Share on email\">\n\t\t\t\t\t\t\t\t\t\t\t\t\t\t\t<span class=\"elementor-share-btn__icon\">\n\t\t\t\t\t\t\t\t<i class=\"fas fa-envelope\" aria-hidden=\"true\"><\/i>\t\t\t\t\t\t\t<\/span>\n\t\t\t\t\t\t\t\t\t\t\t\t\t\t\t\t\t\t\t\t<\/div>\n\t\t\t\t\t<\/div>\n\t\t\t\t\t\t\t\t\t<div class=\"elementor-grid-item\" role=\"listitem\">\n\t\t\t\t\t\t<div class=\"elementor-share-btn elementor-share-btn_twitter\" role=\"button\" tabindex=\"0\" aria-label=\"Share on twitter\">\n\t\t\t\t\t\t\t\t\t\t\t\t\t\t\t<span class=\"elementor-share-btn__icon\">\n\t\t\t\t\t\t\t\t<i class=\"fab fa-twitter\" aria-hidden=\"true\"><\/i>\t\t\t\t\t\t\t<\/span>\n\t\t\t\t\t\t\t\t\t\t\t\t\t\t\t\t\t\t\t\t<\/div>\n\t\t\t\t\t<\/div>\n\t\t\t\t\t\t\t\t\t<div class=\"elementor-grid-item\" role=\"listitem\">\n\t\t\t\t\t\t<div class=\"elementor-share-btn elementor-share-btn_linkedin\" role=\"button\" tabindex=\"0\" aria-label=\"Share on linkedin\">\n\t\t\t\t\t\t\t\t\t\t\t\t\t\t\t<span class=\"elementor-share-btn__icon\">\n\t\t\t\t\t\t\t\t<i class=\"fab fa-linkedin\" aria-hidden=\"true\"><\/i>\t\t\t\t\t\t\t<\/span>\n\t\t\t\t\t\t\t\t\t\t\t\t\t\t\t\t\t\t\t\t<\/div>\n\t\t\t\t\t<\/div>\n\t\t\t\t\t\t\t\t\t<div class=\"elementor-grid-item\" role=\"listitem\">\n\t\t\t\t\t\t<div class=\"elementor-share-btn elementor-share-btn_whatsapp\" role=\"button\" tabindex=\"0\" aria-label=\"Share on whatsapp\">\n\t\t\t\t\t\t\t\t\t\t\t\t\t\t\t<span class=\"elementor-share-btn__icon\">\n\t\t\t\t\t\t\t\t<i class=\"fab fa-whatsapp\" aria-hidden=\"true\"><\/i>\t\t\t\t\t\t\t<\/span>\n\t\t\t\t\t\t\t\t\t\t\t\t\t\t\t\t\t\t\t\t<\/div>\n\t\t\t\t\t<\/div>\n\t\t\t\t\t\t<\/div>\n\t\t\t\t\t\t<\/div>\n\t\t\t\t<\/div>\n\t\t\t\t\t<\/div>\n\t\t<\/div>\n\t\t\t\t\t<\/div>\n\t\t<\/section>\n\t\t\t\t\t<\/div>\n\t\t<\/div>\n\t\t\t\t\t<\/div>\n\t\t<\/section>\n\t\t\t\t<\/div>\n\t\t","protected":false},"excerpt":{"rendered":"<p>Las siete categor\u00edas de los premios destacan las dimensiones m\u00e1s relevantes del sector, poniendo en valor la capacidad transformadora e innovadora de la log\u00edstica, as\u00ed como su esfuerzo en sostenibilidad, emprendimiento e internacionalizaci\u00f3n, entre otras. El plazo para presentar candidaturas estar\u00e1 abierto hasta el 25 de agosto de 2025, y el jurado estar\u00e1 compuesto por [&hellip;]<\/p>\n","protected":false},"author":992,"featured_media":0,"comment_status":"open","ping_status":"open","sticky":false,"template":"elementor_header_footer","format":"standard","meta":{"_seopress_robots_primary_cat":"none","_seopress_titles_title":"L&amp;A ACOGER\u00c1 LA VI EDICI\u00d3N DE LOS PREMIOS L\u00cdDERES DE LA LOG\u00cdSTICA, ORGANIZADOS JUNTO A UNO","_seopress_titles_desc":"Las siete categor\u00edas de los premios destacan las dimensiones m\u00e1s relevantes del sector...","_seopress_robots_index":"","footnotes":""},"categories":[343],"tags":[697,1095,1094],"edition":[],"class_list":["post-186649","post","type-post","status-publish","format-standard","hentry","category-notas-de-prensa","tag-logistics-automation","tag-premios","tag-uno"],"_links":{"self":[{"href":"https:\/\/www.logisticsautomationmadrid.com\/es\/wp-json\/wp\/v2\/posts\/186649","targetHints":{"allow":["GET"]}}],"collection":[{"href":"https:\/\/www.logisticsautomationmadrid.com\/es\/wp-json\/wp\/v2\/posts"}],"about":[{"href":"https:\/\/www.logisticsautomationmadrid.com\/es\/wp-json\/wp\/v2\/types\/post"}],"author":[{"embeddable":true,"href":"https:\/\/www.logisticsautomationmadrid.com\/es\/wp-json\/wp\/v2\/users\/992"}],"replies":[{"embeddable":true,"href":"https:\/\/www.logisticsautomationmadrid.com\/es\/wp-json\/wp\/v2\/comments?post=186649"}],"version-history":[{"count":5,"href":"https:\/\/www.logisticsautomationmadrid.com\/es\/wp-json\/wp\/v2\/posts\/186649\/revisions"}],"predecessor-version":[{"id":186828,"href":"https:\/\/www.logisticsautomationmadrid.com\/es\/wp-json\/wp\/v2\/posts\/186649\/revisions\/186828"}],"wp:attachment":[{"href":"https:\/\/www.logisticsautomationmadrid.com\/es\/wp-json\/wp\/v2\/media?parent=186649"}],"wp:term":[{"taxonomy":"category","embeddable":true,"href":"https:\/\/www.logisticsautomationmadrid.com\/es\/wp-json\/wp\/v2\/categories?post=186649"},{"taxonomy":"post_tag","embeddable":true,"href":"https:\/\/www.logisticsautomationmadrid.com\/es\/wp-json\/wp\/v2\/tags?post=186649"},{"taxonomy":"edition","embeddable":true,"href":"https:\/\/www.logisticsautomationmadrid.com\/es\/wp-json\/wp\/v2\/edition?post=186649"}],"curies":[{"name":"wp","href":"https:\/\/api.w.org\/{rel}","templated":true}]}}