{"id":194452,"date":"2025-07-08T11:21:55","date_gmt":"2025-07-08T09:21:55","guid":{"rendered":"https:\/\/www.logisticsautomationmadrid.com\/?p=194452"},"modified":"2025-07-08T11:22:07","modified_gmt":"2025-07-08T09:22:07","slug":"mas-de-80-nuevos-expositores-actividades-inmersivas-y-la-i-edicion-del-premio-al-compromiso-esg-entre-las-principales-novedades-de-su-edicion-2025","status":"publish","type":"post","link":"https:\/\/www.logisticsautomationmadrid.com\/es\/2025\/07\/08\/mas-de-80-nuevos-expositores-actividades-inmersivas-y-la-i-edicion-del-premio-al-compromiso-esg-entre-las-principales-novedades-de-su-edicion-2025\/","title":{"rendered":"M\u00e1s de 80 nuevos expositores, actividades inmersivas y la I Edici\u00f3n del Premio al Compromiso ESG, entre las principales novedades de su edici\u00f3n 2025"},"content":{"rendered":"\t\t<div data-elementor-type=\"wp-post\" data-elementor-id=\"194452\" class=\"elementor elementor-194452\" data-elementor-post-type=\"post\">\n\t\t\t\t\t\t<section class=\"elementor-section elementor-top-section elementor-element elementor-element-0d9c4a1 elementor-section-stretched elementor-section-boxed elementor-section-height-default elementor-section-height-default\" data-id=\"0d9c4a1\" data-element_type=\"section\" data-settings=\"{&quot;background_background&quot;:&quot;classic&quot;,&quot;stretch_section&quot;:&quot;section-stretched&quot;}\">\n\t\t\t\t\t\t<div class=\"elementor-container elementor-column-gap-default\">\n\t\t\t\t\t<div class=\"elementor-column elementor-col-100 elementor-top-column elementor-element elementor-element-ac57cca\" data-id=\"ac57cca\" data-element_type=\"column\">\n\t\t\t<div class=\"elementor-widget-wrap elementor-element-populated\">\n\t\t\t\t\t\t<section class=\"elementor-section elementor-inner-section elementor-element elementor-element-8781f24 elementor-reverse-tablet elementor-reverse-mobile elementor-section-boxed elementor-section-height-default elementor-section-height-default\" data-id=\"8781f24\" data-element_type=\"section\" data-settings=\"{&quot;background_background&quot;:&quot;classic&quot;}\">\n\t\t\t\t\t\t<div class=\"elementor-container elementor-column-gap-wide\">\n\t\t\t\t\t<div class=\"elementor-column elementor-col-100 elementor-inner-column elementor-element elementor-element-9015fb7\" data-id=\"9015fb7\" data-element_type=\"column\" data-settings=\"{&quot;background_background&quot;:&quot;classic&quot;}\">\n\t\t\t<div class=\"elementor-widget-wrap elementor-element-populated\">\n\t\t\t\t\t\t<div class=\"elementor-element elementor-element-5d63bc9 elementor-widget elementor-widget-theme-post-title elementor-page-title elementor-widget-heading\" data-id=\"5d63bc9\" data-element_type=\"widget\" data-widget_type=\"theme-post-title.default\">\n\t\t\t\t<div class=\"elementor-widget-container\">\n\t\t\t\t\t<h1 class=\"elementor-heading-title elementor-size-default\">M\u00e1s de 80 nuevos expositores, actividades inmersivas y la I Edici\u00f3n del Premio al Compromiso ESG, entre las principales novedades de su edici\u00f3n 2025<\/h1>\t\t\t\t<\/div>\n\t\t\t\t<\/div>\n\t\t\t\t<div class=\"elementor-element elementor-element-57db44c elementor-align-left elementor-widget elementor-widget-post-info\" data-id=\"57db44c\" data-element_type=\"widget\" data-widget_type=\"post-info.default\">\n\t\t\t\t<div class=\"elementor-widget-container\">\n\t\t\t\t\t\t\t<ul class=\"elementor-inline-items elementor-icon-list-items elementor-post-info\">\n\t\t\t\t\t\t\t\t<li class=\"elementor-icon-list-item elementor-repeater-item-62990f6 elementor-inline-item\" itemprop=\"datePublished\">\n\t\t\t\t\t\t<a href=\"https:\/\/www.logisticsautomationmadrid.com\/es\/2025\/07\/08\/\">\n\t\t\t\t\t\t\t\t\t\t\t<span class=\"elementor-icon-list-icon\">\n\t\t\t\t\t\t\t\t<i aria-hidden=\"true\" class=\"fas fa-calendar\"><\/i>\t\t\t\t\t\t\t<\/span>\n\t\t\t\t\t\t\t\t\t<span class=\"elementor-icon-list-text elementor-post-info__item elementor-post-info__item--type-date\">\n\t\t\t\t\t\t\t\t\t\t<time>julio 8, 2025<\/time>\t\t\t\t\t<\/span>\n\t\t\t\t\t\t\t\t\t<\/a>\n\t\t\t\t<\/li>\n\t\t\t\t<\/ul>\n\t\t\t\t\t\t<\/div>\n\t\t\t\t<\/div>\n\t\t\t\t\t<\/div>\n\t\t<\/div>\n\t\t\t\t\t<\/div>\n\t\t<\/section>\n\t\t\t\t<section class=\"elementor-section elementor-inner-section elementor-element elementor-element-a0a9333 elementor-section-boxed elementor-section-height-default elementor-section-height-default\" data-id=\"a0a9333\" data-element_type=\"section\" data-settings=\"{&quot;background_background&quot;:&quot;classic&quot;}\">\n\t\t\t\t\t\t<div class=\"elementor-container elementor-column-gap-default\">\n\t\t\t\t\t<div class=\"elementor-column elementor-col-100 elementor-inner-column elementor-element elementor-element-d9003a5\" data-id=\"d9003a5\" data-element_type=\"column\">\n\t\t\t<div class=\"elementor-widget-wrap elementor-element-populated\">\n\t\t\t\t\t\t<div class=\"elementor-element elementor-element-b8fbe78 elementor-widget elementor-widget-text-editor\" data-id=\"b8fbe78\" data-element_type=\"widget\" data-widget_type=\"text-editor.default\">\n\t\t\t\t<div class=\"elementor-widget-container\">\n\t\t\t\t\t\t\t\t\t<ul><li><strong>El Best ESG Exhibitor Initiative Award premiar\u00e1 en su primera edici\u00f3n a las mejores pr\u00e1cticas en sostenibilidad, impacto social y gobernanza.<\/strong><\/li><li><strong>La incorporaci\u00f3n de zonas nuevas, como la Inmersive Logistics Area y el espacio de Inteligencia Artificial, transformar\u00e1n la experiencia del visitante.<\/strong><\/li><li><strong>La edici\u00f3n 2025 permitir\u00e1 adem\u00e1s disfrutar de una oferta expositiva m\u00e1s variada y extensa, y es que, a tres meses de la celebraci\u00f3n del evento, son m\u00e1s de 80 las nuevas empresas que han confirmado su participaci\u00f3n.<\/strong><\/li><\/ul>\t\t\t\t\t\t\t\t<\/div>\n\t\t\t\t<\/div>\n\t\t\t\t<div class=\"elementor-element elementor-element-b8fed4e elementor-widget elementor-widget-image\" data-id=\"b8fed4e\" data-element_type=\"widget\" data-widget_type=\"image.default\">\n\t\t\t\t<div class=\"elementor-widget-container\">\n\t\t\t\t\t\t\t\t\t\t\t\t\t\t\t<img fetchpriority=\"high\" decoding=\"async\" width=\"768\" height=\"512\" src=\"https:\/\/easyfairsassets.com\/sites\/84\/2025\/07\/Diseno-sin-titulo-4-768x512.png\" class=\"attachment-medium_large size-medium_large wp-image-194460\" alt=\"fotos onsite edici\u00f3n 2025 general panor\u00e1mica\" srcset=\"https:\/\/easyfairsassets.com\/sites\/84\/2025\/07\/Diseno-sin-titulo-4-768x512.png 768w, https:\/\/easyfairsassets.com\/sites\/84\/2025\/07\/Diseno-sin-titulo-4-300x200.png 300w, https:\/\/easyfairsassets.com\/sites\/84\/2025\/07\/Diseno-sin-titulo-4-1024x683.png 1024w, https:\/\/easyfairsassets.com\/sites\/84\/2025\/07\/Diseno-sin-titulo-4-1536x1024.png 1536w, https:\/\/easyfairsassets.com\/sites\/84\/2025\/07\/Diseno-sin-titulo-4.png 1920w\" sizes=\"(max-width: 768px) 100vw, 768px\" \/>\t\t\t\t\t\t\t\t\t\t\t\t\t\t\t<\/div>\n\t\t\t\t<\/div>\n\t\t\t\t<div class=\"elementor-element elementor-element-0fd250f elementor-widget elementor-widget-text-editor\" data-id=\"0fd250f\" data-element_type=\"widget\" data-widget_type=\"text-editor.default\">\n\t\t\t\t<div class=\"elementor-widget-container\">\n\t\t\t\t\t\t\t\t\t<p>Easyfairs contin\u00faa desvelando los detalles de la que ser\u00e1 una de las ediciones m\u00e1s ambiciosas de <strong>Empack, Logistics &amp; Automation y Logistic &amp; Industrial Build<\/strong>, que se celebrar\u00e1n los d\u00edas <strong>15 y 16 de octubre<\/strong> en los pabellones 8 y 10 de <strong>IFEMA Madrid<\/strong>. Tras anunciar la apertura de registro en mayo, la organizaci\u00f3n presenta ahora alguna de las principales novedades que marcar\u00e1n esta edici\u00f3n, que promete superar todas las cifras anteriores en participaci\u00f3n, innovaci\u00f3n y contenido.<\/p><p><strong>M\u00e1s de 80 nuevos expositores se suman a la cita<\/strong><\/p><p>El ecosistema ferial sigue creciendo. Este a\u00f1o, m\u00e1s de 80 nuevas empresas expositoras se incorporan a las tres ferias, consolidando su papel como punto de encuentro imprescindible para los sectores del packaging, la log\u00edstica, el transporte y la edificaci\u00f3n industrial. Entre las nuevas incorporaciones destacan nombres como Luminia Advanced Lighting, Soprema, Ankutsan Packaging, Dobot Europe, Rehrig Pacific Company, Alerce Group, Mujin Europe, Thunderbook, Wiferion \u2013 a PULS brand, Yunbit, Zikoo Robotics o Sunlight Bater\u00edas Espa\u00f1a, entre muchas otras. Esta diversidad refleja el dinamismo del sector y la apuesta de las empresas por mostrar sus \u00faltimas soluciones en un entorno profesional y altamente especializado.<\/p><p><strong>Nueva entrega de premios: Best ESG Exhibitor Initiative Award<\/strong><\/p><p>Una de las grandes novedades de esta edici\u00f3n ser\u00e1 la primera edici\u00f3n del premio \u201c<strong><em>Best ESG Exhibitor Initiative Award<\/em><\/strong>\u201d, una iniciativa impulsada por Easyfairs que busca reconocer a aquellas empresas expositoras que destacan por su compromiso con los criterios ambientales, sociales y de gobernanza (ESG). El galard\u00f3n premiar\u00e1 la mejor iniciativa de buenas pr\u00e1cticas en sostenibilidad, bienestar organizacional, innovaci\u00f3n responsable o impacto social, valorando aspectos como la alineaci\u00f3n estrat\u00e9gica, la implicaci\u00f3n de los grupos de inter\u00e9s, los resultados obtenidos y el impacto generado.<\/p><p>La ceremonia de entrega tendr\u00e1 lugar el <strong>jueves 16 de octubre a las 16:00<\/strong> en la sala de Congreso del pabell\u00f3n 8, donde los tres finalistas, uno por cada feria, presentar\u00e1n sus respectivos proyectos.<\/p><p><strong>Tecnolog\u00eda inmersiva junto a nuevas zonas tem\u00e1ticas &amp; actividades<\/strong><\/p><p>En esta edici\u00f3n, <strong>Logistics &amp; Automation<\/strong> va a reforzar su apuesta por la innovaci\u00f3n con la nueva Inmersive Logistics Area, un espacio donde los visitantes podr\u00e1n experimentar de forma inmersiva las \u00faltimas tecnolog\u00edas aplicadas a la log\u00edstica. En esta zona, Dronomy y Optynamics, presentar\u00e1 su soluci\u00f3n WareCoper: un sistema de gesti\u00f3n de inventarios basado en drones aut\u00f3nomos y gemelo digital 3D. Gracias a la integraci\u00f3n en tiempo real de los datos captados por drones con un entorno virtual desarrollado en Unity, los asistentes podr\u00e1n visualizar el estado y ubicaci\u00f3n de productos en un modelo 3D interactivo, completando la experiencia con gafas de realidad virtual.<\/p><p>Asimismo, la zona dedicada a <strong>Inteligencia Artificial<\/strong> contar\u00e1 con la participaci\u00f3n de empresas como Shiptify, Aunoa, Labware, b2wise y Deister Software, que mostrar\u00e1n c\u00f3mo la IA est\u00e1 transformando la log\u00edstica, la automatizaci\u00f3n industrial y la toma de decisiones en tiempo real.<\/p><p>Por su parte, <strong>Empack<\/strong> presentar\u00e1 un \u00e1rea completamente renovada dedicada a las soluciones en dise\u00f1o de packaging: el Distrito Dise\u00f1o, en colaboraci\u00f3n con AEBRAND. Otra de las novedades, estar\u00e1 ligada a los Live Tours, que en esta pr\u00f3xima edici\u00f3n ser\u00e1n liderados por el Packaging Cl\u00faster, incorporando el concepto de storytelling en su desarrollo y guiando exclusivamente los recorridos centrados en: Innovaciones en packaging &amp; Sostenibilidad en packaging.<\/p><p>Por \u00faltimo, los neum\u00e1ticos fuera de uso cobrar\u00e1n vida en <strong>Logistic &amp; Industrial Build<\/strong> y es que, en su apuesta por la innovaci\u00f3n sostenible y gracias a la colaboraci\u00f3n con <strong>Murarte<\/strong>, la II edici\u00f3n de la feria ser\u00e1 escaparate de esta soluci\u00f3n innovadora, circular y a la vanguardia tecnol\u00f3gica, que permite obtener altos impactos positivos en los entornos industriales; impactos m\u00e1s all\u00e1 de lo est\u00e9tico y que tienen que ver con la reducci\u00f3n del vandalismo, la reducci\u00f3n del mantenimiento y la mejora en la calidad del aire.<\/p><p><strong>Registros gratuitos<\/strong><\/p><p>\u00b7 <a href=\"http:\/\/www.empackmadrid.com\/es\/?actioncode=EVER1\">Empack<\/a><\/p><p>\u00b7 <a href=\"https:\/\/www.logisticsautomationmadrid.com\/es\/?actioncode=EVER1\">L&amp;A <\/a><\/p><p>\u00b7 <a href=\"https:\/\/www.logisticindustrialbuildmadrid.com\/?actioncode=EVER1\">LIB<\/a><\/p>\t\t\t\t\t\t\t\t<\/div>\n\t\t\t\t<\/div>\n\t\t\t\t<div class=\"elementor-element elementor-element-6ddee14 elementor-widget elementor-widget-image\" data-id=\"6ddee14\" data-element_type=\"widget\" data-widget_type=\"image.default\">\n\t\t\t\t<div class=\"elementor-widget-container\">\n\t\t\t\t\t\t\t\t\t\t\t\t\t\t\t<img decoding=\"async\" width=\"800\" height=\"534\" src=\"https:\/\/easyfairsassets.com\/sites\/84\/2025\/07\/Diseno-sin-titulo-3-1024x683.png\" class=\"attachment-large size-large wp-image-194462\" alt=\"fotos onsite edici\u00f3n 2025 conexi\u00f3n touches\" srcset=\"https:\/\/easyfairsassets.com\/sites\/84\/2025\/07\/Diseno-sin-titulo-3-1024x683.png 1024w, https:\/\/easyfairsassets.com\/sites\/84\/2025\/07\/Diseno-sin-titulo-3-300x200.png 300w, https:\/\/easyfairsassets.com\/sites\/84\/2025\/07\/Diseno-sin-titulo-3-768x512.png 768w, https:\/\/easyfairsassets.com\/sites\/84\/2025\/07\/Diseno-sin-titulo-3-1536x1024.png 1536w, https:\/\/easyfairsassets.com\/sites\/84\/2025\/07\/Diseno-sin-titulo-3.png 1920w\" sizes=\"(max-width: 800px) 100vw, 800px\" \/>\t\t\t\t\t\t\t\t\t\t\t\t\t\t\t<\/div>\n\t\t\t\t<\/div>\n\t\t\t\t<div class=\"elementor-element elementor-element-43b383c elementor-widget elementor-widget-text-editor\" data-id=\"43b383c\" data-element_type=\"widget\" data-widget_type=\"text-editor.default\">\n\t\t\t\t<div class=\"elementor-widget-container\">\n\t\t\t\t\t\t\t\t\t<p><strong>Sobre Easyfairs <\/strong><\/p><p>Easyfairs organiza eventos siendo puntos <strong>de encuentro para las comunidades<\/strong> que<strong> deseen visitar el futuro.<\/strong><\/p><p>Actualmente organizamos 110 eventos presenciales en 12 pa\u00edses (Argelia, B\u00e9lgica, Finlandia, Francia, Alemania, Italia, Pa\u00edses Bajos, Portugal, Espa\u00f1a, Suecia, Suiza y Reino Unido) y gestionamos ocho recintos feriales en B\u00e9lgica, Holanda y Suecia (Amberes, Gante, Malinas-Bruselas Norte, Namur, Gorinchem, Hardenberg, Malm\u00f6 y Estocolmo).<\/p><p>Nos apasiona \u00abfacilitar\u00bb la vida de nuestros clientes y aumentar el retorno de su inversi\u00f3n y de su tiempo a trav\u00e9s de nuestras f\u00f3rmulas integrales (all-in), tecnolog\u00eda avanzada y estrategia centrada en el cliente. <strong>Nuestra oferta digital<\/strong> <strong>adem\u00e1s brinda<\/strong> a estas comunidades excelentes oportunidades <strong>para establecer contactos de manera efectiva y hacer negocios durante<\/strong> todo el a\u00f1o.\u00a0<\/p><p>El Grupo Easyfairs emplea a m\u00e1s de 800 talentos altamente comprometidos, implementa las mejores herramientas de marketing y tecnolog\u00eda y desarrolla marcas con un fuerte atractivo para nuestros stakeholders.<\/p><p>Por sexto a\u00f1o consecutivo, en 2024, Deloitte otorg\u00f3 nuevamente a Easyfairs el estatus de \u201cBest Managed Company\u201d.<\/p><p>Estamos orgullosos de figurar como el 11\u00ba organizador de ferias del mundo, seg\u00fan la clasificaci\u00f3n anual realizada por STAX Consulting.<\/p><p>Visita el futuro con Easyfairs y consulta m\u00e1s informaci\u00f3n en <a href=\"http:\/\/www.easyfairsgroup.com\">www.easyfairsgroup.com<\/a><u>.<\/u><\/p>\t\t\t\t\t\t\t\t<\/div>\n\t\t\t\t<\/div>\n\t\t\t\t\t<\/div>\n\t\t<\/div>\n\t\t\t\t\t<\/div>\n\t\t<\/section>\n\t\t\t\t<section class=\"elementor-section elementor-inner-section elementor-element elementor-element-379e76a elementor-section-boxed elementor-section-height-default elementor-section-height-default\" data-id=\"379e76a\" data-element_type=\"section\" data-settings=\"{&quot;background_background&quot;:&quot;classic&quot;}\">\n\t\t\t\t\t\t<div class=\"elementor-container elementor-column-gap-wide\">\n\t\t\t\t\t<div class=\"elementor-column elementor-col-100 elementor-inner-column elementor-element elementor-element-5362b5b\" data-id=\"5362b5b\" data-element_type=\"column\" data-settings=\"{&quot;background_background&quot;:&quot;classic&quot;}\">\n\t\t\t<div class=\"elementor-widget-wrap elementor-element-populated\">\n\t\t\t\t\t\t<div class=\"elementor-element elementor-element-08e580d elementor-widget elementor-widget-heading\" data-id=\"08e580d\" data-element_type=\"widget\" data-widget_type=\"heading.default\">\n\t\t\t\t<div class=\"elementor-widget-container\">\n\t\t\t\t\t<p class=\"elementor-heading-title elementor-size-default\">Compartir<\/p>\t\t\t\t<\/div>\n\t\t\t\t<\/div>\n\t\t\t\t<div class=\"elementor-element elementor-element-707fd25 elementor-share-buttons--view-icon elementor-share-buttons--shape-circle elementor-share-buttons--color-custom elementor-share-buttons--skin-minimal elementor-grid-0 elementor-widget elementor-widget-share-buttons\" data-id=\"707fd25\" data-element_type=\"widget\" data-widget_type=\"share-buttons.default\">\n\t\t\t\t<div class=\"elementor-widget-container\">\n\t\t\t\t\t\t\t<div class=\"elementor-grid\" role=\"list\">\n\t\t\t\t\t\t\t\t<div class=\"elementor-grid-item\" role=\"listitem\">\n\t\t\t\t\t\t<div class=\"elementor-share-btn elementor-share-btn_email\" role=\"button\" tabindex=\"0\" aria-label=\"Share on email\">\n\t\t\t\t\t\t\t\t\t\t\t\t\t\t\t<span class=\"elementor-share-btn__icon\">\n\t\t\t\t\t\t\t\t<i class=\"fas fa-envelope\" aria-hidden=\"true\"><\/i>\t\t\t\t\t\t\t<\/span>\n\t\t\t\t\t\t\t\t\t\t\t\t\t\t\t\t\t\t\t\t<\/div>\n\t\t\t\t\t<\/div>\n\t\t\t\t\t\t\t\t\t<div class=\"elementor-grid-item\" role=\"listitem\">\n\t\t\t\t\t\t<div class=\"elementor-share-btn elementor-share-btn_twitter\" role=\"button\" tabindex=\"0\" aria-label=\"Share on twitter\">\n\t\t\t\t\t\t\t\t\t\t\t\t\t\t\t<span class=\"elementor-share-btn__icon\">\n\t\t\t\t\t\t\t\t<i class=\"fab fa-twitter\" aria-hidden=\"true\"><\/i>\t\t\t\t\t\t\t<\/span>\n\t\t\t\t\t\t\t\t\t\t\t\t\t\t\t\t\t\t\t\t<\/div>\n\t\t\t\t\t<\/div>\n\t\t\t\t\t\t\t\t\t<div class=\"elementor-grid-item\" role=\"listitem\">\n\t\t\t\t\t\t<div class=\"elementor-share-btn elementor-share-btn_linkedin\" role=\"button\" tabindex=\"0\" aria-label=\"Share on linkedin\">\n\t\t\t\t\t\t\t\t\t\t\t\t\t\t\t<span class=\"elementor-share-btn__icon\">\n\t\t\t\t\t\t\t\t<i class=\"fab fa-linkedin\" aria-hidden=\"true\"><\/i>\t\t\t\t\t\t\t<\/span>\n\t\t\t\t\t\t\t\t\t\t\t\t\t\t\t\t\t\t\t\t<\/div>\n\t\t\t\t\t<\/div>\n\t\t\t\t\t\t\t\t\t<div class=\"elementor-grid-item\" role=\"listitem\">\n\t\t\t\t\t\t<div class=\"elementor-share-btn elementor-share-btn_whatsapp\" role=\"button\" tabindex=\"0\" aria-label=\"Share on whatsapp\">\n\t\t\t\t\t\t\t\t\t\t\t\t\t\t\t<span class=\"elementor-share-btn__icon\">\n\t\t\t\t\t\t\t\t<i class=\"fab fa-whatsapp\" aria-hidden=\"true\"><\/i>\t\t\t\t\t\t\t<\/span>\n\t\t\t\t\t\t\t\t\t\t\t\t\t\t\t\t\t\t\t\t<\/div>\n\t\t\t\t\t<\/div>\n\t\t\t\t\t\t<\/div>\n\t\t\t\t\t\t<\/div>\n\t\t\t\t<\/div>\n\t\t\t\t\t<\/div>\n\t\t<\/div>\n\t\t\t\t\t<\/div>\n\t\t<\/section>\n\t\t\t\t\t<\/div>\n\t\t<\/div>\n\t\t\t\t\t<\/div>\n\t\t<\/section>\n\t\t\t\t<\/div>\n\t\t","protected":false},"excerpt":{"rendered":"<p>El Best ESG Exhibitor Initiative Award premiar\u00e1 en su primera edici\u00f3n a las mejores pr\u00e1cticas en sostenibilidad, impacto social y gobernanza. La incorporaci\u00f3n de zonas nuevas, como la Inmersive Logistics Area y el espacio de Inteligencia Artificial, transformar\u00e1n la experiencia del visitante. La edici\u00f3n 2025 permitir\u00e1 adem\u00e1s disfrutar de una oferta expositiva m\u00e1s variada y [&hellip;]<\/p>\n","protected":false},"author":1256,"featured_media":0,"comment_status":"open","ping_status":"open","sticky":false,"template":"elementor_header_footer","format":"standard","meta":{"_seopress_robots_primary_cat":"none","_seopress_titles_title":"M\u00e1s de 80 nuevos expositores, actividades inmersivas y la I Edici\u00f3n del Premio al Compromiso ESG, entre las principales novedades de su edici\u00f3n 2025","_seopress_titles_desc":"Easyfairs contin\u00faa desvelando los detalles de la que ser\u00e1 una de las ediciones m\u00e1s ambiciosas de Empack, L&a y LIB...","_seopress_robots_index":"","footnotes":""},"categories":[343],"tags":[2928,2929,2930,852,697,1224],"edition":[],"class_list":["post-194452","post","type-post","status-publish","format-standard","hentry","category-notas-de-prensa","tag-edicion-2025","tag-esg","tag-expositores","tag-ferias","tag-logistics-automation","tag-novedades"],"_links":{"self":[{"href":"https:\/\/www.logisticsautomationmadrid.com\/es\/wp-json\/wp\/v2\/posts\/194452","targetHints":{"allow":["GET"]}}],"collection":[{"href":"https:\/\/www.logisticsautomationmadrid.com\/es\/wp-json\/wp\/v2\/posts"}],"about":[{"href":"https:\/\/www.logisticsautomationmadrid.com\/es\/wp-json\/wp\/v2\/types\/post"}],"author":[{"embeddable":true,"href":"https:\/\/www.logisticsautomationmadrid.com\/es\/wp-json\/wp\/v2\/users\/1256"}],"replies":[{"embeddable":true,"href":"https:\/\/www.logisticsautomationmadrid.com\/es\/wp-json\/wp\/v2\/comments?post=194452"}],"version-history":[{"count":5,"href":"https:\/\/www.logisticsautomationmadrid.com\/es\/wp-json\/wp\/v2\/posts\/194452\/revisions"}],"predecessor-version":[{"id":194471,"href":"https:\/\/www.logisticsautomationmadrid.com\/es\/wp-json\/wp\/v2\/posts\/194452\/revisions\/194471"}],"wp:attachment":[{"href":"https:\/\/www.logisticsautomationmadrid.com\/es\/wp-json\/wp\/v2\/media?parent=194452"}],"wp:term":[{"taxonomy":"category","embeddable":true,"href":"https:\/\/www.logisticsautomationmadrid.com\/es\/wp-json\/wp\/v2\/categories?post=194452"},{"taxonomy":"post_tag","embeddable":true,"href":"https:\/\/www.logisticsautomationmadrid.com\/es\/wp-json\/wp\/v2\/tags?post=194452"},{"taxonomy":"edition","embeddable":true,"href":"https:\/\/www.logisticsautomationmadrid.com\/es\/wp-json\/wp\/v2\/edition?post=194452"}],"curies":[{"name":"wp","href":"https:\/\/api.w.org\/{rel}","templated":true}]}}