{"id":205173,"date":"2025-09-17T15:53:55","date_gmt":"2025-09-17T13:53:55","guid":{"rendered":"https:\/\/www.logisticsautomationmadrid.com\/?p=205173"},"modified":"2025-09-17T16:42:10","modified_gmt":"2025-09-17T14:42:10","slug":"empack-logistics-automation-y-lib-2025-presentan-un-congreso-lleno-de-innovacion-grandes-expertos-y-oportunidades-de-negocio","status":"publish","type":"post","link":"https:\/\/www.logisticsautomationmadrid.com\/es\/2025\/09\/17\/empack-logistics-automation-y-lib-2025-presentan-un-congreso-lleno-de-innovacion-grandes-expertos-y-oportunidades-de-negocio\/","title":{"rendered":"Empack, Logistics &#038; Automation y LIB 2025 presentan un congreso lleno de innovaci\u00f3n, grandes expertos y oportunidades de negocio"},"content":{"rendered":"\t\t<div data-elementor-type=\"wp-post\" data-elementor-id=\"205173\" class=\"elementor elementor-205173\" data-elementor-post-type=\"post\">\n\t\t\t\t\t\t<section class=\"elementor-section elementor-top-section elementor-element elementor-element-0d9c4a1 elementor-section-stretched elementor-section-boxed elementor-section-height-default elementor-section-height-default\" data-id=\"0d9c4a1\" data-element_type=\"section\" data-settings=\"{&quot;background_background&quot;:&quot;classic&quot;,&quot;stretch_section&quot;:&quot;section-stretched&quot;}\">\n\t\t\t\t\t\t<div class=\"elementor-container elementor-column-gap-default\">\n\t\t\t\t\t<div class=\"elementor-column elementor-col-100 elementor-top-column elementor-element elementor-element-ac57cca\" data-id=\"ac57cca\" data-element_type=\"column\">\n\t\t\t<div class=\"elementor-widget-wrap elementor-element-populated\">\n\t\t\t\t\t\t<section class=\"elementor-section elementor-inner-section elementor-element elementor-element-8781f24 elementor-reverse-tablet elementor-reverse-mobile elementor-section-boxed elementor-section-height-default elementor-section-height-default\" data-id=\"8781f24\" data-element_type=\"section\" data-settings=\"{&quot;background_background&quot;:&quot;classic&quot;}\">\n\t\t\t\t\t\t<div class=\"elementor-container elementor-column-gap-wide\">\n\t\t\t\t\t<div class=\"elementor-column elementor-col-100 elementor-inner-column elementor-element elementor-element-9015fb7\" data-id=\"9015fb7\" data-element_type=\"column\" data-settings=\"{&quot;background_background&quot;:&quot;classic&quot;}\">\n\t\t\t<div class=\"elementor-widget-wrap elementor-element-populated\">\n\t\t\t\t\t\t<div class=\"elementor-element elementor-element-5d63bc9 elementor-widget elementor-widget-theme-post-title elementor-page-title elementor-widget-heading\" data-id=\"5d63bc9\" data-element_type=\"widget\" data-widget_type=\"theme-post-title.default\">\n\t\t\t\t<div class=\"elementor-widget-container\">\n\t\t\t\t\t<h1 class=\"elementor-heading-title elementor-size-default\">Empack, Logistics &#038; Automation y LIB 2025 presentan un congreso lleno de innovaci\u00f3n, grandes expertos y oportunidades de negocio<\/h1>\t\t\t\t<\/div>\n\t\t\t\t<\/div>\n\t\t\t\t<div class=\"elementor-element elementor-element-57db44c elementor-align-left elementor-widget elementor-widget-post-info\" data-id=\"57db44c\" data-element_type=\"widget\" data-widget_type=\"post-info.default\">\n\t\t\t\t<div class=\"elementor-widget-container\">\n\t\t\t\t\t\t\t<ul class=\"elementor-inline-items elementor-icon-list-items elementor-post-info\">\n\t\t\t\t\t\t\t\t<li class=\"elementor-icon-list-item elementor-repeater-item-62990f6 elementor-inline-item\" itemprop=\"datePublished\">\n\t\t\t\t\t\t<a href=\"https:\/\/www.logisticsautomationmadrid.com\/es\/2025\/09\/17\/\">\n\t\t\t\t\t\t\t\t\t\t\t<span class=\"elementor-icon-list-icon\">\n\t\t\t\t\t\t\t\t<i aria-hidden=\"true\" class=\"fas fa-calendar\"><\/i>\t\t\t\t\t\t\t<\/span>\n\t\t\t\t\t\t\t\t\t<span class=\"elementor-icon-list-text elementor-post-info__item elementor-post-info__item--type-date\">\n\t\t\t\t\t\t\t\t\t\t<time>septiembre 17, 2025<\/time>\t\t\t\t\t<\/span>\n\t\t\t\t\t\t\t\t\t<\/a>\n\t\t\t\t<\/li>\n\t\t\t\t<\/ul>\n\t\t\t\t\t\t<\/div>\n\t\t\t\t<\/div>\n\t\t\t\t\t<\/div>\n\t\t<\/div>\n\t\t\t\t\t<\/div>\n\t\t<\/section>\n\t\t\t\t<section class=\"elementor-section elementor-inner-section elementor-element elementor-element-a0a9333 elementor-section-boxed elementor-section-height-default elementor-section-height-default\" data-id=\"a0a9333\" data-element_type=\"section\" data-settings=\"{&quot;background_background&quot;:&quot;classic&quot;}\">\n\t\t\t\t\t\t<div class=\"elementor-container elementor-column-gap-default\">\n\t\t\t\t\t<div class=\"elementor-column elementor-col-100 elementor-inner-column elementor-element elementor-element-d9003a5\" data-id=\"d9003a5\" data-element_type=\"column\">\n\t\t\t<div class=\"elementor-widget-wrap elementor-element-populated\">\n\t\t\t\t\t\t<div class=\"elementor-element elementor-element-b8fbe78 elementor-widget elementor-widget-text-editor\" data-id=\"b8fbe78\" data-element_type=\"widget\" data-widget_type=\"text-editor.default\">\n\t\t\t\t<div class=\"elementor-widget-container\">\n\t\t\t\t\t\t\t\t\t<ul><li><p><strong>Los pabellones 8 y 10 de IFEMA acoger\u00e1n estos eventos profesionales, organizados por Easyfairs, los pr\u00f3ximos 15 y 16 de octubre<\/strong><\/p><\/li><li><p><strong>SAP, Telef\u00f3nica, Metro Madrid, Aena, Bimbo, Cinfa, La F\u00e1brica Nacional de Moneda y Timbre y Foreo ser\u00e1n algunos de las 200 empresas ponentes que liderar\u00e1n un programa de conferencias que abordar\u00e1 temas clave como la IA, la sostenibilidad y la automatizaci\u00f3n, incluyendo talleres pr\u00e1cticos<\/strong><\/p><\/li><li><p><strong>Tendr\u00e1n lugar la entrega de galardones como los Premios L\u00edderes de la Log\u00edstica, The Best ESG Initiative Award y los Premios Truck Friendly Movement<\/strong><\/p><\/li><\/ul>\t\t\t\t\t\t\t\t<\/div>\n\t\t\t\t<\/div>\n\t\t\t\t<div class=\"elementor-element elementor-element-b8fed4e elementor-widget elementor-widget-image\" data-id=\"b8fed4e\" data-element_type=\"widget\" data-widget_type=\"image.default\">\n\t\t\t\t<div class=\"elementor-widget-container\">\n\t\t\t\t\t\t\t\t\t\t\t\t\t\t\t<img fetchpriority=\"high\" decoding=\"async\" width=\"768\" height=\"512\" src=\"https:\/\/easyfairsassets.com\/sites\/84\/2025\/07\/27N-salas-162-768x512.jpg\" class=\"attachment-medium_large size-medium_large wp-image-196884\" alt=\"27N-salas-162\" srcset=\"https:\/\/easyfairsassets.com\/sites\/84\/2025\/07\/27N-salas-162-768x512.jpg 768w, https:\/\/easyfairsassets.com\/sites\/84\/2025\/07\/27N-salas-162-300x200.jpg 300w, https:\/\/easyfairsassets.com\/sites\/84\/2025\/07\/27N-salas-162-1024x683.jpg 1024w, https:\/\/easyfairsassets.com\/sites\/84\/2025\/07\/27N-salas-162-1536x1024.jpg 1536w, https:\/\/easyfairsassets.com\/sites\/84\/2025\/07\/27N-salas-162.jpg 1920w\" sizes=\"(max-width: 768px) 100vw, 768px\" \/>\t\t\t\t\t\t\t\t\t\t\t\t\t\t\t<\/div>\n\t\t\t\t<\/div>\n\t\t\t\t<div class=\"elementor-element elementor-element-0fd250f elementor-widget elementor-widget-text-editor\" data-id=\"0fd250f\" data-element_type=\"widget\" data-widget_type=\"text-editor.default\">\n\t\t\t\t<div class=\"elementor-widget-container\">\n\t\t\t\t\t\t\t\t\t<p><strong>Madrid, 17 de septiembre de 2025.\u00a0<\/strong>Madrid se prepara para acoger los d\u00edas 15 y 16 de octubre la cita conjunta que reunir\u00e1 a tres de los eventos m\u00e1s influyentes en la log\u00edstica, transporte, packaging y la inmolog\u00edstica: Empack Madrid, Logistics &amp; Automation Madrid y Logistics &amp; Industrial Build. Bajo el paraguas de Easyfairs, las tres ferias llenar\u00e1n los\u00a0<strong>pabellones 8 y 10 de IFEMA<\/strong> para ofrecer a los profesionales de la industria una experiencia \u00fanica que impulse sus objetivos de negocio.<\/p><p>Durante las dos jornadas, los asistentes de Logistics &amp; Automation tendr\u00e1n acceso a un extenso planning repartido en cuatro salas especializadas: la Sala Transport &amp; Delivery, la Sala del Foro Tecnol\u00f3gico, la Sala Supply Chain y la Sala Logistics Lab. Asimismo, Empack se dirigir\u00e1 al sector del packaging y el dise\u00f1o con sus dos espacios, la Sala Empack y la Sala Pentawards. Por su parte, Logistic &amp; Industrial Build contar\u00e1 con un escenario propio que concentrar\u00e1 grandes ponencias sobre los retos en la construcci\u00f3n de infraestructuras log\u00edsticas e industriales.<\/p><p>\u201cEn esta nueva edici\u00f3n de las ferias, los asistentes se sumergir\u00e1n de lleno en un universo de 24.000 m2 de innovaci\u00f3n tecnol\u00f3gica, sostenibilidad y tendencias de futuro, que ver\u00e1n reforzadas por un gran programa de conferencias y ponencias de expertos. Este 2025, <strong>nuestros 7 escenarios<\/strong> reunir\u00e1n a m\u00e1s de 200 ponentes expertos en packaging, log\u00edstica, transporte y edificaci\u00f3n log\u00edstica e industrial que abordar\u00e1n los grandes temas de actualidad de cada sector\u201d, explica Oscar Barranco, director general de Easyfairs Iberia.<\/p><p><strong>Logistics &amp; Automation: digitalizaci\u00f3n, transporte seguro y distribuci\u00f3n<\/strong><\/p><p>Logistics &amp; Automation refuerza en 2025 su papel como espacio clave para analizar c\u00f3mo la digitalizaci\u00f3n, la automatizaci\u00f3n y la innovaci\u00f3n tecnol\u00f3gica est\u00e1n transformando la cadena de valor. La <strong>Sala Supply Chain<\/strong> patrocinada por Vanderlande acoger\u00e1 el acto de apertura oficial de la feria, enmarcada dentro de la Jornada UNO, partner estrat\u00e9gico, as\u00ed como la entrega de los Premios L\u00edderes de la Log\u00edstica 2025, que reconocen a los grandes proyectos que impulsan el futuro del sector, y tendr\u00e1 lugar una mesa redonda protagonizada por las grandes figuras influyentes del sector. Por \u00faltimo, se presentar\u00e1n tambi\u00e9n proyectos que marcan la diferencia, como la iniciativa de Fundaci\u00f3n Juan XXIII para un e-commerce inclusivo o la ponencia de SAP sobre una cadena de suministro inteligente.<\/p><p>El segundo d\u00eda estar\u00e1 protagonizado por la Jornada impartida por el Centro Espa\u00f1ol de Log\u00edstica (CEL) que pondr\u00e1 el foco en el ferrocarril de mercanc\u00edas, las autopistas ferroviarias y los retos del e-commerce. Telef\u00f3nica, por su parte, profundizar\u00e1 en el valor de la digitalizaci\u00f3n log\u00edstica, mientras que B2wise plantear\u00e1 una charla sobre la transici\u00f3n de modelos cost-driven a flow-driven.<\/p><p>La <strong>Sala Transport &amp; Delivery<\/strong> patrocinada por Moldstock ser\u00e1 el primer d\u00eda el lugar de encuentro para los miembros de ACE Cargadores, que como cada a\u00f1o organiza diversas ponencias en congreso donde debatir\u00e1n sobre la intermodalidad, la distribuci\u00f3n urbana de mercanc\u00edas, el transporte a\u00e9reo y el de carretera, as\u00ed como un taller con MELYT, la Asociaci\u00f3n de Mujeres en Log\u00edstica y transporte. El segundo d\u00eda esta sala acoger\u00e1 el debate sobre la log\u00edstica urbana con la mesa organizada por Logistop, centrada en la \u00faltima milla refrigerada como reto para el reparto de alimentos y medicamentos en ciudades sostenibles. Adem\u00e1s, ser\u00e1 el escenario de la jornada de Transprime Spanish Council, que examinar\u00e1 la doble dimensi\u00f3n de la seguridad en el transporte operacional y frente a amenazas externas. A ello se sumar\u00e1 la participaci\u00f3n de Moldstock, que subrayar\u00e1 el papel estrat\u00e9gico de los operadores 3PL en la log\u00edstica global.<\/p><p>La <strong>Sala del Foro Tecnol\u00f3gico<\/strong> organizada por el partner Global Lean, aportar\u00e1 una visi\u00f3n pr\u00e1ctica con ponencias sobre rob\u00f3tica, mejora continua, seguridad, liderazgo y el impacto de la geopol\u00edtica en las cadenas de suministro, como las lideradas por Moving Robots, ABB, Electrolux, Neovia, Mecalux, Swisslog, Exotec entre otros.<\/p><p>Todo ello se complementar\u00e1 con las sesiones de la <strong>Sala Logistics Lab<\/strong>, patrocinada por GXO y una tarde dedicada a la Inteligencia Artificial con empresas como Orange, Bimbo y Kaira, adem\u00e1s de los talleres de ICIL LABs, que aportar\u00e1n formaci\u00f3n enfocada en la digitalizaci\u00f3n para la gesti\u00f3n de la operativa en tiempo real y las jornadas sobre talento el segundo d\u00eda, de la mano de Foro de Log\u00edstica.<\/p>\t\t\t\t\t\t\t\t<\/div>\n\t\t\t\t<\/div>\n\t\t\t\t<div class=\"elementor-element elementor-element-6ddee14 elementor-widget elementor-widget-image\" data-id=\"6ddee14\" data-element_type=\"widget\" data-widget_type=\"image.default\">\n\t\t\t\t<div class=\"elementor-widget-container\">\n\t\t\t\t\t\t\t\t\t\t\t\t\t\t\t<img decoding=\"async\" width=\"800\" height=\"534\" src=\"https:\/\/easyfairsassets.com\/sites\/84\/2025\/09\/27N-salas-514-1024x683.jpg\" class=\"attachment-large size-large wp-image-205177\" alt=\"\" srcset=\"https:\/\/easyfairsassets.com\/sites\/84\/2025\/09\/27N-salas-514-1024x683.jpg 1024w, https:\/\/easyfairsassets.com\/sites\/84\/2025\/09\/27N-salas-514-300x200.jpg 300w, https:\/\/easyfairsassets.com\/sites\/84\/2025\/09\/27N-salas-514-768x512.jpg 768w, https:\/\/easyfairsassets.com\/sites\/84\/2025\/09\/27N-salas-514-1536x1024.jpg 1536w, https:\/\/easyfairsassets.com\/sites\/84\/2025\/09\/27N-salas-514.jpg 1920w\" sizes=\"(max-width: 800px) 100vw, 800px\" \/>\t\t\t\t\t\t\t\t\t\t\t\t\t\t\t<\/div>\n\t\t\t\t<\/div>\n\t\t\t\t<div class=\"elementor-element elementor-element-43b383c elementor-widget elementor-widget-text-editor\" data-id=\"43b383c\" data-element_type=\"widget\" data-widget_type=\"text-editor.default\">\n\t\t\t\t<div class=\"elementor-widget-container\">\n\t\t\t\t\t\t\t\t\t<p><strong>Empack: circularidad, inclusi\u00f3n y anticipaci\u00f3n de tendencias<\/strong><\/p><p>En el caso de Empack 2025, el congreso se presenta como un escaparate imprescindible para entender c\u00f3mo evoluciona el envase en un contexto marcado por la sostenibilidad y la innovaci\u00f3n. La Sala Empack contar\u00e1 con la inspiradora keynote de Gema Requena, titulada \u201c<strong>Radar de futuro: c\u00f3mo leer el mundo para anticipar tu pr\u00f3ximo \u00e9xito<\/strong>\u201d, un discurso dise\u00f1ado para inspirar a la industria en la detecci\u00f3n de oportunidades.<\/p><p>A todo ello se sumar\u00e1n contenidos como la ponencia liderada por Implica, sobre el papel de los SCRAPS para el cumplimiento normativo y la reutilizaci\u00f3n de envases, as\u00ed como sesiones sobre etiquetado, SmartPackaging y dise\u00f1o, organizadas por Aebrand, AIFEC y el Cluster de Innovaci\u00f3n en Envase y Embalaje. Entre las grandes novedades figura la primera entrega de los Premios The Best ESG Initiative Award, que reconocer\u00e1n el esfuerzo de las empresas en materia de sostenibilidad.<\/p><p>El programa de la\u00a0<strong>Sala Pentawards<\/strong>\u00a0abordar\u00e1 la circularidad en la industria de la belleza con la sesi\u00f3n \u201cBelleza circular\u201d, impulsada por Stanpa, y abrir\u00e1 tambi\u00e9n el debate sobre la inclusi\u00f3n en el packaging de la mano del Beauty Cluster, Manantial Integra, FOREO y Alglass. Adem\u00e1s, la feria acoger\u00e1 una nueva\u00a0<strong>INFLUsession<\/strong>\u00a0protagonizada por Leire Borrachero, dise\u00f1adora y creadora de Sentia Estudio, que aportar\u00e1 una visi\u00f3n diferente sobre las \u00faltimas tendencias en branding y dise\u00f1o, a trav\u00e9s de un caso de \u00e9xito real.<\/p><p><strong>LIB: sostenibilidad y visi\u00f3n estrat\u00e9gica de las infraestructuras log\u00edsticas<\/strong><\/p><p>El engranaje se completa en Logistics &amp; Industrial Build (LIB), que pone el acento en los espacios y estructuras que hacen posible todo el proceso. Su congreso desplegar\u00e1 un programa ambicioso que arrancar\u00e1 con el patrocinador de Sala, Prosistemas, y la presentaci\u00f3n de su\u00a0proyecto de pavimento tecnol\u00f3gico avanzado. Se dar\u00e1 paso entonces a sendas mesas de debate organizadas por Chancerygate, Panattoni o Svam, entre otros y a tem\u00e1ticas tan candentes como por ejemplo las oportunidades y dificultades reales del potencial solar de las naves log\u00edsticas, tema que abordar\u00e1n en mesa redonda Newdock, Stef, Prosolia y DHL.<\/p><p>La programaci\u00f3n pondr\u00e1 adem\u00e1s el foco en dos temas de profundo inter\u00e9s para el sector. El primero ser\u00e1 la sostenibilidad y estar\u00e1 liderado por mujeres de la industria. Moderadas por Log\u00edstica Profesional, Valfondo, Molins, Murarte y la asociaci\u00f3n Woman Action Sustainability (WAS) aportar\u00e1n para ello su visi\u00f3n sobre c\u00f3mo integrar criterios ambientales en el dise\u00f1o y operaci\u00f3n de plataformas, sobre el impacto de las certificaciones verdes, la innovaci\u00f3n en materiales y algunas nuevas soluciones existentes que renaturalizan la log\u00edstica hasta el punto de poder convertir infraestructuras grises en pulmones verdes. La segunda tem\u00e1tica har\u00e1 m\u00e1s referencia al talento a trav\u00e9s de la mesa redonda \u201cnuevo valor del metro cuadrado: bienestar, prop\u00f3sito y fidelizaci\u00f3n\u201d. En ella, con la colaboraci\u00f3n especial de Alejandra Nu\u00f1o, soci\u00f3loga y LinkedIn Top Voice, Robert Walters, IFMA, DHL, ACSOS y EIGO se reflexionar\u00e1 sobre c\u00f3mo los espacios de trabajo no solo operan, sino que pueden promover el bienestar y compromiso de los empleados.<\/p><p>El programa se completar\u00e1 con una visi\u00f3n 365 donde, comercializador, promotor, operador log\u00edstico y cargador se re\u00fanen para debatir y compartir sus inquietudes sobre las necesidades y desaf\u00edos que existen en el mercado inmolog\u00edstico en el contexto actual. La mesa, organizada por ACE Cargadores contar\u00e1 con la participaci\u00f3n de Prologis, Arag\u00f3n Plataforma Log\u00edstica, FM Logistic Iberia, Galletas Gull\u00f3n y Cadena de Suministro.<\/p><p>Tanto el listado de expositores como el avance del programa de congreso y el registro gratuito para profesionales est\u00e1n disponibles en las webs de Empack, Logistic &amp; Automation y Logistic &amp; Industrial Build.<\/p>\t\t\t\t\t\t\t\t<\/div>\n\t\t\t\t<\/div>\n\t\t\t\t<div class=\"elementor-element elementor-element-aeec571 elementor-widget elementor-widget-image\" data-id=\"aeec571\" data-element_type=\"widget\" data-widget_type=\"image.default\">\n\t\t\t\t<div class=\"elementor-widget-container\">\n\t\t\t\t\t\t\t\t\t\t\t\t\t\t\t<img decoding=\"async\" width=\"768\" height=\"512\" src=\"https:\/\/easyfairsassets.com\/sites\/84\/2025\/09\/27N-salas-038-768x512.jpg\" class=\"attachment-medium_large size-medium_large wp-image-205179\" alt=\"\" srcset=\"https:\/\/easyfairsassets.com\/sites\/84\/2025\/09\/27N-salas-038-768x512.jpg 768w, https:\/\/easyfairsassets.com\/sites\/84\/2025\/09\/27N-salas-038-300x200.jpg 300w, https:\/\/easyfairsassets.com\/sites\/84\/2025\/09\/27N-salas-038-1024x683.jpg 1024w, https:\/\/easyfairsassets.com\/sites\/84\/2025\/09\/27N-salas-038-1536x1024.jpg 1536w, https:\/\/easyfairsassets.com\/sites\/84\/2025\/09\/27N-salas-038.jpg 1920w\" sizes=\"(max-width: 768px) 100vw, 768px\" \/>\t\t\t\t\t\t\t\t\t\t\t\t\t\t\t<\/div>\n\t\t\t\t<\/div>\n\t\t\t\t<div class=\"elementor-element elementor-element-5b94645 elementor-widget elementor-widget-text-editor\" data-id=\"5b94645\" data-element_type=\"widget\" data-widget_type=\"text-editor.default\">\n\t\t\t\t<div class=\"elementor-widget-container\">\n\t\t\t\t\t\t\t\t\t<p><strong>Sobre Easyfairs <\/strong><\/p><p>Easyfairs organiza eventos siendo puntos <strong>de encuentro para las comunidades<\/strong> que<strong> deseen visitar el futuro.<\/strong><\/p><p>Actualmente organizamos 110 eventos presenciales en 12 pa\u00edses (Argelia, B\u00e9lgica, Finlandia, Francia, Alemania, Italia, Pa\u00edses Bajos, Portugal, Espa\u00f1a, Suecia, Suiza y Reino Unido) y gestionamos ocho recintos feriales en B\u00e9lgica, Holanda y Suecia (Amberes, Gante, Malinas-Bruselas Norte, Namur, Gorinchem, Hardenberg, Malm\u00f6 y Estocolmo).<\/p><p>Nos apasiona \u00abfacilitar\u00bb la vida de nuestros clientes y aumentar el retorno de su inversi\u00f3n y de su tiempo a trav\u00e9s de nuestras f\u00f3rmulas integrales (all-in), tecnolog\u00eda avanzada y estrategia centrada en el cliente. <strong>Nuestra oferta digital<\/strong> <strong>adem\u00e1s brinda<\/strong> a estas comunidades excelentes oportunidades <strong>para establecer contactos de manera efectiva y hacer negocios durante<\/strong> todo el a\u00f1o.\u00a0<\/p><p>El Grupo Easyfairs emplea a m\u00e1s de 800 talentos altamente comprometidos, implementa las mejores herramientas de marketing y tecnolog\u00eda y desarrolla marcas con un fuerte atractivo para nuestros stakeholders.<\/p><p>Por sexto a\u00f1o consecutivo, en 2024, Deloitte otorg\u00f3 nuevamente a Easyfairs el estatus de \u201cBest Managed Company\u201d.<\/p><p>Estamos orgullosos de figurar como el 11\u00ba organizador de ferias del mundo, seg\u00fan la clasificaci\u00f3n anual realizada por STAX Consulting.<\/p><p>Visita el futuro con Easyfairs y consulta m\u00e1s informaci\u00f3n en <a href=\"http:\/\/www.easyfairsgroup.com\">www.easyfairsgroup.com<\/a><u>.<\/u><\/p>\t\t\t\t\t\t\t\t<\/div>\n\t\t\t\t<\/div>\n\t\t\t\t\t<\/div>\n\t\t<\/div>\n\t\t\t\t\t<\/div>\n\t\t<\/section>\n\t\t\t\t<section class=\"elementor-section elementor-inner-section elementor-element elementor-element-379e76a elementor-section-boxed elementor-section-height-default elementor-section-height-default\" data-id=\"379e76a\" data-element_type=\"section\" data-settings=\"{&quot;background_background&quot;:&quot;classic&quot;}\">\n\t\t\t\t\t\t<div class=\"elementor-container elementor-column-gap-wide\">\n\t\t\t\t\t<div class=\"elementor-column elementor-col-100 elementor-inner-column elementor-element elementor-element-5362b5b\" data-id=\"5362b5b\" data-element_type=\"column\" data-settings=\"{&quot;background_background&quot;:&quot;classic&quot;}\">\n\t\t\t<div class=\"elementor-widget-wrap elementor-element-populated\">\n\t\t\t\t\t\t<div class=\"elementor-element elementor-element-08e580d elementor-widget elementor-widget-heading\" data-id=\"08e580d\" data-element_type=\"widget\" data-widget_type=\"heading.default\">\n\t\t\t\t<div class=\"elementor-widget-container\">\n\t\t\t\t\t<p class=\"elementor-heading-title elementor-size-default\">Compartir<\/p>\t\t\t\t<\/div>\n\t\t\t\t<\/div>\n\t\t\t\t<div class=\"elementor-element elementor-element-707fd25 elementor-share-buttons--view-icon elementor-share-buttons--shape-circle elementor-share-buttons--color-custom elementor-share-buttons--skin-minimal elementor-grid-0 elementor-widget elementor-widget-share-buttons\" data-id=\"707fd25\" data-element_type=\"widget\" data-widget_type=\"share-buttons.default\">\n\t\t\t\t<div class=\"elementor-widget-container\">\n\t\t\t\t\t\t\t<div class=\"elementor-grid\" role=\"list\">\n\t\t\t\t\t\t\t\t<div class=\"elementor-grid-item\" role=\"listitem\">\n\t\t\t\t\t\t<div class=\"elementor-share-btn elementor-share-btn_email\" role=\"button\" tabindex=\"0\" aria-label=\"Share on email\">\n\t\t\t\t\t\t\t\t\t\t\t\t\t\t\t<span class=\"elementor-share-btn__icon\">\n\t\t\t\t\t\t\t\t<i class=\"fas fa-envelope\" aria-hidden=\"true\"><\/i>\t\t\t\t\t\t\t<\/span>\n\t\t\t\t\t\t\t\t\t\t\t\t\t\t\t\t\t\t\t\t<\/div>\n\t\t\t\t\t<\/div>\n\t\t\t\t\t\t\t\t\t<div class=\"elementor-grid-item\" role=\"listitem\">\n\t\t\t\t\t\t<div class=\"elementor-share-btn elementor-share-btn_twitter\" role=\"button\" tabindex=\"0\" aria-label=\"Share on twitter\">\n\t\t\t\t\t\t\t\t\t\t\t\t\t\t\t<span class=\"elementor-share-btn__icon\">\n\t\t\t\t\t\t\t\t<i class=\"fab fa-twitter\" aria-hidden=\"true\"><\/i>\t\t\t\t\t\t\t<\/span>\n\t\t\t\t\t\t\t\t\t\t\t\t\t\t\t\t\t\t\t\t<\/div>\n\t\t\t\t\t<\/div>\n\t\t\t\t\t\t\t\t\t<div class=\"elementor-grid-item\" role=\"listitem\">\n\t\t\t\t\t\t<div class=\"elementor-share-btn elementor-share-btn_linkedin\" role=\"button\" tabindex=\"0\" aria-label=\"Share on linkedin\">\n\t\t\t\t\t\t\t\t\t\t\t\t\t\t\t<span class=\"elementor-share-btn__icon\">\n\t\t\t\t\t\t\t\t<i class=\"fab fa-linkedin\" aria-hidden=\"true\"><\/i>\t\t\t\t\t\t\t<\/span>\n\t\t\t\t\t\t\t\t\t\t\t\t\t\t\t\t\t\t\t\t<\/div>\n\t\t\t\t\t<\/div>\n\t\t\t\t\t\t\t\t\t<div class=\"elementor-grid-item\" role=\"listitem\">\n\t\t\t\t\t\t<div class=\"elementor-share-btn elementor-share-btn_whatsapp\" role=\"button\" tabindex=\"0\" aria-label=\"Share on whatsapp\">\n\t\t\t\t\t\t\t\t\t\t\t\t\t\t\t<span class=\"elementor-share-btn__icon\">\n\t\t\t\t\t\t\t\t<i class=\"fab fa-whatsapp\" aria-hidden=\"true\"><\/i>\t\t\t\t\t\t\t<\/span>\n\t\t\t\t\t\t\t\t\t\t\t\t\t\t\t\t\t\t\t\t<\/div>\n\t\t\t\t\t<\/div>\n\t\t\t\t\t\t<\/div>\n\t\t\t\t\t\t<\/div>\n\t\t\t\t<\/div>\n\t\t\t\t\t<\/div>\n\t\t<\/div>\n\t\t\t\t\t<\/div>\n\t\t<\/section>\n\t\t\t\t\t<\/div>\n\t\t<\/div>\n\t\t\t\t\t<\/div>\n\t\t<\/section>\n\t\t\t\t<\/div>\n\t\t","protected":false},"excerpt":{"rendered":"<p>Los pabellones 8 y 10 de IFEMA acoger\u00e1n estos eventos profesionales, organizados por Easyfairs, los pr\u00f3ximos 15 y 16 de octubre SAP, Telef\u00f3nica, Metro Madrid, Aena, Bimbo, Cinfa, La F\u00e1brica Nacional de Moneda y Timbre y Foreo ser\u00e1n algunos de las 200 empresas ponentes que liderar\u00e1n un programa de conferencias que abordar\u00e1 temas clave como [&hellip;]<\/p>\n","protected":false},"author":992,"featured_media":0,"comment_status":"open","ping_status":"open","sticky":false,"template":"elementor_header_footer","format":"standard","meta":{"_seopress_robots_primary_cat":"none","_seopress_titles_title":"Empack, Logistics & Automation y LIB 2025 presentan un congreso lleno de innovaci\u00f3n, grandes expertos y oportunidades de negocio","_seopress_titles_desc":"Madrid se prepara para acoger los d\u00edas 15 y 16 de octubre la cita conjunta que reunir\u00e1 a tres de los eventos m\u00e1s influyentes...","_seopress_robots_index":"","footnotes":""},"categories":[343],"tags":[1004,2928,2929,852,697,2961,2962],"edition":[],"class_list":["post-205173","post","type-post","status-publish","format-standard","hentry","category-notas-de-prensa","tag-congreso","tag-edicion-2025","tag-esg","tag-ferias","tag-logistics-automation","tag-marcas","tag-ponentes"],"_links":{"self":[{"href":"https:\/\/www.logisticsautomationmadrid.com\/es\/wp-json\/wp\/v2\/posts\/205173","targetHints":{"allow":["GET"]}}],"collection":[{"href":"https:\/\/www.logisticsautomationmadrid.com\/es\/wp-json\/wp\/v2\/posts"}],"about":[{"href":"https:\/\/www.logisticsautomationmadrid.com\/es\/wp-json\/wp\/v2\/types\/post"}],"author":[{"embeddable":true,"href":"https:\/\/www.logisticsautomationmadrid.com\/es\/wp-json\/wp\/v2\/users\/992"}],"replies":[{"embeddable":true,"href":"https:\/\/www.logisticsautomationmadrid.com\/es\/wp-json\/wp\/v2\/comments?post=205173"}],"version-history":[{"count":5,"href":"https:\/\/www.logisticsautomationmadrid.com\/es\/wp-json\/wp\/v2\/posts\/205173\/revisions"}],"predecessor-version":[{"id":205192,"href":"https:\/\/www.logisticsautomationmadrid.com\/es\/wp-json\/wp\/v2\/posts\/205173\/revisions\/205192"}],"wp:attachment":[{"href":"https:\/\/www.logisticsautomationmadrid.com\/es\/wp-json\/wp\/v2\/media?parent=205173"}],"wp:term":[{"taxonomy":"category","embeddable":true,"href":"https:\/\/www.logisticsautomationmadrid.com\/es\/wp-json\/wp\/v2\/categories?post=205173"},{"taxonomy":"post_tag","embeddable":true,"href":"https:\/\/www.logisticsautomationmadrid.com\/es\/wp-json\/wp\/v2\/tags?post=205173"},{"taxonomy":"edition","embeddable":true,"href":"https:\/\/www.logisticsautomationmadrid.com\/es\/wp-json\/wp\/v2\/edition?post=205173"}],"curies":[{"name":"wp","href":"https:\/\/api.w.org\/{rel}","templated":true}]}}