{"id":206301,"date":"2025-10-20T12:51:18","date_gmt":"2025-10-20T10:51:18","guid":{"rendered":"https:\/\/www.logisticsautomationmadrid.com\/?p=206301"},"modified":"2025-11-03T10:58:07","modified_gmt":"2025-11-03T09:58:07","slug":"empack-logistics-automation-y-logistics-industrial-build-reciben-a-12-200-visitantes-unicos-en-una-edicion-de-record","status":"publish","type":"post","link":"https:\/\/www.logisticsautomationmadrid.com\/es\/2025\/10\/20\/empack-logistics-automation-y-logistics-industrial-build-reciben-a-12-200-visitantes-unicos-en-una-edicion-de-record\/","title":{"rendered":"Empack, Logistics &amp; Automation y Logistic &amp; Industrial Build reciben a 12.200 visitantes \u00fanicos en una edici\u00f3n de r\u00e9cord"},"content":{"rendered":"\t\t<div data-elementor-type=\"wp-post\" data-elementor-id=\"206301\" class=\"elementor elementor-206301\" data-elementor-post-type=\"post\">\n\t\t\t\t\t\t<section class=\"elementor-section elementor-top-section elementor-element elementor-element-0d9c4a1 elementor-section-stretched elementor-section-boxed elementor-section-height-default elementor-section-height-default\" data-id=\"0d9c4a1\" data-element_type=\"section\" data-settings=\"{&quot;background_background&quot;:&quot;classic&quot;,&quot;stretch_section&quot;:&quot;section-stretched&quot;}\">\n\t\t\t\t\t\t<div class=\"elementor-container elementor-column-gap-default\">\n\t\t\t\t\t<div class=\"elementor-column elementor-col-100 elementor-top-column elementor-element elementor-element-ac57cca\" data-id=\"ac57cca\" data-element_type=\"column\">\n\t\t\t<div class=\"elementor-widget-wrap elementor-element-populated\">\n\t\t\t\t\t\t<section class=\"elementor-section elementor-inner-section elementor-element elementor-element-8781f24 elementor-reverse-tablet elementor-reverse-mobile elementor-section-boxed elementor-section-height-default elementor-section-height-default\" data-id=\"8781f24\" data-element_type=\"section\" data-settings=\"{&quot;background_background&quot;:&quot;classic&quot;}\">\n\t\t\t\t\t\t<div class=\"elementor-container elementor-column-gap-wide\">\n\t\t\t\t\t<div class=\"elementor-column elementor-col-100 elementor-inner-column elementor-element elementor-element-9015fb7\" data-id=\"9015fb7\" data-element_type=\"column\" data-settings=\"{&quot;background_background&quot;:&quot;classic&quot;}\">\n\t\t\t<div class=\"elementor-widget-wrap elementor-element-populated\">\n\t\t\t\t\t\t<div class=\"elementor-element elementor-element-5d63bc9 elementor-widget elementor-widget-theme-post-title elementor-page-title elementor-widget-heading\" data-id=\"5d63bc9\" data-element_type=\"widget\" data-widget_type=\"theme-post-title.default\">\n\t\t\t\t<div class=\"elementor-widget-container\">\n\t\t\t\t\t<h1 class=\"elementor-heading-title elementor-size-default\">Empack, Logistics &amp; Automation y Logistic &amp; Industrial Build reciben a 12.200 visitantes \u00fanicos en una edici\u00f3n de r\u00e9cord<\/h1>\t\t\t\t<\/div>\n\t\t\t\t<\/div>\n\t\t\t\t<div class=\"elementor-element elementor-element-57db44c elementor-align-left elementor-widget elementor-widget-post-info\" data-id=\"57db44c\" data-element_type=\"widget\" data-widget_type=\"post-info.default\">\n\t\t\t\t<div class=\"elementor-widget-container\">\n\t\t\t\t\t\t\t<ul class=\"elementor-inline-items elementor-icon-list-items elementor-post-info\">\n\t\t\t\t\t\t\t\t<li class=\"elementor-icon-list-item elementor-repeater-item-62990f6 elementor-inline-item\" itemprop=\"datePublished\">\n\t\t\t\t\t\t<a href=\"https:\/\/www.logisticsautomationmadrid.com\/es\/2025\/10\/20\/\">\n\t\t\t\t\t\t\t\t\t\t\t<span class=\"elementor-icon-list-icon\">\n\t\t\t\t\t\t\t\t<i aria-hidden=\"true\" class=\"fas fa-calendar\"><\/i>\t\t\t\t\t\t\t<\/span>\n\t\t\t\t\t\t\t\t\t<span class=\"elementor-icon-list-text elementor-post-info__item elementor-post-info__item--type-date\">\n\t\t\t\t\t\t\t\t\t\t<time>octubre 20, 2025<\/time>\t\t\t\t\t<\/span>\n\t\t\t\t\t\t\t\t\t<\/a>\n\t\t\t\t<\/li>\n\t\t\t\t<\/ul>\n\t\t\t\t\t\t<\/div>\n\t\t\t\t<\/div>\n\t\t\t\t\t<\/div>\n\t\t<\/div>\n\t\t\t\t\t<\/div>\n\t\t<\/section>\n\t\t\t\t<section class=\"elementor-section elementor-inner-section elementor-element elementor-element-a0a9333 elementor-section-boxed elementor-section-height-default elementor-section-height-default\" data-id=\"a0a9333\" data-element_type=\"section\" data-settings=\"{&quot;background_background&quot;:&quot;classic&quot;}\">\n\t\t\t\t\t\t<div class=\"elementor-container elementor-column-gap-default\">\n\t\t\t\t\t<div class=\"elementor-column elementor-col-100 elementor-inner-column elementor-element elementor-element-d9003a5\" data-id=\"d9003a5\" data-element_type=\"column\">\n\t\t\t<div class=\"elementor-widget-wrap elementor-element-populated\">\n\t\t\t\t\t\t<div class=\"elementor-element elementor-element-b8fbe78 elementor-widget elementor-widget-text-editor\" data-id=\"b8fbe78\" data-element_type=\"widget\" data-widget_type=\"text-editor.default\">\n\t\t\t\t<div class=\"elementor-widget-container\">\n\t\t\t\t\t\t\t\t\t<ul><li><strong>Las tres ferias, celebradas en IFEMA, han terminado con \u00e9xito su edici\u00f3n 2025 con cifras de r\u00e9cord, con la participaci\u00f3n de 426 empresas expositoras, la asistencia de +12.200 visitantes \u00fanicos y la realizaci\u00f3n de +46.000 interacciones comerciales en solo dos d\u00edas.<\/strong><\/li><li><strong>M\u00e1s de 200 ponentes y +60 horas de contenido han llenado los escenarios de sus salones con conferencias que han puesto el foco en la digitalizaci\u00f3n, la sostenibilidad, la automatizaci\u00f3n y el talento como motores de cambio en la industria.<\/strong><\/li><li><strong>La pr\u00f3xima edici\u00f3n de las ferias regresar\u00e1 el 11 y 12 de noviembre de 2026 a IFEMA Madrid, constituyendo la cita de referencia para el sector del packaging, la log\u00edstica y la edificaci\u00f3n industrial.<\/strong><\/li><\/ul>\t\t\t\t\t\t\t\t<\/div>\n\t\t\t\t<\/div>\n\t\t\t\t<div class=\"elementor-element elementor-element-b8fed4e elementor-widget elementor-widget-image\" data-id=\"b8fed4e\" data-element_type=\"widget\" data-widget_type=\"image.default\">\n\t\t\t\t<div class=\"elementor-widget-container\">\n\t\t\t\t\t\t\t\t\t\t\t\t\t\t\t<img fetchpriority=\"high\" decoding=\"async\" width=\"768\" height=\"449\" src=\"https:\/\/easyfairsassets.com\/sites\/84\/2025\/10\/LA-15-768x449.jpeg\" class=\"attachment-medium_large size-medium_large wp-image-206307\" alt=\"\" srcset=\"https:\/\/easyfairsassets.com\/sites\/84\/2025\/10\/LA-15-768x449.jpeg 768w, https:\/\/easyfairsassets.com\/sites\/84\/2025\/10\/LA-15-300x175.jpeg 300w, https:\/\/easyfairsassets.com\/sites\/84\/2025\/10\/LA-15-1024x598.jpeg 1024w, https:\/\/easyfairsassets.com\/sites\/84\/2025\/10\/LA-15-1536x898.jpeg 1536w, https:\/\/easyfairsassets.com\/sites\/84\/2025\/10\/LA-15.jpeg 1920w\" sizes=\"(max-width: 768px) 100vw, 768px\" \/>\t\t\t\t\t\t\t\t\t\t\t\t\t\t\t<\/div>\n\t\t\t\t<\/div>\n\t\t\t\t<div class=\"elementor-element elementor-element-0fd250f elementor-widget elementor-widget-text-editor\" data-id=\"0fd250f\" data-element_type=\"widget\" data-widget_type=\"text-editor.default\">\n\t\t\t\t<div class=\"elementor-widget-container\">\n\t\t\t\t\t\t\t\t\t<p>Madrid, 20 de octubre de 2025. Las ferias Empack Madrid, Logistics &amp; Automation Madrid y Logistics &amp; Industrial Build (LIB) han clausurado, con cifras r\u00e9cord, una nueva edici\u00f3n marcada por la innovaci\u00f3n, el conocimiento y las oportunidades de negocio. Los eventos, organizados por Easyfairs, reunieron a +12.200 visitantes profesionales y 426 empresas expositoras nacionales e internacionales, superando las cifras de 2024 en un 4% y remarcando la tendencia ascendente de participaci\u00f3n y relevancia como la gran cita para las industrias de la log\u00edstica, el packaging y la inmolog\u00edstica espa\u00f1ola.<\/p><p>Durante los d\u00edas 15 y 16 de octubre, IFEMA Madrid se ha transformado en un gran hub tecnol\u00f3gico de 24.000 m\u00b2, donde se han presentado las soluciones m\u00e1s avanzadas de cada sector. \u201cCada a\u00f1o buscamos mejorar, y la edici\u00f3n de 2025 es una muestra de ello. Y no solo por los r\u00e9cords de asistencia, sino tambi\u00e9n por las buenas cr\u00edticas y testimonios de expositores y visitantes que han sido parte de esta experiencia. Nuestro objetivo es ser su punto de encuentro para que impulsen sus negocios, establezcan conexiones de valor y sobre todo se empapen de todos los grandes avances de su sector\u201d, ha afirmado Oscar Barranco, director general de Easyfairs Iberia.<\/p><p>Empack: sostenibilidad, dise\u00f1o e innovaci\u00f3n que anticipan el futuro del packaging<\/p><p>Empack Madrid celebr\u00f3 su 17\u00aa edici\u00f3n con un crecimiento notable en expositores y visitantes, reuniendo a m\u00e1s de 180 empresas que presentaron materiales sostenibles, envases inteligentes y soluciones para la automatizaci\u00f3n de l\u00edneas de producci\u00f3n.<\/p><p>En sus dos escenarios principales \u2014la Sala Empack y la Sala Pentawards\u2014 el evento acogi\u00f3 un completo programa de charlas y mesas redondas centradas en la innovaci\u00f3n, la sostenibilidad y las nuevas tendencias del packaging; as\u00ed como la primera entrega de los Premios \u201cBest ESG Initiative Award\u201d, que reconocieron proyectos sobresalientes en sostenibilidad y gesti\u00f3n ambiental, y que contaron con tres finalistas destacados: Pulsar Properties, Aunoa y<\/p><p>Ecoventis. Finalmente, Pulsar Properties se alz\u00f3 con el galard\u00f3n, consolidando su liderazgo en el impulso de iniciativas responsables dentro del sector.<\/p><p>Durante las dos jornadas, se abordaron temas clave de la industria con la participaci\u00f3n de expertos de Foreo, Clarel, Ecovidrio, Philip Morris y Vicky Foods, junto a la colaboraci\u00f3n de partners estrat\u00e9gicos como ITENE, Packnet, Beauty Cluster y Newspackaging, entre otros.<\/p><p>La Keynote Speaker Gema Requena, Experta en Research &amp; Strategy y Forbes Spain Top 40 Futurist, abri\u00f3 a los asistentes las puertas hacia las nuevas tendencias del presente y fututo del consumo, que ya dirigen el d\u00eda a d\u00eda de las marcas. \u201cEn el packaging, como en cualquier sector, uno de los desaf\u00edos m\u00e1s relevantes es el de conectar con las narrativas y fortalecer las marcas con un prop\u00f3sito. El objetivo, por tanto, pasa por convertir el envase en una interfaz que integre sociedad, consumo y futuro, de forma que podamos contar con una suerte de radar que nos permita anticiparnos a las tendencias, conectar con los valores sociales emergentes, construir un prop\u00f3sito y, sobre todo, innovar\u201d, ha explicado Gema Requena.<\/p><p>Logistics &amp; Automation: inteligencia artificial y digitalizaci\u00f3n eficaz<\/p><p>Con m\u00e1s de 210 empresas participantes, la 15\u00aa edici\u00f3n de Logistics &amp; Automation Madrid ha reafirmado su posici\u00f3n como el epicentro de la innovaci\u00f3n log\u00edstica en Espa\u00f1a. En sus cuatro salas tem\u00e1ticas \u2014Transport &amp; Delivery, Foro Tecnol\u00f3gico, Supply Chain y Logistics Lab\u2014 se han abordado los grandes desaf\u00edos de la cadena de suministro, desde la automatizaci\u00f3n y la rob\u00f3tica hasta la movilidad sostenible o el talento digital.<\/p><p>Entre los actos destacados de esta edici\u00f3n, la Inauguraci\u00f3n oficial fue presidida por autoridades como Jos\u00e9 Antonio Santano, secretario de Estado de Transportes y Movilidad Sostenible y Jos\u00e9 Mar\u00eda Garc\u00eda, viceconsejero de Vivienda, Transportes e Infraestructuras de la Comunidad de Madrid, que reafirmaron el compromiso de la administraci\u00f3n y las empresas con el crecimiento y desarrollo del sector log\u00edstico nacional.<\/p><p>\u201cQuiero agradecer a Easyfairs, organizadora de esta feria, que a\u00f1o tras a\u00f1o crece a un ritmo de m\u00e1s de dos d\u00edgitos en n\u00famero de expositores, visitantes y congresistas. Esto es un reflejo de la importancia del trabajo conjunto del sector para desarrollar el crecimiento econ\u00f3mico nacional y garantizar la calidad de vida de los ciudadanos\u201d, ha resaltado el viceconsejero de Vivienda, Transportes e Infraestructuras de la Comunidad de Madrid.<\/p><p>Por su parte, Jos\u00e9 Antonio Santano subray\u00f3 los avances del sector en materia de digitalizaci\u00f3n y sostenibilidad, que est\u00e1n impulsando la competitividad y transformaci\u00f3n de las empresas: \u201cTenemos una hoja de ruta clara y creemos que Espa\u00f1a puede jugar un papel esencial a la hora de liderar el cambio que se est\u00e1 produciendo en el sector de la log\u00edstica y el transporte\u201d.<\/p><p>La feria tambi\u00e9n fue el escenario de la entrega de los reconocidos Premios L\u00edderes de la Log\u00edstica 2025, organizados por UNO Log\u00edstica, que reconocieron el desempe\u00f1o de empresas como Alcampo, Freixenet, The Fini Company, Puerto de Indias y Cruz Roja, entre otras.<\/p><p>Adem\u00e1s, en su segunda jornada, el evento cont\u00f3 con la presencia de autoridades como Sara Hern\u00e1ndez, secretaria general de Movilidad Sostenible del Ministerio de Transportes y Movilidad que abord\u00f3 los retos y oportunidades del sector log\u00edstico espa\u00f1ol. \u201cAvanzamos con un objetivo claro, conformar cadenas de suministro m\u00e1s competitivas y resilientes. El futuro de nuestra cadena no se entiende sin una plena conexi\u00f3n con Europa. Por ello, trabajamos en reforzar nuestras conexiones transfronterizas, asegurando que Espa\u00f1a sea una pieza clave en la red transeuropea y en los tr\u00e1ficos internacionales\u201d, ha asegurado Sara Hern\u00e1ndez.<\/p><p>Logistics &amp; Industrial Build 2025: la sostenibilidad llega a la edificaci\u00f3n log\u00edstica<\/p><p>La segunda edici\u00f3n de Logistics &amp; Industrial Build (LIB) consolid\u00f3 su papel como el \u00fanico evento en Espa\u00f1a dedicado exclusivamente a la edificaci\u00f3n log\u00edstica e industrial. Con m\u00e1s de 50 empresas expositoras, LIB congreg\u00f3 a los principales promotores, ingenier\u00edas, constructoras, empresas de materiales y operadores inmolog\u00edsticos del pa\u00eds.<\/p><p>El evento cont\u00f3 por primera vez con la participaci\u00f3n institucional de la Comunidad de Madrid, a trav\u00e9s de Planifica Madrid, Invest in Madrid y la Agencia Log\u00edstica, reforzando la apuesta regional por el desarrollo industrial sostenible. \u201cPara nosotros la feria ha sido un \u00e9xito. Hemos mostrado nuestros desarrollos log\u00edsticos y hemos encontrado much\u00edsimo inter\u00e9s por ellos, llegando a un p\u00fablico al que no habr\u00edamos llegado de otras formas. Hemos podido mostrar el trabajo que hace la Comunidad de Madrid para generar riqueza y atraer inversi\u00f3n\u201d, afirma Carlos Marcel, director t\u00e9cnico de Planifica Madrid.<\/p><p>\u201cYa estamos preparando la pr\u00f3xima edici\u00f3n de Empack, Logistics &amp; Automation y Logistic &amp; Industrial Build, que tendr\u00e1 lugar los d\u00edas 11 y 12 de noviembre de 2026 en los pabellones 2, 4 y 6 de IFEMA. La feria no deja de crecer y los expositores no dejan de sumarse a ella. Ya tenemos el 69% de la superficie reservada. Ser\u00e1 una oportunidad \u00fanica para seguir impulsando la innovaci\u00f3n, la sostenibilidad y la competitividad en la industria\u201d, se\u00f1al\u00f3 Oscar Barranco, director general de Easyfairs Iberia.<\/p>\t\t\t\t\t\t\t\t<\/div>\n\t\t\t\t<\/div>\n\t\t\t\t<div class=\"elementor-element elementor-element-aeec571 elementor-widget elementor-widget-image\" data-id=\"aeec571\" data-element_type=\"widget\" data-widget_type=\"image.default\">\n\t\t\t\t<div class=\"elementor-widget-container\">\n\t\t\t\t\t\t\t\t\t\t\t\t\t\t\t<img decoding=\"async\" width=\"768\" height=\"555\" src=\"https:\/\/easyfairsassets.com\/sites\/84\/2025\/10\/EL-02-003-768x555.jpg\" class=\"attachment-medium_large size-medium_large wp-image-206304\" alt=\"E&amp;L-02-003-2025\" srcset=\"https:\/\/easyfairsassets.com\/sites\/84\/2025\/10\/EL-02-003-768x555.jpg 768w, https:\/\/easyfairsassets.com\/sites\/84\/2025\/10\/EL-02-003-300x217.jpg 300w, https:\/\/easyfairsassets.com\/sites\/84\/2025\/10\/EL-02-003-1024x740.jpg 1024w, https:\/\/easyfairsassets.com\/sites\/84\/2025\/10\/EL-02-003-1536x1110.jpg 1536w, https:\/\/easyfairsassets.com\/sites\/84\/2025\/10\/EL-02-003.jpg 1920w\" sizes=\"(max-width: 768px) 100vw, 768px\" \/>\t\t\t\t\t\t\t\t\t\t\t\t\t\t\t<\/div>\n\t\t\t\t<\/div>\n\t\t\t\t<div class=\"elementor-element elementor-element-5b94645 elementor-widget elementor-widget-text-editor\" data-id=\"5b94645\" data-element_type=\"widget\" data-widget_type=\"text-editor.default\">\n\t\t\t\t<div class=\"elementor-widget-container\">\n\t\t\t\t\t\t\t\t\t<p><strong>Sobre Easyfairs <\/strong><\/p><p>Easyfairs organiza eventos siendo puntos de encuentro para las comunidades que deseen visitar el futuro.<\/p><p>Actualmente organizamos 110 eventos presenciales en 16 pa\u00edses (Alemania, Argelia, Austria, B\u00e9lgica, Dinamarca, Espa\u00f1a, Estados Unidos, Finlandia, Francia, Italia, Noruega, Pa\u00edses Bajos, Portugal, Reino Unido, Suecia y Suiza) y gestionamos ocho recintos feriales en B\u00e9lgica, Holanda y Suecia (Amberes, Gante, Malinas-Bruselas Norte, Namur, Gorinchem, Hardenberg, Malm\u00f6 y Estocolmo).<\/p><p>Nos apasiona \u00abfacilitar\u00bb la vida de nuestros clientes y aumentar el retorno de su inversi\u00f3n y de su tiempo a trav\u00e9s de nuestras f\u00f3rmulas integrales (all-in), tecnolog\u00eda avanzada y estrategia centrada en el cliente. Nuestra oferta digital adem\u00e1s brinda a estas comunidades excelentes oportunidades para establecer contactos de manera efectiva y hacer negocios durante todo el a\u00f1o.<\/p><p>El Grupo Easyfairs emplea a 870 talentos altamente comprometidos, implementa las mejores herramientas de marketing y tecnolog\u00eda y desarrolla marcas con un fuerte atractivo para nuestros stakeholders.<\/p><p>Por s\u00e9ptimo a\u00f1o consecutivo, en 2025, Deloitte otorg\u00f3 nuevamente a Easyfairs el estatus de \u201cBest Managed Company\u201d.<\/p><p>Visita el futuro con Easyfairs y consulta m\u00e1s informaci\u00f3n en www.easyfairsgroup.com.<\/p>\t\t\t\t\t\t\t\t<\/div>\n\t\t\t\t<\/div>\n\t\t\t\t\t<\/div>\n\t\t<\/div>\n\t\t\t\t\t<\/div>\n\t\t<\/section>\n\t\t\t\t<section class=\"elementor-section elementor-inner-section elementor-element elementor-element-379e76a elementor-section-boxed elementor-section-height-default elementor-section-height-default\" data-id=\"379e76a\" data-element_type=\"section\" data-settings=\"{&quot;background_background&quot;:&quot;classic&quot;}\">\n\t\t\t\t\t\t<div class=\"elementor-container elementor-column-gap-wide\">\n\t\t\t\t\t<div class=\"elementor-column elementor-col-100 elementor-inner-column elementor-element elementor-element-5362b5b\" data-id=\"5362b5b\" data-element_type=\"column\" data-settings=\"{&quot;background_background&quot;:&quot;classic&quot;}\">\n\t\t\t<div class=\"elementor-widget-wrap elementor-element-populated\">\n\t\t\t\t\t\t<div class=\"elementor-element elementor-element-08e580d elementor-widget elementor-widget-heading\" data-id=\"08e580d\" data-element_type=\"widget\" data-widget_type=\"heading.default\">\n\t\t\t\t<div class=\"elementor-widget-container\">\n\t\t\t\t\t<p class=\"elementor-heading-title elementor-size-default\">Compartir<\/p>\t\t\t\t<\/div>\n\t\t\t\t<\/div>\n\t\t\t\t<div class=\"elementor-element elementor-element-707fd25 elementor-share-buttons--view-icon elementor-share-buttons--shape-circle elementor-share-buttons--color-custom elementor-share-buttons--skin-minimal elementor-grid-0 elementor-widget elementor-widget-share-buttons\" data-id=\"707fd25\" data-element_type=\"widget\" data-widget_type=\"share-buttons.default\">\n\t\t\t\t<div class=\"elementor-widget-container\">\n\t\t\t\t\t\t\t<div class=\"elementor-grid\" role=\"list\">\n\t\t\t\t\t\t\t\t<div class=\"elementor-grid-item\" role=\"listitem\">\n\t\t\t\t\t\t<div class=\"elementor-share-btn elementor-share-btn_email\" role=\"button\" tabindex=\"0\" aria-label=\"Share on email\">\n\t\t\t\t\t\t\t\t\t\t\t\t\t\t\t<span class=\"elementor-share-btn__icon\">\n\t\t\t\t\t\t\t\t<i class=\"fas fa-envelope\" aria-hidden=\"true\"><\/i>\t\t\t\t\t\t\t<\/span>\n\t\t\t\t\t\t\t\t\t\t\t\t\t\t\t\t\t\t\t\t<\/div>\n\t\t\t\t\t<\/div>\n\t\t\t\t\t\t\t\t\t<div class=\"elementor-grid-item\" role=\"listitem\">\n\t\t\t\t\t\t<div class=\"elementor-share-btn elementor-share-btn_twitter\" role=\"button\" tabindex=\"0\" aria-label=\"Share on twitter\">\n\t\t\t\t\t\t\t\t\t\t\t\t\t\t\t<span class=\"elementor-share-btn__icon\">\n\t\t\t\t\t\t\t\t<i class=\"fab fa-twitter\" aria-hidden=\"true\"><\/i>\t\t\t\t\t\t\t<\/span>\n\t\t\t\t\t\t\t\t\t\t\t\t\t\t\t\t\t\t\t\t<\/div>\n\t\t\t\t\t<\/div>\n\t\t\t\t\t\t\t\t\t<div class=\"elementor-grid-item\" role=\"listitem\">\n\t\t\t\t\t\t<div class=\"elementor-share-btn elementor-share-btn_linkedin\" role=\"button\" tabindex=\"0\" aria-label=\"Share on linkedin\">\n\t\t\t\t\t\t\t\t\t\t\t\t\t\t\t<span class=\"elementor-share-btn__icon\">\n\t\t\t\t\t\t\t\t<i class=\"fab fa-linkedin\" aria-hidden=\"true\"><\/i>\t\t\t\t\t\t\t<\/span>\n\t\t\t\t\t\t\t\t\t\t\t\t\t\t\t\t\t\t\t\t<\/div>\n\t\t\t\t\t<\/div>\n\t\t\t\t\t\t\t\t\t<div class=\"elementor-grid-item\" role=\"listitem\">\n\t\t\t\t\t\t<div class=\"elementor-share-btn elementor-share-btn_whatsapp\" role=\"button\" tabindex=\"0\" aria-label=\"Share on whatsapp\">\n\t\t\t\t\t\t\t\t\t\t\t\t\t\t\t<span class=\"elementor-share-btn__icon\">\n\t\t\t\t\t\t\t\t<i class=\"fab fa-whatsapp\" aria-hidden=\"true\"><\/i>\t\t\t\t\t\t\t<\/span>\n\t\t\t\t\t\t\t\t\t\t\t\t\t\t\t\t\t\t\t\t<\/div>\n\t\t\t\t\t<\/div>\n\t\t\t\t\t\t<\/div>\n\t\t\t\t\t\t<\/div>\n\t\t\t\t<\/div>\n\t\t\t\t\t<\/div>\n\t\t<\/div>\n\t\t\t\t\t<\/div>\n\t\t<\/section>\n\t\t\t\t\t<\/div>\n\t\t<\/div>\n\t\t\t\t\t<\/div>\n\t\t<\/section>\n\t\t\t\t<\/div>\n\t\t","protected":false},"excerpt":{"rendered":"<p>Las tres ferias, celebradas en IFEMA, han terminado con \u00e9xito su edici\u00f3n 2025 con cifras de r\u00e9cord, con la participaci\u00f3n de 426 empresas expositoras, la asistencia de +12.200 visitantes \u00fanicos y la realizaci\u00f3n de +46.000 interacciones comerciales en solo dos d\u00edas. M\u00e1s de 200 ponentes y +60 horas de contenido han llenado los escenarios de [&hellip;]<\/p>\n","protected":false},"author":135,"featured_media":0,"comment_status":"open","ping_status":"open","sticky":false,"template":"elementor_header_footer","format":"standard","meta":{"_seopress_robots_primary_cat":"none","_seopress_titles_title":"Empack, Logistics & Automation y Logistic & Industrial Build reciben a 12.200 visitantes \u00fanicos en una edici\u00f3n de r\u00e9cord","_seopress_titles_desc":"","_seopress_robots_index":"","footnotes":""},"categories":[343],"tags":[2928,2929,852,697,2961,2962],"edition":[],"class_list":["post-206301","post","type-post","status-publish","format-standard","hentry","category-notas-de-prensa","tag-edicion-2025","tag-esg","tag-ferias","tag-logistics-automation","tag-marcas","tag-ponentes"],"_links":{"self":[{"href":"https:\/\/www.logisticsautomationmadrid.com\/es\/wp-json\/wp\/v2\/posts\/206301","targetHints":{"allow":["GET"]}}],"collection":[{"href":"https:\/\/www.logisticsautomationmadrid.com\/es\/wp-json\/wp\/v2\/posts"}],"about":[{"href":"https:\/\/www.logisticsautomationmadrid.com\/es\/wp-json\/wp\/v2\/types\/post"}],"author":[{"embeddable":true,"href":"https:\/\/www.logisticsautomationmadrid.com\/es\/wp-json\/wp\/v2\/users\/135"}],"replies":[{"embeddable":true,"href":"https:\/\/www.logisticsautomationmadrid.com\/es\/wp-json\/wp\/v2\/comments?post=206301"}],"version-history":[{"count":5,"href":"https:\/\/www.logisticsautomationmadrid.com\/es\/wp-json\/wp\/v2\/posts\/206301\/revisions"}],"predecessor-version":[{"id":208143,"href":"https:\/\/www.logisticsautomationmadrid.com\/es\/wp-json\/wp\/v2\/posts\/206301\/revisions\/208143"}],"wp:attachment":[{"href":"https:\/\/www.logisticsautomationmadrid.com\/es\/wp-json\/wp\/v2\/media?parent=206301"}],"wp:term":[{"taxonomy":"category","embeddable":true,"href":"https:\/\/www.logisticsautomationmadrid.com\/es\/wp-json\/wp\/v2\/categories?post=206301"},{"taxonomy":"post_tag","embeddable":true,"href":"https:\/\/www.logisticsautomationmadrid.com\/es\/wp-json\/wp\/v2\/tags?post=206301"},{"taxonomy":"edition","embeddable":true,"href":"https:\/\/www.logisticsautomationmadrid.com\/es\/wp-json\/wp\/v2\/edition?post=206301"}],"curies":[{"name":"wp","href":"https:\/\/api.w.org\/{rel}","templated":true}]}}