{"id":206557,"date":"2025-10-22T14:11:48","date_gmt":"2025-10-22T12:11:48","guid":{"rendered":"https:\/\/www.logisticsautomationmadrid.com\/?p=206557"},"modified":"2025-10-22T14:15:52","modified_gmt":"2025-10-22T12:15:52","slug":"el-concurso-de-carretilleros-y-marcas-corona-a-su-tricampeon","status":"publish","type":"post","link":"https:\/\/www.logisticsautomationmadrid.com\/es\/2025\/10\/22\/el-concurso-de-carretilleros-y-marcas-corona-a-su-tricampeon\/","title":{"rendered":"El Concurso de Carretilleros y Marcas corona a su tricampe\u00f3n"},"content":{"rendered":"\t\t<div data-elementor-type=\"wp-post\" data-elementor-id=\"206557\" class=\"elementor elementor-206557\" data-elementor-post-type=\"post\">\n\t\t\t\t\t\t<section class=\"elementor-section elementor-top-section elementor-element elementor-element-0d9c4a1 elementor-section-stretched elementor-section-boxed elementor-section-height-default elementor-section-height-default\" data-id=\"0d9c4a1\" data-element_type=\"section\" data-settings=\"{&quot;background_background&quot;:&quot;classic&quot;,&quot;stretch_section&quot;:&quot;section-stretched&quot;}\">\n\t\t\t\t\t\t<div class=\"elementor-container elementor-column-gap-default\">\n\t\t\t\t\t<div class=\"elementor-column elementor-col-100 elementor-top-column elementor-element elementor-element-ac57cca\" data-id=\"ac57cca\" data-element_type=\"column\">\n\t\t\t<div class=\"elementor-widget-wrap elementor-element-populated\">\n\t\t\t\t\t\t<section class=\"elementor-section elementor-inner-section elementor-element elementor-element-8781f24 elementor-reverse-tablet elementor-reverse-mobile elementor-section-boxed elementor-section-height-default elementor-section-height-default\" data-id=\"8781f24\" data-element_type=\"section\" data-settings=\"{&quot;background_background&quot;:&quot;classic&quot;}\">\n\t\t\t\t\t\t<div class=\"elementor-container elementor-column-gap-wide\">\n\t\t\t\t\t<div class=\"elementor-column elementor-col-100 elementor-inner-column elementor-element elementor-element-9015fb7\" data-id=\"9015fb7\" data-element_type=\"column\" data-settings=\"{&quot;background_background&quot;:&quot;classic&quot;}\">\n\t\t\t<div class=\"elementor-widget-wrap elementor-element-populated\">\n\t\t\t\t\t\t<div class=\"elementor-element elementor-element-5d63bc9 elementor-widget elementor-widget-theme-post-title elementor-page-title elementor-widget-heading\" data-id=\"5d63bc9\" data-element_type=\"widget\" data-widget_type=\"theme-post-title.default\">\n\t\t\t\t<div class=\"elementor-widget-container\">\n\t\t\t\t\t<h1 class=\"elementor-heading-title elementor-size-default\">El Concurso de Carretilleros y Marcas corona a su tricampe\u00f3n<\/h1>\t\t\t\t<\/div>\n\t\t\t\t<\/div>\n\t\t\t\t<div class=\"elementor-element elementor-element-57db44c elementor-align-left elementor-widget elementor-widget-post-info\" data-id=\"57db44c\" data-element_type=\"widget\" data-widget_type=\"post-info.default\">\n\t\t\t\t<div class=\"elementor-widget-container\">\n\t\t\t\t\t\t\t<ul class=\"elementor-inline-items elementor-icon-list-items elementor-post-info\">\n\t\t\t\t\t\t\t\t<li class=\"elementor-icon-list-item elementor-repeater-item-62990f6 elementor-inline-item\" itemprop=\"datePublished\">\n\t\t\t\t\t\t<a href=\"https:\/\/www.logisticsautomationmadrid.com\/es\/2025\/10\/22\/\">\n\t\t\t\t\t\t\t\t\t\t\t<span class=\"elementor-icon-list-icon\">\n\t\t\t\t\t\t\t\t<i aria-hidden=\"true\" class=\"fas fa-calendar\"><\/i>\t\t\t\t\t\t\t<\/span>\n\t\t\t\t\t\t\t\t\t<span class=\"elementor-icon-list-text elementor-post-info__item elementor-post-info__item--type-date\">\n\t\t\t\t\t\t\t\t\t\t<time>octubre 22, 2025<\/time>\t\t\t\t\t<\/span>\n\t\t\t\t\t\t\t\t\t<\/a>\n\t\t\t\t<\/li>\n\t\t\t\t<\/ul>\n\t\t\t\t\t\t<\/div>\n\t\t\t\t<\/div>\n\t\t\t\t\t<\/div>\n\t\t<\/div>\n\t\t\t\t\t<\/div>\n\t\t<\/section>\n\t\t\t\t<section class=\"elementor-section elementor-inner-section elementor-element elementor-element-a0a9333 elementor-section-boxed elementor-section-height-default elementor-section-height-default\" data-id=\"a0a9333\" data-element_type=\"section\" data-settings=\"{&quot;background_background&quot;:&quot;classic&quot;}\">\n\t\t\t\t\t\t<div class=\"elementor-container elementor-column-gap-default\">\n\t\t\t\t\t<div class=\"elementor-column elementor-col-100 elementor-inner-column elementor-element elementor-element-d9003a5\" data-id=\"d9003a5\" data-element_type=\"column\">\n\t\t\t<div class=\"elementor-widget-wrap elementor-element-populated\">\n\t\t\t\t\t\t<div class=\"elementor-element elementor-element-0fd250f elementor-widget elementor-widget-text-editor\" data-id=\"0fd250f\" data-element_type=\"widget\" data-widget_type=\"text-editor.default\">\n\t\t\t\t<div class=\"elementor-widget-container\">\n\t\t\t\t\t\t\t\t\t<p>Sergio Clavero, a bordo de una carretilla elevadora Mitsubishi Edia 16 de tres ruedas, cedida por el distribuidor Ficara, ha sido el ganador del VII Concursos de Carretilleros y Marcas celebrado el pasado jueves 16 de octubre en el Espacio Manutenci\u00f3n del Pabell\u00f3n 10 de IFEMA durante la celebraci\u00f3n de Logistics &amp; Automation 2025. Se da la circunstancia de que el ganador ha obtenido la victoria por tercera vez en este concurso.<\/p><p>La prueba de habilidad profesional ha sido organizada de nuevo por Jos\u00e9 Luis Torres y Ricardo J. Hern\u00e1ndez quienes, adem\u00e1s, colaboran en el entorno contiguo al espacio del concurso y de demostraciones, donde se agrupan la mayor\u00eda de las empresas fabricantes y distribuidoras de carretillas elevadoras que participan en esta feria. El d\u00eda previo, en ese mismo espacio, se imparti\u00f3 un curso de manejo de carretillas a alumnos de la Fundaci\u00f3n ALAPAR, gracias a la colaboraci\u00f3n de un profesor\/formador de Kirleo (Grupo GAM).<\/p><p>En esta edici\u00f3n del Concurso, patrocinada por Partner Pack que, adem\u00e1s, cedi\u00f3 un embalaje personalizado para la prueba, han participado seis equipos con sus correspondientes carretilleros: Carmen Rivero con una carretilla TCM (Cedecar), Eduardo Garc\u00eda con EP (AESA), Sergio Clavero con Mitsubishi (Ficara), Bryan Steven con Hyster (GAM), Daniel Maldonado con Yale (GAM) y Jos\u00e9 Ram\u00f3n Soto con Bobcat (Lusilectra).<\/p><p>Los participantes realizaron una prueba de habilidad, precisi\u00f3n y seguridad, moviendo una carga, observados atentamente por el jurado de la prueba que mide el tiempo en el que se realiza y otros par\u00e1metros que debe cumplir todo carretillero en el desempe\u00f1o de su trabajo. Un numeroso p\u00fablico observ\u00f3 atentamente y aplaudi\u00f3 a los participantes.<\/p><p>La prueba result\u00f3 tan igualada en sus dos primeras posiciones, que hubo de realizarse una final\u00edsima de desempate entre Eduardo Garc\u00eda (EP, AESA) y Sergio Clavero (Mitsubishi, Ficara).<\/p><p>El jurado que valor\u00f3 la prueba estaba compuesto por Ester S\u00e1nchez, directora de Formaci\u00f3n y Contenidos del CEL; Pilar M\u00aa Mariju\u00e1n, gerente de ICIL en Madrid; F\u00e9lix Est\u00e9banez, ex presidente de Medea y Jos\u00e9 Mar\u00eda Gonz\u00e1lez, director de formaci\u00f3n de Formalift, como presidente del jurado.<\/p><p>Al finalizar la prueba Sergio Clavero recibi\u00f3 la copa y el diploma que la acreditaba como ganadora y Jorge Garc\u00eda Orejana, director regional para Iberia de TCM (Grupo Mitsubishi Logisnext), el diploma correspondiente a la marca.<\/p><p>Adem\u00e1s de Partner Pack, han colaborado en este VII Concurso de Carretilleros y Marcas en el marco de Logistics &amp; Automation las empresas A-Safe y Ribawood.<\/p>\t\t\t\t\t\t\t\t<\/div>\n\t\t\t\t<\/div>\n\t\t\t\t<div class=\"elementor-element elementor-element-aeec571 elementor-widget elementor-widget-image\" data-id=\"aeec571\" data-element_type=\"widget\" data-widget_type=\"image.default\">\n\t\t\t\t<div class=\"elementor-widget-container\">\n\t\t\t\t\t\t\t\t\t\t\t\t\t\t\t<img fetchpriority=\"high\" decoding=\"async\" width=\"768\" height=\"512\" src=\"https:\/\/easyfairsassets.com\/sites\/84\/2025\/10\/EL-16-octubre-648-768x512.jpg\" class=\"attachment-medium_large size-medium_large wp-image-206560\" alt=\"E&amp;L-16-octubre-648\" srcset=\"https:\/\/easyfairsassets.com\/sites\/84\/2025\/10\/EL-16-octubre-648-768x512.jpg 768w, https:\/\/easyfairsassets.com\/sites\/84\/2025\/10\/EL-16-octubre-648-300x200.jpg 300w, https:\/\/easyfairsassets.com\/sites\/84\/2025\/10\/EL-16-octubre-648-1024x683.jpg 1024w, https:\/\/easyfairsassets.com\/sites\/84\/2025\/10\/EL-16-octubre-648-1536x1024.jpg 1536w, https:\/\/easyfairsassets.com\/sites\/84\/2025\/10\/EL-16-octubre-648.jpg 1920w\" sizes=\"(max-width: 768px) 100vw, 768px\" \/>\t\t\t\t\t\t\t\t\t\t\t\t\t\t\t<\/div>\n\t\t\t\t<\/div>\n\t\t\t\t\t<\/div>\n\t\t<\/div>\n\t\t\t\t\t<\/div>\n\t\t<\/section>\n\t\t\t\t<section class=\"elementor-section elementor-inner-section elementor-element elementor-element-379e76a elementor-section-boxed elementor-section-height-default elementor-section-height-default\" data-id=\"379e76a\" data-element_type=\"section\" data-settings=\"{&quot;background_background&quot;:&quot;classic&quot;}\">\n\t\t\t\t\t\t<div class=\"elementor-container elementor-column-gap-wide\">\n\t\t\t\t\t<div class=\"elementor-column elementor-col-100 elementor-inner-column elementor-element elementor-element-5362b5b\" data-id=\"5362b5b\" data-element_type=\"column\" data-settings=\"{&quot;background_background&quot;:&quot;classic&quot;}\">\n\t\t\t<div class=\"elementor-widget-wrap elementor-element-populated\">\n\t\t\t\t\t\t<div class=\"elementor-element elementor-element-08e580d elementor-widget elementor-widget-heading\" data-id=\"08e580d\" data-element_type=\"widget\" data-widget_type=\"heading.default\">\n\t\t\t\t<div class=\"elementor-widget-container\">\n\t\t\t\t\t<p class=\"elementor-heading-title elementor-size-default\">Compartir<\/p>\t\t\t\t<\/div>\n\t\t\t\t<\/div>\n\t\t\t\t<div class=\"elementor-element elementor-element-707fd25 elementor-share-buttons--view-icon elementor-share-buttons--shape-circle elementor-share-buttons--color-custom elementor-share-buttons--skin-minimal elementor-grid-0 elementor-widget elementor-widget-share-buttons\" data-id=\"707fd25\" data-element_type=\"widget\" data-widget_type=\"share-buttons.default\">\n\t\t\t\t<div class=\"elementor-widget-container\">\n\t\t\t\t\t\t\t<div class=\"elementor-grid\" role=\"list\">\n\t\t\t\t\t\t\t\t<div class=\"elementor-grid-item\" role=\"listitem\">\n\t\t\t\t\t\t<div class=\"elementor-share-btn elementor-share-btn_email\" role=\"button\" tabindex=\"0\" aria-label=\"Share on email\">\n\t\t\t\t\t\t\t\t\t\t\t\t\t\t\t<span class=\"elementor-share-btn__icon\">\n\t\t\t\t\t\t\t\t<i class=\"fas fa-envelope\" aria-hidden=\"true\"><\/i>\t\t\t\t\t\t\t<\/span>\n\t\t\t\t\t\t\t\t\t\t\t\t\t\t\t\t\t\t\t\t<\/div>\n\t\t\t\t\t<\/div>\n\t\t\t\t\t\t\t\t\t<div class=\"elementor-grid-item\" role=\"listitem\">\n\t\t\t\t\t\t<div class=\"elementor-share-btn elementor-share-btn_twitter\" role=\"button\" tabindex=\"0\" aria-label=\"Share on twitter\">\n\t\t\t\t\t\t\t\t\t\t\t\t\t\t\t<span class=\"elementor-share-btn__icon\">\n\t\t\t\t\t\t\t\t<i class=\"fab fa-twitter\" aria-hidden=\"true\"><\/i>\t\t\t\t\t\t\t<\/span>\n\t\t\t\t\t\t\t\t\t\t\t\t\t\t\t\t\t\t\t\t<\/div>\n\t\t\t\t\t<\/div>\n\t\t\t\t\t\t\t\t\t<div class=\"elementor-grid-item\" role=\"listitem\">\n\t\t\t\t\t\t<div class=\"elementor-share-btn elementor-share-btn_linkedin\" role=\"button\" tabindex=\"0\" aria-label=\"Share on linkedin\">\n\t\t\t\t\t\t\t\t\t\t\t\t\t\t\t<span class=\"elementor-share-btn__icon\">\n\t\t\t\t\t\t\t\t<i class=\"fab fa-linkedin\" aria-hidden=\"true\"><\/i>\t\t\t\t\t\t\t<\/span>\n\t\t\t\t\t\t\t\t\t\t\t\t\t\t\t\t\t\t\t\t<\/div>\n\t\t\t\t\t<\/div>\n\t\t\t\t\t\t\t\t\t<div class=\"elementor-grid-item\" role=\"listitem\">\n\t\t\t\t\t\t<div class=\"elementor-share-btn elementor-share-btn_whatsapp\" role=\"button\" tabindex=\"0\" aria-label=\"Share on whatsapp\">\n\t\t\t\t\t\t\t\t\t\t\t\t\t\t\t<span class=\"elementor-share-btn__icon\">\n\t\t\t\t\t\t\t\t<i class=\"fab fa-whatsapp\" aria-hidden=\"true\"><\/i>\t\t\t\t\t\t\t<\/span>\n\t\t\t\t\t\t\t\t\t\t\t\t\t\t\t\t\t\t\t\t<\/div>\n\t\t\t\t\t<\/div>\n\t\t\t\t\t\t<\/div>\n\t\t\t\t\t\t<\/div>\n\t\t\t\t<\/div>\n\t\t\t\t\t<\/div>\n\t\t<\/div>\n\t\t\t\t\t<\/div>\n\t\t<\/section>\n\t\t\t\t\t<\/div>\n\t\t<\/div>\n\t\t\t\t\t<\/div>\n\t\t<\/section>\n\t\t\t\t<\/div>\n\t\t","protected":false},"excerpt":{"rendered":"<p>Sergio Clavero, a bordo de una carretilla elevadora Mitsubishi Edia 16 de tres ruedas, cedida por el distribuidor Ficara, ha sido el ganador del VII Concursos de Carretilleros y Marcas celebrado el pasado jueves 16 de octubre en el Espacio Manutenci\u00f3n del Pabell\u00f3n 10 de IFEMA durante la celebraci\u00f3n de Logistics &amp; Automation 2025. Se [&hellip;]<\/p>\n","protected":false},"author":135,"featured_media":0,"comment_status":"open","ping_status":"open","sticky":false,"template":"elementor_header_footer","format":"standard","meta":{"_seopress_robots_primary_cat":"none","_seopress_titles_title":"Empack, Logistics & Automation y Logistics & Industrial Build reciben a 12.200 visitantes \u00fanicos en una edici\u00f3n de r\u00e9cord","_seopress_titles_desc":"","_seopress_robots_index":"","footnotes":""},"categories":[343],"tags":[2928,2929,852,697,2961,2962],"edition":[],"class_list":["post-206557","post","type-post","status-publish","format-standard","hentry","category-notas-de-prensa","tag-edicion-2025","tag-esg","tag-ferias","tag-logistics-automation","tag-marcas","tag-ponentes"],"_links":{"self":[{"href":"https:\/\/www.logisticsautomationmadrid.com\/es\/wp-json\/wp\/v2\/posts\/206557","targetHints":{"allow":["GET"]}}],"collection":[{"href":"https:\/\/www.logisticsautomationmadrid.com\/es\/wp-json\/wp\/v2\/posts"}],"about":[{"href":"https:\/\/www.logisticsautomationmadrid.com\/es\/wp-json\/wp\/v2\/types\/post"}],"author":[{"embeddable":true,"href":"https:\/\/www.logisticsautomationmadrid.com\/es\/wp-json\/wp\/v2\/users\/135"}],"replies":[{"embeddable":true,"href":"https:\/\/www.logisticsautomationmadrid.com\/es\/wp-json\/wp\/v2\/comments?post=206557"}],"version-history":[{"count":4,"href":"https:\/\/www.logisticsautomationmadrid.com\/es\/wp-json\/wp\/v2\/posts\/206557\/revisions"}],"predecessor-version":[{"id":206565,"href":"https:\/\/www.logisticsautomationmadrid.com\/es\/wp-json\/wp\/v2\/posts\/206557\/revisions\/206565"}],"wp:attachment":[{"href":"https:\/\/www.logisticsautomationmadrid.com\/es\/wp-json\/wp\/v2\/media?parent=206557"}],"wp:term":[{"taxonomy":"category","embeddable":true,"href":"https:\/\/www.logisticsautomationmadrid.com\/es\/wp-json\/wp\/v2\/categories?post=206557"},{"taxonomy":"post_tag","embeddable":true,"href":"https:\/\/www.logisticsautomationmadrid.com\/es\/wp-json\/wp\/v2\/tags?post=206557"},{"taxonomy":"edition","embeddable":true,"href":"https:\/\/www.logisticsautomationmadrid.com\/es\/wp-json\/wp\/v2\/edition?post=206557"}],"curies":[{"name":"wp","href":"https:\/\/api.w.org\/{rel}","templated":true}]}}