{"id":212676,"date":"2026-08-29T13:33:03","date_gmt":"2026-08-29T11:33:03","guid":{"rendered":"https:\/\/www.logisticsautomationmadrid.com\/?p=212676"},"modified":"2026-09-02T17:15:32","modified_gmt":"2026-09-02T15:15:32","slug":"la-respuesta-de-la-ue-ante-la-crisis-arancelaria-no-convence-al-sector-logistico-y-del-packaging","status":"publish","type":"post","link":"https:\/\/www.logisticsautomationmadrid.com\/es\/2026\/08\/29\/la-respuesta-de-la-ue-ante-la-crisis-arancelaria-no-convence-al-sector-logistico-y-del-packaging\/","title":{"rendered":"La respuesta de la UE ante la crisis arancelaria no convence al sector log\u00edstico y del packaging: menos del 2% la considera adecuada"},"content":{"rendered":"\t\t<div data-elementor-type=\"wp-post\" data-elementor-id=\"212676\" class=\"elementor elementor-212676\" data-elementor-post-type=\"post\">\n\t\t\t\t\t\t<section class=\"elementor-section elementor-top-section elementor-element elementor-element-71165a61 elementor-section-boxed elementor-section-height-default elementor-section-height-default\" data-id=\"71165a61\" data-element_type=\"section\" data-e-type=\"section\">\n\t\t\t\t\t\t<div class=\"elementor-container elementor-column-gap-default\">\n\t\t\t\t\t<div class=\"elementor-column elementor-col-50 elementor-top-column elementor-element elementor-element-365ebd54\" data-id=\"365ebd54\" data-element_type=\"column\" data-e-type=\"column\">\n\t\t\t<div class=\"elementor-widget-wrap elementor-element-populated\">\n\t\t\t\t\t\t<div class=\"elementor-element elementor-element-08b1280 elementor-widget__width-initial elementor-invisible elementor-widget elementor-widget-heading\" data-id=\"08b1280\" data-element_type=\"widget\" data-e-type=\"widget\" data-settings=\"{&quot;_animation&quot;:&quot;fadeIn&quot;}\" data-widget_type=\"heading.default\">\n\t\t\t\t<div class=\"elementor-widget-container\">\n\t\t\t\t\t<h1 class=\"elementor-heading-title elementor-size-default\">La respuesta de la UE ante la crisis arancelaria no convence al sector log\u00edstico y del packaging: menos del 2% la considera adecuada<\/h1>\t\t\t\t<\/div>\n\t\t\t\t<\/div>\n\t\t\t\t<div class=\"elementor-element elementor-element-ae785f4 elementor-widget__width-initial elementor-widget elementor-widget-text-editor\" data-id=\"ae785f4\" data-element_type=\"widget\" data-e-type=\"widget\" data-settings=\"{&quot;_animation&quot;:&quot;none&quot;}\" data-widget_type=\"text-editor.default\">\n\t\t\t\t<div class=\"elementor-widget-container\">\n\t\t\t\t\t\t\t\t\t<ul><li aria-setsize=\"-1\" data-leveltext=\"\u2022\" data-font=\"Trebuchet MS,Calibri\" data-listid=\"2\" data-list-defn-props=\"{&quot;335552541&quot;:1,&quot;335559685&quot;:720,&quot;335559991&quot;:360,&quot;469769242&quot;:[8226],&quot;469777803&quot;:&quot;left&quot;,&quot;469777804&quot;:&quot;\u2022&quot;,&quot;469777815&quot;:&quot;hybridMultilevel&quot;}\" data-aria-posinset=\"1\" data-aria-level=\"1\"><p><strong>El nuevo estudio de Logistics &amp; Automation y Empack revela que casi la mitad de las empresas del sector log\u00edstico y del transporte (48%) y del packaging (44%) ya ha tenido que renegociar contratos con clientes o proveedores internacionales por la crisis arancelaria y geopol\u00edtica de los \u00faltimos doce meses.<\/strong><\/p><\/li><li aria-setsize=\"-1\" data-leveltext=\"\u2022\" data-font=\"Trebuchet MS,Calibri\" data-listid=\"2\" data-list-defn-props=\"{&quot;335552541&quot;:1,&quot;335559685&quot;:720,&quot;335559991&quot;:360,&quot;469769242&quot;:[8226],&quot;469777803&quot;:&quot;left&quot;,&quot;469777804&quot;:&quot;\u2022&quot;,&quot;469777815&quot;:&quot;hybridMultilevel&quot;}\" data-aria-posinset=\"1\" data-aria-level=\"1\"><p><strong>M\u00e1s de la mitad de las compa\u00f1\u00edas de log\u00edstica y transporte (53%) y de packaging (59%) perciben el actual contexto internacional como una combinaci\u00f3n de amenaza y oportunidad a partes iguales.<\/strong><\/p><\/li><li aria-setsize=\"-1\" data-leveltext=\"\u2022\" data-font=\"Trebuchet MS,Calibri\" data-listid=\"2\" data-list-defn-props=\"{&quot;335552541&quot;:1,&quot;335559685&quot;:720,&quot;335559991&quot;:360,&quot;469769242&quot;:[8226],&quot;469777803&quot;:&quot;left&quot;,&quot;469777804&quot;:&quot;\u2022&quot;,&quot;469777815&quot;:&quot;hybridMultilevel&quot;}\" data-aria-posinset=\"1\" data-aria-level=\"1\"><p><strong>Uno de cada cuatro fabricantes de envases (28%) todav\u00eda desconoce el nuevo Reglamento Europeo de Envases (PPWR) o considera que no le afecta, pese a ser aplicable desde agosto de 2026.<\/strong><\/p><\/li><\/ul>\t\t\t\t\t\t\t\t<\/div>\n\t\t\t\t<\/div>\n\t\t\t\t<div class=\"elementor-element elementor-element-e7afaa2 elementor-widget elementor-widget-image\" data-id=\"e7afaa2\" data-element_type=\"widget\" data-e-type=\"widget\" data-widget_type=\"image.default\">\n\t\t\t\t<div class=\"elementor-widget-container\">\n\t\t\t\t\t\t\t\t\t\t\t\t\t\t\t\t<a href=\"https:\/\/www.logisticsautomationmadrid.com\/wp-content\/uploads\/sites\/84\/2026\/09\/Estudio-2026.pdf\">\n\t\t\t\t\t\t\t<img fetchpriority=\"high\" decoding=\"async\" width=\"600\" height=\"141\" src=\"https:\/\/easyfairsassets.com\/sites\/84\/2026\/08\/banner-estudio.png\" class=\"attachment-large size-large wp-image-213038\" alt=\"banner-estudio\" srcset=\"https:\/\/easyfairsassets.com\/sites\/84\/2026\/08\/banner-estudio.png 600w, https:\/\/easyfairsassets.com\/sites\/84\/2026\/08\/banner-estudio-300x71.png 300w\" sizes=\"(max-width: 600px) 100vw, 600px\" \/>\t\t\t\t\t\t\t\t<\/a>\n\t\t\t\t\t\t\t\t\t\t\t\t\t\t\t<\/div>\n\t\t\t\t<\/div>\n\t\t\t\t<div class=\"elementor-element elementor-element-bac3a4b elementor-widget__width-initial elementor-widget elementor-widget-text-editor\" data-id=\"bac3a4b\" data-element_type=\"widget\" data-e-type=\"widget\" data-settings=\"{&quot;_animation&quot;:&quot;none&quot;}\" data-widget_type=\"text-editor.default\">\n\t\t\t\t<div class=\"elementor-widget-container\">\n\t\t\t\t\t\t\t\t\t<p><b><span data-contrast=\"none\">Madrid, 3 de septiembre de 2026.\u00a0<\/span><\/b>Las empresas espa\u00f1olas de log\u00edstica, transporte y packaging se muestran especialmente cr\u00edticas con la respuesta europea ante la crisis arancelaria: solo un 2% de las compa\u00f1\u00edas log\u00edsticas y un 1% de las de packaging la considera adecuada y suficiente. Se trata de un escenario que, un a\u00f1o despu\u00e9s del inicio de la escalada, ha dejado de ser una hip\u00f3tesis para convertirse en una realidad cotidiana. As\u00ed lo confirma el estudio \u201cDe la disrupci\u00f3n a la adaptaci\u00f3n: diagn\u00f3stico del sector log\u00edstico y del packaging espa\u00f1ol ante el nuevo orden comercial global\u201d, elaborado por Logistics &amp; Automation y Empack, los eventos profesionales de referencia de los sectores log\u00edstico y del packaging organizados por Easyfairs, que se celebrar\u00e1n los pr\u00f3ximos 11 y 12 de noviembre en IFEMA (Madrid).<\/p><p>El informe analiza el impacto real y percibido que la coyuntura geopol\u00edtica y comercial estaba teniendo sobre la actividad log\u00edstica, de transporte y de packaging en Espa\u00f1a durante el periodo analizado, en junio de 2026. El estudio toma como referencia un contexto marcado por la escalada arancelaria entre Estados Unidos, China y la Uni\u00f3n Europea, la tensi\u00f3n en el Estrecho de Ormuz y la reconfiguraci\u00f3n acelerada de las cadenas de suministro globales. El diagn\u00f3stico es claro: la adaptaci\u00f3n progresiva se impone sobre la disrupci\u00f3n estructural, aunque la presi\u00f3n sobre contratos, costes y normativa ya es tangible para buena parte del sector.<\/p><p><b><span data-contrast=\"none\">Log\u00edstica y transporte: la presi\u00f3n arancelaria ya golpea la operativa diaria<\/span><\/b><span data-ccp-props=\"{&quot;201341983&quot;:0,&quot;335551550&quot;:6,&quot;335551620&quot;:6,&quot;335559739&quot;:160,&quot;335559740&quot;:259}\">\u00a0<\/span><\/p><p><span data-contrast=\"auto\">Los aranceles han dejado de ser una amenaza lejana para convertirse en un factor de gesti\u00f3n diaria. Un 31% de las empresas del \u00e1mbito log\u00edstico y del transporte ha tenido que renegociar de forma puntual contratos con clientes o proveedores internacionales a ra\u00edz de los cambios arancelarios y geopol\u00edticos, y un 17% adicional reconoce un impacto amplio y relevante en sus condiciones comerciales; solo un 39% asegura no haberlo necesitado.<\/span><span data-ccp-props=\"{&quot;335551550&quot;:6,&quot;335551620&quot;:6,&quot;335559739&quot;:200}\">\u00a0<\/span><\/p><p><span data-contrast=\"auto\">Los nuevos aranceles de la Uni\u00f3n Europea a productos chinos y los aranceles estadounidenses a productos europeos son los factores que m\u00e1s est\u00e1n condicionando la operativa, aunque un 43% de las empresas afirma no haber sufrido todav\u00eda ning\u00fan impacto directo. En la relaci\u00f3n con proveedores, la respuesta mayoritaria entre quienes ya han actuado ha sido realizar ajustes puntuales (27%), mientras que un 19% sigue evaluando cambios sin haber tomado una decisi\u00f3n y un 41% no ha necesitado modificar su estrategia.<\/span><span data-ccp-props=\"{&quot;335551550&quot;:6,&quot;335551620&quot;:6,&quot;335559739&quot;:200}\">\u00a0<\/span><\/p><p><span data-contrast=\"auto\">El terreno aduanero, por ahora, resiste mejor: un 43% de las compa\u00f1\u00edas no ha notado cambios relevantes en la gesti\u00f3n de aduanas, aunque un 23% reconoce un impacto moderado y un 16% ya asume sobrecostes de cumplimiento normativo. La mitad de las empresas (50%) considera que la relocalizaci\u00f3n productiva de sus clientes hacia Europa no aplica a su modelo de negocio. En cambio, entre quienes s\u00ed perciben esta demanda, un 22% analiza c\u00f3mo adaptar su red log\u00edstica, con prioridades en reforzar la integraci\u00f3n tecnol\u00f3gica, la trazabilidad y la capacidad de almacenaje y distribuci\u00f3n.<\/span><span data-ccp-props=\"{&quot;335551550&quot;:6,&quot;335551620&quot;:6,&quot;335559739&quot;:200}\">\u00a0<\/span><\/p><p><span data-contrast=\"auto\">\u201c<\/span><i><span data-contrast=\"auto\">El dato de aduanas es el que mejor explica el momento: todav\u00eda no hay un colapso, pero ya hay un 16% asumiendo sobrecostes de cumplimiento<\/span><\/i><span data-contrast=\"auto\">\u201d, se\u00f1ala <\/span><b><span data-contrast=\"auto\">\u00d3scar Barranco, director general de Easyfairs Iberia<\/span><\/b><span data-contrast=\"auto\">. \u201c<\/span><i><span data-contrast=\"auto\">Y quienes s\u00ed est\u00e1n notando la relocalizaci\u00f3n de sus clientes no responden solo ampliando naves y flota, sino con tecnolog\u00eda y trazabilidad. Ah\u00ed est\u00e1 la inversi\u00f3n que va a decidir qui\u00e9n aguanta el pr\u00f3ximo ciclo<\/span><\/i><span data-contrast=\"auto\">\u201d.<\/span><span data-ccp-props=\"{&quot;335551550&quot;:6,&quot;335551620&quot;:6,&quot;335559739&quot;:200}\">\u00a0<\/span><\/p><p><b><span data-contrast=\"none\">Packaging: el encarecimiento de materias primas y la sombra del PPWR<\/span><\/b><span data-ccp-props=\"{&quot;201341983&quot;:0,&quot;335551550&quot;:6,&quot;335551620&quot;:6,&quot;335559739&quot;:160,&quot;335559740&quot;:259}\">\u00a0<\/span><\/p><p><span data-contrast=\"auto\">El sector del packaging vive una presi\u00f3n comparable, aunque algo menos intensa en sus efectos m\u00e1s severos. Un 32% de las empresas ha renegociado de forma puntual contratos con clientes o proveedores internacionales y un 12% se\u00f1ala un impacto amplio en sus condiciones comerciales. Eso s\u00ed, un 40% asegura que no ha sido necesario. Los pl\u00e1sticos y las resinas son, con diferencia, la materia prima que m\u00e1s encarecimiento o problemas de suministro ha sufrido en el \u00faltimo a\u00f1o, se\u00f1alada por un 42% de las empresas, por delante del cart\u00f3n y el papel (28%) y del aluminio y los metales (27%).<\/span><span data-ccp-props=\"{&quot;335551550&quot;:6,&quot;335551620&quot;:6,&quot;335559739&quot;:200}\">\u00a0<\/span><\/p><p><span data-contrast=\"auto\">Frente a este encarecimiento, la reacci\u00f3n del sector es todav\u00eda cautelosa: un 46% sigue trabajando con sus proveedores habituales, un 26% eval\u00faa alternativas dentro de la Uni\u00f3n Europea o en pa\u00edses cercanos sin haber concretado ning\u00fan cambio, y solo un 8% ha relocalizado ya parte de su base de proveedores.<\/span><span data-ccp-props=\"{&quot;335551550&quot;:6,&quot;335551620&quot;:6,&quot;335559739&quot;:200}\">\u00a0<\/span><\/p><p><span data-contrast=\"auto\">A esta presi\u00f3n de costes se suma un reto regulatorio de fondo: el nuevo Reglamento Europeo de Envases (PPWR), en vigor desde agosto de 2026, sigue siendo una inc\u00f3gnita para buena parte del sector. Un 28% de las empresas no lo conoc\u00eda o considera que no le afecta, y un 24% adicional valora su impacto como bajo o manejable, mientras que un 22% ya asume sobrecostes en la adaptaci\u00f3n de sus procesos. En cuanto a la innovaci\u00f3n, casi la mitad del sector (48%) cree que todav\u00eda es pronto para valorar si la doble presi\u00f3n arancelaria y regulatoria est\u00e1 acelerando el desarrollo de nuevos materiales, y solo un 11% afirma estar invirtiendo activamente en nuevas soluciones de packaging.<\/span><span data-ccp-props=\"{&quot;335551550&quot;:6,&quot;335551620&quot;:6,&quot;335559739&quot;:200}\">\u00a0<\/span><\/p><p><b><span data-contrast=\"none\">Instituciones europeas suspensas y un futuro de cautela m\u00e1s que de ruptura<\/span><\/b><span data-ccp-props=\"{&quot;201341983&quot;:0,&quot;335551550&quot;:6,&quot;335551620&quot;:6,&quot;335559739&quot;:160,&quot;335559740&quot;:259}\">\u00a0<\/span><\/p><p><span data-contrast=\"auto\">Uno de los mensajes m\u00e1s contundentes del estudio es la valoraci\u00f3n cr\u00edtica que hacen ambos sectores de la respuesta institucional. Un 48% de las empresas de log\u00edstica y transporte y un 44% de las de packaging consideran que la reacci\u00f3n de las instituciones europeas ante la tensi\u00f3n comercial y arancelaria es insuficiente para proteger los intereses del sector, frente a apenas un 2% que la califica de adecuada en ambos casos.<\/span><span data-ccp-props=\"{&quot;335551550&quot;:6,&quot;335551620&quot;:6,&quot;335559739&quot;:200}\">\u00a0<\/span><\/p><p><span data-contrast=\"auto\">Pese a esta cr\u00edtica, ninguno de los dos sectores anticipa una ruptura brusca de su modelo de negocio. La cautela domina las respuestas: un 37% en log\u00edstica y transporte y un 41% en packaging considera que todav\u00eda es demasiado pronto para saber si el actual escenario obligar\u00e1 a cambios permanentes. Entre quienes s\u00ed anticipan transformaciones, la mayor\u00eda las describe como progresivas y manejables (31% y 30%, respectivamente) y solo un 9% y un 8% las percibe como un cambio estructural irreversible.<\/span><span data-ccp-props=\"{&quot;335551550&quot;:6,&quot;335551620&quot;:6,&quot;335559739&quot;:200}\">\u00a0<\/span><\/p><p><span data-contrast=\"auto\">Esta lectura convive, adem\u00e1s, con una interpretaci\u00f3n ambivalente del momento actual: m\u00e1s de la mitad de las empresas de log\u00edstica y transporte (53%) y de packaging (59%) perciben el contexto como una combinaci\u00f3n de amenaza y oportunidad a partes iguales, muy por encima de quienes lo ven \u00fanicamente como una amenaza (22% en ambos sectores) o \u00fanicamente como una oportunidad (21% y 18%, respectivamente).<\/span><\/p><p><span data-contrast=\"auto\">A modo de balance, <\/span><b><span data-contrast=\"auto\">\u00d3scar Barranco<\/span><\/b><span data-contrast=\"auto\">, director general de Easyfairs Iberia, concluye: \u201c<\/span><i><span data-contrast=\"auto\">Nuestro estudio confirma que la incertidumbre se ha convertido en la nueva normalidad para la cadena de suministro espa\u00f1ola. Las empresas ya no esperan a que la situaci\u00f3n se estabilice para actuar, sino que est\u00e1n redefiniendo proveedores, revisando contratos y adaptando procesos mientras el propio marco regulatorio europeo, con la llegada del PPWR, a\u00f1ade una capa adicional de complejidad. Quien mejor combine agilidad comercial y anticipaci\u00f3n normativa marcar\u00e1 la diferencia en los pr\u00f3ximos a\u00f1os<\/span><\/i><span data-contrast=\"auto\">\u201d.<\/span><span data-ccp-props=\"{&quot;335551550&quot;:6,&quot;335551620&quot;:6,&quot;335559739&quot;:200}\">\u00a0<\/span><\/p><p><b><span data-contrast=\"none\">Empack, Logistics &amp; Automation y Logistic &amp; Industrial Build 2026: la gran cita del sector<\/span><\/b><span data-ccp-props=\"{&quot;201341983&quot;:0,&quot;335551550&quot;:6,&quot;335551620&quot;:6,&quot;335559739&quot;:160,&quot;335559740&quot;:259}\">\u00a0<\/span><\/p><p><span data-contrast=\"auto\">La pr\u00f3xima edici\u00f3n de Empack, Logistics &amp; Automation y Logistic &amp; Industrial Build se celebrar\u00e1 los d\u00edas 11 y 12 de noviembre en IFEMA Madrid, donde ocupar\u00e1 los pabellones 2, 4 y 6 bajo el lema \u201cThe Universe of Innovation\u201d. La cita reunir\u00e1 a 456 empresas expositoras y un programa de contenidos con m\u00e1s de 250 ponentes especializados, consolidando su papel como plataforma conjunta para los sectores del packaging, la log\u00edstica, el transporte y la edificaci\u00f3n log\u00edstica e industrial.<\/span><span data-ccp-props=\"{&quot;335551550&quot;:6,&quot;335551620&quot;:6,&quot;335559739&quot;:200}\">\u00a0<\/span><\/p><p><span data-contrast=\"auto\">La edici\u00f3n de 2026 llega tras un a\u00f1o de crecimiento: la convocatoria de 2025 reuni\u00f3 a m\u00e1s de 12.200 visitantes profesionales y 426 empresas expositoras, cifras que la organizaci\u00f3n espera superar en esta nueva edici\u00f3n, en un contexto en el que -seg\u00fan revela el propio estudio- la adaptaci\u00f3n al nuevo orden comercial se ha convertido en una prioridad estrat\u00e9gica para todo el sector.<\/span><span data-ccp-props=\"{&quot;335551550&quot;:6,&quot;335551620&quot;:6,&quot;335559739&quot;:200}\">\u00a0<\/span><\/p><p><b><span data-contrast=\"none\">Sobre Easyfairs\u00a0<\/span><\/b><span data-ccp-props=\"{&quot;335551550&quot;:6,&quot;335551620&quot;:6}\">\u00a0<\/span><\/p><p><span data-contrast=\"auto\">Easyfairs organiza eventos siendo puntos <\/span><b><span data-contrast=\"auto\">de encuentro para las comunidades<\/span><\/b><span data-contrast=\"auto\"> que<\/span><b><span data-contrast=\"auto\"> deseen visitar el futuro.<\/span><\/b><span data-ccp-props=\"{&quot;201341983&quot;:0,&quot;335551550&quot;:6,&quot;335551620&quot;:6,&quot;335559740&quot;:276}\">\u00a0<\/span><\/p><p><span data-contrast=\"auto\">Actualmente organizamos 110 eventos presenciales en 12 pa\u00edses (Argelia, B\u00e9lgica, Finlandia, Francia, Alemania, Italia, Pa\u00edses Bajos, Portugal, Espa\u00f1a, Suecia, Suiza y Reino Unido) y gestionamos ocho recintos feriales en B\u00e9lgica, Holanda y Suecia (Amberes, Gante, Malinas-Bruselas Norte, Namur, Gorinchem, Hardenberg, Malm\u00f6 y Estocolmo).<\/span><span data-ccp-props=\"{&quot;201341983&quot;:0,&quot;335551550&quot;:6,&quot;335551620&quot;:6,&quot;335559740&quot;:276}\">\u00a0<\/span><\/p><p><span data-contrast=\"auto\">Nos apasiona \u00abfacilitar\u00bb la vida de nuestros clientes y aumentar el retorno de su inversi\u00f3n y de su tiempo a trav\u00e9s de nuestras f\u00f3rmulas integrales (all-in), tecnolog\u00eda avanzada y estrategia centrada en el cliente. <\/span><b><span data-contrast=\"auto\">Nuestra oferta digital<\/span><\/b> <b><span data-contrast=\"auto\">adem\u00e1s brinda<\/span><\/b><span data-contrast=\"auto\"> a estas comunidades excelentes oportunidades <\/span><b><span data-contrast=\"auto\">para establecer contactos de manera efectiva y hacer negocios durante<\/span><\/b><span data-contrast=\"auto\"> todo el a\u00f1o.\u00a0\u00a0<\/span><span data-ccp-props=\"{&quot;201341983&quot;:0,&quot;335551550&quot;:6,&quot;335551620&quot;:6,&quot;335559740&quot;:276}\">\u00a0<\/span><\/p><p><span data-contrast=\"auto\">El Grupo Easyfairs emplea a 820 talentos altamente comprometidos, implementa las mejores herramientas de marketing y tecnolog\u00eda y desarrolla marcas con un fuerte atractivo para nuestros stakeholders.<\/span><span data-ccp-props=\"{&quot;201341983&quot;:0,&quot;335551550&quot;:6,&quot;335551620&quot;:6,&quot;335559740&quot;:276}\">\u00a0<\/span><\/p><p><span data-contrast=\"auto\">Por sexto a\u00f1o consecutivo, en 2024, Deloitte otorg\u00f3 nuevamente a Easyfairs el estatus de \u201cBest Managed Company\u201d.<\/span><span data-ccp-props=\"{&quot;201341983&quot;:0,&quot;335551550&quot;:6,&quot;335551620&quot;:6,&quot;335559740&quot;:276}\">\u00a0<\/span><\/p><p><span data-contrast=\"auto\">Estamos orgullosos de figurar como uno de los 20 principales organizadores feriales del mundo, seg\u00fan la clasificaci\u00f3n anual realizada por STAX Consulting.<\/span><span data-ccp-props=\"{&quot;201341983&quot;:0,&quot;335551550&quot;:6,&quot;335551620&quot;:6,&quot;335559740&quot;:276}\">\u00a0<\/span><\/p><p><span data-contrast=\"auto\">Visita el futuro con Easyfairs y consulta m\u00e1s informaci\u00f3n en <\/span><a href=\"http:\/\/www.easyfairsgroup.com\/\"><span data-contrast=\"none\">www.easyfairsgroup.com<\/span><\/a><span data-contrast=\"none\">.<\/span><span data-ccp-props=\"{&quot;201341983&quot;:0,&quot;335551550&quot;:6,&quot;335551620&quot;:6,&quot;335559740&quot;:276}\">\u00a0<\/span><\/p>\t\t\t\t\t\t\t\t<\/div>\n\t\t\t\t<\/div>\n\t\t\t\t<div class=\"elementor-element elementor-element-f3f178c elementor-hidden-desktop elementor-hidden-tablet elementor-hidden-mobile elementor-widget elementor-widget-button\" data-id=\"f3f178c\" data-element_type=\"widget\" data-e-type=\"widget\" data-widget_type=\"button.default\">\n\t\t\t\t<div class=\"elementor-widget-container\">\n\t\t\t\t\t\t\t\t\t<div class=\"elementor-button-wrapper\">\n\t\t\t\t\t<a class=\"elementor-button elementor-button-link elementor-size-sm\" href=\"https:\/\/murciaeconomia.com\/art\/102444\/murcia-avanza-hacia-la-electrificacion-logistica-oportunidades-de-subvencion-para-modernizar-flotas-industriales\">\n\t\t\t\t\t\t<span class=\"elementor-button-content-wrapper\">\n\t\t\t\t\t\t\t\t\t<span class=\"elementor-button-text\">Leer la noticia completa<\/span>\n\t\t\t\t\t<\/span>\n\t\t\t\t\t<\/a>\n\t\t\t\t<\/div>\n\t\t\t\t\t\t\t\t<\/div>\n\t\t\t\t<\/div>\n\t\t\t\t\t<\/div>\n\t\t<\/div>\n\t\t\t\t<div class=\"elementor-column elementor-col-50 elementor-top-column elementor-element elementor-element-28f5464\" data-id=\"28f5464\" data-element_type=\"column\" data-e-type=\"column\">\n\t\t\t<div class=\"elementor-widget-wrap elementor-element-populated\">\n\t\t\t\t\t\t<div class=\"elementor-element elementor-element-0f0cca7 elementor-widget elementor-widget-global elementor-global-80917 elementor-widget-shortcode\" data-id=\"0f0cca7\" data-element_type=\"widget\" data-e-type=\"widget\" data-widget_type=\"shortcode.default\">\n\t\t\t\t<div class=\"elementor-widget-container\">\n\t\t\t\t\t\t\t<div class=\"elementor-shortcode\"><\/div>\n\t\t\t\t\t\t<\/div>\n\t\t\t\t<\/div>\n\t\t\t\t<div class=\"elementor-element elementor-element-000d66c elementor-hidden-desktop elementor-hidden-tablet elementor-hidden-mobile elementor-widget elementor-widget-global elementor-global-128196 elementor-widget-button\" data-id=\"000d66c\" data-element_type=\"widget\" data-e-type=\"widget\" data-widget_type=\"button.default\">\n\t\t\t\t<div class=\"elementor-widget-container\">\n\t\t\t\t\t\t\t\t\t<div class=\"elementor-button-wrapper\">\n\t\t\t\t\t<a class=\"elementor-button elementor-button-link elementor-size-sm\" href=\"https:\/\/register.visitcloud.com\/survey\/0vn380ompp42t?actioncode=LOGB1\">\n\t\t\t\t\t\t<span class=\"elementor-button-content-wrapper\">\n\t\t\t\t\t\t\t\t\t<span class=\"elementor-button-text\">REG\u00cdSTRATE GRATIS EN BILBAO<\/span>\n\t\t\t\t\t<\/span>\n\t\t\t\t\t<\/a>\n\t\t\t\t<\/div>\n\t\t\t\t\t\t\t\t<\/div>\n\t\t\t\t<\/div>\n\t\t\t\t<div class=\"elementor-element elementor-element-45ddf21 elementor-invisible elementor-widget elementor-widget-heading\" data-id=\"45ddf21\" data-element_type=\"widget\" data-e-type=\"widget\" data-settings=\"{&quot;_animation&quot;:&quot;fadeIn&quot;}\" data-widget_type=\"heading.default\">\n\t\t\t\t<div class=\"elementor-widget-container\">\n\t\t\t\t\t<p class=\"elementor-heading-title elementor-size-default\">Suscr\u00edbete a nuestra newsletter<\/p>\t\t\t\t<\/div>\n\t\t\t\t<\/div>\n\t\t\t\t<div class=\"elementor-element elementor-element-011799d elementor-widget__width-inherit elementor-hidden-phone elementor-button-align-stretch elementor-widget elementor-widget-global elementor-global-136618 elementor-widget-form\" data-id=\"011799d\" data-element_type=\"widget\" data-e-type=\"widget\" data-settings=\"{&quot;button_width&quot;:&quot;25&quot;,&quot;step_next_label&quot;:&quot;Next&quot;,&quot;step_previous_label&quot;:&quot;Previous&quot;,&quot;step_type&quot;:&quot;number_text&quot;,&quot;step_icon_shape&quot;:&quot;circle&quot;}\" data-widget_type=\"form.default\">\n\t\t\t\t<div class=\"elementor-widget-container\">\n\t\t\t\t\t\t\t<form class=\"elementor-form\" method=\"post\" name=\"Newsletter\" aria-label=\"Newsletter\">\n\t\t\t<input type=\"hidden\" name=\"post_id\" value=\"212676\"\/>\n\t\t\t<input type=\"hidden\" name=\"form_id\" value=\"011799d\"\/>\n\t\t\t<input type=\"hidden\" name=\"referer_title\" value=\"\" \/>\n\n\t\t\t\n\t\t\t<div class=\"elementor-form-fields-wrapper elementor-labels-\">\n\t\t\t\t\t\t\t\t<div class=\"elementor-field-type-text elementor-field-group elementor-column elementor-field-group-FirstName elementor-col-100\">\n\t\t\t\t\t\t\t\t\t\t\t\t<label for=\"form-field-FirstName\" class=\"elementor-field-label elementor-screen-only\">\n\t\t\t\t\t\t\t\tNombre\t\t\t\t\t\t\t<\/label>\n\t\t\t\t\t\t\t\t\t\t\t\t\t\t<input size=\"1\" type=\"text\" name=\"form_fields[FirstName]\" id=\"form-field-FirstName\" class=\"elementor-field elementor-size-sm  elementor-field-textual\" placeholder=\"Nombre\">\n\t\t\t\t\t\t\t\t\t\t\t<\/div>\n\t\t\t\t\t\t\t\t<div class=\"elementor-field-type-text elementor-field-group elementor-column elementor-field-group-LastName elementor-col-100\">\n\t\t\t\t\t\t\t\t\t\t\t\t<label for=\"form-field-LastName\" class=\"elementor-field-label elementor-screen-only\">\n\t\t\t\t\t\t\t\tApellido\t\t\t\t\t\t\t<\/label>\n\t\t\t\t\t\t\t\t\t\t\t\t\t\t<input size=\"1\" type=\"text\" name=\"form_fields[LastName]\" id=\"form-field-LastName\" class=\"elementor-field elementor-size-sm  elementor-field-textual\" placeholder=\"Apellido\">\n\t\t\t\t\t\t\t\t\t\t\t<\/div>\n\t\t\t\t\t\t\t\t<div class=\"elementor-field-type-email elementor-field-group elementor-column elementor-field-group-Email elementor-col-100 elementor-field-required\">\n\t\t\t\t\t\t\t\t\t\t\t\t<label for=\"form-field-Email\" class=\"elementor-field-label elementor-screen-only\">\n\t\t\t\t\t\t\t\tEmail\t\t\t\t\t\t\t<\/label>\n\t\t\t\t\t\t\t\t\t\t\t\t\t\t<input size=\"1\" type=\"email\" name=\"form_fields[Email]\" id=\"form-field-Email\" class=\"elementor-field elementor-size-sm  elementor-field-textual\" placeholder=\"Email\" required=\"required\">\n\t\t\t\t\t\t\t\t\t\t\t<\/div>\n\t\t\t\t\t\t\t\t<div class=\"elementor-field-type-recaptcha_v3 elementor-field-group elementor-column elementor-field-group-field_688d276 elementor-col-100 recaptcha_v3-inline\">\n\t\t\t\t\t<div class=\"elementor-field\" id=\"form-field-field_688d276\"><div class=\"elementor-g-recaptcha\" data-sitekey=\"6LcL8JEeAAAAAHGKxhMF822nWuJyvUyd4lk7Rb4s\" data-type=\"v3\" data-action=\"Form\" data-badge=\"inline\" data-size=\"invisible\"><\/div><\/div>\t\t\t\t<\/div>\n\t\t\t\t\t\t\t\t<div class=\"elementor-field-group elementor-column elementor-field-type-submit elementor-col-25 e-form__buttons\">\n\t\t\t\t\t<button class=\"elementor-button elementor-size-md\" type=\"submit\">\n\t\t\t\t\t\t<span class=\"elementor-button-content-wrapper\">\n\t\t\t\t\t\t\t\t\t\t\t\t\t\t\t\t\t\t\t\t\t\t<span class=\"elementor-button-text\">Enviar<\/span>\n\t\t\t\t\t\t\t\t\t\t\t\t\t<\/span>\n\t\t\t\t\t<\/button>\n\t\t\t\t<\/div>\n\t\t\t<\/div>\n\t\t<\/form>\n\t\t\t\t\t\t<\/div>\n\t\t\t\t<\/div>\n\t\t\t\t<div class=\"elementor-element elementor-element-ddb89d9 elementor-grid-1 elementor-posts--thumbnail-none elementor-grid-tablet-1 elementor-grid-mobile-1 elementor-widget elementor-widget-posts\" data-id=\"ddb89d9\" data-element_type=\"widget\" data-e-type=\"widget\" data-settings=\"{&quot;classic_columns&quot;:&quot;1&quot;,&quot;classic_row_gap&quot;:{&quot;unit&quot;:&quot;px&quot;,&quot;size&quot;:&quot;23&quot;,&quot;sizes&quot;:[]},&quot;classic_columns_tablet&quot;:&quot;1&quot;,&quot;_animation&quot;:&quot;none&quot;,&quot;classic_columns_mobile&quot;:&quot;1&quot;,&quot;classic_row_gap_tablet&quot;:{&quot;unit&quot;:&quot;px&quot;,&quot;size&quot;:&quot;&quot;,&quot;sizes&quot;:[]},&quot;classic_row_gap_mobile&quot;:{&quot;unit&quot;:&quot;px&quot;,&quot;size&quot;:&quot;&quot;,&quot;sizes&quot;:[]}}\" data-widget_type=\"posts.classic\">\n\t\t\t\t<div class=\"elementor-widget-container\">\n\t\t\t\t\t\t\t<div class=\"elementor-posts-container elementor-posts elementor-posts--skin-classic elementor-grid\" role=\"list\">\n\t\t\t\t<article class=\"elementor-post elementor-grid-item post-213016 post type-post status-publish format-standard has-post-thumbnail hentry category-a-coffee-with tag-cafe-con-en tag-entrevista-en tag-noel-alimentaria\" role=\"listitem\">\n\t\t\t\t<div class=\"elementor-post__text\">\n\t\t\t\t<h3 class=\"elementor-post__title\">\n\t\t\t<a href=\"https:\/\/www.logisticsautomationmadrid.com\/es\/2026\/09\/02\/un-cafe-con-ferran-soler-manager-de-logistica-en-noel-alimentaria\/\" >\n\t\t\t\tUn caf\u00e9 con Ferran Soler, Manager de Log\u00edstica en Noel Alimentaria\t\t\t<\/a>\n\t\t<\/h3>\n\t\t\t\t<div class=\"elementor-post__excerpt\">\n\t\t\t<p>L&amp;A: Ferran, Noel Alimentaria opera en mercados muy diversos y con una fuerte presencia internacional. \u00bfCu\u00e1les son hoy los mayores retos log\u00edsticos de gestionar una<\/p>\n\t\t<\/div>\n\t\t\n\t\t<a class=\"elementor-post__read-more\" href=\"https:\/\/www.logisticsautomationmadrid.com\/es\/2026\/09\/02\/un-cafe-con-ferran-soler-manager-de-logistica-en-noel-alimentaria\/\" aria-label=\"Read more about Un caf\u00e9 con Ferran Soler, Manager de Log\u00edstica en Noel Alimentaria\" tabindex=\"-1\" >\n\t\t\tRead More \u00bb\t\t<\/a>\n\n\t\t\t\t<\/div>\n\t\t\t\t<\/article>\n\t\t\t\t<article class=\"elementor-post elementor-grid-item post-212984 post type-post status-publish format-standard has-post-thumbnail hentry category-blog category-ia-trazabilidad-seguridad category-logistica-intralogistica-almacenamiento\" role=\"listitem\">\n\t\t\t\t<div class=\"elementor-post__text\">\n\t\t\t\t<h3 class=\"elementor-post__title\">\n\t\t\t<a href=\"https:\/\/www.logisticsautomationmadrid.com\/es\/2026\/09\/02\/logistics-and-automation-ofrecera-un-panorama-diverso-de-tecnologias-de-automatizacion-de-almacen\/\" >\n\t\t\t\tLogistics and Automation ofrecer\u00e1 un panorama diverso de tecnolog\u00edas de automatizaci\u00f3n de almac\u00e9n\t\t\t<\/a>\n\t\t<\/h3>\n\t\t\t\t<div class=\"elementor-post__excerpt\">\n\t\t\t<p>Logistics and Automation ofrecer\u00e1 un panorama diverso de tecnolog\u00edas de automatizaci\u00f3n de almac\u00e9n. En este entorno, un socio de confianza con capacidades de integraci\u00f3n y<\/p>\n\t\t<\/div>\n\t\t\n\t\t<a class=\"elementor-post__read-more\" href=\"https:\/\/www.logisticsautomationmadrid.com\/es\/2026\/09\/02\/logistics-and-automation-ofrecera-un-panorama-diverso-de-tecnologias-de-automatizacion-de-almacen\/\" aria-label=\"Read more about Logistics and Automation ofrecer\u00e1 un panorama diverso de tecnolog\u00edas de automatizaci\u00f3n de almac\u00e9n\" tabindex=\"-1\" >\n\t\t\tRead More \u00bb\t\t<\/a>\n\n\t\t\t\t<\/div>\n\t\t\t\t<\/article>\n\t\t\t\t<article class=\"elementor-post elementor-grid-item post-212973 post type-post status-publish format-standard has-post-thumbnail hentry category-blog category-ia-trazabilidad-seguridad category-logistica-intralogistica-almacenamiento category-robotica-automatizacion category-transport-delivery tag-cambios tag-cargos tag-ia tag-ia-chief-officer tag-integracion tag-inteligencia-artificial tag-septiembre tag-supply-chain tag-transporte\" role=\"listitem\">\n\t\t\t\t<div class=\"elementor-post__text\">\n\t\t\t\t<h3 class=\"elementor-post__title\">\n\t\t\t<a href=\"https:\/\/www.logisticsautomationmadrid.com\/es\/2026\/09\/02\/septiembre-volver-a-mirar-la-cadena-de-suministro-con-vision-de-futuro\/\" >\n\t\t\t\tSeptiembre: volver a mirar la cadena de suministro con visi\u00f3n de futuro\t\t\t<\/a>\n\t\t<\/h3>\n\t\t\t\t<div class=\"elementor-post__excerpt\">\n\t\t\t<p>Septiembre siempre tiene algo de reinicio. Volvemos de las vacaciones, retomamos proyectos, revisamos objetivos y empezamos a mirar con mayor claridad el \u00faltimo tramo del<\/p>\n\t\t<\/div>\n\t\t\n\t\t<a class=\"elementor-post__read-more\" href=\"https:\/\/www.logisticsautomationmadrid.com\/es\/2026\/09\/02\/septiembre-volver-a-mirar-la-cadena-de-suministro-con-vision-de-futuro\/\" aria-label=\"Read more about Septiembre: volver a mirar la cadena de suministro con visi\u00f3n de futuro\" tabindex=\"-1\" >\n\t\t\tRead More \u00bb\t\t<\/a>\n\n\t\t\t\t<\/div>\n\t\t\t\t<\/article>\n\t\t\t\t<article class=\"elementor-post elementor-grid-item post-212676 post type-post status-publish format-standard has-post-thumbnail hentry category-notas-de-prensa\" role=\"listitem\">\n\t\t\t\t<div class=\"elementor-post__text\">\n\t\t\t\t<h3 class=\"elementor-post__title\">\n\t\t\t<a href=\"https:\/\/www.logisticsautomationmadrid.com\/es\/2026\/08\/29\/la-respuesta-de-la-ue-ante-la-crisis-arancelaria-no-convence-al-sector-logistico-y-del-packaging\/\" >\n\t\t\t\tLa respuesta de la UE ante la crisis arancelaria no convence al sector log\u00edstico y del packaging: menos del 2% la considera adecuada\t\t\t<\/a>\n\t\t<\/h3>\n\t\t\t\t<div class=\"elementor-post__excerpt\">\n\t\t\t<p>El nuevo estudio de Logistics &amp; Automation y Empack revela que casi la mitad de las empresas del sector log\u00edstico y del transporte (48%) y<\/p>\n\t\t<\/div>\n\t\t\n\t\t<a class=\"elementor-post__read-more\" href=\"https:\/\/www.logisticsautomationmadrid.com\/es\/2026\/08\/29\/la-respuesta-de-la-ue-ante-la-crisis-arancelaria-no-convence-al-sector-logistico-y-del-packaging\/\" aria-label=\"Read more about La respuesta de la UE ante la crisis arancelaria no convence al sector log\u00edstico y del packaging: menos del 2% la considera adecuada\" tabindex=\"-1\" >\n\t\t\tRead More \u00bb\t\t<\/a>\n\n\t\t\t\t<\/div>\n\t\t\t\t<\/article>\n\t\t\t\t<\/div>\n\t\t\n\t\t\t\t\t\t<\/div>\n\t\t\t\t<\/div>\n\t\t\t\t<div class=\"elementor-element elementor-element-142798d6 elementor-widget-divider--view-line elementor-widget elementor-widget-divider\" data-id=\"142798d6\" data-element_type=\"widget\" data-e-type=\"widget\" data-widget_type=\"divider.default\">\n\t\t\t\t<div class=\"elementor-widget-container\">\n\t\t\t\t\t\t\t<div class=\"elementor-divider\">\n\t\t\t<span class=\"elementor-divider-separator\">\n\t\t\t\t\t\t<\/span>\n\t\t<\/div>\n\t\t\t\t\t\t<\/div>\n\t\t\t\t<\/div>\n\t\t\t\t\t<\/div>\n\t\t<\/div>\n\t\t\t\t\t<\/div>\n\t\t<\/section>\n\t\t\t\t<section class=\"elementor-section elementor-top-section elementor-element elementor-element-49136ec elementor-section-full_width elementor-section-height-default elementor-section-height-default\" data-id=\"49136ec\" data-element_type=\"section\" data-e-type=\"section\">\n\t\t\t\t\t\t<div class=\"elementor-container elementor-column-gap-default\">\n\t\t\t\t\t<div class=\"elementor-column elementor-col-100 elementor-top-column elementor-element elementor-element-4a08fcbd\" data-id=\"4a08fcbd\" data-element_type=\"column\" data-e-type=\"column\">\n\t\t\t<div class=\"elementor-widget-wrap elementor-element-populated\">\n\t\t\t\t\t\t<div class=\"elementor-element elementor-element-6c1ef897 elementor-widget-divider--view-line elementor-widget elementor-widget-divider\" data-id=\"6c1ef897\" data-element_type=\"widget\" data-e-type=\"widget\" data-widget_type=\"divider.default\">\n\t\t\t\t<div class=\"elementor-widget-container\">\n\t\t\t\t\t\t\t<div class=\"elementor-divider\">\n\t\t\t<span class=\"elementor-divider-separator\">\n\t\t\t\t\t\t<\/span>\n\t\t<\/div>\n\t\t\t\t\t\t<\/div>\n\t\t\t\t<\/div>\n\t\t\t\t<div class=\"elementor-element elementor-element-67dafb1c elementor-widget elementor-widget-text-editor\" data-id=\"67dafb1c\" data-element_type=\"widget\" data-e-type=\"widget\" data-widget_type=\"text-editor.default\">\n\t\t\t\t<div class=\"elementor-widget-container\">\n\t\t\t\t\t\t\t\t\t<p><span style=\"vertical-align: inherit\"><span style=\"vertical-align: inherit\"><span style=\"vertical-align: inherit\"><span style=\"vertical-align: inherit\"><span style=\"vertical-align: inherit\"><span style=\"vertical-align: inherit\">Share this article<\/span><\/span><\/span><\/span><\/span><\/span><\/p>\t\t\t\t\t\t\t\t<\/div>\n\t\t\t\t<\/div>\n\t\t\t\t<div class=\"elementor-element elementor-element-cd3e401 elementor-share-buttons--view-icon elementor-share-buttons--skin-flat elementor-share-buttons--shape-circle elementor-share-buttons--color-custom elementor-grid-0 elementor-widget elementor-widget-global elementor-global-111270 elementor-widget-share-buttons\" data-id=\"cd3e401\" data-element_type=\"widget\" data-e-type=\"widget\" data-widget_type=\"share-buttons.default\">\n\t\t\t\t<div class=\"elementor-widget-container\">\n\t\t\t\t\t\t\t<div class=\"elementor-grid\" role=\"list\">\n\t\t\t\t\t\t\t\t<div class=\"elementor-grid-item\" role=\"listitem\">\n\t\t\t\t\t\t<div class=\"elementor-share-btn elementor-share-btn_facebook\" role=\"button\" tabindex=\"0\" aria-label=\"Share on facebook\">\n\t\t\t\t\t\t\t\t\t\t\t\t\t\t\t<span class=\"elementor-share-btn__icon\">\n\t\t\t\t\t\t\t\t<i class=\"fab fa-facebook\" aria-hidden=\"true\"><\/i>\t\t\t\t\t\t\t<\/span>\n\t\t\t\t\t\t\t\t\t\t\t\t\t\t\t\t\t\t\t\t<\/div>\n\t\t\t\t\t<\/div>\n\t\t\t\t\t\t\t\t\t<div class=\"elementor-grid-item\" role=\"listitem\">\n\t\t\t\t\t\t<div class=\"elementor-share-btn elementor-share-btn_twitter\" role=\"button\" tabindex=\"0\" aria-label=\"Share on twitter\">\n\t\t\t\t\t\t\t\t\t\t\t\t\t\t\t<span class=\"elementor-share-btn__icon\">\n\t\t\t\t\t\t\t\t<i class=\"fab fa-twitter\" aria-hidden=\"true\"><\/i>\t\t\t\t\t\t\t<\/span>\n\t\t\t\t\t\t\t\t\t\t\t\t\t\t\t\t\t\t\t\t<\/div>\n\t\t\t\t\t<\/div>\n\t\t\t\t\t\t\t\t\t<div class=\"elementor-grid-item\" role=\"listitem\">\n\t\t\t\t\t\t<div class=\"elementor-share-btn elementor-share-btn_linkedin\" role=\"button\" tabindex=\"0\" aria-label=\"Share on linkedin\">\n\t\t\t\t\t\t\t\t\t\t\t\t\t\t\t<span class=\"elementor-share-btn__icon\">\n\t\t\t\t\t\t\t\t<i class=\"fab fa-linkedin\" aria-hidden=\"true\"><\/i>\t\t\t\t\t\t\t<\/span>\n\t\t\t\t\t\t\t\t\t\t\t\t\t\t\t\t\t\t\t\t<\/div>\n\t\t\t\t\t<\/div>\n\t\t\t\t\t\t<\/div>\n\t\t\t\t\t\t<\/div>\n\t\t\t\t<\/div>\n\t\t\t\t\t<\/div>\n\t\t<\/div>\n\t\t\t\t\t<\/div>\n\t\t<\/section>\n\t\t\t\t<\/div>\n\t\t","protected":false},"excerpt":{"rendered":"<p>El nuevo estudio de Logistics &amp; Automation y Empack revela que casi la mitad de las empresas del sector log\u00edstico y del transporte (48%) y del packaging (44%) ya ha tenido que renegociar contratos con clientes o proveedores internacionales por la crisis arancelaria y geopol\u00edtica de los \u00faltimos doce meses. M\u00e1s de la mitad de [&hellip;]<\/p>\n","protected":false},"author":992,"featured_media":211637,"comment_status":"closed","ping_status":"open","sticky":false,"template":"","format":"standard","meta":{"_seopress_titles_title":"La respuesta de la UE ante la crisis arancelaria no convence al sector log\u00edstico y del packaging: menos del 2% la considera adecuada","_seopress_titles_desc":"El nuevo estudio de Empack revela que casi la mitad de las empresas del sector log\u00edstico y del transporte (48%) y del packaging (44%) ya ha tenido que...","_seopress_robots_index":"","_seopress_robots_follow":"","_seopress_robots_imageindex":"","_seopress_robots_snippet":"","_seopress_robots_primary_cat":"none","_seopress_robots_breadcrumbs":"","_seopress_robots_freeze_modified_date":"","_seopress_robots_custom_modified_date":"","_seopress_robots_canonical":"","_seopress_social_fb_title":"La respuesta de la UE ante la crisis arancelaria no convence al sector log\u00edstico y del packaging: menos del 2% la considera adecuada","_seopress_social_fb_desc":"menos del 2% la considera adecuada","_seopress_social_fb_img":"https:\/\/easyfairsassets.com\/sites\/84\/2026\/08\/banner-estudio-300pp.png","_seopress_social_fb_img_attachment_id":213044,"_seopress_social_fb_img_width":300,"_seopress_social_fb_img_height":141,"_seopress_social_twitter_title":"La respuesta de la UE ante la crisis arancelaria no convence al sector log\u00edstico y del packaging:","_seopress_social_twitter_desc":"menos del 2% la considera adecuada","_seopress_social_twitter_img":"https:\/\/easyfairsassets.com\/sites\/84\/2026\/08\/banner-estudio-300pp.png","_seopress_social_twitter_img_attachment_id":213044,"_seopress_social_twitter_img_width":300,"_seopress_social_twitter_img_height":141,"_seopress_redirections_value":"","_seopress_redirections_enabled":"","_seopress_redirections_enabled_regex":"","_seopress_redirections_logged_status":"both","_seopress_redirections_param":"","_seopress_redirections_type":301,"_seopress_analysis_target_kw":"feria,Logistics & Automation,clave,punto de encuentro,sector,internacionalizacion,proyectos,conferencias,networking,punto de referencia,Espa\u00f1a,nacional,ferias,log\u00edsticas","_seopress_news_disabled":"","_seopress_video_disabled":"","_seopress_video":[],"_seopress_pro_schemas_manual":[],"_seopress_pro_rich_snippets_disable_all":"","_seopress_pro_rich_snippets_disable":[],"_seopress_pro_schemas":[],"footnotes":""},"categories":[343],"tags":[],"edition":[],"class_list":["post-212676","post","type-post","status-publish","format-standard","has-post-thumbnail","hentry","category-notas-de-prensa"],"_links":{"self":[{"href":"https:\/\/www.logisticsautomationmadrid.com\/es\/wp-json\/wp\/v2\/posts\/212676","targetHints":{"allow":["GET"]}}],"collection":[{"href":"https:\/\/www.logisticsautomationmadrid.com\/es\/wp-json\/wp\/v2\/posts"}],"about":[{"href":"https:\/\/www.logisticsautomationmadrid.com\/es\/wp-json\/wp\/v2\/types\/post"}],"author":[{"embeddable":true,"href":"https:\/\/www.logisticsautomationmadrid.com\/es\/wp-json\/wp\/v2\/users\/992"}],"replies":[{"embeddable":true,"href":"https:\/\/www.logisticsautomationmadrid.com\/es\/wp-json\/wp\/v2\/comments?post=212676"}],"version-history":[{"count":5,"href":"https:\/\/www.logisticsautomationmadrid.com\/es\/wp-json\/wp\/v2\/posts\/212676\/revisions"}],"predecessor-version":[{"id":213050,"href":"https:\/\/www.logisticsautomationmadrid.com\/es\/wp-json\/wp\/v2\/posts\/212676\/revisions\/213050"}],"wp:featuredmedia":[{"embeddable":true,"href":"https:\/\/www.logisticsautomationmadrid.com\/es\/wp-json\/wp\/v2\/media\/211637"}],"wp:attachment":[{"href":"https:\/\/www.logisticsautomationmadrid.com\/es\/wp-json\/wp\/v2\/media?parent=212676"}],"wp:term":[{"taxonomy":"category","embeddable":true,"href":"https:\/\/www.logisticsautomationmadrid.com\/es\/wp-json\/wp\/v2\/categories?post=212676"},{"taxonomy":"post_tag","embeddable":true,"href":"https:\/\/www.logisticsautomationmadrid.com\/es\/wp-json\/wp\/v2\/tags?post=212676"},{"taxonomy":"edition","embeddable":true,"href":"https:\/\/www.logisticsautomationmadrid.com\/es\/wp-json\/wp\/v2\/edition?post=212676"}],"curies":[{"name":"wp","href":"https:\/\/api.w.org\/{rel}","templated":true}]}}