{"id":212973,"date":"2026-09-02T09:04:48","date_gmt":"2026-09-02T07:04:48","guid":{"rendered":"https:\/\/www.logisticsautomationmadrid.com\/?p=212973"},"modified":"2026-09-02T09:21:06","modified_gmt":"2026-09-02T07:21:06","slug":"septiembre-volver-a-mirar-la-cadena-de-suministro-con-vision-de-futuro","status":"publish","type":"post","link":"https:\/\/www.logisticsautomationmadrid.com\/es\/2026\/09\/02\/septiembre-volver-a-mirar-la-cadena-de-suministro-con-vision-de-futuro\/","title":{"rendered":"Septiembre: volver a mirar la cadena de suministro con visi\u00f3n de futuro"},"content":{"rendered":"\t\t<div data-elementor-type=\"wp-post\" data-elementor-id=\"212973\" class=\"elementor elementor-212973\" data-elementor-post-type=\"post\">\n\t\t\t\t\t\t<section class=\"elementor-section elementor-top-section elementor-element elementor-element-71165a61 elementor-section-boxed elementor-section-height-default elementor-section-height-default\" data-id=\"71165a61\" data-element_type=\"section\" data-e-type=\"section\">\n\t\t\t\t\t\t<div class=\"elementor-container elementor-column-gap-default\">\n\t\t\t\t\t<div class=\"elementor-column elementor-col-50 elementor-top-column elementor-element elementor-element-365ebd54\" data-id=\"365ebd54\" data-element_type=\"column\" data-e-type=\"column\">\n\t\t\t<div class=\"elementor-widget-wrap elementor-element-populated\">\n\t\t\t\t\t\t<div class=\"elementor-element elementor-element-08b1280 elementor-widget__width-initial elementor-invisible elementor-widget elementor-widget-heading\" data-id=\"08b1280\" data-element_type=\"widget\" data-e-type=\"widget\" data-settings=\"{&quot;_animation&quot;:&quot;fadeIn&quot;}\" data-widget_type=\"heading.default\">\n\t\t\t\t<div class=\"elementor-widget-container\">\n\t\t\t\t\t<h1 class=\"elementor-heading-title elementor-size-default\">Septiembre: volver a mirar la cadena de suministro con visi\u00f3n de futuro<\/h1>\t\t\t\t<\/div>\n\t\t\t\t<\/div>\n\t\t\t\t<div class=\"elementor-element elementor-element-ae785f4 elementor-widget__width-initial elementor-widget elementor-widget-text-editor\" data-id=\"ae785f4\" data-element_type=\"widget\" data-e-type=\"widget\" data-settings=\"{&quot;_animation&quot;:&quot;none&quot;}\" data-widget_type=\"text-editor.default\">\n\t\t\t\t<div class=\"elementor-widget-container\">\n\t\t\t\t\t\t\t\t\t<p>Septiembre siempre tiene algo de reinicio. Volvemos de las vacaciones, retomamos proyectos, revisamos objetivos y empezamos a mirar con mayor claridad el \u00faltimo tramo del a\u00f1o. Momento de prop\u00f3sitos y \u201cH\u00e1bitos At\u00f3micos\u201d.<\/p><p>En las empresas ocurre algo parecido: septiembre es un buen momento para preguntarnos donde estamos y donde queremos estar, qu\u00e9 hemos aprendido, qu\u00e9 retos siguen abiertos y qu\u00e9 decisiones debemos tomar para cerrar bien el ejercicio y preparar el siguiente.<\/p><p>Y si hay una funci\u00f3n empresarial que necesita hoy esa mirada de revisi\u00f3n y anticipaci\u00f3n, esa es la cadena de suministro. La supply chain vive un momento especialmente interesante. Durante a\u00f1os fue vista, en muchas compa\u00f1\u00edas, como un \u00e1rea operativa: compras, almacenes, transporte, planificaci\u00f3n, servicio al cliente. Sin embargo, los \u00faltimos a\u00f1os han demostrado que la cadena de suministro es mucho m\u00e1s que eso. Es una palanca de competitividad, resiliencia, rentabilidad y experiencia de cliente. Cuando funciona bien, muchas veces no se nota. Cuando falla, toda la organizaci\u00f3n lo sufre.<\/p><p>Volvemos de las vacaciones hablando de inflaci\u00f3n, presi\u00f3n en los costes, tensiones geopol\u00edticas, falta de determinados perfiles profesionales, exigencias de sostenibilidad, cambios en la demanda, nuevas expectativas del consumidor, mayor complejidad regulatoria y necesidad de digitalizaci\u00f3n. Y todo esto sin duda impacta directamente en las operaciones. Por eso, la pregunta ya no es si debemos transformar la cadena de suministro, sino c\u00f3mo hacerlo de forma ordenada, rentable y sostenible.<\/p><p>El pr\u00f3ximo 11 y 12 de noviembre, Logistics &amp; Automation Madrid volver\u00e1 a reunir en IFEMA MADRID a profesionales de log\u00edstica, supply chain, transporte, automatizaci\u00f3n e intralog\u00edstica y tecno-optimistas. Ser\u00e1, sin duda, una excelente oportunidad para ver soluciones, compartir experiencias y debatir sobre los retos reales del sector. La feria integra soluciones de almacenamiento, equipos, rob\u00f3tica, automatizaci\u00f3n, software, trazabilidad y servicios, y en 2026 una vez mas se celebrar\u00e1 junto a Empack y Logistic &amp; Industrial Build, reforzando esa visi\u00f3n completa de la cadena de valor.<\/p><p><span style=\"color: #ff6600;\"><strong>Almacenaje y equipamiento: del espacio f\u00edsico al activo estrat\u00e9gico<\/strong><\/span><\/p><p>Uno de los grandes retos actuales est\u00e1 en el almac\u00e9n. Durante mucho tiempo hemos entendido el almac\u00e9n como un lugar donde acumular producto e inventario. Hoy sin embargo debemos entenderlo como un nodo cr\u00edtico de servicio, coste, productividad y flexibilidad.<\/p><p>El crecimiento del comercio electr\u00f3nico, la omnicanalidad, la presi\u00f3n sobre los plazos de entrega y la necesidad de preparar pedidos cada vez m\u00e1s fragmentados obligan a repensar los espacios. Ya no basta con tener metros cuadrados. Necesitamos almacenes mejor dise\u00f1ados, mejor equipados y conectados con la planificaci\u00f3n, el transporte y la demanda.<\/p><p>Las soluciones de almacenaje y equipamiento que veremos en la feria nos ayudar\u00e1n a responder a preguntas muy concretas: \u00bfestoy utilizando bien mi capacidad?, \u00bfpuedo mejorar la densidad de almacenamiento?, \u00bftengo el layout adecuado?, \u00bfqu\u00e9 nivel de automatizaci\u00f3n necesita realmente mi operaci\u00f3n?, \u00bfc\u00f3mo reduzco movimientos innecesarios?, \u00bfc\u00f3mo mejoro la seguridad y la ergonom\u00eda?<\/p><p>El objetivo no debe ser automatizar por moda, sino eliminar desperdicio operativo. Menos recorridos, menos esperas, menos errores, menos roturas, menos improductividad. En lenguaje Lean, se trata de convertir el almac\u00e9n en un sistema fluido, visual, seguro y orientado al cliente.<\/p><p><span style=\"color: #ff6600;\"><strong>Intralog\u00edstica y supply chain: conectar lo que antes estaba separado<\/strong><\/span><\/p><p>La intralog\u00edstica ha pasado de ser una disciplina t\u00e9cnica para convertirse en una pieza clave de la estrategia de supply chain. El movimiento interno de materiales, la preparaci\u00f3n de pedidos, la reposici\u00f3n, la gesti\u00f3n de ubicaciones, la integraci\u00f3n con producci\u00f3n y la conexi\u00f3n con expediciones impactan directamente en el nivel de servicio.<\/p><p>Uno de los principales retos de muchas empresas sigue siendo la fragmentaci\u00f3n. Sistemas que no hablan entre s\u00ed. Procesos dise\u00f1ados por \u00e1reas. Indicadores locales que no siempre optimizan el resultado global. Decisiones de compra que afectan al almac\u00e9n. Decisiones comerciales que afectan al transporte. Decisiones de inventario que afectan al capital circulante.<\/p><p>La tendencia clara es avanzar hacia una visi\u00f3n extremo a extremo. La supply chain debe gestionarse como un flujo integrado: demanda, planificaci\u00f3n, aprovisionamiento, fabricaci\u00f3n, almac\u00e9n, transporte y cliente. Cuando conectamos estos procesos, mejoramos la capacidad de decisi\u00f3n.<\/p><p>Durante la feria veremos soluciones que permiten precisamente esa integraci\u00f3n: sistemas de gesti\u00f3n, tecnolog\u00edas de control operativo, herramientas de planificaci\u00f3n, soluciones de visibilidad y plataformas colaborativas. Pero la clave seguir\u00e1 siendo la misma: primero entender el proceso, despu\u00e9s aplicar la tecnolog\u00eda adecuada.<\/p><p><span style=\"color: #ff6600;\"><strong>Rob\u00f3tica y automatizaci\u00f3n: productividad con criterio<\/strong><\/span><\/p><p>La rob\u00f3tica y la automatizaci\u00f3n son, probablemente, una de las tendencias m\u00e1s visibles del sector. Robots m\u00f3viles aut\u00f3nomos, sistemas autom\u00e1ticos de almacenamiento, clasificadores, transportadores, picking asistido, visi\u00f3n artificial, soluciones goods-to-person y tecnolog\u00edas colaborativas forman ya parte del lenguaje habitual de muchas operaciones.<\/p><p>Pero aqu\u00ed conviene ser muy claros. Automatizar no significa sustituir personas sin m\u00e1s. Automatizar significa redise\u00f1ar tareas para ganar productividad, calidad, seguridad y escalabilidad. En un contexto de presi\u00f3n salarial, dificultad para captar talento operativo y necesidad de responder a picos de demanda, la automatizaci\u00f3n se convierte en una herramienta fundamental.<\/p><p>Ahora bien, no todas las operaciones necesitan el mismo nivel de automatizaci\u00f3n. La decisi\u00f3n debe basarse en datos: volumen, variabilidad, perfil de pedidos, estacionalidad, coste laboral, nivel de servicio, espacio disponible, retorno esperado y capacidad de mantenimiento. La automatizaci\u00f3n mal dise\u00f1ada puede convertirse en rigidez. La automatizaci\u00f3n bien planteada se convierte en ventaja competitiva.<\/p><p>La feria ser\u00e1 un buen lugar para comparar tecnolog\u00edas, entender casos de uso y distinguir entre soluciones realmente aplicables y tendencias todav\u00eda inmaduras para determinados entornos.<\/p><p><span style=\"color: #ff6600;\"><strong>Trazabilidad y servicios: visibilidad para decidir mejor<\/strong><\/span><\/p><p>Otra gran tendencia es la trazabilidad. En un entorno cada vez m\u00e1s exigente, saber qu\u00e9 ocurre, d\u00f3nde ocurre y por qu\u00e9 ocurre se ha convertido en una necesidad directiva. La trazabilidad ya no afecta solo a sectores regulados. Hoy es relevante para alimentaci\u00f3n, farmacia, retail, automoci\u00f3n, industria, energ\u00eda, consumo y transporte.<\/p><p>Los clientes quieren informaci\u00f3n. Las empresas necesitan control. Los reguladores exigen transparencia. Y los equipos operativos necesitan anticiparse a incidencias antes de que lleguen al cliente.<\/p><p>La trazabilidad permite reducir errores, mejorar la calidad, gestionar incidencias, cumplir requisitos normativos, analizar causas ra\u00edz y construir confianza. Pero, de nuevo, el valor no est\u00e1 solo en capturar datos. El valor est\u00e1 en convertir esos datos en decisiones.<\/p><p>Tecnolog\u00edas como RFID, sensores, identificaci\u00f3n autom\u00e1tica, plataformas de visibilidad, control de temperatura, seguimiento de activos y trazabilidad documental ser\u00e1n cada vez m\u00e1s importantes.<\/p><p><span style=\"color: #ff6600;\"><strong>Transporte y software: la \u00faltima frontera de la eficiencia<\/strong><\/span><\/p><p>El transporte sigue siendo uno de los grandes retos de la cadena de suministro. Costes elevados, restricciones de capacidad, presi\u00f3n medioambiental, entregas urbanas complejas, falta de conductores, volatilidad del combustible y exigencia de puntualidad forman parte del d\u00eda a d\u00eda.<\/p><p>Aqu\u00ed el software juega un papel cada vez m\u00e1s relevante. La planificaci\u00f3n de rutas, la asignaci\u00f3n de cargas, la optimizaci\u00f3n de flotas, la visibilidad en tr\u00e1nsito, la gesti\u00f3n documental, la colaboraci\u00f3n con transportistas y el an\u00e1lisis de costes permiten mejorar tanto la eficiencia como el servicio.<\/p><p>La feria incorpora tambi\u00e9n el \u00e1mbito de transporte y software, reuniendo soluciones para transporte multimodal, operadores, couriers, \u00faltima milla y herramientas de gesti\u00f3n del transporte. Esto es especialmente importante porque muchas compa\u00f1\u00edas ya han optimizado parcialmente sus almacenes, pero todav\u00eda tienen grandes oportunidades en la planificaci\u00f3n y ejecuci\u00f3n del transporte.<\/p><p>El futuro pasa por cadenas m\u00e1s conectadas: almacenes que preparan en funci\u00f3n de rutas reales, transporte que se planifica con visibilidad de inventario, clientes que reciben informaci\u00f3n fiable y equipos que gestionan excepciones en tiempo real.<\/p><p>La cadena de suministro actual necesita tecnolog\u00eda, sin duda. Os lo dice un tecno-optimista. Pero necesita, sobre todo, criterio. No se trata de comprar herramientas, sino de resolver problemas de negocio. No se trata de digitalizar por presi\u00f3n del mercado, sino de mejorar procesos, servicio, productividad y competitividad.<\/p><p><strong>Septiembre es un buen momento para ordenar prioridades. \u00a0Y hacernos algunas preguntas<br \/><\/strong><\/p><ul><li>\u00bfD\u00f3nde tengo mis principales cuellos de botella?<\/li><li>\u00bfQu\u00e9 procesos generan m\u00e1s errores?<\/li><li>\u00bfD\u00f3nde pierdo productividad?<\/li><li>\u00bfQu\u00e9 informaci\u00f3n no tengo a tiempo?<\/li><li>\u00bfQu\u00e9 decisiones sigo tomando por intuici\u00f3n?<\/li><li>\u00bfQu\u00e9 parte de mi operaci\u00f3n necesita m\u00e1s flexibilidad?<\/li><li>\u00bfQu\u00e9 inversi\u00f3n tecnol\u00f3gica puede generar m\u00e1s impacto?<\/li><li>\u2026.<\/li><\/ul><p>\u00a0<\/p><p>El <strong>11 y 12 de noviembre tendremos en Madrid una magn\u00edfica ocasi\u00f3n para llevar estas preguntas al terreno pr\u00e1ctico<\/strong>. Logistics &amp; Automation ser\u00e1 un punto de encuentro para ver, escuchar, comparar y debatir. Y eso es precisamente lo que necesita hoy nuestro sector: menos discursos abstractos y m\u00e1s conversaciones \u00fatiles sobre c\u00f3mo mejorar la competitividad desde la operaci\u00f3n.<\/p><p>Porque la supply chain del futuro no ser\u00e1 solo m\u00e1s automatizada. <strong>Nuestra cadena de suministro deber\u00e1 m\u00e1s integrada, m\u00e1s visible, m\u00e1s flexible, m\u00e1s sostenible y m\u00e1s inteligente<\/strong>. Y quienes empiecen a construirla hoy estar\u00e1n mejor preparados para competir ma\u00f1ana.<\/p><p>Nos vemos pronto<\/p>\t\t\t\t\t\t\t\t<\/div>\n\t\t\t\t<\/div>\n\t\t\t\t<div class=\"elementor-element elementor-element-f3f178c elementor-hidden-desktop elementor-hidden-tablet elementor-hidden-mobile elementor-widget elementor-widget-button\" data-id=\"f3f178c\" data-element_type=\"widget\" data-e-type=\"widget\" data-widget_type=\"button.default\">\n\t\t\t\t<div class=\"elementor-widget-container\">\n\t\t\t\t\t\t\t\t\t<div class=\"elementor-button-wrapper\">\n\t\t\t\t\t<a class=\"elementor-button elementor-button-link elementor-size-sm\" href=\"https:\/\/murciaeconomia.com\/art\/102444\/murcia-avanza-hacia-la-electrificacion-logistica-oportunidades-de-subvencion-para-modernizar-flotas-industriales\">\n\t\t\t\t\t\t<span class=\"elementor-button-content-wrapper\">\n\t\t\t\t\t\t\t\t\t<span class=\"elementor-button-text\">Leer la noticia completa<\/span>\n\t\t\t\t\t<\/span>\n\t\t\t\t\t<\/a>\n\t\t\t\t<\/div>\n\t\t\t\t\t\t\t\t<\/div>\n\t\t\t\t<\/div>\n\t\t\t\t\t<\/div>\n\t\t<\/div>\n\t\t\t\t<div class=\"elementor-column elementor-col-50 elementor-top-column elementor-element elementor-element-28f5464\" data-id=\"28f5464\" data-element_type=\"column\" data-e-type=\"column\">\n\t\t\t<div class=\"elementor-widget-wrap elementor-element-populated\">\n\t\t\t\t\t\t<div class=\"elementor-element elementor-element-0f0cca7 elementor-widget elementor-widget-global elementor-global-80917 elementor-widget-shortcode\" data-id=\"0f0cca7\" data-element_type=\"widget\" data-e-type=\"widget\" data-widget_type=\"shortcode.default\">\n\t\t\t\t<div class=\"elementor-widget-container\">\n\t\t\t\t\t\t\t<div class=\"elementor-shortcode\"><\/div>\n\t\t\t\t\t\t<\/div>\n\t\t\t\t<\/div>\n\t\t\t\t<div class=\"elementor-element elementor-element-000d66c elementor-hidden-desktop elementor-hidden-tablet elementor-hidden-mobile elementor-widget elementor-widget-global elementor-global-128196 elementor-widget-button\" data-id=\"000d66c\" data-element_type=\"widget\" data-e-type=\"widget\" data-widget_type=\"button.default\">\n\t\t\t\t<div class=\"elementor-widget-container\">\n\t\t\t\t\t\t\t\t\t<div class=\"elementor-button-wrapper\">\n\t\t\t\t\t<a class=\"elementor-button elementor-button-link elementor-size-sm\" href=\"https:\/\/register.visitcloud.com\/survey\/0vn380ompp42t?actioncode=LOGB1\">\n\t\t\t\t\t\t<span class=\"elementor-button-content-wrapper\">\n\t\t\t\t\t\t\t\t\t<span class=\"elementor-button-text\">REG\u00cdSTRATE GRATIS EN BILBAO<\/span>\n\t\t\t\t\t<\/span>\n\t\t\t\t\t<\/a>\n\t\t\t\t<\/div>\n\t\t\t\t\t\t\t\t<\/div>\n\t\t\t\t<\/div>\n\t\t\t\t<div class=\"elementor-element elementor-element-45ddf21 elementor-invisible elementor-widget elementor-widget-heading\" data-id=\"45ddf21\" data-element_type=\"widget\" data-e-type=\"widget\" data-settings=\"{&quot;_animation&quot;:&quot;fadeIn&quot;}\" data-widget_type=\"heading.default\">\n\t\t\t\t<div class=\"elementor-widget-container\">\n\t\t\t\t\t<p class=\"elementor-heading-title elementor-size-default\">Suscr\u00edbete a nuestra newsletter<\/p>\t\t\t\t<\/div>\n\t\t\t\t<\/div>\n\t\t\t\t<div class=\"elementor-element elementor-element-011799d elementor-widget__width-inherit elementor-hidden-phone elementor-button-align-stretch elementor-widget elementor-widget-global elementor-global-136618 elementor-widget-form\" data-id=\"011799d\" data-element_type=\"widget\" data-e-type=\"widget\" data-settings=\"{&quot;button_width&quot;:&quot;25&quot;,&quot;step_next_label&quot;:&quot;Next&quot;,&quot;step_previous_label&quot;:&quot;Previous&quot;,&quot;step_type&quot;:&quot;number_text&quot;,&quot;step_icon_shape&quot;:&quot;circle&quot;}\" data-widget_type=\"form.default\">\n\t\t\t\t<div class=\"elementor-widget-container\">\n\t\t\t\t\t\t\t<form class=\"elementor-form\" method=\"post\" name=\"Newsletter\" aria-label=\"Newsletter\">\n\t\t\t<input type=\"hidden\" name=\"post_id\" value=\"212973\"\/>\n\t\t\t<input type=\"hidden\" name=\"form_id\" value=\"011799d\"\/>\n\t\t\t<input type=\"hidden\" name=\"referer_title\" value=\"\" \/>\n\n\t\t\t\n\t\t\t<div class=\"elementor-form-fields-wrapper elementor-labels-\">\n\t\t\t\t\t\t\t\t<div class=\"elementor-field-type-text elementor-field-group elementor-column elementor-field-group-FirstName elementor-col-100\">\n\t\t\t\t\t\t\t\t\t\t\t\t<label for=\"form-field-FirstName\" class=\"elementor-field-label elementor-screen-only\">\n\t\t\t\t\t\t\t\tNombre\t\t\t\t\t\t\t<\/label>\n\t\t\t\t\t\t\t\t\t\t\t\t\t\t<input size=\"1\" type=\"text\" name=\"form_fields[FirstName]\" id=\"form-field-FirstName\" class=\"elementor-field elementor-size-sm  elementor-field-textual\" placeholder=\"Nombre\">\n\t\t\t\t\t\t\t\t\t\t\t<\/div>\n\t\t\t\t\t\t\t\t<div class=\"elementor-field-type-text elementor-field-group elementor-column elementor-field-group-LastName elementor-col-100\">\n\t\t\t\t\t\t\t\t\t\t\t\t<label for=\"form-field-LastName\" class=\"elementor-field-label elementor-screen-only\">\n\t\t\t\t\t\t\t\tApellido\t\t\t\t\t\t\t<\/label>\n\t\t\t\t\t\t\t\t\t\t\t\t\t\t<input size=\"1\" type=\"text\" name=\"form_fields[LastName]\" id=\"form-field-LastName\" class=\"elementor-field elementor-size-sm  elementor-field-textual\" placeholder=\"Apellido\">\n\t\t\t\t\t\t\t\t\t\t\t<\/div>\n\t\t\t\t\t\t\t\t<div class=\"elementor-field-type-email elementor-field-group elementor-column elementor-field-group-Email elementor-col-100 elementor-field-required\">\n\t\t\t\t\t\t\t\t\t\t\t\t<label for=\"form-field-Email\" class=\"elementor-field-label elementor-screen-only\">\n\t\t\t\t\t\t\t\tEmail\t\t\t\t\t\t\t<\/label>\n\t\t\t\t\t\t\t\t\t\t\t\t\t\t<input size=\"1\" type=\"email\" name=\"form_fields[Email]\" id=\"form-field-Email\" class=\"elementor-field elementor-size-sm  elementor-field-textual\" placeholder=\"Email\" required=\"required\">\n\t\t\t\t\t\t\t\t\t\t\t<\/div>\n\t\t\t\t\t\t\t\t<div class=\"elementor-field-type-recaptcha_v3 elementor-field-group elementor-column elementor-field-group-field_688d276 elementor-col-100 recaptcha_v3-inline\">\n\t\t\t\t\t<div class=\"elementor-field\" id=\"form-field-field_688d276\"><div class=\"elementor-g-recaptcha\" data-sitekey=\"6LcL8JEeAAAAAHGKxhMF822nWuJyvUyd4lk7Rb4s\" data-type=\"v3\" data-action=\"Form\" data-badge=\"inline\" data-size=\"invisible\"><\/div><\/div>\t\t\t\t<\/div>\n\t\t\t\t\t\t\t\t<div class=\"elementor-field-group elementor-column elementor-field-type-submit elementor-col-25 e-form__buttons\">\n\t\t\t\t\t<button class=\"elementor-button elementor-size-md\" type=\"submit\">\n\t\t\t\t\t\t<span class=\"elementor-button-content-wrapper\">\n\t\t\t\t\t\t\t\t\t\t\t\t\t\t\t\t\t\t\t\t\t\t<span class=\"elementor-button-text\">Enviar<\/span>\n\t\t\t\t\t\t\t\t\t\t\t\t\t<\/span>\n\t\t\t\t\t<\/button>\n\t\t\t\t<\/div>\n\t\t\t<\/div>\n\t\t<\/form>\n\t\t\t\t\t\t<\/div>\n\t\t\t\t<\/div>\n\t\t\t\t<div class=\"elementor-element elementor-element-ddb89d9 elementor-grid-1 elementor-posts--thumbnail-none elementor-grid-tablet-1 elementor-grid-mobile-1 elementor-widget elementor-widget-posts\" data-id=\"ddb89d9\" data-element_type=\"widget\" data-e-type=\"widget\" data-settings=\"{&quot;classic_columns&quot;:&quot;1&quot;,&quot;classic_row_gap&quot;:{&quot;unit&quot;:&quot;px&quot;,&quot;size&quot;:&quot;23&quot;,&quot;sizes&quot;:[]},&quot;classic_columns_tablet&quot;:&quot;1&quot;,&quot;_animation&quot;:&quot;none&quot;,&quot;classic_columns_mobile&quot;:&quot;1&quot;,&quot;classic_row_gap_tablet&quot;:{&quot;unit&quot;:&quot;px&quot;,&quot;size&quot;:&quot;&quot;,&quot;sizes&quot;:[]},&quot;classic_row_gap_mobile&quot;:{&quot;unit&quot;:&quot;px&quot;,&quot;size&quot;:&quot;&quot;,&quot;sizes&quot;:[]}}\" data-widget_type=\"posts.classic\">\n\t\t\t\t<div class=\"elementor-widget-container\">\n\t\t\t\t\t\t\t<div class=\"elementor-posts-container elementor-posts elementor-posts--skin-classic elementor-grid\" role=\"list\">\n\t\t\t\t<article class=\"elementor-post elementor-grid-item post-213016 post type-post status-publish format-standard has-post-thumbnail hentry category-a-coffee-with tag-cafe-con-en tag-entrevista-en tag-noel-alimentaria\" role=\"listitem\">\n\t\t\t\t<div class=\"elementor-post__text\">\n\t\t\t\t<h3 class=\"elementor-post__title\">\n\t\t\t<a href=\"https:\/\/www.logisticsautomationmadrid.com\/es\/2026\/09\/02\/un-cafe-con-ferran-soler-manager-de-logistica-en-noel-alimentaria\/\" >\n\t\t\t\tUn caf\u00e9 con Ferran Soler, Manager de Log\u00edstica en Noel Alimentaria\t\t\t<\/a>\n\t\t<\/h3>\n\t\t\t\t<div class=\"elementor-post__excerpt\">\n\t\t\t<p>L&amp;A: Ferran, Noel Alimentaria opera en mercados muy diversos y con una fuerte presencia internacional. \u00bfCu\u00e1les son hoy los mayores retos log\u00edsticos de gestionar una<\/p>\n\t\t<\/div>\n\t\t\n\t\t<a class=\"elementor-post__read-more\" href=\"https:\/\/www.logisticsautomationmadrid.com\/es\/2026\/09\/02\/un-cafe-con-ferran-soler-manager-de-logistica-en-noel-alimentaria\/\" aria-label=\"Read more about Un caf\u00e9 con Ferran Soler, Manager de Log\u00edstica en Noel Alimentaria\" tabindex=\"-1\" >\n\t\t\tRead More \u00bb\t\t<\/a>\n\n\t\t\t\t<\/div>\n\t\t\t\t<\/article>\n\t\t\t\t<article class=\"elementor-post elementor-grid-item post-212984 post type-post status-publish format-standard has-post-thumbnail hentry category-blog category-ia-trazabilidad-seguridad category-logistica-intralogistica-almacenamiento\" role=\"listitem\">\n\t\t\t\t<div class=\"elementor-post__text\">\n\t\t\t\t<h3 class=\"elementor-post__title\">\n\t\t\t<a href=\"https:\/\/www.logisticsautomationmadrid.com\/es\/2026\/09\/02\/logistics-and-automation-ofrecera-un-panorama-diverso-de-tecnologias-de-automatizacion-de-almacen\/\" >\n\t\t\t\tLogistics and Automation ofrecer\u00e1 un panorama diverso de tecnolog\u00edas de automatizaci\u00f3n de almac\u00e9n\t\t\t<\/a>\n\t\t<\/h3>\n\t\t\t\t<div class=\"elementor-post__excerpt\">\n\t\t\t<p>Logistics and Automation ofrecer\u00e1 un panorama diverso de tecnolog\u00edas de automatizaci\u00f3n de almac\u00e9n. En este entorno, un socio de confianza con capacidades de integraci\u00f3n y<\/p>\n\t\t<\/div>\n\t\t\n\t\t<a class=\"elementor-post__read-more\" href=\"https:\/\/www.logisticsautomationmadrid.com\/es\/2026\/09\/02\/logistics-and-automation-ofrecera-un-panorama-diverso-de-tecnologias-de-automatizacion-de-almacen\/\" aria-label=\"Read more about Logistics and Automation ofrecer\u00e1 un panorama diverso de tecnolog\u00edas de automatizaci\u00f3n de almac\u00e9n\" tabindex=\"-1\" >\n\t\t\tRead More \u00bb\t\t<\/a>\n\n\t\t\t\t<\/div>\n\t\t\t\t<\/article>\n\t\t\t\t<article class=\"elementor-post elementor-grid-item post-212973 post type-post status-publish format-standard has-post-thumbnail hentry category-blog category-ia-trazabilidad-seguridad category-logistica-intralogistica-almacenamiento category-robotica-automatizacion category-transport-delivery tag-cambios tag-cargos tag-ia tag-ia-chief-officer tag-integracion tag-inteligencia-artificial tag-septiembre tag-supply-chain tag-transporte\" role=\"listitem\">\n\t\t\t\t<div class=\"elementor-post__text\">\n\t\t\t\t<h3 class=\"elementor-post__title\">\n\t\t\t<a href=\"https:\/\/www.logisticsautomationmadrid.com\/es\/2026\/09\/02\/septiembre-volver-a-mirar-la-cadena-de-suministro-con-vision-de-futuro\/\" >\n\t\t\t\tSeptiembre: volver a mirar la cadena de suministro con visi\u00f3n de futuro\t\t\t<\/a>\n\t\t<\/h3>\n\t\t\t\t<div class=\"elementor-post__excerpt\">\n\t\t\t<p>Septiembre siempre tiene algo de reinicio. Volvemos de las vacaciones, retomamos proyectos, revisamos objetivos y empezamos a mirar con mayor claridad el \u00faltimo tramo del<\/p>\n\t\t<\/div>\n\t\t\n\t\t<a class=\"elementor-post__read-more\" href=\"https:\/\/www.logisticsautomationmadrid.com\/es\/2026\/09\/02\/septiembre-volver-a-mirar-la-cadena-de-suministro-con-vision-de-futuro\/\" aria-label=\"Read more about Septiembre: volver a mirar la cadena de suministro con visi\u00f3n de futuro\" tabindex=\"-1\" >\n\t\t\tRead More \u00bb\t\t<\/a>\n\n\t\t\t\t<\/div>\n\t\t\t\t<\/article>\n\t\t\t\t<article class=\"elementor-post elementor-grid-item post-212676 post type-post status-publish format-standard has-post-thumbnail hentry category-notas-de-prensa\" role=\"listitem\">\n\t\t\t\t<div class=\"elementor-post__text\">\n\t\t\t\t<h3 class=\"elementor-post__title\">\n\t\t\t<a href=\"https:\/\/www.logisticsautomationmadrid.com\/es\/2026\/08\/29\/la-respuesta-de-la-ue-ante-la-crisis-arancelaria-no-convence-al-sector-logistico-y-del-packaging\/\" >\n\t\t\t\tLa respuesta de la UE ante la crisis arancelaria no convence al sector log\u00edstico y del packaging: menos del 2% la considera adecuada\t\t\t<\/a>\n\t\t<\/h3>\n\t\t\t\t<div class=\"elementor-post__excerpt\">\n\t\t\t<p>El nuevo estudio de Logistics &amp; Automation y Empack revela que casi la mitad de las empresas del sector log\u00edstico y del transporte (48%) y<\/p>\n\t\t<\/div>\n\t\t\n\t\t<a class=\"elementor-post__read-more\" href=\"https:\/\/www.logisticsautomationmadrid.com\/es\/2026\/08\/29\/la-respuesta-de-la-ue-ante-la-crisis-arancelaria-no-convence-al-sector-logistico-y-del-packaging\/\" aria-label=\"Read more about La respuesta de la UE ante la crisis arancelaria no convence al sector log\u00edstico y del packaging: menos del 2% la considera adecuada\" tabindex=\"-1\" >\n\t\t\tRead More \u00bb\t\t<\/a>\n\n\t\t\t\t<\/div>\n\t\t\t\t<\/article>\n\t\t\t\t<\/div>\n\t\t\n\t\t\t\t\t\t<\/div>\n\t\t\t\t<\/div>\n\t\t\t\t<div class=\"elementor-element elementor-element-142798d6 elementor-widget-divider--view-line elementor-widget elementor-widget-divider\" data-id=\"142798d6\" data-element_type=\"widget\" data-e-type=\"widget\" data-widget_type=\"divider.default\">\n\t\t\t\t<div class=\"elementor-widget-container\">\n\t\t\t\t\t\t\t<div class=\"elementor-divider\">\n\t\t\t<span class=\"elementor-divider-separator\">\n\t\t\t\t\t\t<\/span>\n\t\t<\/div>\n\t\t\t\t\t\t<\/div>\n\t\t\t\t<\/div>\n\t\t\t\t\t<\/div>\n\t\t<\/div>\n\t\t\t\t\t<\/div>\n\t\t<\/section>\n\t\t\t\t<section class=\"elementor-section elementor-top-section elementor-element elementor-element-49136ec elementor-section-full_width elementor-section-height-default elementor-section-height-default\" data-id=\"49136ec\" data-element_type=\"section\" data-e-type=\"section\">\n\t\t\t\t\t\t<div class=\"elementor-container elementor-column-gap-default\">\n\t\t\t\t\t<div class=\"elementor-column elementor-col-100 elementor-top-column elementor-element elementor-element-4a08fcbd\" data-id=\"4a08fcbd\" data-element_type=\"column\" data-e-type=\"column\">\n\t\t\t<div class=\"elementor-widget-wrap elementor-element-populated\">\n\t\t\t\t\t\t<div class=\"elementor-element elementor-element-6c1ef897 elementor-widget-divider--view-line elementor-widget elementor-widget-divider\" data-id=\"6c1ef897\" data-element_type=\"widget\" data-e-type=\"widget\" data-widget_type=\"divider.default\">\n\t\t\t\t<div class=\"elementor-widget-container\">\n\t\t\t\t\t\t\t<div class=\"elementor-divider\">\n\t\t\t<span class=\"elementor-divider-separator\">\n\t\t\t\t\t\t<\/span>\n\t\t<\/div>\n\t\t\t\t\t\t<\/div>\n\t\t\t\t<\/div>\n\t\t\t\t<div class=\"elementor-element elementor-element-67dafb1c elementor-widget elementor-widget-text-editor\" data-id=\"67dafb1c\" data-element_type=\"widget\" data-e-type=\"widget\" data-widget_type=\"text-editor.default\">\n\t\t\t\t<div class=\"elementor-widget-container\">\n\t\t\t\t\t\t\t\t\t<p><span style=\"vertical-align: inherit\"><span style=\"vertical-align: inherit\"><span style=\"vertical-align: inherit\"><span style=\"vertical-align: inherit\"><span style=\"vertical-align: inherit\"><span style=\"vertical-align: inherit\">Share this article<\/span><\/span><\/span><\/span><\/span><\/span><\/p>\t\t\t\t\t\t\t\t<\/div>\n\t\t\t\t<\/div>\n\t\t\t\t<div class=\"elementor-element elementor-element-cd3e401 elementor-share-buttons--view-icon elementor-share-buttons--skin-flat elementor-share-buttons--shape-circle elementor-share-buttons--color-custom elementor-grid-0 elementor-widget elementor-widget-global elementor-global-111270 elementor-widget-share-buttons\" data-id=\"cd3e401\" data-element_type=\"widget\" data-e-type=\"widget\" data-widget_type=\"share-buttons.default\">\n\t\t\t\t<div class=\"elementor-widget-container\">\n\t\t\t\t\t\t\t<div class=\"elementor-grid\" role=\"list\">\n\t\t\t\t\t\t\t\t<div class=\"elementor-grid-item\" role=\"listitem\">\n\t\t\t\t\t\t<div class=\"elementor-share-btn elementor-share-btn_facebook\" role=\"button\" tabindex=\"0\" aria-label=\"Share on facebook\">\n\t\t\t\t\t\t\t\t\t\t\t\t\t\t\t<span class=\"elementor-share-btn__icon\">\n\t\t\t\t\t\t\t\t<i class=\"fab fa-facebook\" aria-hidden=\"true\"><\/i>\t\t\t\t\t\t\t<\/span>\n\t\t\t\t\t\t\t\t\t\t\t\t\t\t\t\t\t\t\t\t<\/div>\n\t\t\t\t\t<\/div>\n\t\t\t\t\t\t\t\t\t<div class=\"elementor-grid-item\" role=\"listitem\">\n\t\t\t\t\t\t<div class=\"elementor-share-btn elementor-share-btn_twitter\" role=\"button\" tabindex=\"0\" aria-label=\"Share on twitter\">\n\t\t\t\t\t\t\t\t\t\t\t\t\t\t\t<span class=\"elementor-share-btn__icon\">\n\t\t\t\t\t\t\t\t<i class=\"fab fa-twitter\" aria-hidden=\"true\"><\/i>\t\t\t\t\t\t\t<\/span>\n\t\t\t\t\t\t\t\t\t\t\t\t\t\t\t\t\t\t\t\t<\/div>\n\t\t\t\t\t<\/div>\n\t\t\t\t\t\t\t\t\t<div class=\"elementor-grid-item\" role=\"listitem\">\n\t\t\t\t\t\t<div class=\"elementor-share-btn elementor-share-btn_linkedin\" role=\"button\" tabindex=\"0\" aria-label=\"Share on linkedin\">\n\t\t\t\t\t\t\t\t\t\t\t\t\t\t\t<span class=\"elementor-share-btn__icon\">\n\t\t\t\t\t\t\t\t<i class=\"fab fa-linkedin\" aria-hidden=\"true\"><\/i>\t\t\t\t\t\t\t<\/span>\n\t\t\t\t\t\t\t\t\t\t\t\t\t\t\t\t\t\t\t\t<\/div>\n\t\t\t\t\t<\/div>\n\t\t\t\t\t\t<\/div>\n\t\t\t\t\t\t<\/div>\n\t\t\t\t<\/div>\n\t\t\t\t\t<\/div>\n\t\t<\/div>\n\t\t\t\t\t<\/div>\n\t\t<\/section>\n\t\t\t\t<\/div>\n\t\t","protected":false},"excerpt":{"rendered":"<p>Septiembre siempre tiene algo de reinicio. Volvemos de las vacaciones, retomamos proyectos, revisamos objetivos y empezamos a mirar con mayor claridad el \u00faltimo tramo del a\u00f1o. Momento de prop\u00f3sitos y \u201cH\u00e1bitos At\u00f3micos\u201d. En las empresas ocurre algo parecido: septiembre es un buen momento para preguntarnos donde estamos y donde queremos estar, qu\u00e9 hemos aprendido, qu\u00e9 [&hellip;]<\/p>\n","protected":false},"author":992,"featured_media":212376,"comment_status":"closed","ping_status":"open","sticky":false,"template":"","format":"standard","meta":{"_seopress_titles_title":"Septiembre: volver a mirar la cadena de suministro con visi\u00f3n de futuro","_seopress_titles_desc":"Septiembre siempre tiene algo de reinicio. Volvemos de las vacaciones, retomamos proyectos, revisamos objetivos y empezamos a mirar...","_seopress_robots_index":"","_seopress_robots_follow":"","_seopress_robots_imageindex":"","_seopress_robots_snippet":"","_seopress_robots_primary_cat":"none","_seopress_robots_breadcrumbs":"","_seopress_robots_freeze_modified_date":"","_seopress_robots_custom_modified_date":"","_seopress_robots_canonical":"","_seopress_social_fb_title":"Septiembre: volver a mirar la cadena de suministro con visi\u00f3n de futuro","_seopress_social_fb_desc":"","_seopress_social_fb_img":"https:\/\/easyfairsassets.com\/sites\/84\/2026\/09\/morato-11.png","_seopress_social_fb_img_attachment_id":212980,"_seopress_social_fb_img_width":1250,"_seopress_social_fb_img_height":833,"_seopress_social_twitter_title":"Septiembre: volver a mirar la cadena de suministro con visi\u00f3n de futuro","_seopress_social_twitter_desc":"","_seopress_social_twitter_img":"https:\/\/easyfairsassets.com\/sites\/84\/2026\/09\/morato-11.png","_seopress_social_twitter_img_attachment_id":212980,"_seopress_social_twitter_img_width":1250,"_seopress_social_twitter_img_height":833,"_seopress_redirections_value":"","_seopress_redirections_enabled":"","_seopress_redirections_enabled_regex":"","_seopress_redirections_logged_status":"both","_seopress_redirections_param":"","_seopress_redirections_type":301,"_seopress_analysis_target_kw":"feria,Logistics & Automation,clave,punto de encuentro,sector,internacionalizacion,proyectos,conferencias,networking,punto de referencia,Espa\u00f1a,nacional,ferias,log\u00edsticas","_seopress_news_disabled":"","_seopress_video_disabled":"","_seopress_video":[],"_seopress_pro_schemas_manual":[],"_seopress_pro_rich_snippets_disable_all":"","_seopress_pro_rich_snippets_disable":[],"_seopress_pro_schemas":[],"footnotes":""},"categories":[341,1332,1329,1331,1330],"tags":[2080,3085,1297,3084,3086,1104,3096,1269,674],"edition":[],"class_list":["post-212973","post","type-post","status-publish","format-standard","has-post-thumbnail","hentry","category-blog","category-ia-trazabilidad-seguridad","category-logistica-intralogistica-almacenamiento","category-robotica-automatizacion","category-transport-delivery","tag-cambios","tag-cargos","tag-ia","tag-ia-chief-officer","tag-integracion","tag-inteligencia-artificial","tag-septiembre","tag-supply-chain","tag-transporte"],"_links":{"self":[{"href":"https:\/\/www.logisticsautomationmadrid.com\/es\/wp-json\/wp\/v2\/posts\/212973","targetHints":{"allow":["GET"]}}],"collection":[{"href":"https:\/\/www.logisticsautomationmadrid.com\/es\/wp-json\/wp\/v2\/posts"}],"about":[{"href":"https:\/\/www.logisticsautomationmadrid.com\/es\/wp-json\/wp\/v2\/types\/post"}],"author":[{"embeddable":true,"href":"https:\/\/www.logisticsautomationmadrid.com\/es\/wp-json\/wp\/v2\/users\/992"}],"replies":[{"embeddable":true,"href":"https:\/\/www.logisticsautomationmadrid.com\/es\/wp-json\/wp\/v2\/comments?post=212973"}],"version-history":[{"count":4,"href":"https:\/\/www.logisticsautomationmadrid.com\/es\/wp-json\/wp\/v2\/posts\/212973\/revisions"}],"predecessor-version":[{"id":212979,"href":"https:\/\/www.logisticsautomationmadrid.com\/es\/wp-json\/wp\/v2\/posts\/212973\/revisions\/212979"}],"wp:featuredmedia":[{"embeddable":true,"href":"https:\/\/www.logisticsautomationmadrid.com\/es\/wp-json\/wp\/v2\/media\/212376"}],"wp:attachment":[{"href":"https:\/\/www.logisticsautomationmadrid.com\/es\/wp-json\/wp\/v2\/media?parent=212973"}],"wp:term":[{"taxonomy":"category","embeddable":true,"href":"https:\/\/www.logisticsautomationmadrid.com\/es\/wp-json\/wp\/v2\/categories?post=212973"},{"taxonomy":"post_tag","embeddable":true,"href":"https:\/\/www.logisticsautomationmadrid.com\/es\/wp-json\/wp\/v2\/tags?post=212973"},{"taxonomy":"edition","embeddable":true,"href":"https:\/\/www.logisticsautomationmadrid.com\/es\/wp-json\/wp\/v2\/edition?post=212973"}],"curies":[{"name":"wp","href":"https:\/\/api.w.org\/{rel}","templated":true}]}}