{"id":213016,"date":"2026-09-02T10:35:47","date_gmt":"2026-09-02T08:35:47","guid":{"rendered":"https:\/\/www.logisticsautomationmadrid.com\/?p=213016"},"modified":"2026-09-02T10:44:05","modified_gmt":"2026-09-02T08:44:05","slug":"un-cafe-con-ferran-soler-manager-de-logistica-en-noel-alimentaria","status":"publish","type":"post","link":"https:\/\/www.logisticsautomationmadrid.com\/es\/2026\/09\/02\/un-cafe-con-ferran-soler-manager-de-logistica-en-noel-alimentaria\/","title":{"rendered":"Un caf\u00e9 con Ferran Soler, Manager de Log\u00edstica en Noel Alimentaria"},"content":{"rendered":"\t\t<div data-elementor-type=\"wp-post\" data-elementor-id=\"213016\" class=\"elementor elementor-213016\" data-elementor-post-type=\"post\">\n\t\t\t\t\t\t<section class=\"elementor-section elementor-top-section elementor-element elementor-element-71165a61 elementor-section-boxed elementor-section-height-default elementor-section-height-default\" data-id=\"71165a61\" data-element_type=\"section\" data-e-type=\"section\">\n\t\t\t\t\t\t<div class=\"elementor-container elementor-column-gap-default\">\n\t\t\t\t\t<div class=\"elementor-column elementor-col-50 elementor-top-column elementor-element elementor-element-365ebd54\" data-id=\"365ebd54\" data-element_type=\"column\" data-e-type=\"column\">\n\t\t\t<div class=\"elementor-widget-wrap elementor-element-populated\">\n\t\t\t\t\t\t<div class=\"elementor-element elementor-element-08b1280 elementor-invisible elementor-widget elementor-widget-heading\" data-id=\"08b1280\" data-element_type=\"widget\" data-e-type=\"widget\" data-settings=\"{&quot;_animation&quot;:&quot;fadeIn&quot;}\" data-widget_type=\"heading.default\">\n\t\t\t\t<div class=\"elementor-widget-container\">\n\t\t\t\t\t<h1 class=\"elementor-heading-title elementor-size-default\">Un caf\u00e9 con Ferran Soler, Manager de Log\u00edstica en Noel Alimentaria<\/h1>\t\t\t\t<\/div>\n\t\t\t\t<\/div>\n\t\t\t\t<div class=\"elementor-element elementor-element-dc6181a elementor-widget elementor-widget-text-editor\" data-id=\"dc6181a\" data-element_type=\"widget\" data-e-type=\"widget\" data-settings=\"{&quot;_animation&quot;:&quot;none&quot;}\" data-widget_type=\"text-editor.default\">\n\t\t\t\t<div class=\"elementor-widget-container\">\n\t\t\t\t\t\t\t\t\t<p><strong>L&amp;A: Ferran, Noel Alimentaria opera en mercados muy diversos y con una fuerte presencia internacional. \u00bfCu\u00e1les son hoy los mayores retos log\u00edsticos de gestionar una compa\u00f1\u00eda con operaciones tan globales?<\/strong><\/p><p><strong>Ferran:<\/strong> Noel es un grupo de alimentaci\u00f3n familiar de cuarta generaci\u00f3n, especializado en la producci\u00f3n y distribuci\u00f3n, tanto nacional como internacional, de jam\u00f3n cocido y curado, embutidos, carnes y elaborados frescos, platos preparados, pizzas, cremas y zumos vegetales, entre otros, y con una fuerte presencia internacional, concretamente, en m\u00e1s de 60 pa\u00edses.<\/p><p>Esta amplia presencia internacional significa convivir con realidades muy diferentes. <span style=\"color: #ff6600;\"><strong>Cada mercado tiene sus propias regulaciones, din\u00e1micas de consumo, infraestructuras log\u00edsticas y condicionantes operativos<\/strong>.<\/span> A esto se suman factores que hace una d\u00e9cada ten\u00edan menos peso en nuestras decisiones: tensiones geopol\u00edticas, fluctuaciones de costes, cambios regulatorios o interrupciones inesperadas en la cadena de suministro. Por ello, en el contexto actual, las cadenas de suministro m\u00e1s competitivas son aquellas con m\u00e1s resiliencia. La verdadera ventaja est\u00e1 en ser capaces de anticipar escenarios, reaccionar con rapidez y mantener la excelencia en el nivel de servicio, incluso cuando las condiciones cambian.<\/p><p>En una compa\u00f1\u00eda alimentaria como Noel, adem\u00e1s, debemos a\u00f1adir variables muy importantes como la trazabilidad, la seguridad alimentaria y la gesti\u00f3n de productos con requerimientos espec\u00edficos de conservaci\u00f3n. Todo ello exige una coordinaci\u00f3n extraordinaria entre equipos, proveedores, operadores log\u00edsticos y clientes.<\/p><p><strong>L&amp;A: Trabajar en tantos mercados diferentes requiere una gran capacidad de adaptaci\u00f3n. \u00bfQu\u00e9 aprendizajes te ha dejado la gesti\u00f3n log\u00edstica internacional en los \u00faltimos a\u00f1os?<\/strong><\/p><p><strong>Ferran: <\/strong>El primer aprendizaje que destacar\u00eda es que la colaboraci\u00f3n es un activo estrat\u00e9gico. Ninguna empresa puede gestionar una cadena de suministro global de forma aislada, por lo que las relaciones de confianza y la cooperaci\u00f3n entre clientes, proveedores y operadores log\u00edsticos son indispensables.<\/p><p>Otro aprendizaje ha sido comprender el valor de los datos y de las personas capaces de convertirlos en conocimiento \u00fatil para la toma de decisiones. En un entorno donde la estabilidad ya no puede darse por garantizada, es fundamental estar preparados para gestionar la incertidumbre y convivir con la volatilidad de forma \u00e1gil y efectiva.<\/p><p>Por \u00faltimo y no menos importante, la log\u00edstica internacional nos ense\u00f1a que la capacidad de aprendizaje continuo se ha convertido en una ventaja competitiva. Los procesos cambian, la tecnolog\u00eda evoluciona y los mercados se transforman, y las organizaciones que mejor se adaptan son las que mantienen el inter\u00e9s para evolucionar constantemente.<\/p>\t\t\t\t\t\t\t\t<\/div>\n\t\t\t\t<\/div>\n\t\t\t\t<div class=\"elementor-element elementor-element-bd18c17 elementor-widget elementor-widget-text-editor\" data-id=\"bd18c17\" data-element_type=\"widget\" data-e-type=\"widget\" data-settings=\"{&quot;_animation&quot;:&quot;none&quot;}\" data-widget_type=\"text-editor.default\">\n\t\t\t\t<div class=\"elementor-widget-container\">\n\t\t\t\t\t\t\t\t\t<p><strong>L&amp;A:\u00a0<\/strong><strong>El sector alimentario exige rapidez, trazabilidad y m\u00e1xima eficiencia. \u00bfQu\u00e9 papel est\u00e1n jugando la digitalizaci\u00f3n y la automatizaci\u00f3n para afrontar esa complejidad operativa?<\/strong><\/p><p><strong>Ferran:\u00a0<\/strong>La digitalizaci\u00f3n y la automatizaci\u00f3n est\u00e1n transformando profundamente la log\u00edstica, pero el objetivo sigue siendo el mismo: ofrecer un mejor servicio, tomar mejores decisiones y generar m\u00e1s valor para el cliente.<\/p><p>El sector alimentario presenta una enorme complejidad operativa: gesti\u00f3n de un gran n\u00famero de referencias, diferentes mercados, exigencias regulatorias distintas, etc. En este contexto, es fundamental disponer de informaci\u00f3n fiable y en tiempo real. En este sentido, la digitalizaci\u00f3n nos permite tener una visibilidad mucho mayor de toda la cadena de suministro. Hoy podemos identificar incidencias antes de que impacten al cliente, anticipar desviaciones y tomar decisiones basadas en datos en lugar de intuiciones. Por otro lado, la automatizaci\u00f3n nos ayuda a ganar precisi\u00f3n, productividad y consistencia.<\/p><p>En definitiva, la combinaci\u00f3n de tecnolog\u00eda, procesos robustos y, muy importante, las personas que inciden en cada fase de la operativa, determinan la eficiencia de las cadenas de suministro.<\/p><p><strong>L&amp;A: Ferias como Logistics &amp; Automation re\u00fanen innovaci\u00f3n, tecnolog\u00eda y profesionales de toda la cadena de suministro. \u00bfQu\u00e9 valor crees que aportan a empresas internacionales como Noel?<\/strong><\/p><p><strong>Ferran:<\/strong> Ferias como Logistics &amp; Automation aportan una visi\u00f3n global de c\u00f3mo evoluciona el sector y de los retos y soluciones que est\u00e1n adoptando otras empresas. Son una excelente oportunidad para salir de la operativa diaria, conocer nuevas tendencias y tecnolog\u00edas, y, sobre todo, intercambiar experiencias con otros profesionales.<\/p><p>En un entorno tan cambiante como el actual, escuchar otras perspectivas, compartir aprendizajes y ampliar la red de contactos resulta fundamental. Muchas veces, buenas ideas surgen precisamente de esas conversaciones informales que se generan durante este tipo de eventos.<\/p><p><strong>L&amp;A: Finalmente, si tuvieras que darle un consejo a tu yo de hace 10 a\u00f1os, teniendo en cuenta los cambios imprevisibles a los que nos hemos enfrentado en estos \u00faltimos a\u00f1os, \u00bfcu\u00e1l ser\u00eda?<\/strong><\/p><p>Ferran: Hace diez a\u00f1os pensaba que la clave era planificar mejor; hoy creo que la clave es estar preparado para adaptarse cuando el plan deja de servir.<\/p><p><span style=\"color: #ff6600;\"><strong>La experiencia me ha ense\u00f1ado que no se trata de tenerlo todo bajo control, sino de contar con buenos equipos, mantener la calma ante la incertidumbre y estar dispuesto a aprender constantemente<\/strong><\/span>. Tambi\u00e9n he aprendido a valorar m\u00e1s el camino, porque gran parte del crecimiento profesional ocurre mientras perseguimos los objetivos.<\/p><p>Si pudiera darme un consejo, ser\u00eda este: escucha m\u00e1s, conf\u00eda en las personas que te rodean y no temas a las preguntas para las que a\u00fan no tienes respuesta. Al final, la experiencia no consiste en acumular certezas, sino en desarrollar la capacidad de afrontar nuevos retos con confianza.<\/p>\t\t\t\t\t\t\t\t<\/div>\n\t\t\t\t<\/div>\n\t\t\t\t<div class=\"elementor-element elementor-element-6167689 elementor-widget elementor-widget-image\" data-id=\"6167689\" data-element_type=\"widget\" data-e-type=\"widget\" data-widget_type=\"image.default\">\n\t\t\t\t<div class=\"elementor-widget-container\">\n\t\t\t\t\t\t\t\t\t\t\t\t\t\t\t\t<a href=\"http:\/\/app.gleanin.com\/share\/c\/16145\/s\/251551\">\n\t\t\t\t\t\t\t<img fetchpriority=\"high\" decoding=\"async\" width=\"1920\" height=\"144\" src=\"https:\/\/easyfairsassets.com\/sites\/84\/2023\/10\/Empack-News-3.png\" class=\"attachment-2048x2048 size-2048x2048 wp-image-121705\" alt=\"banner newsletter compartir\" srcset=\"https:\/\/easyfairsassets.com\/sites\/84\/2023\/10\/Empack-News-3.png 1920w, https:\/\/easyfairsassets.com\/sites\/84\/2023\/10\/Empack-News-3-300x23.png 300w, https:\/\/easyfairsassets.com\/sites\/84\/2023\/10\/Empack-News-3-1024x77.png 1024w, https:\/\/easyfairsassets.com\/sites\/84\/2023\/10\/Empack-News-3-768x58.png 768w, https:\/\/easyfairsassets.com\/sites\/84\/2023\/10\/Empack-News-3-1536x115.png 1536w\" sizes=\"(max-width: 1920px) 100vw, 1920px\" \/>\t\t\t\t\t\t\t\t<\/a>\n\t\t\t\t\t\t\t\t\t\t\t\t\t\t\t<\/div>\n\t\t\t\t<\/div>\n\t\t\t\t<div class=\"elementor-element elementor-element-c2047f5 elementor-widget elementor-widget-image\" data-id=\"c2047f5\" data-element_type=\"widget\" data-e-type=\"widget\" data-widget_type=\"image.default\">\n\t\t\t\t<div class=\"elementor-widget-container\">\n\t\t\t\t\t\t\t\t\t\t\t\t\t\t\t\t<a href=\"https:\/\/www.logisticsautomationmadrid.com\/es\/medios\/suscribete-a-la-newsletter\/?actioncode=GLEA1\">\n\t\t\t\t\t\t\t<img decoding=\"async\" width=\"1920\" height=\"144\" src=\"https:\/\/easyfairsassets.com\/sites\/84\/2023\/10\/Empack-News-4.png\" class=\"attachment-2048x2048 size-2048x2048 wp-image-121707\" alt=\"newsletter banner web\" srcset=\"https:\/\/easyfairsassets.com\/sites\/84\/2023\/10\/Empack-News-4.png 1920w, https:\/\/easyfairsassets.com\/sites\/84\/2023\/10\/Empack-News-4-300x23.png 300w, https:\/\/easyfairsassets.com\/sites\/84\/2023\/10\/Empack-News-4-1024x77.png 1024w, https:\/\/easyfairsassets.com\/sites\/84\/2023\/10\/Empack-News-4-768x58.png 768w, https:\/\/easyfairsassets.com\/sites\/84\/2023\/10\/Empack-News-4-1536x115.png 1536w\" sizes=\"(max-width: 1920px) 100vw, 1920px\" \/>\t\t\t\t\t\t\t\t<\/a>\n\t\t\t\t\t\t\t\t\t\t\t\t\t\t\t<\/div>\n\t\t\t\t<\/div>\n\t\t\t\t\t<\/div>\n\t\t<\/div>\n\t\t\t\t<div class=\"elementor-column elementor-col-50 elementor-top-column elementor-element elementor-element-28f5464\" data-id=\"28f5464\" data-element_type=\"column\" data-e-type=\"column\">\n\t\t\t<div class=\"elementor-widget-wrap elementor-element-populated\">\n\t\t\t\t\t\t<div class=\"elementor-element elementor-element-2afa884 elementor-widget elementor-widget-global elementor-global-80917 elementor-widget-shortcode\" data-id=\"2afa884\" data-element_type=\"widget\" data-e-type=\"widget\" data-widget_type=\"shortcode.default\">\n\t\t\t\t<div class=\"elementor-widget-container\">\n\t\t\t\t\t\t\t<div class=\"elementor-shortcode\"><\/div>\n\t\t\t\t\t\t<\/div>\n\t\t\t\t<\/div>\n\t\t\t\t<div class=\"elementor-element elementor-element-71d664d elementor-invisible elementor-widget elementor-widget-heading\" data-id=\"71d664d\" data-element_type=\"widget\" data-e-type=\"widget\" data-settings=\"{&quot;_animation&quot;:&quot;fadeIn&quot;}\" data-widget_type=\"heading.default\">\n\t\t\t\t<div class=\"elementor-widget-container\">\n\t\t\t\t\t<p class=\"elementor-heading-title elementor-size-default\">Suscr\u00edbete a nuestra newsletter<\/p>\t\t\t\t<\/div>\n\t\t\t\t<\/div>\n\t\t\t\t<div class=\"elementor-element elementor-element-af5282a elementor-widget__width-inherit elementor-hidden-phone elementor-button-align-stretch elementor-widget elementor-widget-form\" data-id=\"af5282a\" data-element_type=\"widget\" data-e-type=\"widget\" data-settings=\"{&quot;button_width&quot;:&quot;25&quot;,&quot;step_next_label&quot;:&quot;Next&quot;,&quot;step_previous_label&quot;:&quot;Previous&quot;,&quot;step_type&quot;:&quot;number_text&quot;,&quot;step_icon_shape&quot;:&quot;circle&quot;}\" data-widget_type=\"form.default\">\n\t\t\t\t<div class=\"elementor-widget-container\">\n\t\t\t\t\t\t\t<form class=\"elementor-form\" method=\"post\" name=\"Newsletter\" aria-label=\"Newsletter\">\n\t\t\t<input type=\"hidden\" name=\"post_id\" value=\"213016\"\/>\n\t\t\t<input type=\"hidden\" name=\"form_id\" value=\"af5282a\"\/>\n\t\t\t<input type=\"hidden\" name=\"referer_title\" value=\"\" \/>\n\n\t\t\t\n\t\t\t<div class=\"elementor-form-fields-wrapper elementor-labels-\">\n\t\t\t\t\t\t\t\t<div class=\"elementor-field-type-text elementor-field-group elementor-column elementor-field-group-FirstName elementor-col-100\">\n\t\t\t\t\t\t\t\t\t\t\t\t<label for=\"form-field-FirstName\" class=\"elementor-field-label elementor-screen-only\">\n\t\t\t\t\t\t\t\tNombre\t\t\t\t\t\t\t<\/label>\n\t\t\t\t\t\t\t\t\t\t\t\t\t\t<input size=\"1\" type=\"text\" name=\"form_fields[FirstName]\" id=\"form-field-FirstName\" class=\"elementor-field elementor-size-sm  elementor-field-textual\" placeholder=\"Nombre\">\n\t\t\t\t\t\t\t\t\t\t\t<\/div>\n\t\t\t\t\t\t\t\t<div class=\"elementor-field-type-text elementor-field-group elementor-column elementor-field-group-LastName elementor-col-100\">\n\t\t\t\t\t\t\t\t\t\t\t\t<label for=\"form-field-LastName\" class=\"elementor-field-label elementor-screen-only\">\n\t\t\t\t\t\t\t\tApellido\t\t\t\t\t\t\t<\/label>\n\t\t\t\t\t\t\t\t\t\t\t\t\t\t<input size=\"1\" type=\"text\" name=\"form_fields[LastName]\" id=\"form-field-LastName\" class=\"elementor-field elementor-size-sm  elementor-field-textual\" placeholder=\"Apellido\">\n\t\t\t\t\t\t\t\t\t\t\t<\/div>\n\t\t\t\t\t\t\t\t<div class=\"elementor-field-type-email elementor-field-group elementor-column elementor-field-group-Email elementor-col-100 elementor-field-required\">\n\t\t\t\t\t\t\t\t\t\t\t\t<label for=\"form-field-Email\" class=\"elementor-field-label elementor-screen-only\">\n\t\t\t\t\t\t\t\tEmail\t\t\t\t\t\t\t<\/label>\n\t\t\t\t\t\t\t\t\t\t\t\t\t\t<input size=\"1\" type=\"email\" name=\"form_fields[Email]\" id=\"form-field-Email\" class=\"elementor-field elementor-size-sm  elementor-field-textual\" placeholder=\"Email\" required=\"required\">\n\t\t\t\t\t\t\t\t\t\t\t<\/div>\n\t\t\t\t\t\t\t\t<div class=\"elementor-field-type-recaptcha_v3 elementor-field-group elementor-column elementor-field-group-field_688d276 elementor-col-100 recaptcha_v3-inline\">\n\t\t\t\t\t<div class=\"elementor-field\" id=\"form-field-field_688d276\"><div class=\"elementor-g-recaptcha\" data-sitekey=\"6LcL8JEeAAAAAHGKxhMF822nWuJyvUyd4lk7Rb4s\" data-type=\"v3\" data-action=\"Form\" data-badge=\"inline\" data-size=\"invisible\"><\/div><\/div>\t\t\t\t<\/div>\n\t\t\t\t\t\t\t\t<div class=\"elementor-field-group elementor-column elementor-field-type-submit elementor-col-25 e-form__buttons\">\n\t\t\t\t\t<button class=\"elementor-button elementor-size-md\" type=\"submit\">\n\t\t\t\t\t\t<span class=\"elementor-button-content-wrapper\">\n\t\t\t\t\t\t\t\t\t\t\t\t\t\t\t\t\t\t\t\t\t\t<span class=\"elementor-button-text\">Enviar<\/span>\n\t\t\t\t\t\t\t\t\t\t\t\t\t<\/span>\n\t\t\t\t\t<\/button>\n\t\t\t\t<\/div>\n\t\t\t<\/div>\n\t\t<\/form>\n\t\t\t\t\t\t<\/div>\n\t\t\t\t<\/div>\n\t\t\t\t<div class=\"elementor-element elementor-element-ddb89d9 elementor-grid-1 elementor-posts--thumbnail-none elementor-grid-tablet-1 elementor-grid-mobile-1 elementor-widget elementor-widget-posts\" data-id=\"ddb89d9\" data-element_type=\"widget\" data-e-type=\"widget\" data-settings=\"{&quot;classic_columns&quot;:&quot;1&quot;,&quot;classic_row_gap&quot;:{&quot;unit&quot;:&quot;px&quot;,&quot;size&quot;:&quot;23&quot;,&quot;sizes&quot;:[]},&quot;classic_columns_tablet&quot;:&quot;1&quot;,&quot;_animation&quot;:&quot;none&quot;,&quot;classic_columns_mobile&quot;:&quot;1&quot;,&quot;classic_row_gap_tablet&quot;:{&quot;unit&quot;:&quot;px&quot;,&quot;size&quot;:&quot;&quot;,&quot;sizes&quot;:[]},&quot;classic_row_gap_mobile&quot;:{&quot;unit&quot;:&quot;px&quot;,&quot;size&quot;:&quot;&quot;,&quot;sizes&quot;:[]}}\" data-widget_type=\"posts.classic\">\n\t\t\t\t<div class=\"elementor-widget-container\">\n\t\t\t\t\t\t\t<div class=\"elementor-posts-container elementor-posts elementor-posts--skin-classic elementor-grid\" role=\"list\">\n\t\t\t\t<article class=\"elementor-post elementor-grid-item post-213016 post type-post status-publish format-standard has-post-thumbnail hentry category-a-coffee-with tag-cafe-con-en tag-entrevista-en tag-noel-alimentaria\" role=\"listitem\">\n\t\t\t\t<div class=\"elementor-post__text\">\n\t\t\t\t<h3 class=\"elementor-post__title\">\n\t\t\t<a href=\"https:\/\/www.logisticsautomationmadrid.com\/es\/2026\/09\/02\/un-cafe-con-ferran-soler-manager-de-logistica-en-noel-alimentaria\/\" >\n\t\t\t\tUn caf\u00e9 con Ferran Soler, Manager de Log\u00edstica en Noel Alimentaria\t\t\t<\/a>\n\t\t<\/h3>\n\t\t\t\t<div class=\"elementor-post__excerpt\">\n\t\t\t<p>L&amp;A: Ferran, Noel Alimentaria opera en mercados muy diversos y con una fuerte presencia internacional. \u00bfCu\u00e1les son hoy los mayores retos log\u00edsticos de gestionar una<\/p>\n\t\t<\/div>\n\t\t\n\t\t<a class=\"elementor-post__read-more\" href=\"https:\/\/www.logisticsautomationmadrid.com\/es\/2026\/09\/02\/un-cafe-con-ferran-soler-manager-de-logistica-en-noel-alimentaria\/\" aria-label=\"Read more about Un caf\u00e9 con Ferran Soler, Manager de Log\u00edstica en Noel Alimentaria\" tabindex=\"-1\" >\n\t\t\tRead More \u00bb\t\t<\/a>\n\n\t\t\t\t<\/div>\n\t\t\t\t<\/article>\n\t\t\t\t<article class=\"elementor-post elementor-grid-item post-212984 post type-post status-publish format-standard has-post-thumbnail hentry category-blog category-ia-trazabilidad-seguridad category-logistica-intralogistica-almacenamiento\" role=\"listitem\">\n\t\t\t\t<div class=\"elementor-post__text\">\n\t\t\t\t<h3 class=\"elementor-post__title\">\n\t\t\t<a href=\"https:\/\/www.logisticsautomationmadrid.com\/es\/2026\/09\/02\/logistics-and-automation-ofrecera-un-panorama-diverso-de-tecnologias-de-automatizacion-de-almacen\/\" >\n\t\t\t\tLogistics and Automation ofrecer\u00e1 un panorama diverso de tecnolog\u00edas de automatizaci\u00f3n de almac\u00e9n\t\t\t<\/a>\n\t\t<\/h3>\n\t\t\t\t<div class=\"elementor-post__excerpt\">\n\t\t\t<p>Logistics and Automation ofrecer\u00e1 un panorama diverso de tecnolog\u00edas de automatizaci\u00f3n de almac\u00e9n. En este entorno, un socio de confianza con capacidades de integraci\u00f3n y<\/p>\n\t\t<\/div>\n\t\t\n\t\t<a class=\"elementor-post__read-more\" href=\"https:\/\/www.logisticsautomationmadrid.com\/es\/2026\/09\/02\/logistics-and-automation-ofrecera-un-panorama-diverso-de-tecnologias-de-automatizacion-de-almacen\/\" aria-label=\"Read more about Logistics and Automation ofrecer\u00e1 un panorama diverso de tecnolog\u00edas de automatizaci\u00f3n de almac\u00e9n\" tabindex=\"-1\" >\n\t\t\tRead More \u00bb\t\t<\/a>\n\n\t\t\t\t<\/div>\n\t\t\t\t<\/article>\n\t\t\t\t<article class=\"elementor-post elementor-grid-item post-212973 post type-post status-publish format-standard has-post-thumbnail hentry category-blog category-ia-trazabilidad-seguridad category-logistica-intralogistica-almacenamiento category-robotica-automatizacion category-transport-delivery tag-cambios tag-cargos tag-ia tag-ia-chief-officer tag-integracion tag-inteligencia-artificial tag-septiembre tag-supply-chain tag-transporte\" role=\"listitem\">\n\t\t\t\t<div class=\"elementor-post__text\">\n\t\t\t\t<h3 class=\"elementor-post__title\">\n\t\t\t<a href=\"https:\/\/www.logisticsautomationmadrid.com\/es\/2026\/09\/02\/septiembre-volver-a-mirar-la-cadena-de-suministro-con-vision-de-futuro\/\" >\n\t\t\t\tSeptiembre: volver a mirar la cadena de suministro con visi\u00f3n de futuro\t\t\t<\/a>\n\t\t<\/h3>\n\t\t\t\t<div class=\"elementor-post__excerpt\">\n\t\t\t<p>Septiembre siempre tiene algo de reinicio. Volvemos de las vacaciones, retomamos proyectos, revisamos objetivos y empezamos a mirar con mayor claridad el \u00faltimo tramo del<\/p>\n\t\t<\/div>\n\t\t\n\t\t<a class=\"elementor-post__read-more\" href=\"https:\/\/www.logisticsautomationmadrid.com\/es\/2026\/09\/02\/septiembre-volver-a-mirar-la-cadena-de-suministro-con-vision-de-futuro\/\" aria-label=\"Read more about Septiembre: volver a mirar la cadena de suministro con visi\u00f3n de futuro\" tabindex=\"-1\" >\n\t\t\tRead More \u00bb\t\t<\/a>\n\n\t\t\t\t<\/div>\n\t\t\t\t<\/article>\n\t\t\t\t<article class=\"elementor-post elementor-grid-item post-212676 post type-post status-publish format-standard has-post-thumbnail hentry category-notas-de-prensa\" role=\"listitem\">\n\t\t\t\t<div class=\"elementor-post__text\">\n\t\t\t\t<h3 class=\"elementor-post__title\">\n\t\t\t<a href=\"https:\/\/www.logisticsautomationmadrid.com\/es\/2026\/08\/29\/la-respuesta-de-la-ue-ante-la-crisis-arancelaria-no-convence-al-sector-logistico-y-del-packaging\/\" >\n\t\t\t\tLa respuesta de la UE ante la crisis arancelaria no convence al sector log\u00edstico y del packaging: menos del 2% la considera adecuada\t\t\t<\/a>\n\t\t<\/h3>\n\t\t\t\t<div class=\"elementor-post__excerpt\">\n\t\t\t<p>El nuevo estudio de Logistics &amp; Automation y Empack revela que casi la mitad de las empresas del sector log\u00edstico y del transporte (48%) y<\/p>\n\t\t<\/div>\n\t\t\n\t\t<a class=\"elementor-post__read-more\" href=\"https:\/\/www.logisticsautomationmadrid.com\/es\/2026\/08\/29\/la-respuesta-de-la-ue-ante-la-crisis-arancelaria-no-convence-al-sector-logistico-y-del-packaging\/\" aria-label=\"Read more about La respuesta de la UE ante la crisis arancelaria no convence al sector log\u00edstico y del packaging: menos del 2% la considera adecuada\" tabindex=\"-1\" >\n\t\t\tRead More \u00bb\t\t<\/a>\n\n\t\t\t\t<\/div>\n\t\t\t\t<\/article>\n\t\t\t\t<\/div>\n\t\t\n\t\t\t\t\t\t<\/div>\n\t\t\t\t<\/div>\n\t\t\t\t<div class=\"elementor-element elementor-element-142798d6 elementor-widget-divider--view-line elementor-widget elementor-widget-divider\" data-id=\"142798d6\" data-element_type=\"widget\" data-e-type=\"widget\" data-widget_type=\"divider.default\">\n\t\t\t\t<div class=\"elementor-widget-container\">\n\t\t\t\t\t\t\t<div class=\"elementor-divider\">\n\t\t\t<span class=\"elementor-divider-separator\">\n\t\t\t\t\t\t<\/span>\n\t\t<\/div>\n\t\t\t\t\t\t<\/div>\n\t\t\t\t<\/div>\n\t\t\t\t\t<\/div>\n\t\t<\/div>\n\t\t\t\t\t<\/div>\n\t\t<\/section>\n\t\t\t\t<section class=\"elementor-section elementor-top-section elementor-element elementor-element-49136ec elementor-section-full_width elementor-section-height-default elementor-section-height-default\" data-id=\"49136ec\" data-element_type=\"section\" data-e-type=\"section\">\n\t\t\t\t\t\t<div class=\"elementor-container elementor-column-gap-default\">\n\t\t\t\t\t<div class=\"elementor-column elementor-col-100 elementor-top-column elementor-element elementor-element-4a08fcbd\" data-id=\"4a08fcbd\" data-element_type=\"column\" data-e-type=\"column\">\n\t\t\t<div class=\"elementor-widget-wrap elementor-element-populated\">\n\t\t\t\t\t\t<div class=\"elementor-element elementor-element-6c1ef897 elementor-widget-divider--view-line elementor-widget elementor-widget-divider\" data-id=\"6c1ef897\" data-element_type=\"widget\" data-e-type=\"widget\" data-widget_type=\"divider.default\">\n\t\t\t\t<div class=\"elementor-widget-container\">\n\t\t\t\t\t\t\t<div class=\"elementor-divider\">\n\t\t\t<span class=\"elementor-divider-separator\">\n\t\t\t\t\t\t<\/span>\n\t\t<\/div>\n\t\t\t\t\t\t<\/div>\n\t\t\t\t<\/div>\n\t\t\t\t<div class=\"elementor-element elementor-element-67dafb1c elementor-widget elementor-widget-text-editor\" data-id=\"67dafb1c\" data-element_type=\"widget\" data-e-type=\"widget\" data-widget_type=\"text-editor.default\">\n\t\t\t\t<div class=\"elementor-widget-container\">\n\t\t\t\t\t\t\t\t\t<p><span style=\"vertical-align: inherit\"><span style=\"vertical-align: inherit\"><span style=\"vertical-align: inherit\"><span style=\"vertical-align: inherit\"><span style=\"vertical-align: inherit\"><span style=\"vertical-align: inherit\">Share this article<\/span><\/span><\/span><\/span><\/span><\/span><\/p>\t\t\t\t\t\t\t\t<\/div>\n\t\t\t\t<\/div>\n\t\t\t\t<div class=\"elementor-element elementor-element-b207622 elementor-share-buttons--view-icon elementor-share-buttons--skin-flat elementor-share-buttons--shape-circle elementor-share-buttons--color-custom elementor-grid-0 elementor-widget elementor-widget-global elementor-global-111270 elementor-widget-share-buttons\" data-id=\"b207622\" data-element_type=\"widget\" data-e-type=\"widget\" data-widget_type=\"share-buttons.default\">\n\t\t\t\t<div class=\"elementor-widget-container\">\n\t\t\t\t\t\t\t<div class=\"elementor-grid\" role=\"list\">\n\t\t\t\t\t\t\t\t<div class=\"elementor-grid-item\" role=\"listitem\">\n\t\t\t\t\t\t<div class=\"elementor-share-btn elementor-share-btn_facebook\" role=\"button\" tabindex=\"0\" aria-label=\"Share on facebook\">\n\t\t\t\t\t\t\t\t\t\t\t\t\t\t\t<span class=\"elementor-share-btn__icon\">\n\t\t\t\t\t\t\t\t<i class=\"fab fa-facebook\" aria-hidden=\"true\"><\/i>\t\t\t\t\t\t\t<\/span>\n\t\t\t\t\t\t\t\t\t\t\t\t\t\t\t\t\t\t\t\t<\/div>\n\t\t\t\t\t<\/div>\n\t\t\t\t\t\t\t\t\t<div class=\"elementor-grid-item\" role=\"listitem\">\n\t\t\t\t\t\t<div class=\"elementor-share-btn elementor-share-btn_twitter\" role=\"button\" tabindex=\"0\" aria-label=\"Share on twitter\">\n\t\t\t\t\t\t\t\t\t\t\t\t\t\t\t<span class=\"elementor-share-btn__icon\">\n\t\t\t\t\t\t\t\t<i class=\"fab fa-twitter\" aria-hidden=\"true\"><\/i>\t\t\t\t\t\t\t<\/span>\n\t\t\t\t\t\t\t\t\t\t\t\t\t\t\t\t\t\t\t\t<\/div>\n\t\t\t\t\t<\/div>\n\t\t\t\t\t\t\t\t\t<div class=\"elementor-grid-item\" role=\"listitem\">\n\t\t\t\t\t\t<div class=\"elementor-share-btn elementor-share-btn_linkedin\" role=\"button\" tabindex=\"0\" aria-label=\"Share on linkedin\">\n\t\t\t\t\t\t\t\t\t\t\t\t\t\t\t<span class=\"elementor-share-btn__icon\">\n\t\t\t\t\t\t\t\t<i class=\"fab fa-linkedin\" aria-hidden=\"true\"><\/i>\t\t\t\t\t\t\t<\/span>\n\t\t\t\t\t\t\t\t\t\t\t\t\t\t\t\t\t\t\t\t<\/div>\n\t\t\t\t\t<\/div>\n\t\t\t\t\t\t<\/div>\n\t\t\t\t\t\t<\/div>\n\t\t\t\t<\/div>\n\t\t\t\t\t<\/div>\n\t\t<\/div>\n\t\t\t\t\t<\/div>\n\t\t<\/section>\n\t\t\t\t<\/div>\n\t\t","protected":false},"excerpt":{"rendered":"<p>L&amp;A: Ferran, Noel Alimentaria opera en mercados muy diversos y con una fuerte presencia internacional. \u00bfCu\u00e1les son hoy los mayores retos log\u00edsticos de gestionar una compa\u00f1\u00eda con operaciones tan globales? Ferran: Noel es un grupo de alimentaci\u00f3n familiar de cuarta generaci\u00f3n, especializado en la producci\u00f3n y distribuci\u00f3n, tanto nacional como internacional, de jam\u00f3n cocido y [&hellip;]<\/p>\n","protected":false},"author":992,"featured_media":212294,"comment_status":"closed","ping_status":"open","sticky":false,"template":"","format":"standard","meta":{"_seopress_titles_title":"Un caf\u00e9 con Ferran Soler, Manager de Log\u00edstica en Noel Alimentaria","_seopress_titles_desc":"Un caf\u00e9 con Ferran Soler, Manager de Log\u00edstica en Noel Alimentaria","_seopress_robots_index":"","_seopress_robots_follow":"","_seopress_robots_imageindex":"","_seopress_robots_snippet":"","_seopress_robots_primary_cat":"none","_seopress_robots_breadcrumbs":"","_seopress_robots_freeze_modified_date":"","_seopress_robots_custom_modified_date":"","_seopress_robots_canonical":"","_seopress_social_fb_title":"Un caf\u00e9 con Ferran Soler, Manager de Log\u00edstica en Noel Alimentaria","_seopress_social_fb_desc":"Un caf\u00e9 con Ferran Soler, Manager de Log\u00edstica en Noel Alimentaria","_seopress_social_fb_img":"https:\/\/easyfairsassets.com\/sites\/84\/2026\/09\/noel-cafe-log.png","_seopress_social_fb_img_attachment_id":213020,"_seopress_social_fb_img_width":1250,"_seopress_social_fb_img_height":833,"_seopress_social_twitter_title":"Un caf\u00e9 con Ferran Soler, Manager de Log\u00edstica en Noel Alimentaria","_seopress_social_twitter_desc":"Un caf\u00e9 con Ferran Soler, Manager de Log\u00edstica en Noel Alimentaria","_seopress_social_twitter_img":"https:\/\/easyfairsassets.com\/sites\/84\/2026\/09\/noel-cafe-log.png","_seopress_social_twitter_img_attachment_id":213020,"_seopress_social_twitter_img_width":1250,"_seopress_social_twitter_img_height":833,"_seopress_redirections_value":"","_seopress_redirections_enabled":"","_seopress_redirections_enabled_regex":"","_seopress_redirections_logged_status":"both","_seopress_redirections_param":"","_seopress_redirections_type":301,"_seopress_analysis_target_kw":"cafe con,conferenciante,logistics&Automation,Empack Madrid,conferencia,ponencia,MAKRO","_seopress_news_disabled":"","_seopress_video_disabled":"","_seopress_video":[],"_seopress_pro_schemas_manual":[],"_seopress_pro_rich_snippets_disable_all":"","_seopress_pro_rich_snippets_disable":[],"_seopress_pro_schemas":[],"footnotes":""},"categories":[910],"tags":[2987,794,3100],"edition":[],"class_list":["post-213016","post","type-post","status-publish","format-standard","has-post-thumbnail","hentry","category-a-coffee-with","tag-cafe-con-en","tag-entrevista-en","tag-noel-alimentaria"],"_links":{"self":[{"href":"https:\/\/www.logisticsautomationmadrid.com\/es\/wp-json\/wp\/v2\/posts\/213016","targetHints":{"allow":["GET"]}}],"collection":[{"href":"https:\/\/www.logisticsautomationmadrid.com\/es\/wp-json\/wp\/v2\/posts"}],"about":[{"href":"https:\/\/www.logisticsautomationmadrid.com\/es\/wp-json\/wp\/v2\/types\/post"}],"author":[{"embeddable":true,"href":"https:\/\/www.logisticsautomationmadrid.com\/es\/wp-json\/wp\/v2\/users\/992"}],"replies":[{"embeddable":true,"href":"https:\/\/www.logisticsautomationmadrid.com\/es\/wp-json\/wp\/v2\/comments?post=213016"}],"version-history":[{"count":5,"href":"https:\/\/www.logisticsautomationmadrid.com\/es\/wp-json\/wp\/v2\/posts\/213016\/revisions"}],"predecessor-version":[{"id":213027,"href":"https:\/\/www.logisticsautomationmadrid.com\/es\/wp-json\/wp\/v2\/posts\/213016\/revisions\/213027"}],"wp:featuredmedia":[{"embeddable":true,"href":"https:\/\/www.logisticsautomationmadrid.com\/es\/wp-json\/wp\/v2\/media\/212294"}],"wp:attachment":[{"href":"https:\/\/www.logisticsautomationmadrid.com\/es\/wp-json\/wp\/v2\/media?parent=213016"}],"wp:term":[{"taxonomy":"category","embeddable":true,"href":"https:\/\/www.logisticsautomationmadrid.com\/es\/wp-json\/wp\/v2\/categories?post=213016"},{"taxonomy":"post_tag","embeddable":true,"href":"https:\/\/www.logisticsautomationmadrid.com\/es\/wp-json\/wp\/v2\/tags?post=213016"},{"taxonomy":"edition","embeddable":true,"href":"https:\/\/www.logisticsautomationmadrid.com\/es\/wp-json\/wp\/v2\/edition?post=213016"}],"curies":[{"name":"wp","href":"https:\/\/api.w.org\/{rel}","templated":true}]}}