{"id":9859,"date":"2020-10-05T16:45:23","date_gmt":"2020-10-05T14:45:23","guid":{"rendered":"https:\/\/www.logisticsautomationmadrid.com\/?p=9859"},"modified":"2020-11-03T17:27:33","modified_gmt":"2020-11-03T16:27:33","slug":"la-apuesta-por-la-logistica-y-transporte-sostenibles-en-mercadona","status":"publish","type":"post","link":"https:\/\/www.logisticsautomationmadrid.com\/es\/2020\/10\/05\/la-apuesta-por-la-logistica-y-transporte-sostenibles-en-mercadona\/","title":{"rendered":"La apuesta por la log\u00edstica y transporte sostenibles en Mercadona"},"content":{"rendered":"\t\t<div data-elementor-type=\"wp-post\" data-elementor-id=\"9859\" class=\"elementor elementor-9859\" data-elementor-post-type=\"post\">\n\t\t\t\t\t\t<section class=\"elementor-section elementor-top-section elementor-element elementor-element-74888ea elementor-section-boxed elementor-section-height-default elementor-section-height-default\" data-id=\"74888ea\" data-element_type=\"section\" data-settings=\"{&quot;background_background&quot;:&quot;classic&quot;}\">\n\t\t\t\t\t\t<div class=\"elementor-container elementor-column-gap-default\">\n\t\t\t\t\t<div class=\"elementor-column elementor-col-100 elementor-top-column elementor-element elementor-element-cefef65\" data-id=\"cefef65\" data-element_type=\"column\">\n\t\t\t<div class=\"elementor-widget-wrap elementor-element-populated\">\n\t\t\t\t\t\t<section class=\"elementor-section elementor-inner-section elementor-element elementor-element-403065f elementor-section-boxed elementor-section-height-default elementor-section-height-default\" data-id=\"403065f\" data-element_type=\"section\" data-settings=\"{&quot;background_background&quot;:&quot;classic&quot;}\">\n\t\t\t\t\t\t<div class=\"elementor-container elementor-column-gap-default\">\n\t\t\t\t\t<div class=\"elementor-column elementor-col-100 elementor-inner-column elementor-element elementor-element-4230536\" data-id=\"4230536\" data-element_type=\"column\">\n\t\t\t<div class=\"elementor-widget-wrap elementor-element-populated\">\n\t\t\t\t\t\t<div class=\"elementor-element elementor-element-7b7f19c elementor-widget elementor-widget-image\" data-id=\"7b7f19c\" data-element_type=\"widget\" data-widget_type=\"image.default\">\n\t\t\t\t<div class=\"elementor-widget-container\">\n\t\t\t\t\t\t\t\t\t\t\t\t\t\t\t<img fetchpriority=\"high\" decoding=\"async\" width=\"800\" height=\"113\" src=\"https:\/\/easyfairsassets.com\/sites\/84\/2020\/10\/mercadona-imagotipo-color-300-1024x145.png\" class=\"attachment-large size-large wp-image-9863\" alt=\"La apuesta por la log\u00edstica y transporte sostenibles en Mercadona\" srcset=\"https:\/\/easyfairsassets.com\/sites\/84\/2020\/10\/mercadona-imagotipo-color-300-1024x145.png 1024w, https:\/\/easyfairsassets.com\/sites\/84\/2020\/10\/mercadona-imagotipo-color-300-300x43.png 300w, https:\/\/easyfairsassets.com\/sites\/84\/2020\/10\/mercadona-imagotipo-color-300-768x109.png 768w, https:\/\/easyfairsassets.com\/sites\/84\/2020\/10\/mercadona-imagotipo-color-300.png 1380w\" sizes=\"(max-width: 800px) 100vw, 800px\" \/>\t\t\t\t\t\t\t\t\t\t\t\t\t\t\t<\/div>\n\t\t\t\t<\/div>\n\t\t\t\t<div class=\"elementor-element elementor-element-0bcc7f3 elementor-widget elementor-widget-heading\" data-id=\"0bcc7f3\" data-element_type=\"widget\" data-widget_type=\"heading.default\">\n\t\t\t\t<div class=\"elementor-widget-container\">\n\t\t\t\t\t<h1 class=\"elementor-heading-title elementor-size-default\">La apuesta por la log\u00edstica y transporte sostenibles en Mercadona<\/h1>\t\t\t\t<\/div>\n\t\t\t\t<\/div>\n\t\t\t\t<div class=\"elementor-element elementor-element-4591e86 elementor-widget elementor-widget-text-editor\" data-id=\"4591e86\" data-element_type=\"widget\" data-widget_type=\"text-editor.default\">\n\t\t\t\t<div class=\"elementor-widget-container\">\n\t\t\t\t\t\t\t\t\t<ul><li>Mercadona dispone de una estrategia de optimizaci\u00f3n log\u00edstica para cada vez \u201ctransportar m\u00e1s con menos recursos naturales\u201d.<\/li><li>La apuesta por el transporte sostenible forma parte de su pol\u00edtica de gesti\u00f3n medioambiental para reducir el impacto de su actividad.<\/li><li>La compa\u00f1\u00eda tambi\u00e9n ofrece opciones de transporte sostenible a sus clientes como 1.200 puntos de recarga para veh\u00edculos el\u00e9ctricos, aparcamientos para bicicletas o la compra online<\/li><\/ul>\t\t\t\t\t\t\t\t<\/div>\n\t\t\t\t<\/div>\n\t\t\t\t<div class=\"elementor-element elementor-element-4632001 elementor-widget elementor-widget-image\" data-id=\"4632001\" data-element_type=\"widget\" data-widget_type=\"image.default\">\n\t\t\t\t<div class=\"elementor-widget-container\">\n\t\t\t\t\t\t\t\t\t\t\t\t<figure class=\"wp-caption\">\n\t\t\t\t\t\t\t\t\t\t<img decoding=\"async\" width=\"560\" height=\"220\" src=\"https:\/\/easyfairsassets.com\/sites\/84\/2020\/10\/furgoneta-electrica-mercadona.jpg\" class=\"attachment-large size-large wp-image-9866\" alt=\"furgoneta electica mercadona\" srcset=\"https:\/\/easyfairsassets.com\/sites\/84\/2020\/10\/furgoneta-electrica-mercadona.jpg 560w, https:\/\/easyfairsassets.com\/sites\/84\/2020\/10\/furgoneta-electrica-mercadona-300x118.jpg 300w\" sizes=\"(max-width: 560px) 100vw, 560px\" \/>\t\t\t\t\t\t\t\t\t\t\t<figcaption class=\"widget-image-caption wp-caption-text\">Vehiculos 100% electricos para el reparto a domicilio desde \u201cla colmena\u201d<\/figcaption>\n\t\t\t\t\t\t\t\t\t\t<\/figure>\n\t\t\t\t\t\t\t\t\t<\/div>\n\t\t\t\t<\/div>\n\t\t\t\t<div class=\"elementor-element elementor-element-54cedc2 elementor-widget elementor-widget-spacer\" data-id=\"54cedc2\" data-element_type=\"widget\" data-widget_type=\"spacer.default\">\n\t\t\t\t<div class=\"elementor-widget-container\">\n\t\t\t\t\t\t\t<div class=\"elementor-spacer\">\n\t\t\t<div class=\"elementor-spacer-inner\"><\/div>\n\t\t<\/div>\n\t\t\t\t\t\t<\/div>\n\t\t\t\t<\/div>\n\t\t\t\t<div class=\"elementor-element elementor-element-5c9e435 elementor-widget elementor-widget-text-editor\" data-id=\"5c9e435\" data-element_type=\"widget\" data-widget_type=\"text-editor.default\">\n\t\t\t\t<div class=\"elementor-widget-container\">\n\t\t\t\t\t\t\t\t\t<p class=\"cked\">La optimizaci\u00f3n log\u00edstica es uno de los pilares fundamentales de la pol\u00edtica de\u00a0<a href=\"https:\/\/info.mercadona.es\/es\/actualidad\/esta-es-la-politica-de-medioambiente-de-mercadona\/news?idCategoriaSeleccionada=1470731340250\" target=\"_self\">protecci\u00f3n del medioambiente de Mercadona<\/a>. El objetivo es \u201ctransportar m\u00e1s con menos recursos naturales\u201d, apostando por un transporte sostenible que permita mantener la excelencia log\u00edstica con el menor impacto ambiental posible.<\/p><p class=\"cked\">La flota de camiones de Mercadona pertenece a la categor\u00eda Euro VI o superior, las menos contaminantes. Otros ejemplos de la apuesta por los\u00a0<strong>veh\u00edculos sostenibles en Mercadona<\/strong>\u00a0son los camiones propulsados a gas, en sustituci\u00f3n del gasoil, las furgonetas el\u00e9ctricas para los repartos a domicilio, o los megatr\u00e1iler o bitr\u00e1iler, capaces de transportar, a diferentes temperaturas y con menos combustible, hasta 60 pal\u00e9s en un solo viaje. \u00a0<\/p><p class=\"cked\">Otra de las apuestas de Mercadona es la descarga nocturna silenciosa de los camiones, estrategia ya implantada en m\u00e1s de 700 tiendas, que contribuye a respetar m\u00e1s a los vecinos, as\u00ed como a reducir el tr\u00e1fico y la contaminaci\u00f3n al evitar las horas-punta en los n\u00facleos urbanos.<\/p><p class=\"cked\">Adem\u00e1s del uso de transporte sostenible, la alta tasa de\u00a0<strong>llenado de camiones, la optimizaci\u00f3n de las rutas o la log\u00edstica inversa<\/strong>\u00a0&#8211; basada en aprovechar todas las rutas como, por ejemplo, recoger de la tienda residuos o cajas para su reutilizaci\u00f3n-, son tambi\u00e9n estrategias fundamentales para conseguir la m\u00e1xima eficiencia log\u00edstica reduciendo el impacto ambiental de la actividad.<\/p>\t\t\t\t\t\t\t\t<\/div>\n\t\t\t\t<\/div>\n\t\t\t\t<div class=\"elementor-element elementor-element-0721207 elementor-widget elementor-widget-image\" data-id=\"0721207\" data-element_type=\"widget\" data-widget_type=\"image.default\">\n\t\t\t\t<div class=\"elementor-widget-container\">\n\t\t\t\t\t\t\t\t\t\t\t\t\t\t\t<img decoding=\"async\" width=\"724\" height=\"1024\" src=\"https:\/\/easyfairsassets.com\/sites\/84\/2020\/10\/transporte-sostenible-mercadona-724x1024.jpg\" class=\"attachment-large size-large wp-image-9873\" alt=\"\" srcset=\"https:\/\/easyfairsassets.com\/sites\/84\/2020\/10\/transporte-sostenible-mercadona-724x1024.jpg 724w, https:\/\/easyfairsassets.com\/sites\/84\/2020\/10\/transporte-sostenible-mercadona-212x300.jpg 212w, https:\/\/easyfairsassets.com\/sites\/84\/2020\/10\/transporte-sostenible-mercadona-768x1086.jpg 768w, https:\/\/easyfairsassets.com\/sites\/84\/2020\/10\/transporte-sostenible-mercadona.jpg 950w\" sizes=\"(max-width: 724px) 100vw, 724px\" \/>\t\t\t\t\t\t\t\t\t\t\t\t\t\t\t<\/div>\n\t\t\t\t<\/div>\n\t\t\t\t<div class=\"elementor-element elementor-element-b70e1fd elementor-widget elementor-widget-text-editor\" data-id=\"b70e1fd\" data-element_type=\"widget\" data-widget_type=\"text-editor.default\">\n\t\t\t\t<div class=\"elementor-widget-container\">\n\t\t\t\t\t\t\t\t\t<h2 class=\"titulo_h2\">Opciones de transporte sostenible para los clientes de Mercadona<\/h2><p class=\"cked\">Desde Mercadona se ofrecen alternativas a los clientes para que puedan realizar su\u00a0<strong>compra haciendo uso de un transporte m\u00e1s sostenible<\/strong>\u00a0poniendo a su disposici\u00f3n, por ejemplo, de 1.200 puntos de recarga para veh\u00edculos el\u00e9ctricos en sus tiendas (1 de cada 6 puntos de este tipo en Espa\u00f1a est\u00e1n en tiendas Mercadona), aparcamientos para bicicletas o con el propio servicio de compra online, basado en repartos m\u00e1s eficientes que reducen el uso del veh\u00edculo privado.<\/p><h2 class=\"titulo_h2\">Pol\u00edtica de Medioambiente de Mercadona<\/h2><p class=\"cked\">Mercadona dispone desde hace a\u00f1os de un\u00a0<a href=\"https:\/\/info.mercadona.es\/es\/cuidemos-el-planeta\/compromiso-sostenible\" target=\"_self\">sistema de gesti\u00f3n ambiental<\/a>\u00a0propio con el objetivo de reducir el impacto de sus procesos. La compa\u00f1\u00eda invirti\u00f3 m\u00e1s de 40 millones de euros en protecci\u00f3n del medioambiente el pasado ejercicio. La pol\u00edtica medioambiental de Mercadona se centra en tres \u00e1reas: ahorro energ\u00e9tico, optimizaci\u00f3n log\u00edstica y gesti\u00f3n responsable de los residuos.<\/p><p class=\"cked\"><a href=\"https:\/\/info.mercadona.es\/es\/cuidemos-el-planeta\/nuestros-hechos\/la-apuesta-por-el-transporte-sostenible-en-mercadona\/news?idCategoriaSeleccionada=1470731303671\" target=\"_blank\" rel=\"noopener\">M\u00e1s informaci\u00f3n<\/a><\/p>\t\t\t\t\t\t\t\t<\/div>\n\t\t\t\t<\/div>\n\t\t\t\t\t<\/div>\n\t\t<\/div>\n\t\t\t\t\t<\/div>\n\t\t<\/section>\n\t\t\t\t\t<\/div>\n\t\t<\/div>\n\t\t\t\t\t<\/div>\n\t\t<\/section>\n\t\t\t\t<\/div>\n\t\t","protected":false},"excerpt":{"rendered":"<p>La apuesta por la log\u00edstica y transporte sostenibles en Mercadona Mercadona dispone de una estrategia de optimizaci\u00f3n log\u00edstica para cada vez \u201ctransportar m\u00e1s con menos recursos naturales\u201d. La apuesta por el transporte sostenible forma parte de su pol\u00edtica de gesti\u00f3n medioambiental para reducir el impacto de su actividad. La compa\u00f1\u00eda tambi\u00e9n ofrece opciones de transporte [&hellip;]<\/p>\n","protected":false},"author":1,"featured_media":10294,"comment_status":"open","ping_status":"open","sticky":false,"template":"elementor_header_footer","format":"standard","meta":{"_seopress_robots_primary_cat":"none","_seopress_titles_title":"","_seopress_titles_desc":"","_seopress_robots_index":"","footnotes":""},"categories":[341],"tags":[372,371,370],"edition":[],"class_list":["post-9859","post","type-post","status-publish","format-standard","has-post-thumbnail","hentry","category-blog","tag-gas-natural","tag-mercadona","tag-transporte-sostenible"],"_links":{"self":[{"href":"https:\/\/www.logisticsautomationmadrid.com\/es\/wp-json\/wp\/v2\/posts\/9859","targetHints":{"allow":["GET"]}}],"collection":[{"href":"https:\/\/www.logisticsautomationmadrid.com\/es\/wp-json\/wp\/v2\/posts"}],"about":[{"href":"https:\/\/www.logisticsautomationmadrid.com\/es\/wp-json\/wp\/v2\/types\/post"}],"author":[{"embeddable":true,"href":"https:\/\/www.logisticsautomationmadrid.com\/es\/wp-json\/wp\/v2\/users\/1"}],"replies":[{"embeddable":true,"href":"https:\/\/www.logisticsautomationmadrid.com\/es\/wp-json\/wp\/v2\/comments?post=9859"}],"version-history":[{"count":0,"href":"https:\/\/www.logisticsautomationmadrid.com\/es\/wp-json\/wp\/v2\/posts\/9859\/revisions"}],"wp:featuredmedia":[{"embeddable":true,"href":"https:\/\/www.logisticsautomationmadrid.com\/es\/wp-json\/wp\/v2\/media\/10294"}],"wp:attachment":[{"href":"https:\/\/www.logisticsautomationmadrid.com\/es\/wp-json\/wp\/v2\/media?parent=9859"}],"wp:term":[{"taxonomy":"category","embeddable":true,"href":"https:\/\/www.logisticsautomationmadrid.com\/es\/wp-json\/wp\/v2\/categories?post=9859"},{"taxonomy":"post_tag","embeddable":true,"href":"https:\/\/www.logisticsautomationmadrid.com\/es\/wp-json\/wp\/v2\/tags?post=9859"},{"taxonomy":"edition","embeddable":true,"href":"https:\/\/www.logisticsautomationmadrid.com\/es\/wp-json\/wp\/v2\/edition?post=9859"}],"curies":[{"name":"wp","href":"https:\/\/api.w.org\/{rel}","templated":true}]}}